{"id":26563,"date":"2025-07-25T09:48:21","date_gmt":"2025-07-25T07:48:21","guid":{"rendered":"https:\/\/footdavant.fr\/actualites\/signes-mosquera-pourparlers-de-riz-un-blog-arsenal\/"},"modified":"2025-07-25T09:48:22","modified_gmt":"2025-07-25T07:48:22","slug":"signes-mosquera-pourparlers-de-riz-un-blog-arsenal","status":"publish","type":"post","link":"https:\/\/footdavant.fr\/actualites\/signes-mosquera-pourparlers-de-riz-un-blog-arsenal\/","title":{"rendered":"Signes Mosquera, pourparlers de riz |   &#8230; un blog Arsenal"},"content":{"rendered":"<div>\n<p>Matin, joyeux vendredi.<\/p>\n<p>Arsenal a officiellement annonc\u00e9 la signature du d\u00e9fenseur de Valence Cristhian Mosquera. Je sais que je vais m&#39;habituer \u00e0 son pr\u00e9nom \u00e0 temps, mais chaque fois que je l&#39;\u00e9cris en ce moment, mon cerveau crie la faute de frappe! L&#39;homme de 21 ans arrive pour des frais d&#39;environ 15 millions d&#39;euros, avec des modules compl\u00e9mentaires potentiels augmentant cela, et sur papier, c&#39;est une d\u00e9cision qui a beaucoup de sens.<\/p>\n<p>Nous avons besoin de quelqu&#39;un pour fournir une couverture \/ profondeur \u00e0 William Saliba qui a \u00e9t\u00e9 invit\u00e9 \u00e0 jouer trop de minutes la saison derni\u00e8re. Mosquera peut enlever une partie de ce fardeau de lui, et sa capacit\u00e9 \u00e0 jouer des deux c\u00f4t\u00e9s de la d\u00e9fense centrale est \u00e9galement utile. Mikel Arteta dit:<\/p>\n<blockquote>\n<p>C&#39;est un joueur intelligent avec un bon rythme, qui peut jouer au centre et des deux c\u00f4t\u00e9s. C&#39;est un jeune joueur avec un talent passionnant et un \u00e9norme potentiel, qui s&#39;int\u00e9grera bien dans notre \u00e9quipe alors que nous continuons \u00e0 nous pr\u00e9parer pour la saison prochaine. Cristhian ajoute de la bonne qualit\u00e9 \u00e0 notre \u00e9quipe, et nous sommes impatients de travailler avec lui et de le faire se sentir chez nous avec nous.<\/p>\n<\/blockquote>\n<p>Alors que le joueur lui-m\u00eame a parl\u00e9 de faire le saut de l&#39;Espagne \u00e0 la Premier League, en disant:<\/p>\n<blockquote>\n<p>C&#39;est vrai que ma carri\u00e8re a \u00e9volu\u00e9 plus rapidement que pr\u00e9vu et j&#39;ai d\u00fb m\u00fbrir rapidement. Venir ici est une chance de continuer \u00e0 apprendre et \u00e0 s&#39;am\u00e9liorer. Je vais travailler avec de grands joueurs et un personnel d&#39;entra\u00eeneurs de haut niveau, ce qui m&#39;aidera \u00e0 d\u00e9velopper personnellement. Je suis un joueur avec beaucoup d&#39;\u00e9nergie. Je suis jeune, donc j&#39;ai encore beaucoup \u00e0 donner. Je suis pleinement motiv\u00e9 et excit\u00e9. Surtout, je veux am\u00e9liorer, ce qui cr\u00e9era une concurrence au sein de l&#39;\u00e9quipe. Je suis vraiment content.<\/p>\n<\/blockquote>\n<p>Il est jeune, mais au cours des deux derni\u00e8res ann\u00e9es, a acquis beaucoup d&#39;exp\u00e9rience de haut vol. Depuis qu&#39;il a fait sa perc\u00e9e, il est devenu presque toujours pr\u00e9sent pour Valence, et comme Phil le souligne dans sa pi\u00e8ce de profil, &#39;H&#39;<\/p>\n<p>Il pourrait bien y avoir une p\u00e9riode d&#39;adaptation, mais il a beaucoup de sous-marins dans l&#39;\u00e9quipe pour l&#39;aider \u00e0 s&#39;installer, et je suis s\u00fbr qu&#39;il travaillera \u00e9galement sur son anglais. Donc, dans l&#39;ensemble, une signature raisonnable, mais nous avions vraiment besoin aussi. Il est tr\u00e8s difficile de ne pas choisir Saliba parce qu&#39;il est si bon, mais la saison derni\u00e8re Arteta n&#39;avait pas vraiment une option \u00e0 sa disposition. Il a cela maintenant, et comme nous l&#39;avons observ\u00e9 pr\u00e9c\u00e9demment, cette saison est une question d&#39;utilisation et de confiance dans la pleine profondeur de l&#39;\u00e9quipe, alors voyons comment cela se passe.<\/p>\n<p>Pour en savoir plus sur le joueur, la pi\u00e8ce de profil de Phil est l\u00e0, et comme toujours avec de nouvelles signatures, nous avons un podcast tout sur lui pour nos membres de Patreon ici.<\/p>\n<p>Pendant ce temps, Declan Rice a soutenu la signature de Noni Madueke et ce que le joueur peut apporter \u00e0 l&#39;\u00e9quipe, tout en commentant certaines des r\u00e9actions les plus extr\u00eames \u00e0 l&#39;accord qui s&#39;est d\u00e9roul\u00e9 en ligne. Dans l&#39;athl\u00e9tisme (\u00a3) avec James, il a dit:<\/p>\n<blockquote>\n<p>\u00ab\u00a0Je n&#39;aimais pas \u00e7a, si je parle honn\u00eatement. Mais je sais \u00e0 quel point il est motiv\u00e9. Je lui ai parl\u00e9 et que vous allez voir de quoi il parle cette saison. En tant que joueurs de football et joueurs qui ont jou\u00e9 avec lui, nous connaissons la qualit\u00e9 qu&#39;il a. Il est tellement motiv\u00e9, et il a prouv\u00e9. Il veut prouver, et montrer tout le monde, ce qu&#39;il peut faire et je pense que vous allez voir.<\/p>\n<\/blockquote>\n<p>Esp\u00e9rons que la faim est \u00e9vidente dans ses performances et ce qu&#39;il peut apporter \u00e0 l&#39;\u00e9quipe en termes d&#39;objectifs et de passes d\u00e9cisives. C&#39;est ce dont nous avons besoin d&#39;une grande signature, c&#39;est ce qu&#39;il est pour le prix qu&#39;il a pay\u00e9. Il est \u00e9galement int\u00e9ressant d&#39;entendre l&#39;un de nos joueurs reconna\u00eetre qu&#39;ils sont conscients de ce qui se passe en ligne, en particulier lorsqu&#39;il devient aussi extr\u00eame avec des b\u00eatises comme les p\u00e9titions et autres. Tout le monde a droit \u00e0 son opinion, mais il existe des moyens de l&#39;exprimer qui n&#39;ont pas \u00e0 franchir les lignes. Il vaut \u00e9galement la peine d&#39;\u00eatre not\u00e9, Madueke a \u00e9t\u00e9 reclass\u00e9 en tant que joueur local, ce qui est probablement pratique s&#39;il y a plus d&#39;affaires \u00e0 faire cet \u00e9t\u00e9.<\/p>\n<p>Quant \u00e0 lui-m\u00eame, Rice dit de la nouvelle saison:<\/p>\n<blockquote>\n<p>Je me mets de tr\u00e8s grandes exigences cette ann\u00e9e. J&#39;essaye de me pousser parce que, le back-end de la saison, j&#39;ai termin\u00e9 fort. Au d\u00e9but de la saison de l&#39;ann\u00e9e derni\u00e8re, j&#39;\u00e9tais loin du niveau dont j&#39;ai besoin de moi. Il m&#39;a fallu quelques mois pour recommencer. Mais maintenant, je re\u00e7ois une pr\u00e9-saison compl\u00e8te, je me sens vraiment en forme, forte et je vais essayer de lancer la saison forte.<\/p>\n<\/blockquote>\n<p>Il est un joueur cl\u00e9 pour nous, et il est compr\u00e9hensible que le d\u00e9but de la saison derni\u00e8re \u00e9tait un peu inf\u00e9rieur au PAR, \u00e9tant donn\u00e9 les demandes qui lui sont impos\u00e9es aux Euros, etc. Nous avons besoin que nos meilleurs joueurs commencent fortement cette saison \u00e9tant donn\u00e9 la difficult\u00e9 de la liste des \u00e9l\u00e9ments, et il est l&#39;un d&#39;eux. On dirait certainement qu&#39;il est pr\u00eat \u00e0 partir, donc les doigts crois\u00e9s.<\/p>\n<p>Enfin, ici \u00e0 Singapour hier soir, nous avons vu le Alexander Isak News, et cela a d\u00e9clench\u00e9 une conversation, c&#39;est s\u00fbr. Si vous ne l&#39;avez pas vu, il a demand\u00e9 \u00e0 Newcastle, et il semble impensable qu&#39;un joueur le fasse sans savoir qu&#39;il y a une destination clou\u00e9e pour lui. Cela ne ressemble pas \u00e0 Liverpool \u00e9tant donn\u00e9 leur d\u00e9pense jusqu&#39;\u00e0 pr\u00e9sent, et il est difficile de voir comment Arsenal pourrait le faire sans annuler l&#39;accord de Viktor Gyokerres \u00e0 la 11e heure, mais nous savons que c&#39;est le joueur qui a domin\u00e9 la liste des attaquants que nous aimerions signer si nous le pouvions. Au-del\u00e0 de \u00e7a, Chelsea? Cela ne correspond pas vraiment \u00e0 leur politique de recrutement d&#39;achat de jeunes, mais cela correspond \u00e0 leur politique \u00abpermet d&#39;acheter tout le monde\u00bb. Je suis curieux de voir comment celui-ci se d\u00e9roule.<\/p>\n<p>D&#39;accord, je vais le laisser l\u00e0 pour ce matin. Il y a un arscast suppl\u00e9mentaire ci-dessous si vous n&#39;avez pas encore eu la chance d&#39;\u00e9couter. Pour l&#39;instant, ayez un bon!<\/p>\n<p><iframe loading=\"lazy\" src=\"https:\/\/embed.acast.com\/a1a58121-6fb4-43cf-8156-8d6df6fc312f\/6881bdfc498abee416579251\" width=\"100%\" height=\"300px\" frameborder=\"0\"><\/iframe><\/p>\n<h4>T\u00e9l\u00e9charger &#8211; iTunes &#8211; Spotify &#8211; ACast &#8211; RSS <\/h4>\n<\/div>\n","protected":false},"excerpt":{"rendered":"<p>Matin, joyeux vendredi. Arsenal a officiellement annonc\u00e9 la signature du d\u00e9fenseur de Valence Cristhian Mosquera. Je sais que je vais m&#39;habituer \u00e0 son pr\u00e9nom \u00e0<\/p>\n","protected":false},"author":1,"featured_media":26564,"comment_status":"closed","ping_status":"","sticky":false,"template":"","format":"standard","meta":{"footnotes":""},"categories":[3],"tags":[67,58,3302,2077,2013,1845],"yoast_head":"<!-- This site is optimized with the Yoast SEO plugin v21.0 - https:\/\/yoast.com\/wordpress\/plugins\/seo\/ -->\n<title>Signes Mosquera, pourparlers de riz |  ... un blog Arsenal<\/title>\n<meta name=\"robots\" content=\"index, follow, max-snippet:-1, max-image-preview:large, max-video-preview:-1\" \/>\n<link rel=\"canonical\" href=\"https:\/\/footdavant.fr\/actualites\/signes-mosquera-pourparlers-de-riz-un-blog-arsenal\/\" \/>\n<meta property=\"og:locale\" content=\"fr_FR\" \/>\n<meta property=\"og:type\" content=\"article\" \/>\n<meta property=\"og:title\" content=\"Signes Mosquera, pourparlers de riz |  ... un blog Arsenal\" \/>\n<meta property=\"og:description\" content=\"Matin, joyeux vendredi. Arsenal a officiellement annonc\u00e9 la signature du d\u00e9fenseur de Valence Cristhian Mosquera. Je sais que je vais m&#039;habituer \u00e0 son pr\u00e9nom \u00e0\" \/>\n<meta property=\"og:url\" content=\"https:\/\/footdavant.fr\/actualites\/signes-mosquera-pourparlers-de-riz-un-blog-arsenal\/\" \/>\n<meta property=\"og:site_name\" content=\"Foot d&#039;avant\" \/>\n<meta property=\"article:publisher\" content=\"https:\/\/www.facebook.com\/Footdavant\/\" \/>\n<meta property=\"article:published_time\" content=\"2025-07-25T07:48:21+00:00\" \/>\n<meta property=\"article:modified_time\" content=\"2025-07-25T07:48:22+00:00\" \/>\n<meta property=\"og:image\" content=\"https:\/\/footdavant.fr\/actualites\/wp-content\/uploads\/2025\/07\/Signes-Mosquera-pourparlers-de-riz-un-blog-Arsenal.jpg\" \/>\n\t<meta property=\"og:image:width\" content=\"1500\" \/>\n\t<meta property=\"og:image:height\" content=\"750\" \/>\n\t<meta property=\"og:image:type\" content=\"image\/jpeg\" \/>\n<meta name=\"author\" content=\"Cl\u00e9ment\" \/>\n<meta name=\"twitter:card\" content=\"summary_large_image\" \/>\n<meta name=\"twitter:creator\" content=\"@FootdavantFr\" \/>\n<meta name=\"twitter:site\" content=\"@FootdavantFr\" \/>\n<meta name=\"twitter:label1\" content=\"\u00c9crit par\" \/>\n\t<meta name=\"twitter:data1\" content=\"Cl\u00e9ment\" \/>\n\t<meta name=\"twitter:label2\" content=\"Dur\u00e9e de lecture estim\u00e9e\" \/>\n\t<meta name=\"twitter:data2\" content=\"6 minutes\" \/>\n<script type=\"application\/ld+json\" class=\"yoast-schema-graph\">{\"@context\":\"https:\/\/schema.org\",\"@graph\":[{\"@type\":\"Article\",\"@id\":\"https:\/\/footdavant.fr\/actualites\/signes-mosquera-pourparlers-de-riz-un-blog-arsenal\/#article\",\"isPartOf\":{\"@id\":\"https:\/\/footdavant.fr\/actualites\/signes-mosquera-pourparlers-de-riz-un-blog-arsenal\/\"},\"author\":{\"name\":\"Cl\u00e9ment\",\"@id\":\"https:\/\/footdavant.fr\/actualites\/#\/schema\/person\/bc222566d95871b37e597b3ed3ba5e1d\"},\"headline\":\"Signes Mosquera, pourparlers de riz | &#8230; un blog Arsenal\",\"datePublished\":\"2025-07-25T07:48:21+00:00\",\"dateModified\":\"2025-07-25T07:48:22+00:00\",\"mainEntityOfPage\":{\"@id\":\"https:\/\/footdavant.fr\/actualites\/signes-mosquera-pourparlers-de-riz-un-blog-arsenal\/\"},\"wordCount\":1189,\"publisher\":{\"@id\":\"https:\/\/footdavant.fr\/actualites\/#organization\"},\"keywords\":[\"Arsenal\",\"blog\",\"Mosquera\",\"pourparlers\",\"riz\",\"signes\"],\"articleSection\":[\"Football\"],\"inLanguage\":\"fr-FR\"},{\"@type\":\"WebPage\",\"@id\":\"https:\/\/footdavant.fr\/actualites\/signes-mosquera-pourparlers-de-riz-un-blog-arsenal\/\",\"url\":\"https:\/\/footdavant.fr\/actualites\/signes-mosquera-pourparlers-de-riz-un-blog-arsenal\/\",\"name\":\"Signes Mosquera, pourparlers de riz | ... un blog Arsenal\",\"isPartOf\":{\"@id\":\"https:\/\/footdavant.fr\/actualites\/#website\"},\"datePublished\":\"2025-07-25T07:48:21+00:00\",\"dateModified\":\"2025-07-25T07:48:22+00:00\",\"breadcrumb\":{\"@id\":\"https:\/\/footdavant.fr\/actualites\/signes-mosquera-pourparlers-de-riz-un-blog-arsenal\/#breadcrumb\"},\"inLanguage\":\"fr-FR\",\"potentialAction\":[{\"@type\":\"ReadAction\",\"target\":[\"https:\/\/footdavant.fr\/actualites\/signes-mosquera-pourparlers-de-riz-un-blog-arsenal\/\"]}]},{\"@type\":\"BreadcrumbList\",\"@id\":\"https:\/\/footdavant.fr\/actualites\/signes-mosquera-pourparlers-de-riz-un-blog-arsenal\/#breadcrumb\",\"itemListElement\":[{\"@type\":\"ListItem\",\"position\":1,\"name\":\"Accueil\",\"item\":\"https:\/\/footdavant.fr\/actualites\/\"},{\"@type\":\"ListItem\",\"position\":2,\"name\":\"Signes Mosquera, pourparlers de riz | &#8230; un blog Arsenal\"}]},{\"@type\":\"WebSite\",\"@id\":\"https:\/\/footdavant.fr\/actualites\/#website\",\"url\":\"https:\/\/footdavant.fr\/actualites\/\",\"name\":\"Foot d'avant\",\"description\":\"\",\"publisher\":{\"@id\":\"https:\/\/footdavant.fr\/actualites\/#organization\"},\"potentialAction\":[{\"@type\":\"SearchAction\",\"target\":{\"@type\":\"EntryPoint\",\"urlTemplate\":\"https:\/\/footdavant.fr\/actualites\/?s={search_term_string}\"},\"query-input\":\"required name=search_term_string\"}],\"inLanguage\":\"fr-FR\"},{\"@type\":\"Organization\",\"@id\":\"https:\/\/footdavant.fr\/actualites\/#organization\",\"name\":\"Foot d'avant\",\"url\":\"https:\/\/footdavant.fr\/actualites\/\",\"logo\":{\"@type\":\"ImageObject\",\"inLanguage\":\"fr-FR\",\"@id\":\"https:\/\/footdavant.fr\/actualites\/#\/schema\/logo\/image\/\",\"url\":\"https:\/\/footdavant.fr\/actualites\/wp-content\/uploads\/2023\/09\/Copy-of-FootDavant-Logo.png\",\"contentUrl\":\"https:\/\/footdavant.fr\/actualites\/wp-content\/uploads\/2023\/09\/Copy-of-FootDavant-Logo.png\",\"width\":936,\"height\":549,\"caption\":\"Foot d'avant\"},\"image\":{\"@id\":\"https:\/\/footdavant.fr\/actualites\/#\/schema\/logo\/image\/\"},\"sameAs\":[\"https:\/\/www.facebook.com\/Footdavant\/\",\"https:\/\/twitter.com\/FootdavantFr\",\"https:\/\/www.instagram.com\/footdavant.fr\/\"]},{\"@type\":\"Person\",\"@id\":\"https:\/\/footdavant.fr\/actualites\/#\/schema\/person\/bc222566d95871b37e597b3ed3ba5e1d\",\"name\":\"Cl\u00e9ment\",\"image\":{\"@type\":\"ImageObject\",\"inLanguage\":\"fr-FR\",\"@id\":\"https:\/\/footdavant.fr\/actualites\/#\/schema\/person\/image\/\",\"url\":\"https:\/\/secure.gravatar.com\/avatar\/7728b29aac2719421e1a9159b2254c44?s=96&d=mm&r=g\",\"contentUrl\":\"https:\/\/secure.gravatar.com\/avatar\/7728b29aac2719421e1a9159b2254c44?s=96&d=mm&r=g\",\"caption\":\"Cl\u00e9ment\"},\"sameAs\":[\"https:\/\/footdavant.fr\/\"]}]}<\/script>\n<!-- \/ Yoast SEO plugin. -->","yoast_head_json":{"title":"Signes Mosquera, pourparlers de riz |  ... un blog Arsenal","robots":{"index":"index","follow":"follow","max-snippet":"max-snippet:-1","max-image-preview":"max-image-preview:large","max-video-preview":"max-video-preview:-1"},"canonical":"https:\/\/footdavant.fr\/actualites\/signes-mosquera-pourparlers-de-riz-un-blog-arsenal\/","og_locale":"fr_FR","og_type":"article","og_title":"Signes Mosquera, pourparlers de riz |  ... un blog Arsenal","og_description":"Matin, joyeux vendredi. Arsenal a officiellement annonc\u00e9 la signature du d\u00e9fenseur de Valence Cristhian Mosquera. Je sais que je vais m&#39;habituer \u00e0 son pr\u00e9nom \u00e0","og_url":"https:\/\/footdavant.fr\/actualites\/signes-mosquera-pourparlers-de-riz-un-blog-arsenal\/","og_site_name":"Foot d&#039;avant","article_publisher":"https:\/\/www.facebook.com\/Footdavant\/","article_published_time":"2025-07-25T07:48:21+00:00","article_modified_time":"2025-07-25T07:48:22+00:00","og_image":[{"width":1500,"height":750,"url":"https:\/\/footdavant.fr\/actualites\/wp-content\/uploads\/2025\/07\/Signes-Mosquera-pourparlers-de-riz-un-blog-Arsenal.jpg","type":"image\/jpeg"}],"author":"Cl\u00e9ment","twitter_card":"summary_large_image","twitter_creator":"@FootdavantFr","twitter_site":"@FootdavantFr","twitter_misc":{"\u00c9crit par":"Cl\u00e9ment","Dur\u00e9e de lecture estim\u00e9e":"6 minutes"},"schema":{"@context":"https:\/\/schema.org","@graph":[{"@type":"Article","@id":"https:\/\/footdavant.fr\/actualites\/signes-mosquera-pourparlers-de-riz-un-blog-arsenal\/#article","isPartOf":{"@id":"https:\/\/footdavant.fr\/actualites\/signes-mosquera-pourparlers-de-riz-un-blog-arsenal\/"},"author":{"name":"Cl\u00e9ment","@id":"https:\/\/footdavant.fr\/actualites\/#\/schema\/person\/bc222566d95871b37e597b3ed3ba5e1d"},"headline":"Signes Mosquera, pourparlers de riz | &#8230; un blog Arsenal","datePublished":"2025-07-25T07:48:21+00:00","dateModified":"2025-07-25T07:48:22+00:00","mainEntityOfPage":{"@id":"https:\/\/footdavant.fr\/actualites\/signes-mosquera-pourparlers-de-riz-un-blog-arsenal\/"},"wordCount":1189,"publisher":{"@id":"https:\/\/footdavant.fr\/actualites\/#organization"},"keywords":["Arsenal","blog","Mosquera","pourparlers","riz","signes"],"articleSection":["Football"],"inLanguage":"fr-FR"},{"@type":"WebPage","@id":"https:\/\/footdavant.fr\/actualites\/signes-mosquera-pourparlers-de-riz-un-blog-arsenal\/","url":"https:\/\/footdavant.fr\/actualites\/signes-mosquera-pourparlers-de-riz-un-blog-arsenal\/","name":"Signes Mosquera, pourparlers de riz | ... un blog Arsenal","isPartOf":{"@id":"https:\/\/footdavant.fr\/actualites\/#website"},"datePublished":"2025-07-25T07:48:21+00:00","dateModified":"2025-07-25T07:48:22+00:00","breadcrumb":{"@id":"https:\/\/footdavant.fr\/actualites\/signes-mosquera-pourparlers-de-riz-un-blog-arsenal\/#breadcrumb"},"inLanguage":"fr-FR","potentialAction":[{"@type":"ReadAction","target":["https:\/\/footdavant.fr\/actualites\/signes-mosquera-pourparlers-de-riz-un-blog-arsenal\/"]}]},{"@type":"BreadcrumbList","@id":"https:\/\/footdavant.fr\/actualites\/signes-mosquera-pourparlers-de-riz-un-blog-arsenal\/#breadcrumb","itemListElement":[{"@type":"ListItem","position":1,"name":"Accueil","item":"https:\/\/footdavant.fr\/actualites\/"},{"@type":"ListItem","position":2,"name":"Signes Mosquera, pourparlers de riz | &#8230; un blog Arsenal"}]},{"@type":"WebSite","@id":"https:\/\/footdavant.fr\/actualites\/#website","url":"https:\/\/footdavant.fr\/actualites\/","name":"Foot d'avant","description":"","publisher":{"@id":"https:\/\/footdavant.fr\/actualites\/#organization"},"potentialAction":[{"@type":"SearchAction","target":{"@type":"EntryPoint","urlTemplate":"https:\/\/footdavant.fr\/actualites\/?s={search_term_string}"},"query-input":"required name=search_term_string"}],"inLanguage":"fr-FR"},{"@type":"Organization","@id":"https:\/\/footdavant.fr\/actualites\/#organization","name":"Foot d'avant","url":"https:\/\/footdavant.fr\/actualites\/","logo":{"@type":"ImageObject","inLanguage":"fr-FR","@id":"https:\/\/footdavant.fr\/actualites\/#\/schema\/logo\/image\/","url":"https:\/\/footdavant.fr\/actualites\/wp-content\/uploads\/2023\/09\/Copy-of-FootDavant-Logo.png","contentUrl":"https:\/\/footdavant.fr\/actualites\/wp-content\/uploads\/2023\/09\/Copy-of-FootDavant-Logo.png","width":936,"height":549,"caption":"Foot d'avant"},"image":{"@id":"https:\/\/footdavant.fr\/actualites\/#\/schema\/logo\/image\/"},"sameAs":["https:\/\/www.facebook.com\/Footdavant\/","https:\/\/twitter.com\/FootdavantFr","https:\/\/www.instagram.com\/footdavant.fr\/"]},{"@type":"Person","@id":"https:\/\/footdavant.fr\/actualites\/#\/schema\/person\/bc222566d95871b37e597b3ed3ba5e1d","name":"Cl\u00e9ment","image":{"@type":"ImageObject","inLanguage":"fr-FR","@id":"https:\/\/footdavant.fr\/actualites\/#\/schema\/person\/image\/","url":"https:\/\/secure.gravatar.com\/avatar\/7728b29aac2719421e1a9159b2254c44?s=96&d=mm&r=g","contentUrl":"https:\/\/secure.gravatar.com\/avatar\/7728b29aac2719421e1a9159b2254c44?s=96&d=mm&r=g","caption":"Cl\u00e9ment"},"sameAs":["https:\/\/footdavant.fr\/"]}]}},"_links":{"self":[{"href":"https:\/\/footdavant.fr\/actualites\/wp-json\/wp\/v2\/posts\/26563"}],"collection":[{"href":"https:\/\/footdavant.fr\/actualites\/wp-json\/wp\/v2\/posts"}],"about":[{"href":"https:\/\/footdavant.fr\/actualites\/wp-json\/wp\/v2\/types\/post"}],"author":[{"embeddable":true,"href":"https:\/\/footdavant.fr\/actualites\/wp-json\/wp\/v2\/users\/1"}],"replies":[{"embeddable":true,"href":"https:\/\/footdavant.fr\/actualites\/wp-json\/wp\/v2\/comments?post=26563"}],"version-history":[{"count":1,"href":"https:\/\/footdavant.fr\/actualites\/wp-json\/wp\/v2\/posts\/26563\/revisions"}],"predecessor-version":[{"id":26565,"href":"https:\/\/footdavant.fr\/actualites\/wp-json\/wp\/v2\/posts\/26563\/revisions\/26565"}],"wp:featuredmedia":[{"embeddable":true,"href":"https:\/\/footdavant.fr\/actualites\/wp-json\/wp\/v2\/media\/26564"}],"wp:attachment":[{"href":"https:\/\/footdavant.fr\/actualites\/wp-json\/wp\/v2\/media?parent=26563"}],"wp:term":[{"taxonomy":"category","embeddable":true,"href":"https:\/\/footdavant.fr\/actualites\/wp-json\/wp\/v2\/categories?post=26563"},{"taxonomy":"post_tag","embeddable":true,"href":"https:\/\/footdavant.fr\/actualites\/wp-json\/wp\/v2\/tags?post=26563"}],"curies":[{"name":"wp","href":"https:\/\/api.w.org\/{rel}","templated":true}]}}