{"id":26578,"date":"2025-07-25T19:48:09","date_gmt":"2025-07-25T17:48:09","guid":{"rendered":"https:\/\/footdavant.fr\/actualites\/arsenal-confirme-lequipe-de-tournee-de-pre-saison-de-30-hommes-alors-que-mikel-arteta-sans-madueke-appelle-deux-enfants-de-15-ans\/"},"modified":"2025-07-25T19:48:10","modified_gmt":"2025-07-25T17:48:10","slug":"arsenal-confirme-lequipe-de-tournee-de-pre-saison-de-30-hommes-alors-que-mikel-arteta-sans-madueke-appelle-deux-enfants-de-15-ans","status":"publish","type":"post","link":"https:\/\/footdavant.fr\/actualites\/arsenal-confirme-lequipe-de-tournee-de-pre-saison-de-30-hommes-alors-que-mikel-arteta-sans-madueke-appelle-deux-enfants-de-15-ans\/","title":{"rendered":"Arsenal confirme l&#39;\u00e9quipe de tourn\u00e9e de pr\u00e9-saison de 30 hommes alors que Mikel Arteta, sans Madueke, appelle deux enfants de 15 ans"},"content":{"rendered":"<p>Arsenal confirme une \u00e9quipe de 30 hommes pour sa tourn\u00e9e de pr\u00e9-saison en Asie, alors que Noni Madueke manque, mais deux jeunes de 15 ans font la coupe.<\/p>\n<div id=\"article_body\" itemprop=\"articleBody\">\n<h3 class=\"firstPara\"><\/h3>\n<p><strong class=\"autotag\">Arsenal<\/strong> ont confirm\u00e9 une \u00e9quipe de 30 personnes pour leur tourn\u00e9e de pr\u00e9-saison en Asie, et comme pr\u00e9vu, <strong class=\"autotag\">Noni Madueke<\/strong> ne fait pas la coupe.<\/p>\n<p><strong>Les artilleurs ont confirm\u00e9 la capture<\/strong> Vendredi, de l&#39;attaquant international d&#39;Angleterre de Chelsea, payant des frais initiaux de 48 millions de livres sterling potentiellement \u00e0 52 millions de livres sterling en modules compl\u00e9mentaires pour le joueur de 23 ans.<\/p>\n<p>Dans le m\u00eame temps, Arsenal a d\u00e9clar\u00e9 que Madueke ne ferait pas partie de leur f\u00eate itin\u00e9rante en Extr\u00eame-Orient, car il se remet encore de ses exploits de la Coupe du monde de club de Chelsea.<\/p>\n<p>Madueke a donc \u00e9t\u00e9 sans surprise laiss\u00e9e de la liste des voyageurs d&#39;Arsenal pour leur tourn\u00e9e d&#39;\u00e9t\u00e9, o\u00f9 ils font face \u00e0 trois affrontements de poids lourds avec AC Milan, Newcastle United et Tottenham Hotspur.<\/p>\n<p>Le triple-t\u00eate des Gunners commence contre Milan au stade national de Singapour le 23 juillet, quatre jours avant une r\u00e9union avec Newcastle dans le m\u00eame lieu, et leur tourn\u00e9e se termine contre les Spurs de North London \u00e0 Hong Kong le 31 juillet.<\/p>\n<h2>Trois signatures et trois joueurs marginaux inclus dans Arsenal Tour Squad<\/h2>\n<h2><\/h2>\n<p>Alors que Madueke devra attendre un peu plus longtemps pour faire ses d\u00e9buts non officiels Arsenal, <strong class=\"autotag\">Mikel Arteta<\/strong> a appel\u00e9 ses trois autres signatures confirm\u00e9es dans Martin Zubimendi, Christian Norgaard et Kepa Arrizabalaga.<\/p>\n<p>Cependant, la d\u00e9cision de Cristhian Mosquera n&#39;a pas travers\u00e9 \u00e0 temps pour qu&#39;il soit impliqu\u00e9, pr\u00e9tendument en raison de <strong>\u00ab\u00a0 probl\u00e8mes &#39;&#39; trouv\u00e9 dans le m\u00e9dical du d\u00e9fenseur de Valence<\/strong>mais il y a un optimisme qu&#39;un accord sera bient\u00f4t conclu.<\/p>\n<p>De plus, Arsenal devra se passer de Viktor Gyokerres pour leur voyage en Extr\u00eame-Orient, mais un accord pour l&#39;attaquant sportif de Lisbonne se dirige lentement mais s\u00fbrement dans la bonne direction.<\/p>\n<p><strong class=\"autotag\">Reiss Nelson<\/strong>, <strong class=\"autotag\">Oleksandr Zinchenko<\/strong> et <strong class=\"autotag\">Albert Sambi Lokonga<\/strong> &#8211; Trois joueurs qui pourraient \u00eatre en mouvement cet \u00e9t\u00e9 &#8211; \u00e0 monter \u00e0 bord de l&#39;avion, tout comme Gabriel Martinelli et Leandro Trossard.<\/p>\n<p>Fabio Vieira est un autre absent notable pour la m\u00eame raison que Madueke, ayant particip\u00e9 \u00e0 Porto \u00e0 la Coupe du monde du club, mais le meneur de jeu portugais pourrait \u00e9galement \u00eatre vendu dans les semaines \u00e0 venir.<\/p>\n<h2>Quels jeunes Arsenal sont inclus dans l&#39;\u00e9quipe de tourn\u00e9e d&#39;Arteta?<\/h2>\n<p class=\"imgI\"><img decoding=\"async\" alt=\"Max Dowman en action pour les moins de 14 ans d&#39;Arsenal le 19 septembre 2024\" class=\"vanilla-lazyload article-image\" src=\"https:\/\/footdavant.fr\/actualites\/wp-content\/uploads\/2025\/06\/1750124917_853_Arsenal-a-envoye-un-avertissement-de-transfert-de-Konstantinos-Karetsas.jpg\"><\/p>\n<p>En plus de ses stars seniors, Arteta a nomm\u00e9 une pl\u00e9thore de talents de l&#39;Acad\u00e9mie \u00e9mergents dans son \u00e9quipe de tourn\u00e9e, dont Wonderkid, 15 ans, <strong class=\"autotag\">Max Dowman<\/strong>.<\/p>\n<p>Le milieu de terrain attaquant d&#39;origine 2009 n&#39;a pas pu faire ses d\u00e9buts en premi\u00e8re \u00e9quipe la saison derni\u00e8re \u00e0 cause de son \u00e2ge, mais il s&#39;est form\u00e9 avec l&#39;\u00e9quipe senior fr\u00e9quemment et devrait gagner quelques minutes en Extr\u00eame-Orient.<\/p>\n<p>Andre Harriman-Annous, 17 ans, a marqu\u00e9 Dowman, qui a marqu\u00e9 huit buts en 12 matches en Premier League de moins de 18 ans de la saison derni\u00e8re, tandis que le d\u00e9fenseur central de 15 ans Marli Salmon sera \u00e9galement impliqu\u00e9.<\/p>\n<p>Salmon &#8211; qui n&#39;a que quatre mois de plus que Dowman &#8211; a d\u00e9j\u00e0 jou\u00e9 six fois pour les moins de 21 ans du club et va maintenant Shadow William Saliba et Gabriel Magalhaes pour la semaine prochaine et demie.<\/p>\n<p>Le milieu de terrain de dix-huit ans, Louie Copley, a \u00e9galement \u00e9t\u00e9 appel\u00e9, en plus du gardien de but de 19 ans, Alexei Rojas.<\/p>\n<h3>\u00c9quipe de tourn\u00e9e de pr\u00e9-saison d&#39;Arsenal en entier:<\/h3>\n<p><strong>Gardiens de but:<\/strong> David Raya, Kepa Arrizabalaga, Tommy Setford, Alexei Rojas-Fedorushchenko<\/p>\n<p><strong>D\u00e9fenseurs:<\/strong> William Saliba, Ben White, Gabriel Magalhaes, Jurrien Timber, Jakub Kiwior, Oleksandr Zinchenko, Riccardo Calafiori, Myles Lewis-Skelly, Josh Nichols, Marli Salmon<\/p>\n<p><strong>Milieuseurs de terrain:<\/strong> Martin Odegaard, Christian Norgaard, Mikel Merino, Sambi Lokonga, Martin Zubimenddi, Declan Rice, Louie Copley<\/p>\n<p><strong>Avances:<\/strong> Bukayo Saka, Gabriel Martinelli, Leandro Trossard, Ethan Nwaneri, Reiss Nelson, Kai Havertz, Ismeal Kabia, Max Dowman, Andre Harriman-Annous<\/p>\n<div class=\"author_box\">\n<div class=\"author_box_banner\"> <img decoding=\"async\" class=\"author_img\" src=\"https:\/\/footdavant.fr\/actualites\/wp-content\/uploads\/2025\/06\/1749127685_316_Equipe-de-la-Ligue-des-champions-du-tournoi-Lamine-Yamal.jpg\"><\/div>\n<\/div>\n<\/div>\n","protected":false},"excerpt":{"rendered":"<p>Arsenal confirme une \u00e9quipe de 30 hommes pour sa tourn\u00e9e de pr\u00e9-saison en Asie, alors que Noni Madueke manque, mais deux jeunes de 15 ans<\/p>\n","protected":false},"author":1,"featured_media":26579,"comment_status":"closed","ping_status":"","sticky":false,"template":"","format":"standard","meta":{"footnotes":""},"categories":[5],"tags":[318,209,1911,67,211,40,857,6591,2014,4219,2602,210,1517,706,4211],"yoast_head":"<!-- This site is optimized with the Yoast SEO plugin v21.0 - https:\/\/yoast.com\/wordpress\/plugins\/seo\/ -->\n<title>Arsenal confirme l&#039;\u00e9quipe de tourn\u00e9e de pr\u00e9-saison de 30 hommes alors que Mikel Arteta, sans Madueke, appelle deux enfants de 15 ans<\/title>\n<meta name=\"robots\" content=\"index, follow, max-snippet:-1, max-image-preview:large, max-video-preview:-1\" \/>\n<link rel=\"canonical\" href=\"https:\/\/footdavant.fr\/actualites\/arsenal-confirme-lequipe-de-tournee-de-pre-saison-de-30-hommes-alors-que-mikel-arteta-sans-madueke-appelle-deux-enfants-de-15-ans\/\" \/>\n<meta property=\"og:locale\" content=\"fr_FR\" \/>\n<meta property=\"og:type\" content=\"article\" \/>\n<meta property=\"og:title\" content=\"Arsenal confirme l&#039;\u00e9quipe de tourn\u00e9e de pr\u00e9-saison de 30 hommes alors que Mikel Arteta, sans Madueke, appelle deux enfants de 15 ans\" \/>\n<meta property=\"og:description\" content=\"Arsenal confirme une \u00e9quipe de 30 hommes pour sa tourn\u00e9e de pr\u00e9-saison en Asie, alors que Noni Madueke manque, mais deux jeunes de 15 ans\" \/>\n<meta property=\"og:url\" content=\"https:\/\/footdavant.fr\/actualites\/arsenal-confirme-lequipe-de-tournee-de-pre-saison-de-30-hommes-alors-que-mikel-arteta-sans-madueke-appelle-deux-enfants-de-15-ans\/\" \/>\n<meta property=\"og:site_name\" content=\"Foot d&#039;avant\" \/>\n<meta property=\"article:publisher\" content=\"https:\/\/www.facebook.com\/Footdavant\/\" \/>\n<meta property=\"article:published_time\" content=\"2025-07-25T17:48:09+00:00\" \/>\n<meta property=\"article:modified_time\" content=\"2025-07-25T17:48:10+00:00\" \/>\n<meta property=\"og:image\" content=\"https:\/\/footdavant.fr\/actualites\/wp-content\/uploads\/2025\/07\/1753465690_Arsenal-confirme-l39equipe-de-tournee-de-pre-saison-de-30-hommes.jpg\" \/>\n\t<meta property=\"og:image:width\" content=\"640\" \/>\n\t<meta property=\"og:image:height\" content=\"480\" \/>\n\t<meta property=\"og:image:type\" content=\"image\/jpeg\" \/>\n<meta name=\"author\" content=\"Cl\u00e9ment\" \/>\n<meta name=\"twitter:card\" content=\"summary_large_image\" \/>\n<meta name=\"twitter:creator\" content=\"@FootdavantFr\" \/>\n<meta name=\"twitter:site\" content=\"@FootdavantFr\" \/>\n<meta name=\"twitter:label1\" content=\"\u00c9crit par\" \/>\n\t<meta name=\"twitter:data1\" content=\"Cl\u00e9ment\" \/>\n\t<meta name=\"twitter:label2\" content=\"Dur\u00e9e de lecture estim\u00e9e\" \/>\n\t<meta name=\"twitter:data2\" content=\"3 minutes\" \/>\n<script type=\"application\/ld+json\" class=\"yoast-schema-graph\">{\"@context\":\"https:\/\/schema.org\",\"@graph\":[{\"@type\":\"Article\",\"@id\":\"https:\/\/footdavant.fr\/actualites\/arsenal-confirme-lequipe-de-tournee-de-pre-saison-de-30-hommes-alors-que-mikel-arteta-sans-madueke-appelle-deux-enfants-de-15-ans\/#article\",\"isPartOf\":{\"@id\":\"https:\/\/footdavant.fr\/actualites\/arsenal-confirme-lequipe-de-tournee-de-pre-saison-de-30-hommes-alors-que-mikel-arteta-sans-madueke-appelle-deux-enfants-de-15-ans\/\"},\"author\":{\"name\":\"Cl\u00e9ment\",\"@id\":\"https:\/\/footdavant.fr\/actualites\/#\/schema\/person\/bc222566d95871b37e597b3ed3ba5e1d\"},\"headline\":\"Arsenal confirme l&#39;\u00e9quipe de tourn\u00e9e de pr\u00e9-saison de 30 hommes alors que Mikel Arteta, sans Madueke, appelle deux enfants de 15 ans\",\"datePublished\":\"2025-07-25T17:48:09+00:00\",\"dateModified\":\"2025-07-25T17:48:10+00:00\",\"mainEntityOfPage\":{\"@id\":\"https:\/\/footdavant.fr\/actualites\/arsenal-confirme-lequipe-de-tournee-de-pre-saison-de-30-hommes-alors-que-mikel-arteta-sans-madueke-appelle-deux-enfants-de-15-ans\/\"},\"wordCount\":704,\"publisher\":{\"@id\":\"https:\/\/footdavant.fr\/actualites\/#organization\"},\"keywords\":[\"alors\",\"ans\",\"appelle\",\"Arsenal\",\"Arteta\",\"confirme\",\"deux\",\"enfants\",\"hommes\",\"l39\u00e9quipe\",\"Madueke\",\"Mikel\",\"pr\u00e9saison\",\"sans\",\"tourn\u00e9e\"],\"articleSection\":[\"Premier League\"],\"inLanguage\":\"fr-FR\"},{\"@type\":\"WebPage\",\"@id\":\"https:\/\/footdavant.fr\/actualites\/arsenal-confirme-lequipe-de-tournee-de-pre-saison-de-30-hommes-alors-que-mikel-arteta-sans-madueke-appelle-deux-enfants-de-15-ans\/\",\"url\":\"https:\/\/footdavant.fr\/actualites\/arsenal-confirme-lequipe-de-tournee-de-pre-saison-de-30-hommes-alors-que-mikel-arteta-sans-madueke-appelle-deux-enfants-de-15-ans\/\",\"name\":\"Arsenal confirme l&#39;\u00e9quipe de tourn\u00e9e de pr\u00e9-saison de 30 hommes alors que Mikel Arteta, sans Madueke, appelle deux enfants de 15 ans\",\"isPartOf\":{\"@id\":\"https:\/\/footdavant.fr\/actualites\/#website\"},\"datePublished\":\"2025-07-25T17:48:09+00:00\",\"dateModified\":\"2025-07-25T17:48:10+00:00\",\"breadcrumb\":{\"@id\":\"https:\/\/footdavant.fr\/actualites\/arsenal-confirme-lequipe-de-tournee-de-pre-saison-de-30-hommes-alors-que-mikel-arteta-sans-madueke-appelle-deux-enfants-de-15-ans\/#breadcrumb\"},\"inLanguage\":\"fr-FR\",\"potentialAction\":[{\"@type\":\"ReadAction\",\"target\":[\"https:\/\/footdavant.fr\/actualites\/arsenal-confirme-lequipe-de-tournee-de-pre-saison-de-30-hommes-alors-que-mikel-arteta-sans-madueke-appelle-deux-enfants-de-15-ans\/\"]}]},{\"@type\":\"BreadcrumbList\",\"@id\":\"https:\/\/footdavant.fr\/actualites\/arsenal-confirme-lequipe-de-tournee-de-pre-saison-de-30-hommes-alors-que-mikel-arteta-sans-madueke-appelle-deux-enfants-de-15-ans\/#breadcrumb\",\"itemListElement\":[{\"@type\":\"ListItem\",\"position\":1,\"name\":\"Accueil\",\"item\":\"https:\/\/footdavant.fr\/actualites\/\"},{\"@type\":\"ListItem\",\"position\":2,\"name\":\"Arsenal confirme l&#39;\u00e9quipe de tourn\u00e9e de pr\u00e9-saison de 30 hommes alors que Mikel Arteta, sans Madueke, appelle deux enfants de 15 ans\"}]},{\"@type\":\"WebSite\",\"@id\":\"https:\/\/footdavant.fr\/actualites\/#website\",\"url\":\"https:\/\/footdavant.fr\/actualites\/\",\"name\":\"Foot d'avant\",\"description\":\"\",\"publisher\":{\"@id\":\"https:\/\/footdavant.fr\/actualites\/#organization\"},\"potentialAction\":[{\"@type\":\"SearchAction\",\"target\":{\"@type\":\"EntryPoint\",\"urlTemplate\":\"https:\/\/footdavant.fr\/actualites\/?s={search_term_string}\"},\"query-input\":\"required name=search_term_string\"}],\"inLanguage\":\"fr-FR\"},{\"@type\":\"Organization\",\"@id\":\"https:\/\/footdavant.fr\/actualites\/#organization\",\"name\":\"Foot d'avant\",\"url\":\"https:\/\/footdavant.fr\/actualites\/\",\"logo\":{\"@type\":\"ImageObject\",\"inLanguage\":\"fr-FR\",\"@id\":\"https:\/\/footdavant.fr\/actualites\/#\/schema\/logo\/image\/\",\"url\":\"https:\/\/footdavant.fr\/actualites\/wp-content\/uploads\/2023\/09\/Copy-of-FootDavant-Logo.png\",\"contentUrl\":\"https:\/\/footdavant.fr\/actualites\/wp-content\/uploads\/2023\/09\/Copy-of-FootDavant-Logo.png\",\"width\":936,\"height\":549,\"caption\":\"Foot d'avant\"},\"image\":{\"@id\":\"https:\/\/footdavant.fr\/actualites\/#\/schema\/logo\/image\/\"},\"sameAs\":[\"https:\/\/www.facebook.com\/Footdavant\/\",\"https:\/\/twitter.com\/FootdavantFr\",\"https:\/\/www.instagram.com\/footdavant.fr\/\"]},{\"@type\":\"Person\",\"@id\":\"https:\/\/footdavant.fr\/actualites\/#\/schema\/person\/bc222566d95871b37e597b3ed3ba5e1d\",\"name\":\"Cl\u00e9ment\",\"image\":{\"@type\":\"ImageObject\",\"inLanguage\":\"fr-FR\",\"@id\":\"https:\/\/footdavant.fr\/actualites\/#\/schema\/person\/image\/\",\"url\":\"https:\/\/secure.gravatar.com\/avatar\/7728b29aac2719421e1a9159b2254c44?s=96&d=mm&r=g\",\"contentUrl\":\"https:\/\/secure.gravatar.com\/avatar\/7728b29aac2719421e1a9159b2254c44?s=96&d=mm&r=g\",\"caption\":\"Cl\u00e9ment\"},\"sameAs\":[\"https:\/\/footdavant.fr\/\"]}]}<\/script>\n<!-- \/ Yoast SEO plugin. -->","yoast_head_json":{"title":"Arsenal confirme l&#39;\u00e9quipe de tourn\u00e9e de pr\u00e9-saison de 30 hommes alors que Mikel Arteta, sans Madueke, appelle deux enfants de 15 ans","robots":{"index":"index","follow":"follow","max-snippet":"max-snippet:-1","max-image-preview":"max-image-preview:large","max-video-preview":"max-video-preview:-1"},"canonical":"https:\/\/footdavant.fr\/actualites\/arsenal-confirme-lequipe-de-tournee-de-pre-saison-de-30-hommes-alors-que-mikel-arteta-sans-madueke-appelle-deux-enfants-de-15-ans\/","og_locale":"fr_FR","og_type":"article","og_title":"Arsenal confirme l&#39;\u00e9quipe de tourn\u00e9e de pr\u00e9-saison de 30 hommes alors que Mikel Arteta, sans Madueke, appelle deux enfants de 15 ans","og_description":"Arsenal confirme une \u00e9quipe de 30 hommes pour sa tourn\u00e9e de pr\u00e9-saison en Asie, alors que Noni Madueke manque, mais deux jeunes de 15 ans","og_url":"https:\/\/footdavant.fr\/actualites\/arsenal-confirme-lequipe-de-tournee-de-pre-saison-de-30-hommes-alors-que-mikel-arteta-sans-madueke-appelle-deux-enfants-de-15-ans\/","og_site_name":"Foot d&#039;avant","article_publisher":"https:\/\/www.facebook.com\/Footdavant\/","article_published_time":"2025-07-25T17:48:09+00:00","article_modified_time":"2025-07-25T17:48:10+00:00","og_image":[{"width":640,"height":480,"url":"https:\/\/footdavant.fr\/actualites\/wp-content\/uploads\/2025\/07\/1753465690_Arsenal-confirme-l39equipe-de-tournee-de-pre-saison-de-30-hommes.jpg","type":"image\/jpeg"}],"author":"Cl\u00e9ment","twitter_card":"summary_large_image","twitter_creator":"@FootdavantFr","twitter_site":"@FootdavantFr","twitter_misc":{"\u00c9crit par":"Cl\u00e9ment","Dur\u00e9e de lecture estim\u00e9e":"3 minutes"},"schema":{"@context":"https:\/\/schema.org","@graph":[{"@type":"Article","@id":"https:\/\/footdavant.fr\/actualites\/arsenal-confirme-lequipe-de-tournee-de-pre-saison-de-30-hommes-alors-que-mikel-arteta-sans-madueke-appelle-deux-enfants-de-15-ans\/#article","isPartOf":{"@id":"https:\/\/footdavant.fr\/actualites\/arsenal-confirme-lequipe-de-tournee-de-pre-saison-de-30-hommes-alors-que-mikel-arteta-sans-madueke-appelle-deux-enfants-de-15-ans\/"},"author":{"name":"Cl\u00e9ment","@id":"https:\/\/footdavant.fr\/actualites\/#\/schema\/person\/bc222566d95871b37e597b3ed3ba5e1d"},"headline":"Arsenal confirme l&#39;\u00e9quipe de tourn\u00e9e de pr\u00e9-saison de 30 hommes alors que Mikel Arteta, sans Madueke, appelle deux enfants de 15 ans","datePublished":"2025-07-25T17:48:09+00:00","dateModified":"2025-07-25T17:48:10+00:00","mainEntityOfPage":{"@id":"https:\/\/footdavant.fr\/actualites\/arsenal-confirme-lequipe-de-tournee-de-pre-saison-de-30-hommes-alors-que-mikel-arteta-sans-madueke-appelle-deux-enfants-de-15-ans\/"},"wordCount":704,"publisher":{"@id":"https:\/\/footdavant.fr\/actualites\/#organization"},"keywords":["alors","ans","appelle","Arsenal","Arteta","confirme","deux","enfants","hommes","l39\u00e9quipe","Madueke","Mikel","pr\u00e9saison","sans","tourn\u00e9e"],"articleSection":["Premier League"],"inLanguage":"fr-FR"},{"@type":"WebPage","@id":"https:\/\/footdavant.fr\/actualites\/arsenal-confirme-lequipe-de-tournee-de-pre-saison-de-30-hommes-alors-que-mikel-arteta-sans-madueke-appelle-deux-enfants-de-15-ans\/","url":"https:\/\/footdavant.fr\/actualites\/arsenal-confirme-lequipe-de-tournee-de-pre-saison-de-30-hommes-alors-que-mikel-arteta-sans-madueke-appelle-deux-enfants-de-15-ans\/","name":"Arsenal confirme l&#39;\u00e9quipe de tourn\u00e9e de pr\u00e9-saison de 30 hommes alors que Mikel Arteta, sans Madueke, appelle deux enfants de 15 ans","isPartOf":{"@id":"https:\/\/footdavant.fr\/actualites\/#website"},"datePublished":"2025-07-25T17:48:09+00:00","dateModified":"2025-07-25T17:48:10+00:00","breadcrumb":{"@id":"https:\/\/footdavant.fr\/actualites\/arsenal-confirme-lequipe-de-tournee-de-pre-saison-de-30-hommes-alors-que-mikel-arteta-sans-madueke-appelle-deux-enfants-de-15-ans\/#breadcrumb"},"inLanguage":"fr-FR","potentialAction":[{"@type":"ReadAction","target":["https:\/\/footdavant.fr\/actualites\/arsenal-confirme-lequipe-de-tournee-de-pre-saison-de-30-hommes-alors-que-mikel-arteta-sans-madueke-appelle-deux-enfants-de-15-ans\/"]}]},{"@type":"BreadcrumbList","@id":"https:\/\/footdavant.fr\/actualites\/arsenal-confirme-lequipe-de-tournee-de-pre-saison-de-30-hommes-alors-que-mikel-arteta-sans-madueke-appelle-deux-enfants-de-15-ans\/#breadcrumb","itemListElement":[{"@type":"ListItem","position":1,"name":"Accueil","item":"https:\/\/footdavant.fr\/actualites\/"},{"@type":"ListItem","position":2,"name":"Arsenal confirme l&#39;\u00e9quipe de tourn\u00e9e de pr\u00e9-saison de 30 hommes alors que Mikel Arteta, sans Madueke, appelle deux enfants de 15 ans"}]},{"@type":"WebSite","@id":"https:\/\/footdavant.fr\/actualites\/#website","url":"https:\/\/footdavant.fr\/actualites\/","name":"Foot d'avant","description":"","publisher":{"@id":"https:\/\/footdavant.fr\/actualites\/#organization"},"potentialAction":[{"@type":"SearchAction","target":{"@type":"EntryPoint","urlTemplate":"https:\/\/footdavant.fr\/actualites\/?s={search_term_string}"},"query-input":"required name=search_term_string"}],"inLanguage":"fr-FR"},{"@type":"Organization","@id":"https:\/\/footdavant.fr\/actualites\/#organization","name":"Foot d'avant","url":"https:\/\/footdavant.fr\/actualites\/","logo":{"@type":"ImageObject","inLanguage":"fr-FR","@id":"https:\/\/footdavant.fr\/actualites\/#\/schema\/logo\/image\/","url":"https:\/\/footdavant.fr\/actualites\/wp-content\/uploads\/2023\/09\/Copy-of-FootDavant-Logo.png","contentUrl":"https:\/\/footdavant.fr\/actualites\/wp-content\/uploads\/2023\/09\/Copy-of-FootDavant-Logo.png","width":936,"height":549,"caption":"Foot d'avant"},"image":{"@id":"https:\/\/footdavant.fr\/actualites\/#\/schema\/logo\/image\/"},"sameAs":["https:\/\/www.facebook.com\/Footdavant\/","https:\/\/twitter.com\/FootdavantFr","https:\/\/www.instagram.com\/footdavant.fr\/"]},{"@type":"Person","@id":"https:\/\/footdavant.fr\/actualites\/#\/schema\/person\/bc222566d95871b37e597b3ed3ba5e1d","name":"Cl\u00e9ment","image":{"@type":"ImageObject","inLanguage":"fr-FR","@id":"https:\/\/footdavant.fr\/actualites\/#\/schema\/person\/image\/","url":"https:\/\/secure.gravatar.com\/avatar\/7728b29aac2719421e1a9159b2254c44?s=96&d=mm&r=g","contentUrl":"https:\/\/secure.gravatar.com\/avatar\/7728b29aac2719421e1a9159b2254c44?s=96&d=mm&r=g","caption":"Cl\u00e9ment"},"sameAs":["https:\/\/footdavant.fr\/"]}]}},"_links":{"self":[{"href":"https:\/\/footdavant.fr\/actualites\/wp-json\/wp\/v2\/posts\/26578"}],"collection":[{"href":"https:\/\/footdavant.fr\/actualites\/wp-json\/wp\/v2\/posts"}],"about":[{"href":"https:\/\/footdavant.fr\/actualites\/wp-json\/wp\/v2\/types\/post"}],"author":[{"embeddable":true,"href":"https:\/\/footdavant.fr\/actualites\/wp-json\/wp\/v2\/users\/1"}],"replies":[{"embeddable":true,"href":"https:\/\/footdavant.fr\/actualites\/wp-json\/wp\/v2\/comments?post=26578"}],"version-history":[{"count":1,"href":"https:\/\/footdavant.fr\/actualites\/wp-json\/wp\/v2\/posts\/26578\/revisions"}],"predecessor-version":[{"id":26580,"href":"https:\/\/footdavant.fr\/actualites\/wp-json\/wp\/v2\/posts\/26578\/revisions\/26580"}],"wp:featuredmedia":[{"embeddable":true,"href":"https:\/\/footdavant.fr\/actualites\/wp-json\/wp\/v2\/media\/26579"}],"wp:attachment":[{"href":"https:\/\/footdavant.fr\/actualites\/wp-json\/wp\/v2\/media?parent=26578"}],"wp:term":[{"taxonomy":"category","embeddable":true,"href":"https:\/\/footdavant.fr\/actualites\/wp-json\/wp\/v2\/categories?post=26578"},{"taxonomy":"post_tag","embeddable":true,"href":"https:\/\/footdavant.fr\/actualites\/wp-json\/wp\/v2\/tags?post=26578"}],"curies":[{"name":"wp","href":"https:\/\/api.w.org\/{rel}","templated":true}]}}