{"id":2674,"date":"2023-12-17T20:53:17","date_gmt":"2023-12-17T19:53:17","guid":{"rendered":"https:\/\/footdavant.fr\/actualites\/paddy-pimblett-promet-dassommer-tony-ferguson-a-lufc-296\/"},"modified":"2023-12-17T20:53:17","modified_gmt":"2023-12-17T19:53:17","slug":"paddy-pimblett-promet-dassommer-tony-ferguson-a-lufc-296","status":"publish","type":"post","link":"https:\/\/footdavant.fr\/actualites\/paddy-pimblett-promet-dassommer-tony-ferguson-a-lufc-296\/","title":{"rendered":"Paddy Pimblett promet d&rsquo;assommer Tony Ferguson \u00e0 l&rsquo;UFC 296"},"content":{"rendered":"<div>\n<h2>\u00ab\u00a0Paddy The Baddy\u00a0\u00bb promet de mettre fin \u00e0 la carri\u00e8re de Tony Ferguson \u00e0 l&rsquo;UFC 296<\/h2>\n<p>Avec le pay-per-view de l&rsquo;UFC 296 presque \u00e0 nos portes, la mont\u00e9e en puissance et le battage m\u00e9diatique d&rsquo;avant-combat sont sur le point d&rsquo;atteindre leur apog\u00e9e.  Les principaux combattants de cartes de l&rsquo;UFC 296 s&rsquo;y sont affront\u00e9s jeudi lors de la conf\u00e9rence de presse d&rsquo;avant-combat, avant la soir\u00e9e de combat \u00e0 la T-Mobile Arena de Las Vegas, Nevada.<\/p>\n<p>L\u2019une des principales cartes de combat est bien s\u00fbr Paddy Pimblett contre Tony Ferguson dans une bataille l\u00e9g\u00e8re.  C&rsquo;est sans aucun doute le combat le plus dur de la carri\u00e8re de Pimblett, alors qu&rsquo;il cherche \u00e0 infliger \u00e0 \u00ab\u00a0El Cucuy\u00a0\u00bb une septi\u00e8me d\u00e9faite cons\u00e9cutive dans l&rsquo;octogone.<\/p>\n<p>Bien que les deux hommes aient \u00e9t\u00e9 respectueux lors de la pr\u00e9paration, la conf\u00e9rence de presse de jeudi a \u00e9t\u00e9 un peu passionn\u00e9e.  Paddy Pimblett a jur\u00e9 de mettre fin \u00e0 la carri\u00e8re de Ferguson, d\u00e9clarant qu&rsquo;il se tiendrait au-dessus de son \u00ab corps inconscient \u00bb apr\u00e8s avoir assomm\u00e9 le v\u00e9t\u00e9ran de l&rsquo;UFC.<\/p>\n<blockquote class=\"twitter-tweet\" data-width=\"550\" data-dnt=\"true\">\n<p lang=\"en\" dir=\"ltr\">Saucisses et Ketchup \u2013 le combo parfait \ud83d\ude02<\/p>\n<p>Tony Ferguson et Paddy Pimblett vont et viennent \ud83d\ude33<a rel=\"nofollow\" href=\"https:\/\/twitter.com\/hashtag\/UFC296?src=hash&amp;ref_src=twsrc%5Etfw\">#UFC296<\/a> |  Samedi |  Billetterie TNT Sports <a rel=\"nofollow\" href=\"https:\/\/t.co\/USCJr7iROs\">pic.twitter.com\/USCJr7iROs<\/a><\/p>\n<p>\u2013 UFC sur TNT Sports (@ufcontnt) <a rel=\"nofollow\" href=\"https:\/\/twitter.com\/ufcontnt\/status\/1735479238621319382?ref_src=twsrc%5Etfw\">15 d\u00e9cembre 2023<\/a><\/p>\n<\/blockquote>\n<p>\u00ab\u00a0Paddy The Baddy\u00a0\u00bb participera au combat de l&rsquo;UFC 296 de samedi contre Tony Ferguson en tant que favori -286 avec les meilleures applications de paris UFC.  Bien qu&rsquo;il ne s&rsquo;agisse que de son cinqui\u00e8me combat \u00e0 l&rsquo;UFC, le Liverpudlian pourrait \u00eatre en bonne voie pour un classement dans le Top 15 s&rsquo;il veut battre \u00ab El Cucuy \u00bb sur l&rsquo;undercard de l&rsquo;UFC 296.<\/p>\n<p>Cela signifie bien s\u00fbr que Tony Ferguson est l&rsquo;opprim\u00e9 de +226 avec les meilleurs paris sportifs offshore pour mettre fin \u00e0 ses six d\u00e9faites en combat.  Une victoire ici pour l\u2019Am\u00e9ricain sauverait s\u00fbrement sa carri\u00e8re \u00e0 l\u2019UFC, tout en faisant d\u00e9railler le train \u00e0 la mode de Paddy Pimblett.<\/p>\n<p>\u00ab\u00a0The Baddy\u00a0\u00bb a l&rsquo;air dans la forme de sa vie avant le combat des poids l\u00e9gers de samedi \u00e0 l&rsquo;UFC 296. Le joueur de 28 ans \u00e9tait connu dans le pass\u00e9 pour prendre beaucoup de poids et grossir entre les camps d&rsquo;entra\u00eenement.<\/p>\n<p>Cependant, cette fois-ci, rien de tout cela n\u2019a \u00e9t\u00e9 fait pour Pimblett.  Il a \u00e9t\u00e9 un professionnel assidu avant l&rsquo;UFC 296, respectant son corps, ainsi que le pr\u00e9sident de l&rsquo;UFC, Dana White, qui avait montr\u00e9 sa d\u00e9sapprobation de la prise de poids de Paddy Pimblett dans le pass\u00e9.<\/p>\n<blockquote class=\"twitter-tweet\" data-width=\"550\" data-dnt=\"true\">\n<p lang=\"en\" dir=\"ltr\">Tony Ferguson s&rsquo;en prend \u00e0 Paddy Pimblett \ud83d\ude05\ud83d\udd25<a rel=\"nofollow\" href=\"https:\/\/twitter.com\/hashtag\/UFC296?src=hash&amp;ref_src=twsrc%5Etfw\">#UFC296<\/a> |  Samedi |  Billetterie TNT Sports <a rel=\"nofollow\" href=\"https:\/\/t.co\/CmXTbiqXdr\">pic.twitter.com\/CmXTbiqXdr<\/a><\/p>\n<p>\u2013 UFC sur TNT Sports (@ufcontnt) <a rel=\"nofollow\" href=\"https:\/\/twitter.com\/ufcontnt\/status\/1735474292849037806?ref_src=twsrc%5Etfw\">15 d\u00e9cembre 2023<\/a><\/p>\n<\/blockquote>\n<p>Assurez-vous de r\u00e9clamer les diff\u00e9rents bonus des applications de paris sportifs et les paris gratuits UFC disponibles sur le site. <em>Objectifs de sport<\/em> site avant cette carte UFC 296.<\/p>\n<p>N&rsquo;oubliez pas \u00e9galement de consulter la diffusion en direct gratuite de l&rsquo;UFC 296 qui diffusera la carte compl\u00e8te depuis la T-Mobile Arena samedi soir.  Ou si vous souhaitez regarder gratuitement une diffusion en direct du prochain combat sp\u00e9cifique de Paddy Pimblett, vous pouvez \u00e9galement le faire gr\u00e2ce \u00e0 BetOnline.<\/p>\n<\/p><\/div>\n<p><script async src=\"https:\/\/platform.twitter.com\/widgets.js\" charset=\"utf-8\"><\/script><\/p>\n","protected":false},"excerpt":{"rendered":"<p>\u00ab\u00a0Paddy The Baddy\u00a0\u00bb promet de mettre fin \u00e0 la carri\u00e8re de Tony Ferguson \u00e0 l&rsquo;UFC 296 Avec le pay-per-view de l&rsquo;UFC 296 presque \u00e0 nos<\/p>\n","protected":false},"author":1,"featured_media":2675,"comment_status":"closed","ping_status":"","sticky":false,"template":"","format":"standard","meta":{"footnotes":""},"categories":[3],"tags":[2325,1427,731,2310,2311,2324,2326],"yoast_head":"<!-- This site is optimized with the Yoast SEO plugin v21.0 - https:\/\/yoast.com\/wordpress\/plugins\/seo\/ -->\n<title>Paddy Pimblett promet d&#039;assommer Tony Ferguson \u00e0 l&#039;UFC 296<\/title>\n<meta name=\"robots\" content=\"index, follow, max-snippet:-1, max-image-preview:large, max-video-preview:-1\" \/>\n<link rel=\"canonical\" href=\"https:\/\/footdavant.fr\/actualites\/paddy-pimblett-promet-dassommer-tony-ferguson-a-lufc-296\/\" \/>\n<meta property=\"og:locale\" content=\"fr_FR\" \/>\n<meta property=\"og:type\" content=\"article\" \/>\n<meta property=\"og:title\" content=\"Paddy Pimblett promet d&#039;assommer Tony Ferguson \u00e0 l&#039;UFC 296\" \/>\n<meta property=\"og:description\" content=\"\u00ab\u00a0Paddy The Baddy\u00a0\u00bb promet de mettre fin \u00e0 la carri\u00e8re de Tony Ferguson \u00e0 l&rsquo;UFC 296 Avec le pay-per-view de l&rsquo;UFC 296 presque \u00e0 nos\" \/>\n<meta property=\"og:url\" content=\"https:\/\/footdavant.fr\/actualites\/paddy-pimblett-promet-dassommer-tony-ferguson-a-lufc-296\/\" \/>\n<meta property=\"og:site_name\" content=\"Foot d&#039;avant\" \/>\n<meta property=\"article:publisher\" content=\"https:\/\/www.facebook.com\/Footdavant\/\" \/>\n<meta property=\"article:published_time\" content=\"2023-12-17T19:53:17+00:00\" \/>\n<meta property=\"og:image\" content=\"https:\/\/footdavant.fr\/actualites\/wp-content\/uploads\/2023\/12\/Paddy-Pimblett-promet-dassommer-Tony-Ferguson-a-lUFC-296.jpg\" \/>\n\t<meta property=\"og:image:width\" content=\"696\" \/>\n\t<meta property=\"og:image:height\" content=\"464\" \/>\n\t<meta property=\"og:image:type\" content=\"image\/jpeg\" \/>\n<meta name=\"author\" content=\"Cl\u00e9ment\" \/>\n<meta name=\"twitter:card\" content=\"summary_large_image\" \/>\n<meta name=\"twitter:creator\" content=\"@FootdavantFr\" \/>\n<meta name=\"twitter:site\" content=\"@FootdavantFr\" \/>\n<meta name=\"twitter:label1\" content=\"\u00c9crit par\" \/>\n\t<meta name=\"twitter:data1\" content=\"Cl\u00e9ment\" \/>\n\t<meta name=\"twitter:label2\" content=\"Dur\u00e9e de lecture estim\u00e9e\" \/>\n\t<meta name=\"twitter:data2\" content=\"3 minutes\" \/>\n<script type=\"application\/ld+json\" class=\"yoast-schema-graph\">{\"@context\":\"https:\/\/schema.org\",\"@graph\":[{\"@type\":\"Article\",\"@id\":\"https:\/\/footdavant.fr\/actualites\/paddy-pimblett-promet-dassommer-tony-ferguson-a-lufc-296\/#article\",\"isPartOf\":{\"@id\":\"https:\/\/footdavant.fr\/actualites\/paddy-pimblett-promet-dassommer-tony-ferguson-a-lufc-296\/\"},\"author\":{\"name\":\"Cl\u00e9ment\",\"@id\":\"https:\/\/footdavant.fr\/actualites\/#\/schema\/person\/bc222566d95871b37e597b3ed3ba5e1d\"},\"headline\":\"Paddy Pimblett promet d&rsquo;assommer Tony Ferguson \u00e0 l&rsquo;UFC 296\",\"datePublished\":\"2023-12-17T19:53:17+00:00\",\"dateModified\":\"2023-12-17T19:53:17+00:00\",\"mainEntityOfPage\":{\"@id\":\"https:\/\/footdavant.fr\/actualites\/paddy-pimblett-promet-dassommer-tony-ferguson-a-lufc-296\/\"},\"wordCount\":526,\"publisher\":{\"@id\":\"https:\/\/footdavant.fr\/actualites\/#organization\"},\"keywords\":[\"dassommer\",\"Ferguson\",\"lUFC\",\"Paddy\",\"Pimblett\",\"promet\",\"Tony\"],\"articleSection\":[\"Football\"],\"inLanguage\":\"fr-FR\"},{\"@type\":\"WebPage\",\"@id\":\"https:\/\/footdavant.fr\/actualites\/paddy-pimblett-promet-dassommer-tony-ferguson-a-lufc-296\/\",\"url\":\"https:\/\/footdavant.fr\/actualites\/paddy-pimblett-promet-dassommer-tony-ferguson-a-lufc-296\/\",\"name\":\"Paddy Pimblett promet d'assommer Tony Ferguson \u00e0 l'UFC 296\",\"isPartOf\":{\"@id\":\"https:\/\/footdavant.fr\/actualites\/#website\"},\"datePublished\":\"2023-12-17T19:53:17+00:00\",\"dateModified\":\"2023-12-17T19:53:17+00:00\",\"breadcrumb\":{\"@id\":\"https:\/\/footdavant.fr\/actualites\/paddy-pimblett-promet-dassommer-tony-ferguson-a-lufc-296\/#breadcrumb\"},\"inLanguage\":\"fr-FR\",\"potentialAction\":[{\"@type\":\"ReadAction\",\"target\":[\"https:\/\/footdavant.fr\/actualites\/paddy-pimblett-promet-dassommer-tony-ferguson-a-lufc-296\/\"]}]},{\"@type\":\"BreadcrumbList\",\"@id\":\"https:\/\/footdavant.fr\/actualites\/paddy-pimblett-promet-dassommer-tony-ferguson-a-lufc-296\/#breadcrumb\",\"itemListElement\":[{\"@type\":\"ListItem\",\"position\":1,\"name\":\"Accueil\",\"item\":\"https:\/\/footdavant.fr\/actualites\/\"},{\"@type\":\"ListItem\",\"position\":2,\"name\":\"Paddy Pimblett promet d&rsquo;assommer Tony Ferguson \u00e0 l&rsquo;UFC 296\"}]},{\"@type\":\"WebSite\",\"@id\":\"https:\/\/footdavant.fr\/actualites\/#website\",\"url\":\"https:\/\/footdavant.fr\/actualites\/\",\"name\":\"Foot d'avant\",\"description\":\"\",\"publisher\":{\"@id\":\"https:\/\/footdavant.fr\/actualites\/#organization\"},\"potentialAction\":[{\"@type\":\"SearchAction\",\"target\":{\"@type\":\"EntryPoint\",\"urlTemplate\":\"https:\/\/footdavant.fr\/actualites\/?s={search_term_string}\"},\"query-input\":\"required name=search_term_string\"}],\"inLanguage\":\"fr-FR\"},{\"@type\":\"Organization\",\"@id\":\"https:\/\/footdavant.fr\/actualites\/#organization\",\"name\":\"Foot d'avant\",\"url\":\"https:\/\/footdavant.fr\/actualites\/\",\"logo\":{\"@type\":\"ImageObject\",\"inLanguage\":\"fr-FR\",\"@id\":\"https:\/\/footdavant.fr\/actualites\/#\/schema\/logo\/image\/\",\"url\":\"https:\/\/footdavant.fr\/actualites\/wp-content\/uploads\/2023\/09\/Copy-of-FootDavant-Logo.png\",\"contentUrl\":\"https:\/\/footdavant.fr\/actualites\/wp-content\/uploads\/2023\/09\/Copy-of-FootDavant-Logo.png\",\"width\":936,\"height\":549,\"caption\":\"Foot d'avant\"},\"image\":{\"@id\":\"https:\/\/footdavant.fr\/actualites\/#\/schema\/logo\/image\/\"},\"sameAs\":[\"https:\/\/www.facebook.com\/Footdavant\/\",\"https:\/\/twitter.com\/FootdavantFr\",\"https:\/\/www.instagram.com\/footdavant.fr\/\"]},{\"@type\":\"Person\",\"@id\":\"https:\/\/footdavant.fr\/actualites\/#\/schema\/person\/bc222566d95871b37e597b3ed3ba5e1d\",\"name\":\"Cl\u00e9ment\",\"image\":{\"@type\":\"ImageObject\",\"inLanguage\":\"fr-FR\",\"@id\":\"https:\/\/footdavant.fr\/actualites\/#\/schema\/person\/image\/\",\"url\":\"https:\/\/secure.gravatar.com\/avatar\/7728b29aac2719421e1a9159b2254c44?s=96&d=mm&r=g\",\"contentUrl\":\"https:\/\/secure.gravatar.com\/avatar\/7728b29aac2719421e1a9159b2254c44?s=96&d=mm&r=g\",\"caption\":\"Cl\u00e9ment\"},\"sameAs\":[\"https:\/\/footdavant.fr\/\"]}]}<\/script>\n<!-- \/ Yoast SEO plugin. -->","yoast_head_json":{"title":"Paddy Pimblett promet d'assommer Tony Ferguson \u00e0 l'UFC 296","robots":{"index":"index","follow":"follow","max-snippet":"max-snippet:-1","max-image-preview":"max-image-preview:large","max-video-preview":"max-video-preview:-1"},"canonical":"https:\/\/footdavant.fr\/actualites\/paddy-pimblett-promet-dassommer-tony-ferguson-a-lufc-296\/","og_locale":"fr_FR","og_type":"article","og_title":"Paddy Pimblett promet d'assommer Tony Ferguson \u00e0 l'UFC 296","og_description":"\u00ab\u00a0Paddy The Baddy\u00a0\u00bb promet de mettre fin \u00e0 la carri\u00e8re de Tony Ferguson \u00e0 l&rsquo;UFC 296 Avec le pay-per-view de l&rsquo;UFC 296 presque \u00e0 nos","og_url":"https:\/\/footdavant.fr\/actualites\/paddy-pimblett-promet-dassommer-tony-ferguson-a-lufc-296\/","og_site_name":"Foot d&#039;avant","article_publisher":"https:\/\/www.facebook.com\/Footdavant\/","article_published_time":"2023-12-17T19:53:17+00:00","og_image":[{"width":696,"height":464,"url":"https:\/\/footdavant.fr\/actualites\/wp-content\/uploads\/2023\/12\/Paddy-Pimblett-promet-dassommer-Tony-Ferguson-a-lUFC-296.jpg","type":"image\/jpeg"}],"author":"Cl\u00e9ment","twitter_card":"summary_large_image","twitter_creator":"@FootdavantFr","twitter_site":"@FootdavantFr","twitter_misc":{"\u00c9crit par":"Cl\u00e9ment","Dur\u00e9e de lecture estim\u00e9e":"3 minutes"},"schema":{"@context":"https:\/\/schema.org","@graph":[{"@type":"Article","@id":"https:\/\/footdavant.fr\/actualites\/paddy-pimblett-promet-dassommer-tony-ferguson-a-lufc-296\/#article","isPartOf":{"@id":"https:\/\/footdavant.fr\/actualites\/paddy-pimblett-promet-dassommer-tony-ferguson-a-lufc-296\/"},"author":{"name":"Cl\u00e9ment","@id":"https:\/\/footdavant.fr\/actualites\/#\/schema\/person\/bc222566d95871b37e597b3ed3ba5e1d"},"headline":"Paddy Pimblett promet d&rsquo;assommer Tony Ferguson \u00e0 l&rsquo;UFC 296","datePublished":"2023-12-17T19:53:17+00:00","dateModified":"2023-12-17T19:53:17+00:00","mainEntityOfPage":{"@id":"https:\/\/footdavant.fr\/actualites\/paddy-pimblett-promet-dassommer-tony-ferguson-a-lufc-296\/"},"wordCount":526,"publisher":{"@id":"https:\/\/footdavant.fr\/actualites\/#organization"},"keywords":["dassommer","Ferguson","lUFC","Paddy","Pimblett","promet","Tony"],"articleSection":["Football"],"inLanguage":"fr-FR"},{"@type":"WebPage","@id":"https:\/\/footdavant.fr\/actualites\/paddy-pimblett-promet-dassommer-tony-ferguson-a-lufc-296\/","url":"https:\/\/footdavant.fr\/actualites\/paddy-pimblett-promet-dassommer-tony-ferguson-a-lufc-296\/","name":"Paddy Pimblett promet d'assommer Tony Ferguson \u00e0 l'UFC 296","isPartOf":{"@id":"https:\/\/footdavant.fr\/actualites\/#website"},"datePublished":"2023-12-17T19:53:17+00:00","dateModified":"2023-12-17T19:53:17+00:00","breadcrumb":{"@id":"https:\/\/footdavant.fr\/actualites\/paddy-pimblett-promet-dassommer-tony-ferguson-a-lufc-296\/#breadcrumb"},"inLanguage":"fr-FR","potentialAction":[{"@type":"ReadAction","target":["https:\/\/footdavant.fr\/actualites\/paddy-pimblett-promet-dassommer-tony-ferguson-a-lufc-296\/"]}]},{"@type":"BreadcrumbList","@id":"https:\/\/footdavant.fr\/actualites\/paddy-pimblett-promet-dassommer-tony-ferguson-a-lufc-296\/#breadcrumb","itemListElement":[{"@type":"ListItem","position":1,"name":"Accueil","item":"https:\/\/footdavant.fr\/actualites\/"},{"@type":"ListItem","position":2,"name":"Paddy Pimblett promet d&rsquo;assommer Tony Ferguson \u00e0 l&rsquo;UFC 296"}]},{"@type":"WebSite","@id":"https:\/\/footdavant.fr\/actualites\/#website","url":"https:\/\/footdavant.fr\/actualites\/","name":"Foot d'avant","description":"","publisher":{"@id":"https:\/\/footdavant.fr\/actualites\/#organization"},"potentialAction":[{"@type":"SearchAction","target":{"@type":"EntryPoint","urlTemplate":"https:\/\/footdavant.fr\/actualites\/?s={search_term_string}"},"query-input":"required name=search_term_string"}],"inLanguage":"fr-FR"},{"@type":"Organization","@id":"https:\/\/footdavant.fr\/actualites\/#organization","name":"Foot d'avant","url":"https:\/\/footdavant.fr\/actualites\/","logo":{"@type":"ImageObject","inLanguage":"fr-FR","@id":"https:\/\/footdavant.fr\/actualites\/#\/schema\/logo\/image\/","url":"https:\/\/footdavant.fr\/actualites\/wp-content\/uploads\/2023\/09\/Copy-of-FootDavant-Logo.png","contentUrl":"https:\/\/footdavant.fr\/actualites\/wp-content\/uploads\/2023\/09\/Copy-of-FootDavant-Logo.png","width":936,"height":549,"caption":"Foot d'avant"},"image":{"@id":"https:\/\/footdavant.fr\/actualites\/#\/schema\/logo\/image\/"},"sameAs":["https:\/\/www.facebook.com\/Footdavant\/","https:\/\/twitter.com\/FootdavantFr","https:\/\/www.instagram.com\/footdavant.fr\/"]},{"@type":"Person","@id":"https:\/\/footdavant.fr\/actualites\/#\/schema\/person\/bc222566d95871b37e597b3ed3ba5e1d","name":"Cl\u00e9ment","image":{"@type":"ImageObject","inLanguage":"fr-FR","@id":"https:\/\/footdavant.fr\/actualites\/#\/schema\/person\/image\/","url":"https:\/\/secure.gravatar.com\/avatar\/7728b29aac2719421e1a9159b2254c44?s=96&d=mm&r=g","contentUrl":"https:\/\/secure.gravatar.com\/avatar\/7728b29aac2719421e1a9159b2254c44?s=96&d=mm&r=g","caption":"Cl\u00e9ment"},"sameAs":["https:\/\/footdavant.fr\/"]}]}},"_links":{"self":[{"href":"https:\/\/footdavant.fr\/actualites\/wp-json\/wp\/v2\/posts\/2674"}],"collection":[{"href":"https:\/\/footdavant.fr\/actualites\/wp-json\/wp\/v2\/posts"}],"about":[{"href":"https:\/\/footdavant.fr\/actualites\/wp-json\/wp\/v2\/types\/post"}],"author":[{"embeddable":true,"href":"https:\/\/footdavant.fr\/actualites\/wp-json\/wp\/v2\/users\/1"}],"replies":[{"embeddable":true,"href":"https:\/\/footdavant.fr\/actualites\/wp-json\/wp\/v2\/comments?post=2674"}],"version-history":[{"count":1,"href":"https:\/\/footdavant.fr\/actualites\/wp-json\/wp\/v2\/posts\/2674\/revisions"}],"predecessor-version":[{"id":2676,"href":"https:\/\/footdavant.fr\/actualites\/wp-json\/wp\/v2\/posts\/2674\/revisions\/2676"}],"wp:featuredmedia":[{"embeddable":true,"href":"https:\/\/footdavant.fr\/actualites\/wp-json\/wp\/v2\/media\/2675"}],"wp:attachment":[{"href":"https:\/\/footdavant.fr\/actualites\/wp-json\/wp\/v2\/media?parent=2674"}],"wp:term":[{"taxonomy":"category","embeddable":true,"href":"https:\/\/footdavant.fr\/actualites\/wp-json\/wp\/v2\/categories?post=2674"},{"taxonomy":"post_tag","embeddable":true,"href":"https:\/\/footdavant.fr\/actualites\/wp-json\/wp\/v2\/tags?post=2674"}],"curies":[{"name":"wp","href":"https:\/\/api.w.org\/{rel}","templated":true}]}}