{"id":2683,"date":"2023-12-18T02:48:27","date_gmt":"2023-12-18T01:48:27","guid":{"rendered":"https:\/\/footdavant.fr\/actualites\/liverpool-publie-une-declaration-condamnant-totalement-les-dommages-causes-au-bus-de-lequipe-de-man-united\/"},"modified":"2023-12-18T02:48:28","modified_gmt":"2023-12-18T01:48:28","slug":"liverpool-publie-une-declaration-condamnant-totalement-les-dommages-causes-au-bus-de-lequipe-de-man-united","status":"publish","type":"post","link":"https:\/\/footdavant.fr\/actualites\/liverpool-publie-une-declaration-condamnant-totalement-les-dommages-causes-au-bus-de-lequipe-de-man-united\/","title":{"rendered":"Liverpool publie une d\u00e9claration \u00ab\u00a0condamnant totalement\u00a0\u00bb les dommages caus\u00e9s au bus de l&rsquo;\u00e9quipe de Man United &#8211;"},"content":{"rendered":"<div id=\"penci-post-entry-inner\">\n<p>\t\t\t<i class=\"penci-post-countview-number-check\" style=\"display:none\">15<\/i><\/p>\n<p><!--Article Start--><br \/>Liverpool a publi\u00e9 une d\u00e9claration condamnant les dommages caus\u00e9s au bus de l&rsquo;\u00e9quipe de Manchester United avant le coup d&rsquo;envoi des deux \u00e9quipes \u00e0 Anfield.<\/p>\n<p>Avant le match, une vid\u00e9o est apparue sur les r\u00e9seaux sociaux montrant une main tenant une bouteille en verre \u00e0 l&rsquo;ext\u00e9rieur du stade.<\/p>\n<p>Le mot \u00ab\u00a0Go\u00a0\u00bb a \u00e9t\u00e9 cri\u00e9 avant que la bouteille ne soit lanc\u00e9e sur le bus de l&rsquo;\u00e9quipe United qui transportait les joueurs de United.<\/p>\n<p>Simon Peach a rapport\u00e9 que la bouteille avait bris\u00e9 une partie d&rsquo;une fen\u00eatre du pont sup\u00e9rieur.<\/p>\n<blockquote class=\"twitter-tweet\" data-width=\"550\" data-dnt=\"true\">\n<p lang=\"en\" dir=\"ltr\">Bouteille lanc\u00e9e sur le bus United \u2013 une partie d&rsquo;une vitre bris\u00e9e sur le pont sup\u00e9rieur https:\/\/t.co\/kaEIwWTjbR<\/p>\n<p>\u2013 Simon P\u00eache (@SimonPeach) <a rel=\"nofollow\" href=\"https:\/\/twitter.com\/SimonPeach\/status\/1736412902054117552?ref_src=twsrc%5Etfw\">17 d\u00e9cembre 2023<\/a><\/p>\n<\/blockquote>\n<p>L&rsquo;affrontement United contre Liverpool s&rsquo;est sold\u00e9 par un match nul 0-0 \u2013 un gros point pour les Diables Rouges qui s&rsquo;attendaient largement \u00e0 \u00eatre au bout d&rsquo;une d\u00e9faite en raison de leur mauvaise forme jusqu&rsquo;\u00e0 pr\u00e9sent cette saison.<\/p>\n<p>L&rsquo;\u00e9quipe du Merseyside s&rsquo;est cr\u00e9\u00e9 un certain nombre d&rsquo;occasions mais n&rsquo;a r\u00e9ussi \u00e0 en faire tenir aucune.<\/p>\n<p>Les hommes d&rsquo;Erik ten Hag ont \u00e9t\u00e9 r\u00e9solus d\u00e9fensivement et ont tenu bon.<\/p>\n<p>Liverpool a abord\u00e9 ce vilain incident via une d\u00e9claration apr\u00e8s le match et a indiqu\u00e9 qu&rsquo;il prendrait des mesures contre tout supporter jug\u00e9 coupable.<\/p>\n<p>\u00ab\u00a0Le Liverpool Football Club condamne cat\u00e9goriquement les actions qui ont conduit \u00e0 des dommages caus\u00e9s au bus de l&rsquo;\u00e9quipe de Manchester United lors de son arriv\u00e9e \u00e0 Anfield cet apr\u00e8s-midi.\u00a0\u00bb<\/p>\n<p>\u00ab\u00a0Nous sommes au courant des images de l&rsquo;incident qui circulent en ligne et travaillons avec la police du Merseyside pour enqu\u00eater de mani\u00e8re approfondie et identifier les responsables.\u00a0\u00bb<\/p>\n<p>\u00ab\u00a0Tout individu reconnu coupable de ce comportement r\u00e9pr\u00e9hensible fera \u00e9galement l&rsquo;objet de toutes les sanctions du club.\u00a0\u00bb<\/p>\n<p>La BBC note que ce n&rsquo;est pas la premi\u00e8re fois qu&rsquo;un bus d&rsquo;une \u00e9quipe adverse est bombard\u00e9 par des objets sur un terrain \u00e9loign\u00e9.<\/p>\n<p>En 2018, le bus de Manchester City avait \u00e9t\u00e9 attaqu\u00e9 alors qu&rsquo;il se rendait \u00e0 Anfield pour un match de Ligue des champions contre Liverpool.  Du c\u00f4t\u00e9 de Jurgen Klopp, l\u2019incident a \u00e9t\u00e9 qualifi\u00e9 de \u00ab totalement inacceptable \u00bb.<\/p>\n<p>Liverpool a \u00e9galement \u00e9t\u00e9 soumis \u00e0 la m\u00eame chose auparavant.  En avril de cette ann\u00e9e, leur bus a \u00e9t\u00e9 attaqu\u00e9 alors qu&rsquo;il quittait le stade Etihad.<br \/><!--Article End--><\/p>\n<p><!-- AI CONTENT END 3 --><\/p><\/div>\n<p><script async src=\"https:\/\/platform.twitter.com\/widgets.js\" charset=\"utf-8\"><\/script><\/p>\n","protected":false},"excerpt":{"rendered":"<p>15 Liverpool a publi\u00e9 une d\u00e9claration condamnant les dommages caus\u00e9s au bus de l&rsquo;\u00e9quipe de Manchester United avant le coup d&rsquo;envoi des deux \u00e9quipes \u00e0<\/p>\n","protected":false},"author":1,"featured_media":2684,"comment_status":"closed","ping_status":"","sticky":false,"template":"","format":"standard","meta":{"footnotes":""},"categories":[3],"tags":[2332,2331,2328,749,2330,9,93,53,24,1107,2329,92,13],"yoast_head":"<!-- This site is optimized with the Yoast SEO plugin v21.0 - https:\/\/yoast.com\/wordpress\/plugins\/seo\/ -->\n<title>Liverpool publie une d\u00e9claration &quot;condamnant totalement&quot; les dommages caus\u00e9s au bus de l&#039;\u00e9quipe de Man United -<\/title>\n<meta name=\"robots\" content=\"index, follow, max-snippet:-1, max-image-preview:large, max-video-preview:-1\" \/>\n<link rel=\"canonical\" href=\"https:\/\/footdavant.fr\/actualites\/liverpool-publie-une-declaration-condamnant-totalement-les-dommages-causes-au-bus-de-lequipe-de-man-united\/\" \/>\n<meta property=\"og:locale\" content=\"fr_FR\" \/>\n<meta property=\"og:type\" content=\"article\" \/>\n<meta property=\"og:title\" content=\"Liverpool publie une d\u00e9claration &quot;condamnant totalement&quot; les dommages caus\u00e9s au bus de l&#039;\u00e9quipe de Man United -\" \/>\n<meta property=\"og:description\" content=\"15 Liverpool a publi\u00e9 une d\u00e9claration condamnant les dommages caus\u00e9s au bus de l&rsquo;\u00e9quipe de Manchester United avant le coup d&rsquo;envoi des deux \u00e9quipes \u00e0\" \/>\n<meta property=\"og:url\" content=\"https:\/\/footdavant.fr\/actualites\/liverpool-publie-une-declaration-condamnant-totalement-les-dommages-causes-au-bus-de-lequipe-de-man-united\/\" \/>\n<meta property=\"og:site_name\" content=\"Foot d&#039;avant\" \/>\n<meta property=\"article:publisher\" content=\"https:\/\/www.facebook.com\/Footdavant\/\" \/>\n<meta property=\"article:published_time\" content=\"2023-12-18T01:48:27+00:00\" \/>\n<meta property=\"article:modified_time\" content=\"2023-12-18T01:48:28+00:00\" \/>\n<meta property=\"og:image\" content=\"https:\/\/footdavant.fr\/actualites\/wp-content\/uploads\/2023\/12\/Liverpool-publie-une-declaration-condamnant-totalement-les-dommages-causes-au.jpg\" \/>\n\t<meta property=\"og:image:width\" content=\"1600\" \/>\n\t<meta property=\"og:image:height\" content=\"699\" \/>\n\t<meta property=\"og:image:type\" content=\"image\/jpeg\" \/>\n<meta name=\"author\" content=\"Cl\u00e9ment\" \/>\n<meta name=\"twitter:card\" content=\"summary_large_image\" \/>\n<meta name=\"twitter:creator\" content=\"@FootdavantFr\" \/>\n<meta name=\"twitter:site\" content=\"@FootdavantFr\" \/>\n<meta name=\"twitter:label1\" content=\"\u00c9crit par\" \/>\n\t<meta name=\"twitter:data1\" content=\"Cl\u00e9ment\" \/>\n\t<meta name=\"twitter:label2\" content=\"Dur\u00e9e de lecture estim\u00e9e\" \/>\n\t<meta name=\"twitter:data2\" content=\"2 minutes\" \/>\n<script type=\"application\/ld+json\" class=\"yoast-schema-graph\">{\"@context\":\"https:\/\/schema.org\",\"@graph\":[{\"@type\":\"Article\",\"@id\":\"https:\/\/footdavant.fr\/actualites\/liverpool-publie-une-declaration-condamnant-totalement-les-dommages-causes-au-bus-de-lequipe-de-man-united\/#article\",\"isPartOf\":{\"@id\":\"https:\/\/footdavant.fr\/actualites\/liverpool-publie-une-declaration-condamnant-totalement-les-dommages-causes-au-bus-de-lequipe-de-man-united\/\"},\"author\":{\"name\":\"Cl\u00e9ment\",\"@id\":\"https:\/\/footdavant.fr\/actualites\/#\/schema\/person\/bc222566d95871b37e597b3ed3ba5e1d\"},\"headline\":\"Liverpool publie une d\u00e9claration \u00ab\u00a0condamnant totalement\u00a0\u00bb les dommages caus\u00e9s au bus de l&rsquo;\u00e9quipe de Man United &#8211;\",\"datePublished\":\"2023-12-18T01:48:27+00:00\",\"dateModified\":\"2023-12-18T01:48:28+00:00\",\"mainEntityOfPage\":{\"@id\":\"https:\/\/footdavant.fr\/actualites\/liverpool-publie-une-declaration-condamnant-totalement-les-dommages-causes-au-bus-de-lequipe-de-man-united\/\"},\"wordCount\":413,\"publisher\":{\"@id\":\"https:\/\/footdavant.fr\/actualites\/#organization\"},\"keywords\":[\"bus\",\"caus\u00e9s\",\"condamnant\",\"D\u00e9claration\",\"dommages\",\"l\u00e9quipe\",\"les\",\"Liverpool\",\"Man\",\"publi\u00e9\",\"totalement\",\"une\",\"United\"],\"articleSection\":[\"Football\"],\"inLanguage\":\"fr-FR\"},{\"@type\":\"WebPage\",\"@id\":\"https:\/\/footdavant.fr\/actualites\/liverpool-publie-une-declaration-condamnant-totalement-les-dommages-causes-au-bus-de-lequipe-de-man-united\/\",\"url\":\"https:\/\/footdavant.fr\/actualites\/liverpool-publie-une-declaration-condamnant-totalement-les-dommages-causes-au-bus-de-lequipe-de-man-united\/\",\"name\":\"Liverpool publie une d\u00e9claration \\\"condamnant totalement\\\" les dommages caus\u00e9s au bus de l'\u00e9quipe de Man United -\",\"isPartOf\":{\"@id\":\"https:\/\/footdavant.fr\/actualites\/#website\"},\"datePublished\":\"2023-12-18T01:48:27+00:00\",\"dateModified\":\"2023-12-18T01:48:28+00:00\",\"breadcrumb\":{\"@id\":\"https:\/\/footdavant.fr\/actualites\/liverpool-publie-une-declaration-condamnant-totalement-les-dommages-causes-au-bus-de-lequipe-de-man-united\/#breadcrumb\"},\"inLanguage\":\"fr-FR\",\"potentialAction\":[{\"@type\":\"ReadAction\",\"target\":[\"https:\/\/footdavant.fr\/actualites\/liverpool-publie-une-declaration-condamnant-totalement-les-dommages-causes-au-bus-de-lequipe-de-man-united\/\"]}]},{\"@type\":\"BreadcrumbList\",\"@id\":\"https:\/\/footdavant.fr\/actualites\/liverpool-publie-une-declaration-condamnant-totalement-les-dommages-causes-au-bus-de-lequipe-de-man-united\/#breadcrumb\",\"itemListElement\":[{\"@type\":\"ListItem\",\"position\":1,\"name\":\"Accueil\",\"item\":\"https:\/\/footdavant.fr\/actualites\/\"},{\"@type\":\"ListItem\",\"position\":2,\"name\":\"Liverpool publie une d\u00e9claration \u00ab\u00a0condamnant totalement\u00a0\u00bb les dommages caus\u00e9s au bus de l&rsquo;\u00e9quipe de Man United &#8211;\"}]},{\"@type\":\"WebSite\",\"@id\":\"https:\/\/footdavant.fr\/actualites\/#website\",\"url\":\"https:\/\/footdavant.fr\/actualites\/\",\"name\":\"Foot d'avant\",\"description\":\"\",\"publisher\":{\"@id\":\"https:\/\/footdavant.fr\/actualites\/#organization\"},\"potentialAction\":[{\"@type\":\"SearchAction\",\"target\":{\"@type\":\"EntryPoint\",\"urlTemplate\":\"https:\/\/footdavant.fr\/actualites\/?s={search_term_string}\"},\"query-input\":\"required name=search_term_string\"}],\"inLanguage\":\"fr-FR\"},{\"@type\":\"Organization\",\"@id\":\"https:\/\/footdavant.fr\/actualites\/#organization\",\"name\":\"Foot d'avant\",\"url\":\"https:\/\/footdavant.fr\/actualites\/\",\"logo\":{\"@type\":\"ImageObject\",\"inLanguage\":\"fr-FR\",\"@id\":\"https:\/\/footdavant.fr\/actualites\/#\/schema\/logo\/image\/\",\"url\":\"https:\/\/footdavant.fr\/actualites\/wp-content\/uploads\/2023\/09\/Copy-of-FootDavant-Logo.png\",\"contentUrl\":\"https:\/\/footdavant.fr\/actualites\/wp-content\/uploads\/2023\/09\/Copy-of-FootDavant-Logo.png\",\"width\":936,\"height\":549,\"caption\":\"Foot d'avant\"},\"image\":{\"@id\":\"https:\/\/footdavant.fr\/actualites\/#\/schema\/logo\/image\/\"},\"sameAs\":[\"https:\/\/www.facebook.com\/Footdavant\/\",\"https:\/\/twitter.com\/FootdavantFr\",\"https:\/\/www.instagram.com\/footdavant.fr\/\"]},{\"@type\":\"Person\",\"@id\":\"https:\/\/footdavant.fr\/actualites\/#\/schema\/person\/bc222566d95871b37e597b3ed3ba5e1d\",\"name\":\"Cl\u00e9ment\",\"image\":{\"@type\":\"ImageObject\",\"inLanguage\":\"fr-FR\",\"@id\":\"https:\/\/footdavant.fr\/actualites\/#\/schema\/person\/image\/\",\"url\":\"https:\/\/secure.gravatar.com\/avatar\/7728b29aac2719421e1a9159b2254c44?s=96&d=mm&r=g\",\"contentUrl\":\"https:\/\/secure.gravatar.com\/avatar\/7728b29aac2719421e1a9159b2254c44?s=96&d=mm&r=g\",\"caption\":\"Cl\u00e9ment\"},\"sameAs\":[\"https:\/\/footdavant.fr\/\"]}]}<\/script>\n<!-- \/ Yoast SEO plugin. -->","yoast_head_json":{"title":"Liverpool publie une d\u00e9claration \"condamnant totalement\" les dommages caus\u00e9s au bus de l'\u00e9quipe de Man United -","robots":{"index":"index","follow":"follow","max-snippet":"max-snippet:-1","max-image-preview":"max-image-preview:large","max-video-preview":"max-video-preview:-1"},"canonical":"https:\/\/footdavant.fr\/actualites\/liverpool-publie-une-declaration-condamnant-totalement-les-dommages-causes-au-bus-de-lequipe-de-man-united\/","og_locale":"fr_FR","og_type":"article","og_title":"Liverpool publie une d\u00e9claration \"condamnant totalement\" les dommages caus\u00e9s au bus de l'\u00e9quipe de Man United -","og_description":"15 Liverpool a publi\u00e9 une d\u00e9claration condamnant les dommages caus\u00e9s au bus de l&rsquo;\u00e9quipe de Manchester United avant le coup d&rsquo;envoi des deux \u00e9quipes \u00e0","og_url":"https:\/\/footdavant.fr\/actualites\/liverpool-publie-une-declaration-condamnant-totalement-les-dommages-causes-au-bus-de-lequipe-de-man-united\/","og_site_name":"Foot d&#039;avant","article_publisher":"https:\/\/www.facebook.com\/Footdavant\/","article_published_time":"2023-12-18T01:48:27+00:00","article_modified_time":"2023-12-18T01:48:28+00:00","og_image":[{"width":1600,"height":699,"url":"https:\/\/footdavant.fr\/actualites\/wp-content\/uploads\/2023\/12\/Liverpool-publie-une-declaration-condamnant-totalement-les-dommages-causes-au.jpg","type":"image\/jpeg"}],"author":"Cl\u00e9ment","twitter_card":"summary_large_image","twitter_creator":"@FootdavantFr","twitter_site":"@FootdavantFr","twitter_misc":{"\u00c9crit par":"Cl\u00e9ment","Dur\u00e9e de lecture estim\u00e9e":"2 minutes"},"schema":{"@context":"https:\/\/schema.org","@graph":[{"@type":"Article","@id":"https:\/\/footdavant.fr\/actualites\/liverpool-publie-une-declaration-condamnant-totalement-les-dommages-causes-au-bus-de-lequipe-de-man-united\/#article","isPartOf":{"@id":"https:\/\/footdavant.fr\/actualites\/liverpool-publie-une-declaration-condamnant-totalement-les-dommages-causes-au-bus-de-lequipe-de-man-united\/"},"author":{"name":"Cl\u00e9ment","@id":"https:\/\/footdavant.fr\/actualites\/#\/schema\/person\/bc222566d95871b37e597b3ed3ba5e1d"},"headline":"Liverpool publie une d\u00e9claration \u00ab\u00a0condamnant totalement\u00a0\u00bb les dommages caus\u00e9s au bus de l&rsquo;\u00e9quipe de Man United &#8211;","datePublished":"2023-12-18T01:48:27+00:00","dateModified":"2023-12-18T01:48:28+00:00","mainEntityOfPage":{"@id":"https:\/\/footdavant.fr\/actualites\/liverpool-publie-une-declaration-condamnant-totalement-les-dommages-causes-au-bus-de-lequipe-de-man-united\/"},"wordCount":413,"publisher":{"@id":"https:\/\/footdavant.fr\/actualites\/#organization"},"keywords":["bus","caus\u00e9s","condamnant","D\u00e9claration","dommages","l\u00e9quipe","les","Liverpool","Man","publi\u00e9","totalement","une","United"],"articleSection":["Football"],"inLanguage":"fr-FR"},{"@type":"WebPage","@id":"https:\/\/footdavant.fr\/actualites\/liverpool-publie-une-declaration-condamnant-totalement-les-dommages-causes-au-bus-de-lequipe-de-man-united\/","url":"https:\/\/footdavant.fr\/actualites\/liverpool-publie-une-declaration-condamnant-totalement-les-dommages-causes-au-bus-de-lequipe-de-man-united\/","name":"Liverpool publie une d\u00e9claration \"condamnant totalement\" les dommages caus\u00e9s au bus de l'\u00e9quipe de Man United -","isPartOf":{"@id":"https:\/\/footdavant.fr\/actualites\/#website"},"datePublished":"2023-12-18T01:48:27+00:00","dateModified":"2023-12-18T01:48:28+00:00","breadcrumb":{"@id":"https:\/\/footdavant.fr\/actualites\/liverpool-publie-une-declaration-condamnant-totalement-les-dommages-causes-au-bus-de-lequipe-de-man-united\/#breadcrumb"},"inLanguage":"fr-FR","potentialAction":[{"@type":"ReadAction","target":["https:\/\/footdavant.fr\/actualites\/liverpool-publie-une-declaration-condamnant-totalement-les-dommages-causes-au-bus-de-lequipe-de-man-united\/"]}]},{"@type":"BreadcrumbList","@id":"https:\/\/footdavant.fr\/actualites\/liverpool-publie-une-declaration-condamnant-totalement-les-dommages-causes-au-bus-de-lequipe-de-man-united\/#breadcrumb","itemListElement":[{"@type":"ListItem","position":1,"name":"Accueil","item":"https:\/\/footdavant.fr\/actualites\/"},{"@type":"ListItem","position":2,"name":"Liverpool publie une d\u00e9claration \u00ab\u00a0condamnant totalement\u00a0\u00bb les dommages caus\u00e9s au bus de l&rsquo;\u00e9quipe de Man United &#8211;"}]},{"@type":"WebSite","@id":"https:\/\/footdavant.fr\/actualites\/#website","url":"https:\/\/footdavant.fr\/actualites\/","name":"Foot d'avant","description":"","publisher":{"@id":"https:\/\/footdavant.fr\/actualites\/#organization"},"potentialAction":[{"@type":"SearchAction","target":{"@type":"EntryPoint","urlTemplate":"https:\/\/footdavant.fr\/actualites\/?s={search_term_string}"},"query-input":"required name=search_term_string"}],"inLanguage":"fr-FR"},{"@type":"Organization","@id":"https:\/\/footdavant.fr\/actualites\/#organization","name":"Foot d'avant","url":"https:\/\/footdavant.fr\/actualites\/","logo":{"@type":"ImageObject","inLanguage":"fr-FR","@id":"https:\/\/footdavant.fr\/actualites\/#\/schema\/logo\/image\/","url":"https:\/\/footdavant.fr\/actualites\/wp-content\/uploads\/2023\/09\/Copy-of-FootDavant-Logo.png","contentUrl":"https:\/\/footdavant.fr\/actualites\/wp-content\/uploads\/2023\/09\/Copy-of-FootDavant-Logo.png","width":936,"height":549,"caption":"Foot d'avant"},"image":{"@id":"https:\/\/footdavant.fr\/actualites\/#\/schema\/logo\/image\/"},"sameAs":["https:\/\/www.facebook.com\/Footdavant\/","https:\/\/twitter.com\/FootdavantFr","https:\/\/www.instagram.com\/footdavant.fr\/"]},{"@type":"Person","@id":"https:\/\/footdavant.fr\/actualites\/#\/schema\/person\/bc222566d95871b37e597b3ed3ba5e1d","name":"Cl\u00e9ment","image":{"@type":"ImageObject","inLanguage":"fr-FR","@id":"https:\/\/footdavant.fr\/actualites\/#\/schema\/person\/image\/","url":"https:\/\/secure.gravatar.com\/avatar\/7728b29aac2719421e1a9159b2254c44?s=96&d=mm&r=g","contentUrl":"https:\/\/secure.gravatar.com\/avatar\/7728b29aac2719421e1a9159b2254c44?s=96&d=mm&r=g","caption":"Cl\u00e9ment"},"sameAs":["https:\/\/footdavant.fr\/"]}]}},"_links":{"self":[{"href":"https:\/\/footdavant.fr\/actualites\/wp-json\/wp\/v2\/posts\/2683"}],"collection":[{"href":"https:\/\/footdavant.fr\/actualites\/wp-json\/wp\/v2\/posts"}],"about":[{"href":"https:\/\/footdavant.fr\/actualites\/wp-json\/wp\/v2\/types\/post"}],"author":[{"embeddable":true,"href":"https:\/\/footdavant.fr\/actualites\/wp-json\/wp\/v2\/users\/1"}],"replies":[{"embeddable":true,"href":"https:\/\/footdavant.fr\/actualites\/wp-json\/wp\/v2\/comments?post=2683"}],"version-history":[{"count":1,"href":"https:\/\/footdavant.fr\/actualites\/wp-json\/wp\/v2\/posts\/2683\/revisions"}],"predecessor-version":[{"id":2685,"href":"https:\/\/footdavant.fr\/actualites\/wp-json\/wp\/v2\/posts\/2683\/revisions\/2685"}],"wp:featuredmedia":[{"embeddable":true,"href":"https:\/\/footdavant.fr\/actualites\/wp-json\/wp\/v2\/media\/2684"}],"wp:attachment":[{"href":"https:\/\/footdavant.fr\/actualites\/wp-json\/wp\/v2\/media?parent=2683"}],"wp:term":[{"taxonomy":"category","embeddable":true,"href":"https:\/\/footdavant.fr\/actualites\/wp-json\/wp\/v2\/categories?post=2683"},{"taxonomy":"post_tag","embeddable":true,"href":"https:\/\/footdavant.fr\/actualites\/wp-json\/wp\/v2\/tags?post=2683"}],"curies":[{"name":"wp","href":"https:\/\/api.w.org\/{rel}","templated":true}]}}