{"id":26836,"date":"2025-08-01T07:48:01","date_gmt":"2025-08-01T05:48:01","guid":{"rendered":"https:\/\/footdavant.fr\/actualites\/luis-diaz-et-darwin-nunez-se-transferent-au-debut-de-la-machine-a-sous-arne-omet-liverpool-duo-de-lac-milan-pre-season-alimink\/"},"modified":"2025-08-01T07:48:02","modified_gmt":"2025-08-01T05:48:02","slug":"luis-diaz-et-darwin-nunez-se-transferent-au-debut-de-la-machine-a-sous-arne-omet-liverpool-duo-de-lac-milan-pre-season-alimink","status":"publish","type":"post","link":"https:\/\/footdavant.fr\/actualites\/luis-diaz-et-darwin-nunez-se-transferent-au-debut-de-la-machine-a-sous-arne-omet-liverpool-duo-de-lac-milan-pre-season-alimink\/","title":{"rendered":"Luis Diaz et Darwin Nunez se transf\u00e8rent au d\u00e9but de la machine \u00e0 sous Arne omet Liverpool Duo de l&#39;AC Milan Pre-Season Alimink"},"content":{"rendered":"<p>L&#39;entra\u00eeneur-chef de Liverpool, Arne Slot, quitte Luis Diaz et Darwin Nunez de son \u00e9quipe pour le ami de pr\u00e9-saison des Reds avec l&#39;AC Milan, alors que Sports Mole donne les derniers d\u00e9veloppements rumeur sur leur avenir.<\/p>\n<div id=\"article_body\" itemprop=\"articleBody\">\n<h3 class=\"firstPara\"><\/h3>\n<p><strong class=\"autotag\">Duo attaquant de Liverpool <strong class=\"autotag\">Luis Diaz et <strong class=\"autotag\">Darwin Nunez a tous deux \u00e9t\u00e9 exclus de l&#39;\u00e9quipe des Reds pour leur match de tourn\u00e9e de pr\u00e9-saison avec l&#39;AC Milan samedi, alimentant davantage les sp\u00e9culations entourant leur avenir.<\/p>\n<p>Les deux Sud-Am\u00e9ricains seraient \u00e0 la recherche de nouveaux terrains de pi\u00e9tinement cet \u00e9t\u00e9, mais ils ont n\u00e9anmoins \u00e9t\u00e9 convoqu\u00e9s par <strong class=\"autotag\">Arne Slot pour la Jaunt de Liverpool en Asie.<\/p>\n<p>Nunez a connu un d\u00e9but de plus particuli\u00e8rement productif de l&#39;\u00e9t\u00e9, en remplissant la victoire 3-1 de son \u00e9quipe sur Preston North End avant de marquer un tripl\u00e9 au premier semestre dans une victoire en derri\u00e8re sur Stoke City.<\/p>\n<p>Pendant ce temps, Diaz n&#39;a pas repr\u00e9sent\u00e9 les Reds depuis la fin de la saison 2024-25, et il y a toutes les chances que l&#39;ex-porto ait jou\u00e9 pour les champions de Premier League pour la derni\u00e8re fois.<\/p>\n<p>Ni Diaz ni Nunez n&#39;ont \u00e9t\u00e9 inclus dans l&#39;\u00e9quipe de match de Slot pour l&#39;\u00e9preuve de force avec Milan \u00e0 Hong Kong, o\u00f9 le N\u00e9erlandais est all\u00e9 sans un attaquant reconnu dans sa programmation de d\u00e9part.<\/p>\n<h2>Diaz, Nunez a omis de Liverpool Squad pour affronter Milan au milieu de la sortie de sortie<\/h2>\n<p class=\"imgI\">\n<p>Slot a s\u00e9lectionn\u00e9 116 millions de livres sterling de Florian Wirtz pour fonctionner comme son point focal, tandis que Mohamed Salah, Harvey Elliott et son adolescente talentueuse Rio Ngumoha ont form\u00e9 son casting de soutien.<\/p>\n<p>Cody Gakpo et Ben Doak ont repr\u00e9sent\u00e9 les options d&#39;attaque des Reds sur le banc, et les absences de Diaz et Nunez sugg\u00e8rent en outre que les deux hommes pourraient bient\u00f4t sortir d&#39;Anfield.<\/p>\n<p>Nouvelle arriv\u00e9e <strong class=\"autotag\">Hugo Ekitike n&#39;\u00e9tait pas non plus impliqu\u00e9, mais l&#39;attaquant fran\u00e7ais a rejoint ses nouveaux co\u00e9quipiers en Asie et pourrait potentiellement faire ses d\u00e9buts contre Yokohama F. Marinos mercredi prochain.<\/p>\n<p>Pendant ce temps, les gourous du transfert de Liverpool pr\u00e9voient d&#39;aborder Newcastle United \u00e0 une offre de record britannique pour <strong class=\"autotag\">Alexander Isak, qui aurait communiqu\u00e9 son d\u00e9sir de quitter le parc de St James cet \u00e9t\u00e9.<\/p>\n<h2>Liverpool Transfer News: The Derni\u00e8res sur Diaz et Nunez&#39;s Futures<\/h2>\n<p class=\"imgI\"><img decoding=\"async\" alt=\"Darwin Nunez de l&#39;Uruguay en action le 19 novembre 2024\" class=\"vanilla-lazyload article-image\" src=\"https:\/\/footdavant.fr\/actualites\/wp-content\/uploads\/2025\/07\/Darwin-Nunez-Future-Derge.jpg\"><\/p>\n<p>Bien que l&#39;argent ne soit pas un probl\u00e8me \u00e0 Anfield cet \u00e9t\u00e9, les pouvoirs de Liverpool &#8211; qui seraient sans aucun doute reconnaissants pour une double injection en esp\u00e8ces gr\u00e2ce aux ventes de Diaz et Nunez pour aider \u00e0 financer une offre d&#39;Isak.<\/p>\n<p><strong class=\"autotag\">Le Bayern Munich serait les principaux pr\u00e9tendants aux premiers, qui \u00e9taient jusqu&#39;ici lourdement li\u00e9s \u00e0 un d\u00e9m\u00e9nagement \u00e0 Barcelone avant que les champions en titre de la Liga ne signe Marcus Rashford en pr\u00eat de Manchester United.<\/p>\n<p>Le Bayern aurait \u00e9chou\u00e9 avec une premi\u00e8re approche pour l&#39;international colombien, mais ils auraient d\u00e9j\u00e0 pr\u00e9sent\u00e9 une nouvelle offre de 58,6 millions de livres sterling et pourraient m\u00eame aller jusqu&#39;\u00e0 69 millions de livres sterling.<\/p>\n<p>Pendant ce temps, la Saudi Pro League semble \u00eatre la seule destination viable pour Nunez, alors que les champions de Serie A Napoli ont retir\u00e9 leur int\u00e9r\u00eat pour l&#39;International Uruguay en raison du co\u00fbt d&#39;un accord.<\/p>\n<p>Deux clubs saoudiens ont apparemment montr\u00e9 un int\u00e9r\u00eat \u00e0 signer Nunez, qui a \u00e9t\u00e9 emp\u00each\u00e9 de d\u00e9m\u00e9nager en janvier mais qui sera d\u00e9sormais autoris\u00e9 \u00e0 partir au bon prix.<\/p>\n<div class=\"author_box\">\n<div class=\"author_box_banner\"> <img decoding=\"async\" class=\"author_img\" src=\"https:\/\/footdavant.fr\/actualites\/wp-content\/uploads\/2025\/06\/1749127685_316_Equipe-de-la-Ligue-des-champions-du-tournoi-Lamine-Yamal.jpg\"><\/div>\n<\/div>\n<\/div>\n","protected":false},"excerpt":{"rendered":"<p>L&#39;entra\u00eeneur-chef de Liverpool, Arne Slot, quitte Luis Diaz et Darwin Nunez de son \u00e9quipe pour le ami de pr\u00e9-saison des Reds avec l&#39;AC Milan, alors<\/p>\n","protected":false},"author":1,"featured_media":26837,"comment_status":"closed","ping_status":"","sticky":false,"template":"","format":"standard","meta":{"footnotes":""},"categories":[5],"tags":[10088,4757,3951,481,241,469,4416,53,240,5115,250,2447,3960,10087,1301,8704],"yoast_head":"<!-- This site is optimized with the Yoast SEO plugin v21.0 - https:\/\/yoast.com\/wordpress\/plugins\/seo\/ -->\n<title>Luis Diaz et Darwin Nunez se transf\u00e8rent au d\u00e9but de la machine \u00e0 sous Arne omet Liverpool Duo de l&#039;AC Milan Pre-Season Alimink<\/title>\n<meta name=\"robots\" content=\"index, follow, max-snippet:-1, max-image-preview:large, max-video-preview:-1\" \/>\n<link rel=\"canonical\" href=\"https:\/\/footdavant.fr\/actualites\/luis-diaz-et-darwin-nunez-se-transferent-au-debut-de-la-machine-a-sous-arne-omet-liverpool-duo-de-lac-milan-pre-season-alimink\/\" \/>\n<meta property=\"og:locale\" content=\"fr_FR\" \/>\n<meta property=\"og:type\" content=\"article\" \/>\n<meta property=\"og:title\" content=\"Luis Diaz et Darwin Nunez se transf\u00e8rent au d\u00e9but de la machine \u00e0 sous Arne omet Liverpool Duo de l&#039;AC Milan Pre-Season Alimink\" \/>\n<meta property=\"og:description\" content=\"L&#039;entra\u00eeneur-chef de Liverpool, Arne Slot, quitte Luis Diaz et Darwin Nunez de son \u00e9quipe pour le ami de pr\u00e9-saison des Reds avec l&#039;AC Milan, alors\" \/>\n<meta property=\"og:url\" content=\"https:\/\/footdavant.fr\/actualites\/luis-diaz-et-darwin-nunez-se-transferent-au-debut-de-la-machine-a-sous-arne-omet-liverpool-duo-de-lac-milan-pre-season-alimink\/\" \/>\n<meta property=\"og:site_name\" content=\"Foot d&#039;avant\" \/>\n<meta property=\"article:publisher\" content=\"https:\/\/www.facebook.com\/Footdavant\/\" \/>\n<meta property=\"article:published_time\" content=\"2025-08-01T05:48:01+00:00\" \/>\n<meta property=\"article:modified_time\" content=\"2025-08-01T05:48:02+00:00\" \/>\n<meta property=\"og:image\" content=\"https:\/\/footdavant.fr\/actualites\/wp-content\/uploads\/2025\/07\/Liverpool-2-4-AC-Milan-Arne-Slot-explique-Luis-Diaz-Darwin.webp\" \/>\n\t<meta property=\"og:image:width\" content=\"640\" \/>\n\t<meta property=\"og:image:height\" content=\"480\" \/>\n\t<meta property=\"og:image:type\" content=\"image\/jpeg\" \/>\n<meta name=\"author\" content=\"Cl\u00e9ment\" \/>\n<meta name=\"twitter:card\" content=\"summary_large_image\" \/>\n<meta name=\"twitter:creator\" content=\"@FootdavantFr\" \/>\n<meta name=\"twitter:site\" content=\"@FootdavantFr\" \/>\n<meta name=\"twitter:label1\" content=\"\u00c9crit par\" \/>\n\t<meta name=\"twitter:data1\" content=\"Cl\u00e9ment\" \/>\n\t<meta name=\"twitter:label2\" content=\"Dur\u00e9e de lecture estim\u00e9e\" \/>\n\t<meta name=\"twitter:data2\" content=\"3 minutes\" \/>\n<script type=\"application\/ld+json\" class=\"yoast-schema-graph\">{\"@context\":\"https:\/\/schema.org\",\"@graph\":[{\"@type\":\"Article\",\"@id\":\"https:\/\/footdavant.fr\/actualites\/luis-diaz-et-darwin-nunez-se-transferent-au-debut-de-la-machine-a-sous-arne-omet-liverpool-duo-de-lac-milan-pre-season-alimink\/#article\",\"isPartOf\":{\"@id\":\"https:\/\/footdavant.fr\/actualites\/luis-diaz-et-darwin-nunez-se-transferent-au-debut-de-la-machine-a-sous-arne-omet-liverpool-duo-de-lac-milan-pre-season-alimink\/\"},\"author\":{\"name\":\"Cl\u00e9ment\",\"@id\":\"https:\/\/footdavant.fr\/actualites\/#\/schema\/person\/bc222566d95871b37e597b3ed3ba5e1d\"},\"headline\":\"Luis Diaz et Darwin Nunez se transf\u00e8rent au d\u00e9but de la machine \u00e0 sous Arne omet Liverpool Duo de l&#39;AC Milan Pre-Season Alimink\",\"datePublished\":\"2025-08-01T05:48:01+00:00\",\"dateModified\":\"2025-08-01T05:48:02+00:00\",\"mainEntityOfPage\":{\"@id\":\"https:\/\/footdavant.fr\/actualites\/luis-diaz-et-darwin-nunez-se-transferent-au-debut-de-la-machine-a-sous-arne-omet-liverpool-duo-de-lac-milan-pre-season-alimink\/\"},\"wordCount\":640,\"publisher\":{\"@id\":\"https:\/\/footdavant.fr\/actualites\/#organization\"},\"keywords\":[\"Alimink\",\"Arne\",\"Darwin\",\"d\u00e9but\",\"Diaz\",\"duo\",\"L39AC\",\"Liverpool\",\"Luis\",\"machine\",\"Milan\",\"Nunez\",\"omet\",\"PreSeason\",\"sous\",\"transf\u00e8rent\"],\"articleSection\":[\"Premier League\"],\"inLanguage\":\"fr-FR\"},{\"@type\":\"WebPage\",\"@id\":\"https:\/\/footdavant.fr\/actualites\/luis-diaz-et-darwin-nunez-se-transferent-au-debut-de-la-machine-a-sous-arne-omet-liverpool-duo-de-lac-milan-pre-season-alimink\/\",\"url\":\"https:\/\/footdavant.fr\/actualites\/luis-diaz-et-darwin-nunez-se-transferent-au-debut-de-la-machine-a-sous-arne-omet-liverpool-duo-de-lac-milan-pre-season-alimink\/\",\"name\":\"Luis Diaz et Darwin Nunez se transf\u00e8rent au d\u00e9but de la machine \u00e0 sous Arne omet Liverpool Duo de l&#39;AC Milan Pre-Season Alimink\",\"isPartOf\":{\"@id\":\"https:\/\/footdavant.fr\/actualites\/#website\"},\"datePublished\":\"2025-08-01T05:48:01+00:00\",\"dateModified\":\"2025-08-01T05:48:02+00:00\",\"breadcrumb\":{\"@id\":\"https:\/\/footdavant.fr\/actualites\/luis-diaz-et-darwin-nunez-se-transferent-au-debut-de-la-machine-a-sous-arne-omet-liverpool-duo-de-lac-milan-pre-season-alimink\/#breadcrumb\"},\"inLanguage\":\"fr-FR\",\"potentialAction\":[{\"@type\":\"ReadAction\",\"target\":[\"https:\/\/footdavant.fr\/actualites\/luis-diaz-et-darwin-nunez-se-transferent-au-debut-de-la-machine-a-sous-arne-omet-liverpool-duo-de-lac-milan-pre-season-alimink\/\"]}]},{\"@type\":\"BreadcrumbList\",\"@id\":\"https:\/\/footdavant.fr\/actualites\/luis-diaz-et-darwin-nunez-se-transferent-au-debut-de-la-machine-a-sous-arne-omet-liverpool-duo-de-lac-milan-pre-season-alimink\/#breadcrumb\",\"itemListElement\":[{\"@type\":\"ListItem\",\"position\":1,\"name\":\"Accueil\",\"item\":\"https:\/\/footdavant.fr\/actualites\/\"},{\"@type\":\"ListItem\",\"position\":2,\"name\":\"Luis Diaz et Darwin Nunez se transf\u00e8rent au d\u00e9but de la machine \u00e0 sous Arne omet Liverpool Duo de l&#39;AC Milan Pre-Season Alimink\"}]},{\"@type\":\"WebSite\",\"@id\":\"https:\/\/footdavant.fr\/actualites\/#website\",\"url\":\"https:\/\/footdavant.fr\/actualites\/\",\"name\":\"Foot d'avant\",\"description\":\"\",\"publisher\":{\"@id\":\"https:\/\/footdavant.fr\/actualites\/#organization\"},\"potentialAction\":[{\"@type\":\"SearchAction\",\"target\":{\"@type\":\"EntryPoint\",\"urlTemplate\":\"https:\/\/footdavant.fr\/actualites\/?s={search_term_string}\"},\"query-input\":\"required name=search_term_string\"}],\"inLanguage\":\"fr-FR\"},{\"@type\":\"Organization\",\"@id\":\"https:\/\/footdavant.fr\/actualites\/#organization\",\"name\":\"Foot d'avant\",\"url\":\"https:\/\/footdavant.fr\/actualites\/\",\"logo\":{\"@type\":\"ImageObject\",\"inLanguage\":\"fr-FR\",\"@id\":\"https:\/\/footdavant.fr\/actualites\/#\/schema\/logo\/image\/\",\"url\":\"https:\/\/footdavant.fr\/actualites\/wp-content\/uploads\/2023\/09\/Copy-of-FootDavant-Logo.png\",\"contentUrl\":\"https:\/\/footdavant.fr\/actualites\/wp-content\/uploads\/2023\/09\/Copy-of-FootDavant-Logo.png\",\"width\":936,\"height\":549,\"caption\":\"Foot d'avant\"},\"image\":{\"@id\":\"https:\/\/footdavant.fr\/actualites\/#\/schema\/logo\/image\/\"},\"sameAs\":[\"https:\/\/www.facebook.com\/Footdavant\/\",\"https:\/\/twitter.com\/FootdavantFr\",\"https:\/\/www.instagram.com\/footdavant.fr\/\"]},{\"@type\":\"Person\",\"@id\":\"https:\/\/footdavant.fr\/actualites\/#\/schema\/person\/bc222566d95871b37e597b3ed3ba5e1d\",\"name\":\"Cl\u00e9ment\",\"image\":{\"@type\":\"ImageObject\",\"inLanguage\":\"fr-FR\",\"@id\":\"https:\/\/footdavant.fr\/actualites\/#\/schema\/person\/image\/\",\"url\":\"https:\/\/secure.gravatar.com\/avatar\/7728b29aac2719421e1a9159b2254c44?s=96&d=mm&r=g\",\"contentUrl\":\"https:\/\/secure.gravatar.com\/avatar\/7728b29aac2719421e1a9159b2254c44?s=96&d=mm&r=g\",\"caption\":\"Cl\u00e9ment\"},\"sameAs\":[\"https:\/\/footdavant.fr\/\"]}]}<\/script>\n<!-- \/ Yoast SEO plugin. -->","yoast_head_json":{"title":"Luis Diaz et Darwin Nunez se transf\u00e8rent au d\u00e9but de la machine \u00e0 sous Arne omet Liverpool Duo de l&#39;AC Milan Pre-Season Alimink","robots":{"index":"index","follow":"follow","max-snippet":"max-snippet:-1","max-image-preview":"max-image-preview:large","max-video-preview":"max-video-preview:-1"},"canonical":"https:\/\/footdavant.fr\/actualites\/luis-diaz-et-darwin-nunez-se-transferent-au-debut-de-la-machine-a-sous-arne-omet-liverpool-duo-de-lac-milan-pre-season-alimink\/","og_locale":"fr_FR","og_type":"article","og_title":"Luis Diaz et Darwin Nunez se transf\u00e8rent au d\u00e9but de la machine \u00e0 sous Arne omet Liverpool Duo de l&#39;AC Milan Pre-Season Alimink","og_description":"L&#39;entra\u00eeneur-chef de Liverpool, Arne Slot, quitte Luis Diaz et Darwin Nunez de son \u00e9quipe pour le ami de pr\u00e9-saison des Reds avec l&#39;AC Milan, alors","og_url":"https:\/\/footdavant.fr\/actualites\/luis-diaz-et-darwin-nunez-se-transferent-au-debut-de-la-machine-a-sous-arne-omet-liverpool-duo-de-lac-milan-pre-season-alimink\/","og_site_name":"Foot d&#039;avant","article_publisher":"https:\/\/www.facebook.com\/Footdavant\/","article_published_time":"2025-08-01T05:48:01+00:00","article_modified_time":"2025-08-01T05:48:02+00:00","og_image":[{"width":640,"height":480,"url":"https:\/\/footdavant.fr\/actualites\/wp-content\/uploads\/2025\/07\/Liverpool-2-4-AC-Milan-Arne-Slot-explique-Luis-Diaz-Darwin.webp","type":"image\/jpeg"}],"author":"Cl\u00e9ment","twitter_card":"summary_large_image","twitter_creator":"@FootdavantFr","twitter_site":"@FootdavantFr","twitter_misc":{"\u00c9crit par":"Cl\u00e9ment","Dur\u00e9e de lecture estim\u00e9e":"3 minutes"},"schema":{"@context":"https:\/\/schema.org","@graph":[{"@type":"Article","@id":"https:\/\/footdavant.fr\/actualites\/luis-diaz-et-darwin-nunez-se-transferent-au-debut-de-la-machine-a-sous-arne-omet-liverpool-duo-de-lac-milan-pre-season-alimink\/#article","isPartOf":{"@id":"https:\/\/footdavant.fr\/actualites\/luis-diaz-et-darwin-nunez-se-transferent-au-debut-de-la-machine-a-sous-arne-omet-liverpool-duo-de-lac-milan-pre-season-alimink\/"},"author":{"name":"Cl\u00e9ment","@id":"https:\/\/footdavant.fr\/actualites\/#\/schema\/person\/bc222566d95871b37e597b3ed3ba5e1d"},"headline":"Luis Diaz et Darwin Nunez se transf\u00e8rent au d\u00e9but de la machine \u00e0 sous Arne omet Liverpool Duo de l&#39;AC Milan Pre-Season Alimink","datePublished":"2025-08-01T05:48:01+00:00","dateModified":"2025-08-01T05:48:02+00:00","mainEntityOfPage":{"@id":"https:\/\/footdavant.fr\/actualites\/luis-diaz-et-darwin-nunez-se-transferent-au-debut-de-la-machine-a-sous-arne-omet-liverpool-duo-de-lac-milan-pre-season-alimink\/"},"wordCount":640,"publisher":{"@id":"https:\/\/footdavant.fr\/actualites\/#organization"},"keywords":["Alimink","Arne","Darwin","d\u00e9but","Diaz","duo","L39AC","Liverpool","Luis","machine","Milan","Nunez","omet","PreSeason","sous","transf\u00e8rent"],"articleSection":["Premier League"],"inLanguage":"fr-FR"},{"@type":"WebPage","@id":"https:\/\/footdavant.fr\/actualites\/luis-diaz-et-darwin-nunez-se-transferent-au-debut-de-la-machine-a-sous-arne-omet-liverpool-duo-de-lac-milan-pre-season-alimink\/","url":"https:\/\/footdavant.fr\/actualites\/luis-diaz-et-darwin-nunez-se-transferent-au-debut-de-la-machine-a-sous-arne-omet-liverpool-duo-de-lac-milan-pre-season-alimink\/","name":"Luis Diaz et Darwin Nunez se transf\u00e8rent au d\u00e9but de la machine \u00e0 sous Arne omet Liverpool Duo de l&#39;AC Milan Pre-Season Alimink","isPartOf":{"@id":"https:\/\/footdavant.fr\/actualites\/#website"},"datePublished":"2025-08-01T05:48:01+00:00","dateModified":"2025-08-01T05:48:02+00:00","breadcrumb":{"@id":"https:\/\/footdavant.fr\/actualites\/luis-diaz-et-darwin-nunez-se-transferent-au-debut-de-la-machine-a-sous-arne-omet-liverpool-duo-de-lac-milan-pre-season-alimink\/#breadcrumb"},"inLanguage":"fr-FR","potentialAction":[{"@type":"ReadAction","target":["https:\/\/footdavant.fr\/actualites\/luis-diaz-et-darwin-nunez-se-transferent-au-debut-de-la-machine-a-sous-arne-omet-liverpool-duo-de-lac-milan-pre-season-alimink\/"]}]},{"@type":"BreadcrumbList","@id":"https:\/\/footdavant.fr\/actualites\/luis-diaz-et-darwin-nunez-se-transferent-au-debut-de-la-machine-a-sous-arne-omet-liverpool-duo-de-lac-milan-pre-season-alimink\/#breadcrumb","itemListElement":[{"@type":"ListItem","position":1,"name":"Accueil","item":"https:\/\/footdavant.fr\/actualites\/"},{"@type":"ListItem","position":2,"name":"Luis Diaz et Darwin Nunez se transf\u00e8rent au d\u00e9but de la machine \u00e0 sous Arne omet Liverpool Duo de l&#39;AC Milan Pre-Season Alimink"}]},{"@type":"WebSite","@id":"https:\/\/footdavant.fr\/actualites\/#website","url":"https:\/\/footdavant.fr\/actualites\/","name":"Foot d'avant","description":"","publisher":{"@id":"https:\/\/footdavant.fr\/actualites\/#organization"},"potentialAction":[{"@type":"SearchAction","target":{"@type":"EntryPoint","urlTemplate":"https:\/\/footdavant.fr\/actualites\/?s={search_term_string}"},"query-input":"required name=search_term_string"}],"inLanguage":"fr-FR"},{"@type":"Organization","@id":"https:\/\/footdavant.fr\/actualites\/#organization","name":"Foot d'avant","url":"https:\/\/footdavant.fr\/actualites\/","logo":{"@type":"ImageObject","inLanguage":"fr-FR","@id":"https:\/\/footdavant.fr\/actualites\/#\/schema\/logo\/image\/","url":"https:\/\/footdavant.fr\/actualites\/wp-content\/uploads\/2023\/09\/Copy-of-FootDavant-Logo.png","contentUrl":"https:\/\/footdavant.fr\/actualites\/wp-content\/uploads\/2023\/09\/Copy-of-FootDavant-Logo.png","width":936,"height":549,"caption":"Foot d'avant"},"image":{"@id":"https:\/\/footdavant.fr\/actualites\/#\/schema\/logo\/image\/"},"sameAs":["https:\/\/www.facebook.com\/Footdavant\/","https:\/\/twitter.com\/FootdavantFr","https:\/\/www.instagram.com\/footdavant.fr\/"]},{"@type":"Person","@id":"https:\/\/footdavant.fr\/actualites\/#\/schema\/person\/bc222566d95871b37e597b3ed3ba5e1d","name":"Cl\u00e9ment","image":{"@type":"ImageObject","inLanguage":"fr-FR","@id":"https:\/\/footdavant.fr\/actualites\/#\/schema\/person\/image\/","url":"https:\/\/secure.gravatar.com\/avatar\/7728b29aac2719421e1a9159b2254c44?s=96&d=mm&r=g","contentUrl":"https:\/\/secure.gravatar.com\/avatar\/7728b29aac2719421e1a9159b2254c44?s=96&d=mm&r=g","caption":"Cl\u00e9ment"},"sameAs":["https:\/\/footdavant.fr\/"]}]}},"_links":{"self":[{"href":"https:\/\/footdavant.fr\/actualites\/wp-json\/wp\/v2\/posts\/26836"}],"collection":[{"href":"https:\/\/footdavant.fr\/actualites\/wp-json\/wp\/v2\/posts"}],"about":[{"href":"https:\/\/footdavant.fr\/actualites\/wp-json\/wp\/v2\/types\/post"}],"author":[{"embeddable":true,"href":"https:\/\/footdavant.fr\/actualites\/wp-json\/wp\/v2\/users\/1"}],"replies":[{"embeddable":true,"href":"https:\/\/footdavant.fr\/actualites\/wp-json\/wp\/v2\/comments?post=26836"}],"version-history":[{"count":1,"href":"https:\/\/footdavant.fr\/actualites\/wp-json\/wp\/v2\/posts\/26836\/revisions"}],"predecessor-version":[{"id":26838,"href":"https:\/\/footdavant.fr\/actualites\/wp-json\/wp\/v2\/posts\/26836\/revisions\/26838"}],"wp:featuredmedia":[{"embeddable":true,"href":"https:\/\/footdavant.fr\/actualites\/wp-json\/wp\/v2\/media\/26837"}],"wp:attachment":[{"href":"https:\/\/footdavant.fr\/actualites\/wp-json\/wp\/v2\/media?parent=26836"}],"wp:term":[{"taxonomy":"category","embeddable":true,"href":"https:\/\/footdavant.fr\/actualites\/wp-json\/wp\/v2\/categories?post=26836"},{"taxonomy":"post_tag","embeddable":true,"href":"https:\/\/footdavant.fr\/actualites\/wp-json\/wp\/v2\/tags?post=26836"}],"curies":[{"name":"wp","href":"https:\/\/api.w.org\/{rel}","templated":true}]}}