{"id":26851,"date":"2025-08-01T17:48:18","date_gmt":"2025-08-01T15:48:18","guid":{"rendered":"https:\/\/footdavant.fr\/actualites\/alejandro-garnacho-pourrait-etre-impopulaire-mais-ce-ne-sont-pas-tous-les-negatifs\/"},"modified":"2025-08-01T17:48:18","modified_gmt":"2025-08-01T15:48:18","slug":"alejandro-garnacho-pourrait-etre-impopulaire-mais-ce-ne-sont-pas-tous-les-negatifs","status":"publish","type":"post","link":"https:\/\/footdavant.fr\/actualites\/alejandro-garnacho-pourrait-etre-impopulaire-mais-ce-ne-sont-pas-tous-les-negatifs\/","title":{"rendered":"Alejandro Garnacho pourrait \u00eatre impopulaire mais ce ne sont pas tous les n\u00e9gatifs"},"content":{"rendered":"<div>\n<p>Je ne pr\u00e9conise pas que Chelsea signe Alejandro Garnacho en passant, mais ce n&#39;est certainement pas si mal si Chelsea fait la bonne affaire pour lui et ne paie pas d&#39;argent idiot.<\/p>\n<p>Je n&#39;ai pas \u00e9t\u00e9 convaincu par lui et bien s\u00fbr, j&#39;ai encore des inqui\u00e9tudes concernant tout drame qui pourrait le suivre, mais je ne suis pas contre cela comme beaucoup d&#39;autres sont et croient-moi, je comprends pourquoi.<\/p>\n<p>Mais attendu de Chelsea, qui est un compte tactique que j&#39;admire sur X, a publi\u00e9 une certaine positivit\u00e9 sur Garnacho cette semaine et j&#39;ai pens\u00e9 pourquoi ne pas le partager ici?<\/p>\n<p>Il a post\u00e9:<\/p>\n<p>\u00abSi vous \u00eates int\u00e9ress\u00e9 par les statistiques, vous devriez aimer Alejandro Garnacho.<\/p>\n<p>\u00ab\u00a0 Regardez les noms que Garnacho se trouve quand il s&#39;agit d&#39;ajouter de la valeur et de g\u00e9n\u00e9rer de bons coups &#8211; Wirtz, Yamal, Bellingham.<\/p>\n<p>\u00abTout cela malgr\u00e9 le jeu dans la meilleure ligue du monde et pour une mauvaise \u00e9quipe.<\/p>\n<div class=\"captioned-image-container\">\n<figure>\n<div class=\"image2-inset\">\n<p><img loading=\"lazy\" decoding=\"async\" class=\"sizing-normal\" title=\"Image\" src=\"https:\/\/footdavant.fr\/actualites\/wp-content\/uploads\/2025\/08\/Alejandro-Garnacho-pourrait-etre-impopulaire-mais-ce-ne-sont-pas.png\" alt=\"Image\" width=\"1082\" height=\"721\" data-attrs='{\"src\":\"https:\/\/substack-post-media.s3.amazonaws.com\/public\/images\/87721cbd-d4e2-4e46-9348-d4cca7978761_1082x721.png\",\"srcNoWatermark\":null,\"fullscreen\":null,\"imageSize\":null,\"height\":721,\"width\":1082,\"resizeWidth\":null,\"bytes\":null,\"alt\":\"Image\",\"title\":null,\"type\":null,\"href\":null,\"belowTheFold\":false,\"topImage\":false,\"internalRedirect\":null,\"isProcessing\":false,\"align\":null,\"offset\":false}'><\/p>\n<\/div>\n<\/figure>\n<\/div>\n<p>\u00abLes fans ne comprennent pas \u00e0 quel point il est difficile de jouer dans le PL en tant que jeune attaquant. Si vous pouvez jouer \u00e0 100 jeux PL avant 21 ans, vous \u00eates probablement un \u00e9norme talent, quelle que soit la production et l&#39;\u00e9quipe. Et si vous mettez les num\u00e9ros sous-jacents que Garnacho a? Des chances tr\u00e8s \u00e9lev\u00e9es d&#39;une future star.<\/p>\n<p>\u00abJe ris toujours des gens qui protestent passionn\u00e9ment contre la signature potentielle de Garnacho. Des joueurs comme celui-ci sont rarement disponibles sur le march\u00e9, et nous pourrions \u00e9ventuellement l&#39;obtenir pour des frais relativement bon march\u00e9. Conclure l&#39;accord et courir. Tous les clubs ne sont pas aussi stupides que United.<\/p>\n<p>\u00abJe parie que 10 $ que les chiffres de Garnacho sont d\u00e9gonfl\u00e9s en raison de la mauvaise structure et de l&#39;espace de United &#8211; le contraire de ce que nous voyons des attaquants de Bundesliga. Donnez-le \u00e0 un entra\u00eeneur de haut niveau qui peut rationaliser ses responsabilit\u00e9s (Maresca, Conte, etc.) et voir ce qui se passe.<\/p>\n<p>Il a fait de tr\u00e8s bons points ici et je ne pense pas que la signature de Garnacho serait tout mauvais.<\/p>\n<p>Voyons ce qui se passe de toute fa\u00e7on!<\/p>\n<\/p><\/div>\n","protected":false},"excerpt":{"rendered":"<p>Je ne pr\u00e9conise pas que Chelsea signe Alejandro Garnacho en passant, mais ce n&#39;est certainement pas si mal si Chelsea fait la bonne affaire pour<\/p>\n","protected":false},"author":1,"featured_media":0,"comment_status":"","ping_status":"","sticky":false,"template":"","format":"standard","meta":{"footnotes":""},"categories":[3],"tags":[790,270,791,9069,93,365,10089,71,269,45,1338],"yoast_head":"<!-- This site is optimized with the Yoast SEO plugin v21.0 - https:\/\/yoast.com\/wordpress\/plugins\/seo\/ -->\n<title>Alejandro Garnacho pourrait \u00eatre impopulaire mais ce ne sont pas tous les n\u00e9gatifs<\/title>\n<meta name=\"robots\" content=\"index, follow, max-snippet:-1, max-image-preview:large, max-video-preview:-1\" \/>\n<link rel=\"canonical\" href=\"https:\/\/footdavant.fr\/actualites\/alejandro-garnacho-pourrait-etre-impopulaire-mais-ce-ne-sont-pas-tous-les-negatifs\/\" \/>\n<meta property=\"og:locale\" content=\"fr_FR\" \/>\n<meta property=\"og:type\" content=\"article\" \/>\n<meta property=\"og:title\" content=\"Alejandro Garnacho pourrait \u00eatre impopulaire mais ce ne sont pas tous les n\u00e9gatifs\" \/>\n<meta property=\"og:description\" content=\"Je ne pr\u00e9conise pas que Chelsea signe Alejandro Garnacho en passant, mais ce n&#039;est certainement pas si mal si Chelsea fait la bonne affaire pour\" \/>\n<meta property=\"og:url\" content=\"https:\/\/footdavant.fr\/actualites\/alejandro-garnacho-pourrait-etre-impopulaire-mais-ce-ne-sont-pas-tous-les-negatifs\/\" \/>\n<meta property=\"og:site_name\" content=\"Foot d&#039;avant\" \/>\n<meta property=\"article:publisher\" content=\"https:\/\/www.facebook.com\/Footdavant\/\" \/>\n<meta property=\"article:published_time\" content=\"2025-08-01T15:48:18+00:00\" \/>\n<meta property=\"og:image\" content=\"https:\/\/footdavant.fr\/actualites\/wp-content\/uploads\/2025\/08\/Alejandro-Garnacho-pourrait-etre-impopulaire-mais-ce-ne-sont-pas.png\" \/>\n<meta name=\"author\" content=\"Cl\u00e9ment\" \/>\n<meta name=\"twitter:card\" content=\"summary_large_image\" \/>\n<meta name=\"twitter:creator\" content=\"@FootdavantFr\" \/>\n<meta name=\"twitter:site\" content=\"@FootdavantFr\" \/>\n<meta name=\"twitter:label1\" content=\"\u00c9crit par\" \/>\n\t<meta name=\"twitter:data1\" content=\"Cl\u00e9ment\" \/>\n\t<meta name=\"twitter:label2\" content=\"Dur\u00e9e de lecture estim\u00e9e\" \/>\n\t<meta name=\"twitter:data2\" content=\"2 minutes\" \/>\n<script type=\"application\/ld+json\" class=\"yoast-schema-graph\">{\"@context\":\"https:\/\/schema.org\",\"@graph\":[{\"@type\":\"Article\",\"@id\":\"https:\/\/footdavant.fr\/actualites\/alejandro-garnacho-pourrait-etre-impopulaire-mais-ce-ne-sont-pas-tous-les-negatifs\/#article\",\"isPartOf\":{\"@id\":\"https:\/\/footdavant.fr\/actualites\/alejandro-garnacho-pourrait-etre-impopulaire-mais-ce-ne-sont-pas-tous-les-negatifs\/\"},\"author\":{\"name\":\"Cl\u00e9ment\",\"@id\":\"https:\/\/footdavant.fr\/actualites\/#\/schema\/person\/bc222566d95871b37e597b3ed3ba5e1d\"},\"headline\":\"Alejandro Garnacho pourrait \u00eatre impopulaire mais ce ne sont pas tous les n\u00e9gatifs\",\"datePublished\":\"2025-08-01T15:48:18+00:00\",\"dateModified\":\"2025-08-01T15:48:18+00:00\",\"mainEntityOfPage\":{\"@id\":\"https:\/\/footdavant.fr\/actualites\/alejandro-garnacho-pourrait-etre-impopulaire-mais-ce-ne-sont-pas-tous-les-negatifs\/\"},\"wordCount\":388,\"publisher\":{\"@id\":\"https:\/\/footdavant.fr\/actualites\/#organization\"},\"keywords\":[\"Alejandro\",\"\u00eatre\",\"Garnacho\",\"impopulaire\",\"les\",\"mais\",\"n\u00e9gatifs\",\"pas\",\"pourrait\",\"sont\",\"Tous\"],\"articleSection\":[\"Football\"],\"inLanguage\":\"fr-FR\"},{\"@type\":\"WebPage\",\"@id\":\"https:\/\/footdavant.fr\/actualites\/alejandro-garnacho-pourrait-etre-impopulaire-mais-ce-ne-sont-pas-tous-les-negatifs\/\",\"url\":\"https:\/\/footdavant.fr\/actualites\/alejandro-garnacho-pourrait-etre-impopulaire-mais-ce-ne-sont-pas-tous-les-negatifs\/\",\"name\":\"Alejandro Garnacho pourrait \u00eatre impopulaire mais ce ne sont pas tous les n\u00e9gatifs\",\"isPartOf\":{\"@id\":\"https:\/\/footdavant.fr\/actualites\/#website\"},\"datePublished\":\"2025-08-01T15:48:18+00:00\",\"dateModified\":\"2025-08-01T15:48:18+00:00\",\"breadcrumb\":{\"@id\":\"https:\/\/footdavant.fr\/actualites\/alejandro-garnacho-pourrait-etre-impopulaire-mais-ce-ne-sont-pas-tous-les-negatifs\/#breadcrumb\"},\"inLanguage\":\"fr-FR\",\"potentialAction\":[{\"@type\":\"ReadAction\",\"target\":[\"https:\/\/footdavant.fr\/actualites\/alejandro-garnacho-pourrait-etre-impopulaire-mais-ce-ne-sont-pas-tous-les-negatifs\/\"]}]},{\"@type\":\"BreadcrumbList\",\"@id\":\"https:\/\/footdavant.fr\/actualites\/alejandro-garnacho-pourrait-etre-impopulaire-mais-ce-ne-sont-pas-tous-les-negatifs\/#breadcrumb\",\"itemListElement\":[{\"@type\":\"ListItem\",\"position\":1,\"name\":\"Accueil\",\"item\":\"https:\/\/footdavant.fr\/actualites\/\"},{\"@type\":\"ListItem\",\"position\":2,\"name\":\"Alejandro Garnacho pourrait \u00eatre impopulaire mais ce ne sont pas tous les n\u00e9gatifs\"}]},{\"@type\":\"WebSite\",\"@id\":\"https:\/\/footdavant.fr\/actualites\/#website\",\"url\":\"https:\/\/footdavant.fr\/actualites\/\",\"name\":\"Foot d'avant\",\"description\":\"\",\"publisher\":{\"@id\":\"https:\/\/footdavant.fr\/actualites\/#organization\"},\"potentialAction\":[{\"@type\":\"SearchAction\",\"target\":{\"@type\":\"EntryPoint\",\"urlTemplate\":\"https:\/\/footdavant.fr\/actualites\/?s={search_term_string}\"},\"query-input\":\"required name=search_term_string\"}],\"inLanguage\":\"fr-FR\"},{\"@type\":\"Organization\",\"@id\":\"https:\/\/footdavant.fr\/actualites\/#organization\",\"name\":\"Foot d'avant\",\"url\":\"https:\/\/footdavant.fr\/actualites\/\",\"logo\":{\"@type\":\"ImageObject\",\"inLanguage\":\"fr-FR\",\"@id\":\"https:\/\/footdavant.fr\/actualites\/#\/schema\/logo\/image\/\",\"url\":\"https:\/\/footdavant.fr\/actualites\/wp-content\/uploads\/2023\/09\/Copy-of-FootDavant-Logo.png\",\"contentUrl\":\"https:\/\/footdavant.fr\/actualites\/wp-content\/uploads\/2023\/09\/Copy-of-FootDavant-Logo.png\",\"width\":936,\"height\":549,\"caption\":\"Foot d'avant\"},\"image\":{\"@id\":\"https:\/\/footdavant.fr\/actualites\/#\/schema\/logo\/image\/\"},\"sameAs\":[\"https:\/\/www.facebook.com\/Footdavant\/\",\"https:\/\/twitter.com\/FootdavantFr\",\"https:\/\/www.instagram.com\/footdavant.fr\/\"]},{\"@type\":\"Person\",\"@id\":\"https:\/\/footdavant.fr\/actualites\/#\/schema\/person\/bc222566d95871b37e597b3ed3ba5e1d\",\"name\":\"Cl\u00e9ment\",\"image\":{\"@type\":\"ImageObject\",\"inLanguage\":\"fr-FR\",\"@id\":\"https:\/\/footdavant.fr\/actualites\/#\/schema\/person\/image\/\",\"url\":\"https:\/\/secure.gravatar.com\/avatar\/7728b29aac2719421e1a9159b2254c44?s=96&d=mm&r=g\",\"contentUrl\":\"https:\/\/secure.gravatar.com\/avatar\/7728b29aac2719421e1a9159b2254c44?s=96&d=mm&r=g\",\"caption\":\"Cl\u00e9ment\"},\"sameAs\":[\"https:\/\/footdavant.fr\/\"]}]}<\/script>\n<!-- \/ Yoast SEO plugin. -->","yoast_head_json":{"title":"Alejandro Garnacho pourrait \u00eatre impopulaire mais ce ne sont pas tous les n\u00e9gatifs","robots":{"index":"index","follow":"follow","max-snippet":"max-snippet:-1","max-image-preview":"max-image-preview:large","max-video-preview":"max-video-preview:-1"},"canonical":"https:\/\/footdavant.fr\/actualites\/alejandro-garnacho-pourrait-etre-impopulaire-mais-ce-ne-sont-pas-tous-les-negatifs\/","og_locale":"fr_FR","og_type":"article","og_title":"Alejandro Garnacho pourrait \u00eatre impopulaire mais ce ne sont pas tous les n\u00e9gatifs","og_description":"Je ne pr\u00e9conise pas que Chelsea signe Alejandro Garnacho en passant, mais ce n&#39;est certainement pas si mal si Chelsea fait la bonne affaire pour","og_url":"https:\/\/footdavant.fr\/actualites\/alejandro-garnacho-pourrait-etre-impopulaire-mais-ce-ne-sont-pas-tous-les-negatifs\/","og_site_name":"Foot d&#039;avant","article_publisher":"https:\/\/www.facebook.com\/Footdavant\/","article_published_time":"2025-08-01T15:48:18+00:00","og_image":[{"url":"https:\/\/footdavant.fr\/actualites\/wp-content\/uploads\/2025\/08\/Alejandro-Garnacho-pourrait-etre-impopulaire-mais-ce-ne-sont-pas.png"}],"author":"Cl\u00e9ment","twitter_card":"summary_large_image","twitter_creator":"@FootdavantFr","twitter_site":"@FootdavantFr","twitter_misc":{"\u00c9crit par":"Cl\u00e9ment","Dur\u00e9e de lecture estim\u00e9e":"2 minutes"},"schema":{"@context":"https:\/\/schema.org","@graph":[{"@type":"Article","@id":"https:\/\/footdavant.fr\/actualites\/alejandro-garnacho-pourrait-etre-impopulaire-mais-ce-ne-sont-pas-tous-les-negatifs\/#article","isPartOf":{"@id":"https:\/\/footdavant.fr\/actualites\/alejandro-garnacho-pourrait-etre-impopulaire-mais-ce-ne-sont-pas-tous-les-negatifs\/"},"author":{"name":"Cl\u00e9ment","@id":"https:\/\/footdavant.fr\/actualites\/#\/schema\/person\/bc222566d95871b37e597b3ed3ba5e1d"},"headline":"Alejandro Garnacho pourrait \u00eatre impopulaire mais ce ne sont pas tous les n\u00e9gatifs","datePublished":"2025-08-01T15:48:18+00:00","dateModified":"2025-08-01T15:48:18+00:00","mainEntityOfPage":{"@id":"https:\/\/footdavant.fr\/actualites\/alejandro-garnacho-pourrait-etre-impopulaire-mais-ce-ne-sont-pas-tous-les-negatifs\/"},"wordCount":388,"publisher":{"@id":"https:\/\/footdavant.fr\/actualites\/#organization"},"keywords":["Alejandro","\u00eatre","Garnacho","impopulaire","les","mais","n\u00e9gatifs","pas","pourrait","sont","Tous"],"articleSection":["Football"],"inLanguage":"fr-FR"},{"@type":"WebPage","@id":"https:\/\/footdavant.fr\/actualites\/alejandro-garnacho-pourrait-etre-impopulaire-mais-ce-ne-sont-pas-tous-les-negatifs\/","url":"https:\/\/footdavant.fr\/actualites\/alejandro-garnacho-pourrait-etre-impopulaire-mais-ce-ne-sont-pas-tous-les-negatifs\/","name":"Alejandro Garnacho pourrait \u00eatre impopulaire mais ce ne sont pas tous les n\u00e9gatifs","isPartOf":{"@id":"https:\/\/footdavant.fr\/actualites\/#website"},"datePublished":"2025-08-01T15:48:18+00:00","dateModified":"2025-08-01T15:48:18+00:00","breadcrumb":{"@id":"https:\/\/footdavant.fr\/actualites\/alejandro-garnacho-pourrait-etre-impopulaire-mais-ce-ne-sont-pas-tous-les-negatifs\/#breadcrumb"},"inLanguage":"fr-FR","potentialAction":[{"@type":"ReadAction","target":["https:\/\/footdavant.fr\/actualites\/alejandro-garnacho-pourrait-etre-impopulaire-mais-ce-ne-sont-pas-tous-les-negatifs\/"]}]},{"@type":"BreadcrumbList","@id":"https:\/\/footdavant.fr\/actualites\/alejandro-garnacho-pourrait-etre-impopulaire-mais-ce-ne-sont-pas-tous-les-negatifs\/#breadcrumb","itemListElement":[{"@type":"ListItem","position":1,"name":"Accueil","item":"https:\/\/footdavant.fr\/actualites\/"},{"@type":"ListItem","position":2,"name":"Alejandro Garnacho pourrait \u00eatre impopulaire mais ce ne sont pas tous les n\u00e9gatifs"}]},{"@type":"WebSite","@id":"https:\/\/footdavant.fr\/actualites\/#website","url":"https:\/\/footdavant.fr\/actualites\/","name":"Foot d'avant","description":"","publisher":{"@id":"https:\/\/footdavant.fr\/actualites\/#organization"},"potentialAction":[{"@type":"SearchAction","target":{"@type":"EntryPoint","urlTemplate":"https:\/\/footdavant.fr\/actualites\/?s={search_term_string}"},"query-input":"required name=search_term_string"}],"inLanguage":"fr-FR"},{"@type":"Organization","@id":"https:\/\/footdavant.fr\/actualites\/#organization","name":"Foot d'avant","url":"https:\/\/footdavant.fr\/actualites\/","logo":{"@type":"ImageObject","inLanguage":"fr-FR","@id":"https:\/\/footdavant.fr\/actualites\/#\/schema\/logo\/image\/","url":"https:\/\/footdavant.fr\/actualites\/wp-content\/uploads\/2023\/09\/Copy-of-FootDavant-Logo.png","contentUrl":"https:\/\/footdavant.fr\/actualites\/wp-content\/uploads\/2023\/09\/Copy-of-FootDavant-Logo.png","width":936,"height":549,"caption":"Foot d'avant"},"image":{"@id":"https:\/\/footdavant.fr\/actualites\/#\/schema\/logo\/image\/"},"sameAs":["https:\/\/www.facebook.com\/Footdavant\/","https:\/\/twitter.com\/FootdavantFr","https:\/\/www.instagram.com\/footdavant.fr\/"]},{"@type":"Person","@id":"https:\/\/footdavant.fr\/actualites\/#\/schema\/person\/bc222566d95871b37e597b3ed3ba5e1d","name":"Cl\u00e9ment","image":{"@type":"ImageObject","inLanguage":"fr-FR","@id":"https:\/\/footdavant.fr\/actualites\/#\/schema\/person\/image\/","url":"https:\/\/secure.gravatar.com\/avatar\/7728b29aac2719421e1a9159b2254c44?s=96&d=mm&r=g","contentUrl":"https:\/\/secure.gravatar.com\/avatar\/7728b29aac2719421e1a9159b2254c44?s=96&d=mm&r=g","caption":"Cl\u00e9ment"},"sameAs":["https:\/\/footdavant.fr\/"]}]}},"_links":{"self":[{"href":"https:\/\/footdavant.fr\/actualites\/wp-json\/wp\/v2\/posts\/26851"}],"collection":[{"href":"https:\/\/footdavant.fr\/actualites\/wp-json\/wp\/v2\/posts"}],"about":[{"href":"https:\/\/footdavant.fr\/actualites\/wp-json\/wp\/v2\/types\/post"}],"author":[{"embeddable":true,"href":"https:\/\/footdavant.fr\/actualites\/wp-json\/wp\/v2\/users\/1"}],"replies":[{"embeddable":true,"href":"https:\/\/footdavant.fr\/actualites\/wp-json\/wp\/v2\/comments?post=26851"}],"version-history":[{"count":0,"href":"https:\/\/footdavant.fr\/actualites\/wp-json\/wp\/v2\/posts\/26851\/revisions"}],"wp:attachment":[{"href":"https:\/\/footdavant.fr\/actualites\/wp-json\/wp\/v2\/media?parent=26851"}],"wp:term":[{"taxonomy":"category","embeddable":true,"href":"https:\/\/footdavant.fr\/actualites\/wp-json\/wp\/v2\/categories?post=26851"},{"taxonomy":"post_tag","embeddable":true,"href":"https:\/\/footdavant.fr\/actualites\/wp-json\/wp\/v2\/tags?post=26851"}],"curies":[{"name":"wp","href":"https:\/\/api.w.org\/{rel}","templated":true}]}}