{"id":26861,"date":"2025-08-02T01:48:42","date_gmt":"2025-08-01T23:48:42","guid":{"rendered":"https:\/\/footdavant.fr\/actualites\/talks-to-continuer-liverpool-aligne-deja-un-autre-grand-transfert-au-milieu-des-conferences-isak-fabrizio-romano\/"},"modified":"2025-08-02T01:48:45","modified_gmt":"2025-08-01T23:48:45","slug":"talks-to-continuer-liverpool-aligne-deja-un-autre-grand-transfert-au-milieu-des-conferences-isak-fabrizio-romano","status":"publish","type":"post","link":"https:\/\/footdavant.fr\/actualites\/talks-to-continuer-liverpool-aligne-deja-un-autre-grand-transfert-au-milieu-des-conferences-isak-fabrizio-romano\/","title":{"rendered":"&#39;Talks to Continuer&#39;: Liverpool aligne d\u00e9j\u00e0 un autre grand transfert au milieu des conf\u00e9rences Isak &#8211; Fabrizio Romano"},"content":{"rendered":"<div id=\"article-body\">\n<!-- Article Start --><\/p>\n<p>Les Merseysiders sont suppos\u00e9s \u00eatre ouverts \u00e0 la s\u00e9paration avec l&#39;attaquant hors de faveur apr\u00e8s une saison mixte sous la fente d&#39;Arne.<\/p>\n<p>Apr\u00e8s avoir enregistr\u00e9 33 contributions \u00e0 des objectifs dans la derni\u00e8re saison de Jurgen Klopp (but ou aide toutes les 91,69 minutes), le d\u00e9compte de l&#39;Uruguayen a chut\u00e9 \u00e0 14 en 2024\/25 (objectif ou aide toutes les 145,57 minutes).<\/p>\n<h2>Liverpool pourrait vendre Darwin Nunez \u00e0 l&#39;Arabie Saoudite<\/h2>\n<figure class=\"wp-caption alignnone\"><picture><source type=\"image\/webp\" data- data-><\/source><\/picture><\/figure>\n<p>Il y avait toujours la possibilit\u00e9 d&#39;un avenir \u00e0 Anfield pour Nunez tandis que Klopp continuait de mener de la ligne de touche.<\/p>\n<p>Le style du tacticien allemand semblait consid\u00e9rer raisonnablement le chaos total de notre n \u00b0 9. Cependant, sous le remplacement de 58 ans, il n&#39;a pas r\u00e9ussi \u00e0 impressionner.<\/p>\n<p>Il y a encore beaucoup de joie \u00e0 voir l&#39;attaquant s&#39;\u00e9puiser dans la c\u00e9l\u00e8bre chemise rouge, mais si nous sommes tous compl\u00e8tement honn\u00eates, une s\u00e9paration des fa\u00e7ons cet \u00e9t\u00e9 serait la meilleure option pour toutes les parties concern\u00e9es.<\/p>\n<p>Passez en avant, Arabie saoudite. Fabrizio Romano rapporte d\u00e9sormais sur X (anciennement Twitter) qu&#39;Al-Hilal s&#39;engage dans des \u00ab\u00a0 discussions &#39;&#39; avec le camp de Nunez sur un transfert d&#39;\u00e9t\u00e9.<\/p>\n<blockquote class=\"twitter-lazy tweet-img lazyload\" data-width=\"500\" data-dnt=\"true\">\n<p lang=\"en\" dir=\"ltr\">\ud83d\udea8\ud83c\uddf8\ud83c\udde6 Les discussions entre le camp d&#39;Al Hilal et de Darwin Nunez sont toujours en cours alors que Liverpool reste ouvert \u00e0 la vente permanente.<\/p>\n<p>Pour se poursuivre dans les prochains jours, mais Darwin est toujours en t\u00eate de la liste d&#39;Al Hilal. <a rel=\"nofollow\" href=\"https:\/\/t.co\/bMBsZAKdau\">pic.twitter.com\/BMBSZAKDAU<\/a><\/p>\n<p>&#8211; Fabrizio Romano (@fabrizioromano) <a rel=\"nofollow\" href=\"https:\/\/twitter.com\/FabrizioRomano\/status\/1951361138249404854?ref_src=twsrc%5Etfw\">1er ao\u00fbt 2025<\/a><\/p>\n<\/blockquote>\n<h3>\u00c0 quel point Liverpool vendrait Nunez pour Nunez?<\/h3>\n<p>Il reste \u00e0 voir \u00e0 quel point le haut-vol saoudien est pr\u00eat \u00e0 offrir pour l&#39;attaquant.<\/p>\n<p>Cependant, il est juste de supposer que Liverpool serait beaucoup plus susceptible de voir leur prix demand\u00e9 id\u00e9al respect\u00e9 par les richesses du Moyen-Orient par opposition \u00e0 la Serie A.<\/p>\n<p>\u00c0 la mi-juillet, nous avons exclusivement signal\u00e9 \u00e0 Empire of the Kop que Al-Hilal \u00e9tait pr\u00eat \u00e0 r\u00e9pondre au prix demand\u00e9 du club pour Nunez de 70 millions d&#39;euros (60,7 millions de livres sterling).<\/p>\n<p>Cela nous verrait, au moins, nous r\u00e9cup\u00e9rer la part du lion des 64 millions de livres sterling \u00e0 la hauteur des frais de premi\u00e8re fois que nous avons initialement pay\u00e9 \u00e0 Benfica \u00e0 l&#39;\u00e9t\u00e9 2022.<\/p>\n<section class=\"more-stories std-mgn-b\">\n<div class=\"row\">\n<header class=\"col-s-12 std-mgn-t\">Plus d&#39;histoires sur <span class=\"topic\">Darwin Nunez<\/span><\/header>\n<div class=\"post-container col-s-4\">\n<div class=\"img-cntr\"><picture><source type=\"image\/webp\" data- data-><img decoding=\"async\" src=\"https:\/\/footdavant.fr\/actualites\/wp-content\/uploads\/2025\/08\/1754092122_881_39Talks-to-Continuer39-Liverpool-aligne-deja-un-autre-grand-transfert.jpg\" class=\"lazyload wp-image-276039 has-webp lazyload\" alt=\"Darwin Nunez et Virgil Van Dijk ont mis un travail suppl\u00e9mentaire apr\u00e8s la fin de la s\u00e9ance de formation de Liverpool \u00e0 Tokyo\"  data-><\/source><\/picture><\/div>\n<\/p><\/div>\n<div class=\"post-container col-s-4\">\n<div class=\"img-cntr\"><picture><source type=\"image\/webp\" data- data-><img decoding=\"async\" src=\"https:\/\/footdavant.fr\/actualites\/wp-content\/uploads\/2025\/08\/1754092122_956_39Talks-to-Continuer39-Liverpool-aligne-deja-un-autre-grand-transfert.jpg\" class=\"lazyload wp-image-275962 has-webp lazyload\" alt=\"Arne Slot a expliqu\u00e9 pourquoi Luis Diaz et Darwin Nunez n&#39;ont pas figur\u00e9 pour Liverpool dans leur d\u00e9faite contre Milan\"  data-><\/source><\/picture><\/div>\n<\/p><\/div>\n<div class=\"post-container col-s-4\">\n<div class=\"img-cntr\"><picture><source type=\"image\/webp\" data- data-><img decoding=\"async\" src=\"https:\/\/footdavant.fr\/actualites\/wp-content\/uploads\/2025\/08\/1754092122_356_39Talks-to-Continuer39-Liverpool-aligne-deja-un-autre-grand-transfert.jpg\" class=\"lazyload wp-image-275902 has-webp lazyload\" alt=\"Alexander Isak et Darwin Nunez dans les histoires de transfert saoudiennes\"  data-><\/source><\/picture><\/div>\n<\/p><\/div>\n<\/p><\/div>\n<\/section>\n<h2>Liverpool a jou\u00e9 un blinder dans la fen\u00eatre de transfert d&#39;\u00e9t\u00e9<\/h2>\n<p>La s\u00e9curisation d&#39;un chiffre collectif au-del\u00e0 de la barre des 120 millions de livres sterling pour Luis Diaz et Darwin Nunez devrait \u00eatre consid\u00e9r\u00e9e comme une entreprise stellaire de Richard Hughes and Co.<\/p>\n<p>Il ne voit \u00e9videmment pas Liverpool se casser m\u00eame dans cette fen\u00eatre apr\u00e8s les offres de mammouth pour Florian Wirtz et Hugo Ekitike (parmi les d\u00e9penses importantes ailleurs).<\/p>\n<p>Mais il n&#39;y a pas de question que cela met une br\u00e8che notable dans la facture que nous avons accumul\u00e9e dans une fen\u00eatre de transfert d&#39;\u00e9t\u00e9 tr\u00e8s productive. Et, en fin de compte, Liverpool a encore beaucoup de marge de PSR.<\/p>\n<p>Bien s\u00fbr, il reste \u00e0 voir si Nunez sera m\u00eame pr\u00eat \u00e0 d\u00e9m\u00e9nager en Arabie saoudite. L&#39;Uruguayen avait naturellement tenu de rester en Europe avec son prochain transfert.<\/p>\n<p>Cependant, les richesses propos\u00e9es au Moyen-Orient pourraient s&#39;av\u00e9rer trop tentantes pour r\u00e9sister.<\/p>\n<p><span class=\"embed-youtube\" style=\"text-align:center; display: block;\"><\/span><\/p>\n<p><!-- Article End -->\t\t\t\t<\/div>\n<p><script async src=\"https:\/\/platform.twitter.com\/widgets.js\" charset=\"utf-8\"><\/script><\/p>\n","protected":false},"excerpt":{"rendered":"<p>Les Merseysiders sont suppos\u00e9s \u00eatre ouverts \u00e0 la s\u00e9paration avec l&#39;attaquant hors de faveur apr\u00e8s une saison mixte sous la fente d&#39;Arne. Apr\u00e8s avoir enregistr\u00e9<\/p>\n","protected":false},"author":1,"featured_media":26862,"comment_status":"closed","ping_status":"","sticky":false,"template":"","format":"standard","meta":{"footnotes":""},"categories":[3],"tags":[10097,5871,777,8109,10098,943,12,1113,1223,42,53,441,1114,700],"yoast_head":"<!-- This site is optimized with the Yoast SEO plugin v21.0 - https:\/\/yoast.com\/wordpress\/plugins\/seo\/ -->\n<title>&#039;Talks to Continuer&#039;: Liverpool aligne d\u00e9j\u00e0 un autre grand transfert au milieu des conf\u00e9rences Isak - Fabrizio Romano<\/title>\n<meta name=\"robots\" content=\"index, follow, max-snippet:-1, max-image-preview:large, max-video-preview:-1\" \/>\n<link rel=\"canonical\" href=\"https:\/\/footdavant.fr\/actualites\/talks-to-continuer-liverpool-aligne-deja-un-autre-grand-transfert-au-milieu-des-conferences-isak-fabrizio-romano\/\" \/>\n<meta property=\"og:locale\" content=\"fr_FR\" \/>\n<meta property=\"og:type\" content=\"article\" \/>\n<meta property=\"og:title\" content=\"&#039;Talks to Continuer&#039;: Liverpool aligne d\u00e9j\u00e0 un autre grand transfert au milieu des conf\u00e9rences Isak - Fabrizio Romano\" \/>\n<meta property=\"og:description\" content=\"Les Merseysiders sont suppos\u00e9s \u00eatre ouverts \u00e0 la s\u00e9paration avec l&#039;attaquant hors de faveur apr\u00e8s une saison mixte sous la fente d&#039;Arne. Apr\u00e8s avoir enregistr\u00e9\" \/>\n<meta property=\"og:url\" content=\"https:\/\/footdavant.fr\/actualites\/talks-to-continuer-liverpool-aligne-deja-un-autre-grand-transfert-au-milieu-des-conferences-isak-fabrizio-romano\/\" \/>\n<meta property=\"og:site_name\" content=\"Foot d&#039;avant\" \/>\n<meta property=\"article:publisher\" content=\"https:\/\/www.facebook.com\/Footdavant\/\" \/>\n<meta property=\"article:published_time\" content=\"2025-08-01T23:48:42+00:00\" \/>\n<meta property=\"article:modified_time\" content=\"2025-08-01T23:48:45+00:00\" \/>\n<meta property=\"og:image\" content=\"https:\/\/footdavant.fr\/actualites\/wp-content\/uploads\/2025\/08\/1754092123_39Talks-to-Continuer39-Liverpool-aligne-deja-un-autre-grand-transfert.jpg\" \/>\n\t<meta property=\"og:image:width\" content=\"1200\" \/>\n\t<meta property=\"og:image:height\" content=\"675\" \/>\n\t<meta property=\"og:image:type\" content=\"image\/jpeg\" \/>\n<meta name=\"author\" content=\"Cl\u00e9ment\" \/>\n<meta name=\"twitter:card\" content=\"summary_large_image\" \/>\n<meta name=\"twitter:creator\" content=\"@FootdavantFr\" \/>\n<meta name=\"twitter:site\" content=\"@FootdavantFr\" \/>\n<meta name=\"twitter:label1\" content=\"\u00c9crit par\" \/>\n\t<meta name=\"twitter:data1\" content=\"Cl\u00e9ment\" \/>\n\t<meta name=\"twitter:label2\" content=\"Dur\u00e9e de lecture estim\u00e9e\" \/>\n\t<meta name=\"twitter:data2\" content=\"3 minutes\" \/>\n<script type=\"application\/ld+json\" class=\"yoast-schema-graph\">{\"@context\":\"https:\/\/schema.org\",\"@graph\":[{\"@type\":\"Article\",\"@id\":\"https:\/\/footdavant.fr\/actualites\/talks-to-continuer-liverpool-aligne-deja-un-autre-grand-transfert-au-milieu-des-conferences-isak-fabrizio-romano\/#article\",\"isPartOf\":{\"@id\":\"https:\/\/footdavant.fr\/actualites\/talks-to-continuer-liverpool-aligne-deja-un-autre-grand-transfert-au-milieu-des-conferences-isak-fabrizio-romano\/\"},\"author\":{\"name\":\"Cl\u00e9ment\",\"@id\":\"https:\/\/footdavant.fr\/actualites\/#\/schema\/person\/bc222566d95871b37e597b3ed3ba5e1d\"},\"headline\":\"&#39;Talks to Continuer&#39;: Liverpool aligne d\u00e9j\u00e0 un autre grand transfert au milieu des conf\u00e9rences Isak &#8211; Fabrizio Romano\",\"datePublished\":\"2025-08-01T23:48:42+00:00\",\"dateModified\":\"2025-08-01T23:48:45+00:00\",\"mainEntityOfPage\":{\"@id\":\"https:\/\/footdavant.fr\/actualites\/talks-to-continuer-liverpool-aligne-deja-un-autre-grand-transfert-au-milieu-des-conferences-isak-fabrizio-romano\/\"},\"wordCount\":573,\"publisher\":{\"@id\":\"https:\/\/footdavant.fr\/actualites\/#organization\"},\"keywords\":[\"39Talks\",\"aligne\",\"autre\",\"conf\u00e9rences\",\"Continuer39\",\"d\u00e9j\u00e0\",\"des\",\"Fabrizio\",\"grand\",\"Isak\",\"Liverpool\",\"milieu\",\"Romano\",\"transfert\"],\"articleSection\":[\"Football\"],\"inLanguage\":\"fr-FR\"},{\"@type\":\"WebPage\",\"@id\":\"https:\/\/footdavant.fr\/actualites\/talks-to-continuer-liverpool-aligne-deja-un-autre-grand-transfert-au-milieu-des-conferences-isak-fabrizio-romano\/\",\"url\":\"https:\/\/footdavant.fr\/actualites\/talks-to-continuer-liverpool-aligne-deja-un-autre-grand-transfert-au-milieu-des-conferences-isak-fabrizio-romano\/\",\"name\":\"&#39;Talks to Continuer&#39;: Liverpool aligne d\u00e9j\u00e0 un autre grand transfert au milieu des conf\u00e9rences Isak - Fabrizio Romano\",\"isPartOf\":{\"@id\":\"https:\/\/footdavant.fr\/actualites\/#website\"},\"datePublished\":\"2025-08-01T23:48:42+00:00\",\"dateModified\":\"2025-08-01T23:48:45+00:00\",\"breadcrumb\":{\"@id\":\"https:\/\/footdavant.fr\/actualites\/talks-to-continuer-liverpool-aligne-deja-un-autre-grand-transfert-au-milieu-des-conferences-isak-fabrizio-romano\/#breadcrumb\"},\"inLanguage\":\"fr-FR\",\"potentialAction\":[{\"@type\":\"ReadAction\",\"target\":[\"https:\/\/footdavant.fr\/actualites\/talks-to-continuer-liverpool-aligne-deja-un-autre-grand-transfert-au-milieu-des-conferences-isak-fabrizio-romano\/\"]}]},{\"@type\":\"BreadcrumbList\",\"@id\":\"https:\/\/footdavant.fr\/actualites\/talks-to-continuer-liverpool-aligne-deja-un-autre-grand-transfert-au-milieu-des-conferences-isak-fabrizio-romano\/#breadcrumb\",\"itemListElement\":[{\"@type\":\"ListItem\",\"position\":1,\"name\":\"Accueil\",\"item\":\"https:\/\/footdavant.fr\/actualites\/\"},{\"@type\":\"ListItem\",\"position\":2,\"name\":\"&#39;Talks to Continuer&#39;: Liverpool aligne d\u00e9j\u00e0 un autre grand transfert au milieu des conf\u00e9rences Isak &#8211; Fabrizio Romano\"}]},{\"@type\":\"WebSite\",\"@id\":\"https:\/\/footdavant.fr\/actualites\/#website\",\"url\":\"https:\/\/footdavant.fr\/actualites\/\",\"name\":\"Foot d'avant\",\"description\":\"\",\"publisher\":{\"@id\":\"https:\/\/footdavant.fr\/actualites\/#organization\"},\"potentialAction\":[{\"@type\":\"SearchAction\",\"target\":{\"@type\":\"EntryPoint\",\"urlTemplate\":\"https:\/\/footdavant.fr\/actualites\/?s={search_term_string}\"},\"query-input\":\"required name=search_term_string\"}],\"inLanguage\":\"fr-FR\"},{\"@type\":\"Organization\",\"@id\":\"https:\/\/footdavant.fr\/actualites\/#organization\",\"name\":\"Foot d'avant\",\"url\":\"https:\/\/footdavant.fr\/actualites\/\",\"logo\":{\"@type\":\"ImageObject\",\"inLanguage\":\"fr-FR\",\"@id\":\"https:\/\/footdavant.fr\/actualites\/#\/schema\/logo\/image\/\",\"url\":\"https:\/\/footdavant.fr\/actualites\/wp-content\/uploads\/2023\/09\/Copy-of-FootDavant-Logo.png\",\"contentUrl\":\"https:\/\/footdavant.fr\/actualites\/wp-content\/uploads\/2023\/09\/Copy-of-FootDavant-Logo.png\",\"width\":936,\"height\":549,\"caption\":\"Foot d'avant\"},\"image\":{\"@id\":\"https:\/\/footdavant.fr\/actualites\/#\/schema\/logo\/image\/\"},\"sameAs\":[\"https:\/\/www.facebook.com\/Footdavant\/\",\"https:\/\/twitter.com\/FootdavantFr\",\"https:\/\/www.instagram.com\/footdavant.fr\/\"]},{\"@type\":\"Person\",\"@id\":\"https:\/\/footdavant.fr\/actualites\/#\/schema\/person\/bc222566d95871b37e597b3ed3ba5e1d\",\"name\":\"Cl\u00e9ment\",\"image\":{\"@type\":\"ImageObject\",\"inLanguage\":\"fr-FR\",\"@id\":\"https:\/\/footdavant.fr\/actualites\/#\/schema\/person\/image\/\",\"url\":\"https:\/\/secure.gravatar.com\/avatar\/7728b29aac2719421e1a9159b2254c44?s=96&d=mm&r=g\",\"contentUrl\":\"https:\/\/secure.gravatar.com\/avatar\/7728b29aac2719421e1a9159b2254c44?s=96&d=mm&r=g\",\"caption\":\"Cl\u00e9ment\"},\"sameAs\":[\"https:\/\/footdavant.fr\/\"]}]}<\/script>\n<!-- \/ Yoast SEO plugin. -->","yoast_head_json":{"title":"&#39;Talks to Continuer&#39;: Liverpool aligne d\u00e9j\u00e0 un autre grand transfert au milieu des conf\u00e9rences Isak - Fabrizio Romano","robots":{"index":"index","follow":"follow","max-snippet":"max-snippet:-1","max-image-preview":"max-image-preview:large","max-video-preview":"max-video-preview:-1"},"canonical":"https:\/\/footdavant.fr\/actualites\/talks-to-continuer-liverpool-aligne-deja-un-autre-grand-transfert-au-milieu-des-conferences-isak-fabrizio-romano\/","og_locale":"fr_FR","og_type":"article","og_title":"&#39;Talks to Continuer&#39;: Liverpool aligne d\u00e9j\u00e0 un autre grand transfert au milieu des conf\u00e9rences Isak - Fabrizio Romano","og_description":"Les Merseysiders sont suppos\u00e9s \u00eatre ouverts \u00e0 la s\u00e9paration avec l&#39;attaquant hors de faveur apr\u00e8s une saison mixte sous la fente d&#39;Arne. Apr\u00e8s avoir enregistr\u00e9","og_url":"https:\/\/footdavant.fr\/actualites\/talks-to-continuer-liverpool-aligne-deja-un-autre-grand-transfert-au-milieu-des-conferences-isak-fabrizio-romano\/","og_site_name":"Foot d&#039;avant","article_publisher":"https:\/\/www.facebook.com\/Footdavant\/","article_published_time":"2025-08-01T23:48:42+00:00","article_modified_time":"2025-08-01T23:48:45+00:00","og_image":[{"width":1200,"height":675,"url":"https:\/\/footdavant.fr\/actualites\/wp-content\/uploads\/2025\/08\/1754092123_39Talks-to-Continuer39-Liverpool-aligne-deja-un-autre-grand-transfert.jpg","type":"image\/jpeg"}],"author":"Cl\u00e9ment","twitter_card":"summary_large_image","twitter_creator":"@FootdavantFr","twitter_site":"@FootdavantFr","twitter_misc":{"\u00c9crit par":"Cl\u00e9ment","Dur\u00e9e de lecture estim\u00e9e":"3 minutes"},"schema":{"@context":"https:\/\/schema.org","@graph":[{"@type":"Article","@id":"https:\/\/footdavant.fr\/actualites\/talks-to-continuer-liverpool-aligne-deja-un-autre-grand-transfert-au-milieu-des-conferences-isak-fabrizio-romano\/#article","isPartOf":{"@id":"https:\/\/footdavant.fr\/actualites\/talks-to-continuer-liverpool-aligne-deja-un-autre-grand-transfert-au-milieu-des-conferences-isak-fabrizio-romano\/"},"author":{"name":"Cl\u00e9ment","@id":"https:\/\/footdavant.fr\/actualites\/#\/schema\/person\/bc222566d95871b37e597b3ed3ba5e1d"},"headline":"&#39;Talks to Continuer&#39;: Liverpool aligne d\u00e9j\u00e0 un autre grand transfert au milieu des conf\u00e9rences Isak &#8211; Fabrizio Romano","datePublished":"2025-08-01T23:48:42+00:00","dateModified":"2025-08-01T23:48:45+00:00","mainEntityOfPage":{"@id":"https:\/\/footdavant.fr\/actualites\/talks-to-continuer-liverpool-aligne-deja-un-autre-grand-transfert-au-milieu-des-conferences-isak-fabrizio-romano\/"},"wordCount":573,"publisher":{"@id":"https:\/\/footdavant.fr\/actualites\/#organization"},"keywords":["39Talks","aligne","autre","conf\u00e9rences","Continuer39","d\u00e9j\u00e0","des","Fabrizio","grand","Isak","Liverpool","milieu","Romano","transfert"],"articleSection":["Football"],"inLanguage":"fr-FR"},{"@type":"WebPage","@id":"https:\/\/footdavant.fr\/actualites\/talks-to-continuer-liverpool-aligne-deja-un-autre-grand-transfert-au-milieu-des-conferences-isak-fabrizio-romano\/","url":"https:\/\/footdavant.fr\/actualites\/talks-to-continuer-liverpool-aligne-deja-un-autre-grand-transfert-au-milieu-des-conferences-isak-fabrizio-romano\/","name":"&#39;Talks to Continuer&#39;: Liverpool aligne d\u00e9j\u00e0 un autre grand transfert au milieu des conf\u00e9rences Isak - Fabrizio Romano","isPartOf":{"@id":"https:\/\/footdavant.fr\/actualites\/#website"},"datePublished":"2025-08-01T23:48:42+00:00","dateModified":"2025-08-01T23:48:45+00:00","breadcrumb":{"@id":"https:\/\/footdavant.fr\/actualites\/talks-to-continuer-liverpool-aligne-deja-un-autre-grand-transfert-au-milieu-des-conferences-isak-fabrizio-romano\/#breadcrumb"},"inLanguage":"fr-FR","potentialAction":[{"@type":"ReadAction","target":["https:\/\/footdavant.fr\/actualites\/talks-to-continuer-liverpool-aligne-deja-un-autre-grand-transfert-au-milieu-des-conferences-isak-fabrizio-romano\/"]}]},{"@type":"BreadcrumbList","@id":"https:\/\/footdavant.fr\/actualites\/talks-to-continuer-liverpool-aligne-deja-un-autre-grand-transfert-au-milieu-des-conferences-isak-fabrizio-romano\/#breadcrumb","itemListElement":[{"@type":"ListItem","position":1,"name":"Accueil","item":"https:\/\/footdavant.fr\/actualites\/"},{"@type":"ListItem","position":2,"name":"&#39;Talks to Continuer&#39;: Liverpool aligne d\u00e9j\u00e0 un autre grand transfert au milieu des conf\u00e9rences Isak &#8211; Fabrizio Romano"}]},{"@type":"WebSite","@id":"https:\/\/footdavant.fr\/actualites\/#website","url":"https:\/\/footdavant.fr\/actualites\/","name":"Foot d'avant","description":"","publisher":{"@id":"https:\/\/footdavant.fr\/actualites\/#organization"},"potentialAction":[{"@type":"SearchAction","target":{"@type":"EntryPoint","urlTemplate":"https:\/\/footdavant.fr\/actualites\/?s={search_term_string}"},"query-input":"required name=search_term_string"}],"inLanguage":"fr-FR"},{"@type":"Organization","@id":"https:\/\/footdavant.fr\/actualites\/#organization","name":"Foot d'avant","url":"https:\/\/footdavant.fr\/actualites\/","logo":{"@type":"ImageObject","inLanguage":"fr-FR","@id":"https:\/\/footdavant.fr\/actualites\/#\/schema\/logo\/image\/","url":"https:\/\/footdavant.fr\/actualites\/wp-content\/uploads\/2023\/09\/Copy-of-FootDavant-Logo.png","contentUrl":"https:\/\/footdavant.fr\/actualites\/wp-content\/uploads\/2023\/09\/Copy-of-FootDavant-Logo.png","width":936,"height":549,"caption":"Foot d'avant"},"image":{"@id":"https:\/\/footdavant.fr\/actualites\/#\/schema\/logo\/image\/"},"sameAs":["https:\/\/www.facebook.com\/Footdavant\/","https:\/\/twitter.com\/FootdavantFr","https:\/\/www.instagram.com\/footdavant.fr\/"]},{"@type":"Person","@id":"https:\/\/footdavant.fr\/actualites\/#\/schema\/person\/bc222566d95871b37e597b3ed3ba5e1d","name":"Cl\u00e9ment","image":{"@type":"ImageObject","inLanguage":"fr-FR","@id":"https:\/\/footdavant.fr\/actualites\/#\/schema\/person\/image\/","url":"https:\/\/secure.gravatar.com\/avatar\/7728b29aac2719421e1a9159b2254c44?s=96&d=mm&r=g","contentUrl":"https:\/\/secure.gravatar.com\/avatar\/7728b29aac2719421e1a9159b2254c44?s=96&d=mm&r=g","caption":"Cl\u00e9ment"},"sameAs":["https:\/\/footdavant.fr\/"]}]}},"_links":{"self":[{"href":"https:\/\/footdavant.fr\/actualites\/wp-json\/wp\/v2\/posts\/26861"}],"collection":[{"href":"https:\/\/footdavant.fr\/actualites\/wp-json\/wp\/v2\/posts"}],"about":[{"href":"https:\/\/footdavant.fr\/actualites\/wp-json\/wp\/v2\/types\/post"}],"author":[{"embeddable":true,"href":"https:\/\/footdavant.fr\/actualites\/wp-json\/wp\/v2\/users\/1"}],"replies":[{"embeddable":true,"href":"https:\/\/footdavant.fr\/actualites\/wp-json\/wp\/v2\/comments?post=26861"}],"version-history":[{"count":1,"href":"https:\/\/footdavant.fr\/actualites\/wp-json\/wp\/v2\/posts\/26861\/revisions"}],"predecessor-version":[{"id":26863,"href":"https:\/\/footdavant.fr\/actualites\/wp-json\/wp\/v2\/posts\/26861\/revisions\/26863"}],"wp:featuredmedia":[{"embeddable":true,"href":"https:\/\/footdavant.fr\/actualites\/wp-json\/wp\/v2\/media\/26862"}],"wp:attachment":[{"href":"https:\/\/footdavant.fr\/actualites\/wp-json\/wp\/v2\/media?parent=26861"}],"wp:term":[{"taxonomy":"category","embeddable":true,"href":"https:\/\/footdavant.fr\/actualites\/wp-json\/wp\/v2\/categories?post=26861"},{"taxonomy":"post_tag","embeddable":true,"href":"https:\/\/footdavant.fr\/actualites\/wp-json\/wp\/v2\/tags?post=26861"}],"curies":[{"name":"wp","href":"https:\/\/api.w.org\/{rel}","templated":true}]}}