{"id":26935,"date":"2025-08-04T05:48:10","date_gmt":"2025-08-04T03:48:10","guid":{"rendered":"https:\/\/footdavant.fr\/actualites\/terry-mclaurin-des-commandants-demande-un-metier-au-milieu-de-la-frustration-du-contrat\/"},"modified":"2025-08-04T05:48:11","modified_gmt":"2025-08-04T03:48:11","slug":"terry-mclaurin-des-commandants-demande-un-metier-au-milieu-de-la-frustration-du-contrat","status":"publish","type":"post","link":"https:\/\/footdavant.fr\/actualites\/terry-mclaurin-des-commandants-demande-un-metier-au-milieu-de-la-frustration-du-contrat\/","title":{"rendered":"Terry McLaurin des commandants demande un m\u00e9tier au milieu de la frustration du contrat"},"content":{"rendered":"<div>\n<p>Jayden Daniels \u00e9tait la recrue offensive de l&#39;AP de l&#39;ann\u00e9e en 2024. Il a aid\u00e9 Terry McLaurin \u00e0 profiter de l&#39;une des saisons les plus productives de sa carri\u00e8re jusqu&#39;\u00e0 pr\u00e9sent. McLaurin a tendance \u00e0 venir au camp d&#39;entra\u00eenement en raison de n\u00e9gociations contractuelles. Jeudi soir, le Veteran WR a demand\u00e9 un m\u00e9tier \u00e0 Washington. Nous attendrons de voir si les commandants \u00e9changent leur meilleur WR.<\/p>\n<h2>Terry McLaurin joue \u00e0 Hardball avec le front office des commandants<\/h2>\n<blockquote class=\"twitter-tweet\">\n<p dir=\"ltr\" lang=\"en\">Terry McLaurin a demand\u00e9 un m\u00e9tier, comme<a rel=\"nofollow\" href=\"https:\/\/twitter.com\/Schultz_Report?ref_src=twsrc%5Etfw\">@Schultz_report<\/a>\u00c9galement signal\u00e9. <a rel=\"nofollow\" href=\"https:\/\/t.co\/USLMPGiPwt\">pic.twitter.com\/uslmpgipwt<\/a><\/p>\n<p>&#8211; Adam Schefter (@adamschefter) <a rel=\"nofollow\" href=\"https:\/\/twitter.com\/AdamSchefter\/status\/1951050601560785266?ref_src=twsrc%5Etfw\">31 juillet 2025<\/a><\/p>\n<\/blockquote>\n<p>Sans Terry McLaurin, l&#39;offensive de Washington serait radicalement diff\u00e9rente en 2025. Le joueur de 29 ans \u00e9tait le meilleur capteur de passe la saison derni\u00e8re pour QB Jayden Daniels. Il avait 82 captures pour 1 096 verges et un sommet en carri\u00e8re de 13 touch\u00e9s. McLaurin se dirige vers la derni\u00e8re saison d&#39;un contrat de 68 millions de dollars sur trois ans. Le Veteran WR est admissible \u00e0 une prolongation de contrat. Cependant, les commandants et McLaurin sont \u00e9loign\u00e9s de leurs n\u00e9gociations.<\/p>\n<p>Il est bien connu que Terry McLaurin recherche un contrat d&#39;une valeur de 30 millions de dollars en valeur moyenne annuelle. Au cours de la saison 2025, huit WR devraient \u00eatre pay\u00e9s 30 millions de dollars ou plus. McLaurin veut \u00eatre ajout\u00e9 \u00e0 cette liste. Cette intersaison, McLaurin s&#39;est lass\u00e9e des n\u00e9gociations contractuelles avec les commandants. Jeudi soir, il a demand\u00e9 un m\u00e9tier \u00e0 l&#39;\u00e9quipe.<\/p>\n<blockquote class=\"twitter-tweet\">\n<p dir=\"ltr\" lang=\"en\">\u00ab\u00a0Respectueusement, payez-le.\u00a0\u00bb<\/p>\n<p>\u2014Mands Ring of Fame WR Santana Moss sur la situation contractuelle de Terry McLaurin \ud83d\udc40 <a rel=\"nofollow\" href=\"https:\/\/t.co\/6rDoAhguRm\">pic.twitter.com\/6rdoahgurm<\/a><\/p>\n<p>&#8211; SportsCenter (@SportsCenter) <a rel=\"nofollow\" href=\"https:\/\/twitter.com\/SportsCenter\/status\/1949467059672297867?ref_src=twsrc%5Etfw\">27 juillet 2025<\/a><\/p>\n<\/blockquote>\n<p>Des sources autour de la NFL ont indiqu\u00e9 que les commandants n&#39;ont aucun int\u00e9r\u00eat \u00e0 n\u00e9gocier Terry McLaurin. Le directeur g\u00e9n\u00e9ral Adam Peters a comment\u00e9 publiquement, affirmant qu&#39;il voulait garder McLaurin \u00e0 Washington. Les commandants h\u00e9sitent \u00e0 re-signant McLaurin \u00e0 un accord \u00e0 long terme en raison de son \u00e2ge. Lorsque son extension commence pour la saison 2026, McLaurin aura 31 ans. C&#39;est g\u00e9n\u00e9ralement un \u00e2ge o\u00f9 les \u00e9quipes h\u00e9sitent \u00e0 signer un WR \u00e0 long terme.<\/p>\n<p>Terry McLaurin veut \u00eatre pay\u00e9 \u00e9quitablement cette intersaison. Ses statistiques de carri\u00e8re sont comparables \u00e0 DK Metcalf. Les deux joueurs \u00e9taient en cours de rep\u00eachage 2019. Apr\u00e8s avoir \u00e9t\u00e9 \u00e9chang\u00e9 aux Steelers, Metcalf a re\u00e7u un accord de 132 millions de dollars sur quatre ans avec 60 millions de dollars garantis. C&#39;est une valeur moyenne annuelle de 33 millions de dollars. MetlCaf a obtenu cet argent d&#39;une \u00e9quipe pour laquelle il n&#39;avait pas encore adopt\u00e9. Ce n&#39;est qu&#39;une question de temps jusqu&#39;\u00e0 ce que les commandants paient \u00e0 McLaurin l&#39;argent qu&#39;il m\u00e9rite \u00e0 juste titre.<\/p>\n<\/p><\/div>\n<p><script async src=\"https:\/\/platform.twitter.com\/widgets.js\" charset=\"utf-8\"><\/script><\/p>\n","protected":false},"excerpt":{"rendered":"<p>Jayden Daniels \u00e9tait la recrue offensive de l&#39;AP de l&#39;ann\u00e9e en 2024. Il a aid\u00e9 Terry McLaurin \u00e0 profiter de l&#39;une des saisons les plus<\/p>\n","protected":false},"author":1,"featured_media":26936,"comment_status":"closed","ping_status":"","sticky":false,"template":"","format":"standard","meta":{"footnotes":""},"categories":[3],"tags":[1834,1218,74,12,4752,9929,7922,441,502],"yoast_head":"<!-- This site is optimized with the Yoast SEO plugin v21.0 - https:\/\/yoast.com\/wordpress\/plugins\/seo\/ -->\n<title>Terry McLaurin des commandants demande un m\u00e9tier au milieu de la frustration du contrat<\/title>\n<meta name=\"robots\" content=\"index, follow, max-snippet:-1, max-image-preview:large, max-video-preview:-1\" \/>\n<link rel=\"canonical\" href=\"https:\/\/footdavant.fr\/actualites\/terry-mclaurin-des-commandants-demande-un-metier-au-milieu-de-la-frustration-du-contrat\/\" \/>\n<meta property=\"og:locale\" content=\"fr_FR\" \/>\n<meta property=\"og:type\" content=\"article\" \/>\n<meta property=\"og:title\" content=\"Terry McLaurin des commandants demande un m\u00e9tier au milieu de la frustration du contrat\" \/>\n<meta property=\"og:description\" content=\"Jayden Daniels \u00e9tait la recrue offensive de l&#039;AP de l&#039;ann\u00e9e en 2024. Il a aid\u00e9 Terry McLaurin \u00e0 profiter de l&#039;une des saisons les plus\" \/>\n<meta property=\"og:url\" content=\"https:\/\/footdavant.fr\/actualites\/terry-mclaurin-des-commandants-demande-un-metier-au-milieu-de-la-frustration-du-contrat\/\" \/>\n<meta property=\"og:site_name\" content=\"Foot d&#039;avant\" \/>\n<meta property=\"article:publisher\" content=\"https:\/\/www.facebook.com\/Footdavant\/\" \/>\n<meta property=\"article:published_time\" content=\"2025-08-04T03:48:10+00:00\" \/>\n<meta property=\"article:modified_time\" content=\"2025-08-04T03:48:11+00:00\" \/>\n<meta property=\"og:image\" content=\"https:\/\/footdavant.fr\/actualites\/wp-content\/uploads\/2025\/08\/Terry-McLaurin-des-commandants-demande-un-metier-au-milieu-de.jpg\" \/>\n\t<meta property=\"og:image:width\" content=\"696\" \/>\n\t<meta property=\"og:image:height\" content=\"464\" \/>\n\t<meta property=\"og:image:type\" content=\"image\/jpeg\" \/>\n<meta name=\"author\" content=\"Cl\u00e9ment\" \/>\n<meta name=\"twitter:card\" content=\"summary_large_image\" \/>\n<meta name=\"twitter:creator\" content=\"@FootdavantFr\" \/>\n<meta name=\"twitter:site\" content=\"@FootdavantFr\" \/>\n<meta name=\"twitter:label1\" content=\"\u00c9crit par\" \/>\n\t<meta name=\"twitter:data1\" content=\"Cl\u00e9ment\" \/>\n\t<meta name=\"twitter:label2\" content=\"Dur\u00e9e de lecture estim\u00e9e\" \/>\n\t<meta name=\"twitter:data2\" content=\"2 minutes\" \/>\n<script type=\"application\/ld+json\" class=\"yoast-schema-graph\">{\"@context\":\"https:\/\/schema.org\",\"@graph\":[{\"@type\":\"Article\",\"@id\":\"https:\/\/footdavant.fr\/actualites\/terry-mclaurin-des-commandants-demande-un-metier-au-milieu-de-la-frustration-du-contrat\/#article\",\"isPartOf\":{\"@id\":\"https:\/\/footdavant.fr\/actualites\/terry-mclaurin-des-commandants-demande-un-metier-au-milieu-de-la-frustration-du-contrat\/\"},\"author\":{\"name\":\"Cl\u00e9ment\",\"@id\":\"https:\/\/footdavant.fr\/actualites\/#\/schema\/person\/bc222566d95871b37e597b3ed3ba5e1d\"},\"headline\":\"Terry McLaurin des commandants demande un m\u00e9tier au milieu de la frustration du contrat\",\"datePublished\":\"2025-08-04T03:48:10+00:00\",\"dateModified\":\"2025-08-04T03:48:11+00:00\",\"mainEntityOfPage\":{\"@id\":\"https:\/\/footdavant.fr\/actualites\/terry-mclaurin-des-commandants-demande-un-metier-au-milieu-de-la-frustration-du-contrat\/\"},\"wordCount\":472,\"publisher\":{\"@id\":\"https:\/\/footdavant.fr\/actualites\/#organization\"},\"keywords\":[\"commandants\",\"contrat\",\"demand\u00e9\",\"des\",\"frustration\",\"McLaurin\",\"m\u00e9tier\",\"milieu\",\"Terry\"],\"articleSection\":[\"Football\"],\"inLanguage\":\"fr-FR\"},{\"@type\":\"WebPage\",\"@id\":\"https:\/\/footdavant.fr\/actualites\/terry-mclaurin-des-commandants-demande-un-metier-au-milieu-de-la-frustration-du-contrat\/\",\"url\":\"https:\/\/footdavant.fr\/actualites\/terry-mclaurin-des-commandants-demande-un-metier-au-milieu-de-la-frustration-du-contrat\/\",\"name\":\"Terry McLaurin des commandants demande un m\u00e9tier au milieu de la frustration du contrat\",\"isPartOf\":{\"@id\":\"https:\/\/footdavant.fr\/actualites\/#website\"},\"datePublished\":\"2025-08-04T03:48:10+00:00\",\"dateModified\":\"2025-08-04T03:48:11+00:00\",\"breadcrumb\":{\"@id\":\"https:\/\/footdavant.fr\/actualites\/terry-mclaurin-des-commandants-demande-un-metier-au-milieu-de-la-frustration-du-contrat\/#breadcrumb\"},\"inLanguage\":\"fr-FR\",\"potentialAction\":[{\"@type\":\"ReadAction\",\"target\":[\"https:\/\/footdavant.fr\/actualites\/terry-mclaurin-des-commandants-demande-un-metier-au-milieu-de-la-frustration-du-contrat\/\"]}]},{\"@type\":\"BreadcrumbList\",\"@id\":\"https:\/\/footdavant.fr\/actualites\/terry-mclaurin-des-commandants-demande-un-metier-au-milieu-de-la-frustration-du-contrat\/#breadcrumb\",\"itemListElement\":[{\"@type\":\"ListItem\",\"position\":1,\"name\":\"Accueil\",\"item\":\"https:\/\/footdavant.fr\/actualites\/\"},{\"@type\":\"ListItem\",\"position\":2,\"name\":\"Terry McLaurin des commandants demande un m\u00e9tier au milieu de la frustration du contrat\"}]},{\"@type\":\"WebSite\",\"@id\":\"https:\/\/footdavant.fr\/actualites\/#website\",\"url\":\"https:\/\/footdavant.fr\/actualites\/\",\"name\":\"Foot d'avant\",\"description\":\"\",\"publisher\":{\"@id\":\"https:\/\/footdavant.fr\/actualites\/#organization\"},\"potentialAction\":[{\"@type\":\"SearchAction\",\"target\":{\"@type\":\"EntryPoint\",\"urlTemplate\":\"https:\/\/footdavant.fr\/actualites\/?s={search_term_string}\"},\"query-input\":\"required name=search_term_string\"}],\"inLanguage\":\"fr-FR\"},{\"@type\":\"Organization\",\"@id\":\"https:\/\/footdavant.fr\/actualites\/#organization\",\"name\":\"Foot d'avant\",\"url\":\"https:\/\/footdavant.fr\/actualites\/\",\"logo\":{\"@type\":\"ImageObject\",\"inLanguage\":\"fr-FR\",\"@id\":\"https:\/\/footdavant.fr\/actualites\/#\/schema\/logo\/image\/\",\"url\":\"https:\/\/footdavant.fr\/actualites\/wp-content\/uploads\/2023\/09\/Copy-of-FootDavant-Logo.png\",\"contentUrl\":\"https:\/\/footdavant.fr\/actualites\/wp-content\/uploads\/2023\/09\/Copy-of-FootDavant-Logo.png\",\"width\":936,\"height\":549,\"caption\":\"Foot d'avant\"},\"image\":{\"@id\":\"https:\/\/footdavant.fr\/actualites\/#\/schema\/logo\/image\/\"},\"sameAs\":[\"https:\/\/www.facebook.com\/Footdavant\/\",\"https:\/\/twitter.com\/FootdavantFr\",\"https:\/\/www.instagram.com\/footdavant.fr\/\"]},{\"@type\":\"Person\",\"@id\":\"https:\/\/footdavant.fr\/actualites\/#\/schema\/person\/bc222566d95871b37e597b3ed3ba5e1d\",\"name\":\"Cl\u00e9ment\",\"image\":{\"@type\":\"ImageObject\",\"inLanguage\":\"fr-FR\",\"@id\":\"https:\/\/footdavant.fr\/actualites\/#\/schema\/person\/image\/\",\"url\":\"https:\/\/secure.gravatar.com\/avatar\/7728b29aac2719421e1a9159b2254c44?s=96&d=mm&r=g\",\"contentUrl\":\"https:\/\/secure.gravatar.com\/avatar\/7728b29aac2719421e1a9159b2254c44?s=96&d=mm&r=g\",\"caption\":\"Cl\u00e9ment\"},\"sameAs\":[\"https:\/\/footdavant.fr\/\"]}]}<\/script>\n<!-- \/ Yoast SEO plugin. -->","yoast_head_json":{"title":"Terry McLaurin des commandants demande un m\u00e9tier au milieu de la frustration du contrat","robots":{"index":"index","follow":"follow","max-snippet":"max-snippet:-1","max-image-preview":"max-image-preview:large","max-video-preview":"max-video-preview:-1"},"canonical":"https:\/\/footdavant.fr\/actualites\/terry-mclaurin-des-commandants-demande-un-metier-au-milieu-de-la-frustration-du-contrat\/","og_locale":"fr_FR","og_type":"article","og_title":"Terry McLaurin des commandants demande un m\u00e9tier au milieu de la frustration du contrat","og_description":"Jayden Daniels \u00e9tait la recrue offensive de l&#39;AP de l&#39;ann\u00e9e en 2024. Il a aid\u00e9 Terry McLaurin \u00e0 profiter de l&#39;une des saisons les plus","og_url":"https:\/\/footdavant.fr\/actualites\/terry-mclaurin-des-commandants-demande-un-metier-au-milieu-de-la-frustration-du-contrat\/","og_site_name":"Foot d&#039;avant","article_publisher":"https:\/\/www.facebook.com\/Footdavant\/","article_published_time":"2025-08-04T03:48:10+00:00","article_modified_time":"2025-08-04T03:48:11+00:00","og_image":[{"width":696,"height":464,"url":"https:\/\/footdavant.fr\/actualites\/wp-content\/uploads\/2025\/08\/Terry-McLaurin-des-commandants-demande-un-metier-au-milieu-de.jpg","type":"image\/jpeg"}],"author":"Cl\u00e9ment","twitter_card":"summary_large_image","twitter_creator":"@FootdavantFr","twitter_site":"@FootdavantFr","twitter_misc":{"\u00c9crit par":"Cl\u00e9ment","Dur\u00e9e de lecture estim\u00e9e":"2 minutes"},"schema":{"@context":"https:\/\/schema.org","@graph":[{"@type":"Article","@id":"https:\/\/footdavant.fr\/actualites\/terry-mclaurin-des-commandants-demande-un-metier-au-milieu-de-la-frustration-du-contrat\/#article","isPartOf":{"@id":"https:\/\/footdavant.fr\/actualites\/terry-mclaurin-des-commandants-demande-un-metier-au-milieu-de-la-frustration-du-contrat\/"},"author":{"name":"Cl\u00e9ment","@id":"https:\/\/footdavant.fr\/actualites\/#\/schema\/person\/bc222566d95871b37e597b3ed3ba5e1d"},"headline":"Terry McLaurin des commandants demande un m\u00e9tier au milieu de la frustration du contrat","datePublished":"2025-08-04T03:48:10+00:00","dateModified":"2025-08-04T03:48:11+00:00","mainEntityOfPage":{"@id":"https:\/\/footdavant.fr\/actualites\/terry-mclaurin-des-commandants-demande-un-metier-au-milieu-de-la-frustration-du-contrat\/"},"wordCount":472,"publisher":{"@id":"https:\/\/footdavant.fr\/actualites\/#organization"},"keywords":["commandants","contrat","demand\u00e9","des","frustration","McLaurin","m\u00e9tier","milieu","Terry"],"articleSection":["Football"],"inLanguage":"fr-FR"},{"@type":"WebPage","@id":"https:\/\/footdavant.fr\/actualites\/terry-mclaurin-des-commandants-demande-un-metier-au-milieu-de-la-frustration-du-contrat\/","url":"https:\/\/footdavant.fr\/actualites\/terry-mclaurin-des-commandants-demande-un-metier-au-milieu-de-la-frustration-du-contrat\/","name":"Terry McLaurin des commandants demande un m\u00e9tier au milieu de la frustration du contrat","isPartOf":{"@id":"https:\/\/footdavant.fr\/actualites\/#website"},"datePublished":"2025-08-04T03:48:10+00:00","dateModified":"2025-08-04T03:48:11+00:00","breadcrumb":{"@id":"https:\/\/footdavant.fr\/actualites\/terry-mclaurin-des-commandants-demande-un-metier-au-milieu-de-la-frustration-du-contrat\/#breadcrumb"},"inLanguage":"fr-FR","potentialAction":[{"@type":"ReadAction","target":["https:\/\/footdavant.fr\/actualites\/terry-mclaurin-des-commandants-demande-un-metier-au-milieu-de-la-frustration-du-contrat\/"]}]},{"@type":"BreadcrumbList","@id":"https:\/\/footdavant.fr\/actualites\/terry-mclaurin-des-commandants-demande-un-metier-au-milieu-de-la-frustration-du-contrat\/#breadcrumb","itemListElement":[{"@type":"ListItem","position":1,"name":"Accueil","item":"https:\/\/footdavant.fr\/actualites\/"},{"@type":"ListItem","position":2,"name":"Terry McLaurin des commandants demande un m\u00e9tier au milieu de la frustration du contrat"}]},{"@type":"WebSite","@id":"https:\/\/footdavant.fr\/actualites\/#website","url":"https:\/\/footdavant.fr\/actualites\/","name":"Foot d'avant","description":"","publisher":{"@id":"https:\/\/footdavant.fr\/actualites\/#organization"},"potentialAction":[{"@type":"SearchAction","target":{"@type":"EntryPoint","urlTemplate":"https:\/\/footdavant.fr\/actualites\/?s={search_term_string}"},"query-input":"required name=search_term_string"}],"inLanguage":"fr-FR"},{"@type":"Organization","@id":"https:\/\/footdavant.fr\/actualites\/#organization","name":"Foot d'avant","url":"https:\/\/footdavant.fr\/actualites\/","logo":{"@type":"ImageObject","inLanguage":"fr-FR","@id":"https:\/\/footdavant.fr\/actualites\/#\/schema\/logo\/image\/","url":"https:\/\/footdavant.fr\/actualites\/wp-content\/uploads\/2023\/09\/Copy-of-FootDavant-Logo.png","contentUrl":"https:\/\/footdavant.fr\/actualites\/wp-content\/uploads\/2023\/09\/Copy-of-FootDavant-Logo.png","width":936,"height":549,"caption":"Foot d'avant"},"image":{"@id":"https:\/\/footdavant.fr\/actualites\/#\/schema\/logo\/image\/"},"sameAs":["https:\/\/www.facebook.com\/Footdavant\/","https:\/\/twitter.com\/FootdavantFr","https:\/\/www.instagram.com\/footdavant.fr\/"]},{"@type":"Person","@id":"https:\/\/footdavant.fr\/actualites\/#\/schema\/person\/bc222566d95871b37e597b3ed3ba5e1d","name":"Cl\u00e9ment","image":{"@type":"ImageObject","inLanguage":"fr-FR","@id":"https:\/\/footdavant.fr\/actualites\/#\/schema\/person\/image\/","url":"https:\/\/secure.gravatar.com\/avatar\/7728b29aac2719421e1a9159b2254c44?s=96&d=mm&r=g","contentUrl":"https:\/\/secure.gravatar.com\/avatar\/7728b29aac2719421e1a9159b2254c44?s=96&d=mm&r=g","caption":"Cl\u00e9ment"},"sameAs":["https:\/\/footdavant.fr\/"]}]}},"_links":{"self":[{"href":"https:\/\/footdavant.fr\/actualites\/wp-json\/wp\/v2\/posts\/26935"}],"collection":[{"href":"https:\/\/footdavant.fr\/actualites\/wp-json\/wp\/v2\/posts"}],"about":[{"href":"https:\/\/footdavant.fr\/actualites\/wp-json\/wp\/v2\/types\/post"}],"author":[{"embeddable":true,"href":"https:\/\/footdavant.fr\/actualites\/wp-json\/wp\/v2\/users\/1"}],"replies":[{"embeddable":true,"href":"https:\/\/footdavant.fr\/actualites\/wp-json\/wp\/v2\/comments?post=26935"}],"version-history":[{"count":1,"href":"https:\/\/footdavant.fr\/actualites\/wp-json\/wp\/v2\/posts\/26935\/revisions"}],"predecessor-version":[{"id":26937,"href":"https:\/\/footdavant.fr\/actualites\/wp-json\/wp\/v2\/posts\/26935\/revisions\/26937"}],"wp:featuredmedia":[{"embeddable":true,"href":"https:\/\/footdavant.fr\/actualites\/wp-json\/wp\/v2\/media\/26936"}],"wp:attachment":[{"href":"https:\/\/footdavant.fr\/actualites\/wp-json\/wp\/v2\/media?parent=26935"}],"wp:term":[{"taxonomy":"category","embeddable":true,"href":"https:\/\/footdavant.fr\/actualites\/wp-json\/wp\/v2\/categories?post=26935"},{"taxonomy":"post_tag","embeddable":true,"href":"https:\/\/footdavant.fr\/actualites\/wp-json\/wp\/v2\/tags?post=26935"}],"curies":[{"name":"wp","href":"https:\/\/api.w.org\/{rel}","templated":true}]}}