{"id":26938,"date":"2025-08-04T06:48:08","date_gmt":"2025-08-04T04:48:08","guid":{"rendered":"https:\/\/footdavant.fr\/actualites\/apercu-breidablik-vs-lech-poznan-prediction-nouvelles-dequipe-alignements\/"},"modified":"2025-08-04T06:48:09","modified_gmt":"2025-08-04T04:48:09","slug":"apercu-breidablik-vs-lech-poznan-prediction-nouvelles-dequipe-alignements","status":"publish","type":"post","link":"https:\/\/footdavant.fr\/actualites\/apercu-breidablik-vs-lech-poznan-prediction-nouvelles-dequipe-alignements\/","title":{"rendered":"Aper\u00e7u: Breidablik vs Lech Poznan &#8211; Pr\u00e9diction, nouvelles d&#39;\u00e9quipe, alignements"},"content":{"rendered":"<p>Sports Mole pr\u00e9visualise le conflit de la Ligue des champions de mercredi entre Breidablik et Lech Poznan, y compris les pr\u00e9dictions, les nouvelles de l&#39;\u00e9quipe et les alignements possibles.<\/p>\n<div id=\"article_body\" itemprop=\"articleBody\">\n<p><strong class=\"autotag\">Breidablik et <strong class=\"autotag\">Lech Poznan conclura leur <strong class=\"autotag\">Le deuxi\u00e8me tour de la Ligue des champions au deuxi\u00e8me tour \u00e0 match nul lors du deuxi\u00e8me \u00e9tage de mercredi \u00e0 Kopavogsvollur. <\/p>\n<p>Avec un d\u00e9ficit de six buts \u00e0 rattraper, l&#39;\u00e9quipe locale est confront\u00e9e \u00e0 une t\u00e2che presque assurmontable pour garder leur r\u00eave de pr\u00e9senter dans le premier concours de clubs d&#39;Europe en vie.<\/p>\n<p><\/p>\n<h2>Aper\u00e7u de correspondance<\/h2>\n<p>Toujours sous le choc de leur continent martelant quatre jours auparavant, Breidablik a r\u00e9ussi \u00e0 forcer une part du butin de la rencontre de la ligue de samedi contre Kr Reykjavik.<\/p>\n<p>Apr\u00e8s \u00eatre all\u00e9 derri\u00e8re <strong class=\"autotag\">La frappe de Matthias Praest sur le coup de la mi-temps, <strong class=\"autotag\">Les hommes de Halldor Arnason ont r\u00e9tabli la parit\u00e9 un peu timide de la marque <strong class=\"autotag\">Agust Thorsteinssson.<\/p>\n<p>Les points abandonn\u00e9s de Blikar, la derni\u00e8re fois, les ont vus perdre du terrain dans leur poursuite du titre, car ils se sont d\u00e9sormais des chefs de file de la valeur de deux points avant les six derniers matchs de la saison.<\/p>\n<p>En attendant, Breidablik entreprendra de sauver ce qui ressemble de plus en plus \u00e0 une cause perdue \u00e0 l&#39;arri\u00e8re d&#39;un spectacle d&#39;horreur \u00e0 Poznan en route vers un mauling 7-1 lors du match aller de la semaine derni\u00e8re.<\/p>\n<p>Les h\u00f4tes de mercredi ont \u00e9t\u00e9 impitoyablement puni pour <strong class=\"autotag\">L&#39;envoi de Viktor Orn Margeirsson avec le niveau des scores \u00e0 1-1, ce qui est conforme au manque de discipline de Breidablik ce terme.<\/p>\n<p>Breidablik a frapp\u00e9 Egnatia pour cinq dans son dernier match continental sur le gazon \u00e0 domicile. Et tout semblant de cette performance ici pourrait \u00eatre le catalyseur pour raviver leur chasse au succ\u00e8s domestique et, par cons\u00e9quent, une place lors des qualifications de la Ligue des champions de la saison prochaine.<\/p>\n<p class=\"imgI\">\n<p>\u00c0 l&#39;arri\u00e8re d&#39;un d\u00e9but difficile \u00e0 la campagne qui les a vus perdre la Super Cup polonaise contre Legia Varsovie ainsi que leur match de ligue d&#39;ouverture contre Cracovia, Lech Poznan a tourn\u00e9 un corner.<\/p>\n<p><strong class=\"autotag\">Les hommes de Niels Frederiksen ont suivi leur victoire cat\u00e9gorique sur Breidablik avec une victoire passionnante de 4-3 contre Lechia Gdansk et ont maintenant marqu\u00e9 11 buts au cours de leurs deux derniers matchs.<\/p>\n<p>Cependant, Duma Wielkopolski a \u00e9galement \u00e9t\u00e9 d\u00e9fensivement tremblante sans feuilles propres en six matchs cons\u00e9cutifs et devra se trier \u00e0 l&#39;arri\u00e8re.<\/p>\n<p>\u00c0 moins de tout retour incroyable lors de la conclusion de mercredi, le c\u00f4t\u00e9 \u00e0 l&#39;ext\u00e9rieur est \u00e0 90 minutes de l&#39;\u00e9cart de troisi\u00e8me tour avec Lincoln Red Imps ou la star de Red Belgrade.<\/p>\n<p>Invaincu dans chacune de leurs cinq derni\u00e8res sorties \u00e0 l&#39;ext\u00e9rieur datant de la saison derni\u00e8re, Lech Poznan a \u00e9t\u00e9 solide sur le territoire ennemi, o\u00f9 ils ont perdu pour la derni\u00e8re fois en mars. <\/p>\n<p class=\"bM8\">Formulaire de qualification de Breidablik Champions League:<\/p>\n<p class=\"bM8\">Forme Breidablik (toutes les comp\u00e9titions):<\/p>\n<p class=\"bM8\">Formulaire de qualification de Lech Poznan Champions League:<\/p>\n<p class=\"bM8\">Formulaire de Lech Poznan (toutes les comp\u00e9titions):<\/p>\n<p><\/p>\n<h2>Nouvelles de l&#39;\u00e9quipe<\/h2>\n<p class=\"imgI\">\n<p>Viktor Orn Margeirsson, trente et un ans, est suspendu pour Breidablik apr\u00e8s avoir re\u00e7u ses ordres de marche pour une faute professionnelle de dernier homme au match aller.<\/p>\n<p>Par cons\u00e9quent, <strong class=\"autotag\">Damir Muminovic devrait obtenir le clin d&#39;\u0153il \u00e0 la d\u00e9fense aux c\u00f4t\u00e9s d&#39;Asgeir Helgi Orrason apr\u00e8s son rappel au XI pour la mission domestique de samedi.<\/p>\n<p><strong class=\"autotag\">Bartlomej Baranski et <strong class=\"autotag\">Radoslaw Murawski n&#39;est pas disponible pour Lech Poznan par des blessures musculaires et des jambes, tandis que <strong class=\"autotag\">Daniel Hakans manque \u00e0 cause d&#39;un probl\u00e8me de cheville.<\/p>\n<p><strong class=\"autotag\">Patrik Walemark a subi une intervention chirurgicale plus t\u00f4t ce mois-ci, et le Su\u00e9dois ne devrait pas faire son retour \u00e0 l&#39;action de sit\u00f4t.<\/p>\n<p><strong class=\"autotag\">Mikael Ishak a trouv\u00e9 le fond du filet six fois lors de ses cinq derniers matchs pour l&#39;\u00e9quipe \u00e0 l&#39;ext\u00e9rieur, ce qui fait de 32 ans pour garder un \u0153il.<\/p>\n<p>Breidablik Possible de d\u00e9marrage possible:<\/p>\n<p>Einarsson; K Jonsson, Muminovic, Orrason, Valgeirsson; Ludviksson, un Jonsson, Gunnlaugsson; Einarsson, Thomsen, Thorsteinsson<\/p>\n<p>Lech poznan \u00e9ventuel gamme de d\u00e9part:<\/p>\n<p>Mrozek; Gurgul, Milic, Skrzypczak, Pereira; Kozubal, Jagiello; Bengtsson, Sousa, Szymczak; Ishak<\/p>\n<p class=\"sm_center\">\n<h2 class=\"sm_center\">Nous disons: Breidablik 1-3 Lech Poznan (Lech Poznan gagne 10-2 sur agr\u00e9gat)<\/h2>\n<p>Lech Poznan a d\u00e9j\u00e0 un pied au tour suivant et peut se permettre de sonner les changements pour celui-ci, bien que nous nous attendions \u00e0 ce que la tenue polonaise nomme n\u00e9anmoins un c\u00f4t\u00e9 fort.<\/p>\n<p>Bien que nous puissions voir les h\u00f4tes mettre en place une meilleure r\u00e9sistance cette fois-ci, nous nous attendons toujours \u00e0 ce que le c\u00f4t\u00e9 \u00e0 l&#39;ext\u00e9rieur \u00e9merge triomphant lorsque tout est dit et fait.<\/p>\n<p>Pour l&#39;analyse des donn\u00e9es des r\u00e9sultats les plus probables, les scores et plus encore pour cette correspondance, veuillez cliquer ici.<\/p>\n<p><\/p>\n<div class=\"author_box\">\n<div class=\"author_box_banner\"> <\/div>\n<\/div>\n<h2>Aper\u00e7u par e-mail<\/h2>\n<div>Cliquez ici pour recevoir les e-mails quotidiens de Sports Mole des aper\u00e7us et des pr\u00e9dictions pour chaque jeu majeur!<\/div>\n<p><\/div>\n","protected":false},"excerpt":{"rendered":"<p>Sports Mole pr\u00e9visualise le conflit de la Ligue des champions de mercredi entre Breidablik et Lech Poznan, y compris les pr\u00e9dictions, les nouvelles de l&#39;\u00e9quipe<\/p>\n","protected":false},"author":1,"featured_media":26939,"comment_status":"closed","ping_status":"","sticky":false,"template":"","format":"standard","meta":{"footnotes":""},"categories":[4],"tags":[7750,284,9813,4628,9980,461,9981,3917],"yoast_head":"<!-- This site is optimized with the Yoast SEO plugin v21.0 - https:\/\/yoast.com\/wordpress\/plugins\/seo\/ -->\n<title>Aper\u00e7u: Breidablik vs Lech Poznan - Pr\u00e9diction, nouvelles d&#039;\u00e9quipe, alignements<\/title>\n<meta name=\"robots\" content=\"index, follow, max-snippet:-1, max-image-preview:large, max-video-preview:-1\" \/>\n<link rel=\"canonical\" href=\"https:\/\/footdavant.fr\/actualites\/apercu-breidablik-vs-lech-poznan-prediction-nouvelles-dequipe-alignements\/\" \/>\n<meta property=\"og:locale\" content=\"fr_FR\" \/>\n<meta property=\"og:type\" content=\"article\" \/>\n<meta property=\"og:title\" content=\"Aper\u00e7u: Breidablik vs Lech Poznan - Pr\u00e9diction, nouvelles d&#039;\u00e9quipe, alignements\" \/>\n<meta property=\"og:description\" content=\"Sports Mole pr\u00e9visualise le conflit de la Ligue des champions de mercredi entre Breidablik et Lech Poznan, y compris les pr\u00e9dictions, les nouvelles de l&#039;\u00e9quipe\" \/>\n<meta property=\"og:url\" content=\"https:\/\/footdavant.fr\/actualites\/apercu-breidablik-vs-lech-poznan-prediction-nouvelles-dequipe-alignements\/\" \/>\n<meta property=\"og:site_name\" content=\"Foot d&#039;avant\" \/>\n<meta property=\"article:publisher\" content=\"https:\/\/www.facebook.com\/Footdavant\/\" \/>\n<meta property=\"article:published_time\" content=\"2025-08-04T04:48:08+00:00\" \/>\n<meta property=\"article:modified_time\" content=\"2025-08-04T04:48:09+00:00\" \/>\n<meta property=\"og:image\" content=\"https:\/\/footdavant.fr\/actualites\/wp-content\/uploads\/2025\/08\/Apercu-Breidablik-vs-Lech-Poznan-Prediction-nouvelles-d39equipe-alignements.jpg\" \/>\n\t<meta property=\"og:image:width\" content=\"640\" \/>\n\t<meta property=\"og:image:height\" content=\"480\" \/>\n\t<meta property=\"og:image:type\" content=\"image\/jpeg\" \/>\n<meta name=\"author\" content=\"Cl\u00e9ment\" \/>\n<meta name=\"twitter:card\" content=\"summary_large_image\" \/>\n<meta name=\"twitter:creator\" content=\"@FootdavantFr\" \/>\n<meta name=\"twitter:site\" content=\"@FootdavantFr\" \/>\n<meta name=\"twitter:label1\" content=\"\u00c9crit par\" \/>\n\t<meta name=\"twitter:data1\" content=\"Cl\u00e9ment\" \/>\n\t<meta name=\"twitter:label2\" content=\"Dur\u00e9e de lecture estim\u00e9e\" \/>\n\t<meta name=\"twitter:data2\" content=\"4 minutes\" \/>\n<script type=\"application\/ld+json\" class=\"yoast-schema-graph\">{\"@context\":\"https:\/\/schema.org\",\"@graph\":[{\"@type\":\"Article\",\"@id\":\"https:\/\/footdavant.fr\/actualites\/apercu-breidablik-vs-lech-poznan-prediction-nouvelles-dequipe-alignements\/#article\",\"isPartOf\":{\"@id\":\"https:\/\/footdavant.fr\/actualites\/apercu-breidablik-vs-lech-poznan-prediction-nouvelles-dequipe-alignements\/\"},\"author\":{\"name\":\"Cl\u00e9ment\",\"@id\":\"https:\/\/footdavant.fr\/actualites\/#\/schema\/person\/bc222566d95871b37e597b3ed3ba5e1d\"},\"headline\":\"Aper\u00e7u: Breidablik vs Lech Poznan &#8211; Pr\u00e9diction, nouvelles d&#39;\u00e9quipe, alignements\",\"datePublished\":\"2025-08-04T04:48:08+00:00\",\"dateModified\":\"2025-08-04T04:48:09+00:00\",\"mainEntityOfPage\":{\"@id\":\"https:\/\/footdavant.fr\/actualites\/apercu-breidablik-vs-lech-poznan-prediction-nouvelles-dequipe-alignements\/\"},\"wordCount\":880,\"publisher\":{\"@id\":\"https:\/\/footdavant.fr\/actualites\/#organization\"},\"keywords\":[\"alignements\",\"Aper\u00e7u\",\"Breidablik\",\"d39\u00e9quipe\",\"Lech\",\"Nouvelles\",\"Poznan\",\"pr\u00e9diction\"],\"articleSection\":[\"Champions League\"],\"inLanguage\":\"fr-FR\"},{\"@type\":\"WebPage\",\"@id\":\"https:\/\/footdavant.fr\/actualites\/apercu-breidablik-vs-lech-poznan-prediction-nouvelles-dequipe-alignements\/\",\"url\":\"https:\/\/footdavant.fr\/actualites\/apercu-breidablik-vs-lech-poznan-prediction-nouvelles-dequipe-alignements\/\",\"name\":\"Aper\u00e7u: Breidablik vs Lech Poznan - Pr\u00e9diction, nouvelles d&#39;\u00e9quipe, alignements\",\"isPartOf\":{\"@id\":\"https:\/\/footdavant.fr\/actualites\/#website\"},\"datePublished\":\"2025-08-04T04:48:08+00:00\",\"dateModified\":\"2025-08-04T04:48:09+00:00\",\"breadcrumb\":{\"@id\":\"https:\/\/footdavant.fr\/actualites\/apercu-breidablik-vs-lech-poznan-prediction-nouvelles-dequipe-alignements\/#breadcrumb\"},\"inLanguage\":\"fr-FR\",\"potentialAction\":[{\"@type\":\"ReadAction\",\"target\":[\"https:\/\/footdavant.fr\/actualites\/apercu-breidablik-vs-lech-poznan-prediction-nouvelles-dequipe-alignements\/\"]}]},{\"@type\":\"BreadcrumbList\",\"@id\":\"https:\/\/footdavant.fr\/actualites\/apercu-breidablik-vs-lech-poznan-prediction-nouvelles-dequipe-alignements\/#breadcrumb\",\"itemListElement\":[{\"@type\":\"ListItem\",\"position\":1,\"name\":\"Accueil\",\"item\":\"https:\/\/footdavant.fr\/actualites\/\"},{\"@type\":\"ListItem\",\"position\":2,\"name\":\"Aper\u00e7u: Breidablik vs Lech Poznan &#8211; Pr\u00e9diction, nouvelles d&#39;\u00e9quipe, alignements\"}]},{\"@type\":\"WebSite\",\"@id\":\"https:\/\/footdavant.fr\/actualites\/#website\",\"url\":\"https:\/\/footdavant.fr\/actualites\/\",\"name\":\"Foot d'avant\",\"description\":\"\",\"publisher\":{\"@id\":\"https:\/\/footdavant.fr\/actualites\/#organization\"},\"potentialAction\":[{\"@type\":\"SearchAction\",\"target\":{\"@type\":\"EntryPoint\",\"urlTemplate\":\"https:\/\/footdavant.fr\/actualites\/?s={search_term_string}\"},\"query-input\":\"required name=search_term_string\"}],\"inLanguage\":\"fr-FR\"},{\"@type\":\"Organization\",\"@id\":\"https:\/\/footdavant.fr\/actualites\/#organization\",\"name\":\"Foot d'avant\",\"url\":\"https:\/\/footdavant.fr\/actualites\/\",\"logo\":{\"@type\":\"ImageObject\",\"inLanguage\":\"fr-FR\",\"@id\":\"https:\/\/footdavant.fr\/actualites\/#\/schema\/logo\/image\/\",\"url\":\"https:\/\/footdavant.fr\/actualites\/wp-content\/uploads\/2023\/09\/Copy-of-FootDavant-Logo.png\",\"contentUrl\":\"https:\/\/footdavant.fr\/actualites\/wp-content\/uploads\/2023\/09\/Copy-of-FootDavant-Logo.png\",\"width\":936,\"height\":549,\"caption\":\"Foot d'avant\"},\"image\":{\"@id\":\"https:\/\/footdavant.fr\/actualites\/#\/schema\/logo\/image\/\"},\"sameAs\":[\"https:\/\/www.facebook.com\/Footdavant\/\",\"https:\/\/twitter.com\/FootdavantFr\",\"https:\/\/www.instagram.com\/footdavant.fr\/\"]},{\"@type\":\"Person\",\"@id\":\"https:\/\/footdavant.fr\/actualites\/#\/schema\/person\/bc222566d95871b37e597b3ed3ba5e1d\",\"name\":\"Cl\u00e9ment\",\"image\":{\"@type\":\"ImageObject\",\"inLanguage\":\"fr-FR\",\"@id\":\"https:\/\/footdavant.fr\/actualites\/#\/schema\/person\/image\/\",\"url\":\"https:\/\/secure.gravatar.com\/avatar\/7728b29aac2719421e1a9159b2254c44?s=96&d=mm&r=g\",\"contentUrl\":\"https:\/\/secure.gravatar.com\/avatar\/7728b29aac2719421e1a9159b2254c44?s=96&d=mm&r=g\",\"caption\":\"Cl\u00e9ment\"},\"sameAs\":[\"https:\/\/footdavant.fr\/\"]}]}<\/script>\n<!-- \/ Yoast SEO plugin. -->","yoast_head_json":{"title":"Aper\u00e7u: Breidablik vs Lech Poznan - Pr\u00e9diction, nouvelles d&#39;\u00e9quipe, alignements","robots":{"index":"index","follow":"follow","max-snippet":"max-snippet:-1","max-image-preview":"max-image-preview:large","max-video-preview":"max-video-preview:-1"},"canonical":"https:\/\/footdavant.fr\/actualites\/apercu-breidablik-vs-lech-poznan-prediction-nouvelles-dequipe-alignements\/","og_locale":"fr_FR","og_type":"article","og_title":"Aper\u00e7u: Breidablik vs Lech Poznan - Pr\u00e9diction, nouvelles d&#39;\u00e9quipe, alignements","og_description":"Sports Mole pr\u00e9visualise le conflit de la Ligue des champions de mercredi entre Breidablik et Lech Poznan, y compris les pr\u00e9dictions, les nouvelles de l&#39;\u00e9quipe","og_url":"https:\/\/footdavant.fr\/actualites\/apercu-breidablik-vs-lech-poznan-prediction-nouvelles-dequipe-alignements\/","og_site_name":"Foot d&#039;avant","article_publisher":"https:\/\/www.facebook.com\/Footdavant\/","article_published_time":"2025-08-04T04:48:08+00:00","article_modified_time":"2025-08-04T04:48:09+00:00","og_image":[{"width":640,"height":480,"url":"https:\/\/footdavant.fr\/actualites\/wp-content\/uploads\/2025\/08\/Apercu-Breidablik-vs-Lech-Poznan-Prediction-nouvelles-d39equipe-alignements.jpg","type":"image\/jpeg"}],"author":"Cl\u00e9ment","twitter_card":"summary_large_image","twitter_creator":"@FootdavantFr","twitter_site":"@FootdavantFr","twitter_misc":{"\u00c9crit par":"Cl\u00e9ment","Dur\u00e9e de lecture estim\u00e9e":"4 minutes"},"schema":{"@context":"https:\/\/schema.org","@graph":[{"@type":"Article","@id":"https:\/\/footdavant.fr\/actualites\/apercu-breidablik-vs-lech-poznan-prediction-nouvelles-dequipe-alignements\/#article","isPartOf":{"@id":"https:\/\/footdavant.fr\/actualites\/apercu-breidablik-vs-lech-poznan-prediction-nouvelles-dequipe-alignements\/"},"author":{"name":"Cl\u00e9ment","@id":"https:\/\/footdavant.fr\/actualites\/#\/schema\/person\/bc222566d95871b37e597b3ed3ba5e1d"},"headline":"Aper\u00e7u: Breidablik vs Lech Poznan &#8211; Pr\u00e9diction, nouvelles d&#39;\u00e9quipe, alignements","datePublished":"2025-08-04T04:48:08+00:00","dateModified":"2025-08-04T04:48:09+00:00","mainEntityOfPage":{"@id":"https:\/\/footdavant.fr\/actualites\/apercu-breidablik-vs-lech-poznan-prediction-nouvelles-dequipe-alignements\/"},"wordCount":880,"publisher":{"@id":"https:\/\/footdavant.fr\/actualites\/#organization"},"keywords":["alignements","Aper\u00e7u","Breidablik","d39\u00e9quipe","Lech","Nouvelles","Poznan","pr\u00e9diction"],"articleSection":["Champions League"],"inLanguage":"fr-FR"},{"@type":"WebPage","@id":"https:\/\/footdavant.fr\/actualites\/apercu-breidablik-vs-lech-poznan-prediction-nouvelles-dequipe-alignements\/","url":"https:\/\/footdavant.fr\/actualites\/apercu-breidablik-vs-lech-poznan-prediction-nouvelles-dequipe-alignements\/","name":"Aper\u00e7u: Breidablik vs Lech Poznan - Pr\u00e9diction, nouvelles d&#39;\u00e9quipe, alignements","isPartOf":{"@id":"https:\/\/footdavant.fr\/actualites\/#website"},"datePublished":"2025-08-04T04:48:08+00:00","dateModified":"2025-08-04T04:48:09+00:00","breadcrumb":{"@id":"https:\/\/footdavant.fr\/actualites\/apercu-breidablik-vs-lech-poznan-prediction-nouvelles-dequipe-alignements\/#breadcrumb"},"inLanguage":"fr-FR","potentialAction":[{"@type":"ReadAction","target":["https:\/\/footdavant.fr\/actualites\/apercu-breidablik-vs-lech-poznan-prediction-nouvelles-dequipe-alignements\/"]}]},{"@type":"BreadcrumbList","@id":"https:\/\/footdavant.fr\/actualites\/apercu-breidablik-vs-lech-poznan-prediction-nouvelles-dequipe-alignements\/#breadcrumb","itemListElement":[{"@type":"ListItem","position":1,"name":"Accueil","item":"https:\/\/footdavant.fr\/actualites\/"},{"@type":"ListItem","position":2,"name":"Aper\u00e7u: Breidablik vs Lech Poznan &#8211; Pr\u00e9diction, nouvelles d&#39;\u00e9quipe, alignements"}]},{"@type":"WebSite","@id":"https:\/\/footdavant.fr\/actualites\/#website","url":"https:\/\/footdavant.fr\/actualites\/","name":"Foot d'avant","description":"","publisher":{"@id":"https:\/\/footdavant.fr\/actualites\/#organization"},"potentialAction":[{"@type":"SearchAction","target":{"@type":"EntryPoint","urlTemplate":"https:\/\/footdavant.fr\/actualites\/?s={search_term_string}"},"query-input":"required name=search_term_string"}],"inLanguage":"fr-FR"},{"@type":"Organization","@id":"https:\/\/footdavant.fr\/actualites\/#organization","name":"Foot d'avant","url":"https:\/\/footdavant.fr\/actualites\/","logo":{"@type":"ImageObject","inLanguage":"fr-FR","@id":"https:\/\/footdavant.fr\/actualites\/#\/schema\/logo\/image\/","url":"https:\/\/footdavant.fr\/actualites\/wp-content\/uploads\/2023\/09\/Copy-of-FootDavant-Logo.png","contentUrl":"https:\/\/footdavant.fr\/actualites\/wp-content\/uploads\/2023\/09\/Copy-of-FootDavant-Logo.png","width":936,"height":549,"caption":"Foot d'avant"},"image":{"@id":"https:\/\/footdavant.fr\/actualites\/#\/schema\/logo\/image\/"},"sameAs":["https:\/\/www.facebook.com\/Footdavant\/","https:\/\/twitter.com\/FootdavantFr","https:\/\/www.instagram.com\/footdavant.fr\/"]},{"@type":"Person","@id":"https:\/\/footdavant.fr\/actualites\/#\/schema\/person\/bc222566d95871b37e597b3ed3ba5e1d","name":"Cl\u00e9ment","image":{"@type":"ImageObject","inLanguage":"fr-FR","@id":"https:\/\/footdavant.fr\/actualites\/#\/schema\/person\/image\/","url":"https:\/\/secure.gravatar.com\/avatar\/7728b29aac2719421e1a9159b2254c44?s=96&d=mm&r=g","contentUrl":"https:\/\/secure.gravatar.com\/avatar\/7728b29aac2719421e1a9159b2254c44?s=96&d=mm&r=g","caption":"Cl\u00e9ment"},"sameAs":["https:\/\/footdavant.fr\/"]}]}},"_links":{"self":[{"href":"https:\/\/footdavant.fr\/actualites\/wp-json\/wp\/v2\/posts\/26938"}],"collection":[{"href":"https:\/\/footdavant.fr\/actualites\/wp-json\/wp\/v2\/posts"}],"about":[{"href":"https:\/\/footdavant.fr\/actualites\/wp-json\/wp\/v2\/types\/post"}],"author":[{"embeddable":true,"href":"https:\/\/footdavant.fr\/actualites\/wp-json\/wp\/v2\/users\/1"}],"replies":[{"embeddable":true,"href":"https:\/\/footdavant.fr\/actualites\/wp-json\/wp\/v2\/comments?post=26938"}],"version-history":[{"count":1,"href":"https:\/\/footdavant.fr\/actualites\/wp-json\/wp\/v2\/posts\/26938\/revisions"}],"predecessor-version":[{"id":26940,"href":"https:\/\/footdavant.fr\/actualites\/wp-json\/wp\/v2\/posts\/26938\/revisions\/26940"}],"wp:featuredmedia":[{"embeddable":true,"href":"https:\/\/footdavant.fr\/actualites\/wp-json\/wp\/v2\/media\/26939"}],"wp:attachment":[{"href":"https:\/\/footdavant.fr\/actualites\/wp-json\/wp\/v2\/media?parent=26938"}],"wp:term":[{"taxonomy":"category","embeddable":true,"href":"https:\/\/footdavant.fr\/actualites\/wp-json\/wp\/v2\/categories?post=26938"},{"taxonomy":"post_tag","embeddable":true,"href":"https:\/\/footdavant.fr\/actualites\/wp-json\/wp\/v2\/tags?post=26938"}],"curies":[{"name":"wp","href":"https:\/\/api.w.org\/{rel}","templated":true}]}}