{"id":26941,"date":"2025-08-04T07:48:11","date_gmt":"2025-08-04T05:48:11","guid":{"rendered":"https:\/\/footdavant.fr\/actualites\/man-united-bleshury-news-red-devils-recoit-major-lisandro-martinez-boost-avant-la-nouvelle-campagne\/"},"modified":"2025-08-04T07:48:12","modified_gmt":"2025-08-04T05:48:12","slug":"man-united-bleshury-news-red-devils-recoit-major-lisandro-martinez-boost-avant-la-nouvelle-campagne","status":"publish","type":"post","link":"https:\/\/footdavant.fr\/actualites\/man-united-bleshury-news-red-devils-recoit-major-lisandro-martinez-boost-avant-la-nouvelle-campagne\/","title":{"rendered":"Man United Bleshury News: Red Devils re\u00e7oit \u00abMajor\u00bb Lisandro Martinez Boost avant la nouvelle campagne"},"content":{"rendered":"<p>Le d\u00e9fenseur central de Manchester United, Lisandro Martinez, reprendra une formation l\u00e9g\u00e8re avec les Red Devils avant la fin de leur tourn\u00e9e de pr\u00e9-saison.<\/p>\n<div id=\"article_body\" itemprop=\"articleBody\">\n<h3 class=\"firstPara\"><\/h3>\n<p><strong class=\"autotag\">Manchester United Centrack Back <strong class=\"autotag\">Lisandro Martinez reprendrait une formation l\u00e9g\u00e8re avec les 20 champions anglais avant la fin de sa tourn\u00e9e de pr\u00e9-saison.<\/p>\n<p>L&#39;international argentin est sans action depuis le d\u00e9but de f\u00e9vrier en raison d&#39;une grave blessure au genou, et il a \u00e9t\u00e9 initialement pens\u00e9 qu&#39;il ne serait pas de retour sur le terrain qu&#39;en 2026.<\/p>\n<p>Cependant, Martinez a voyag\u00e9 avec ses co\u00e9quipiers des Red Devils aux \u00c9tats-Unis pour leur tourn\u00e9e de pr\u00e9-saison, et selon le <em>NOUVELLES DE LA SOIRIT\u00c9 DE MANCHESTER<\/em>Il se pr\u00e9pare \u00e0 commencer une formation l\u00e9g\u00e8re avec les Red Devils.<\/p>\n<p>Le rapport affirme que Martinez a effectu\u00e9 des travaux de course en plein air et de ballon pendant la tourn\u00e9e, mais il n&#39;a jusqu&#39;\u00e0 pr\u00e9sent pas pu se joindre \u00e0 ses co\u00e9quipiers en raison de la nature grave de sa blessure.<\/p>\n<p>Un retour n&#39;est apparemment pas loin, cependant, avec Martinez qui devait retourner \u00e0 la formation l\u00e9g\u00e8re, sugg\u00e9rant qu&#39;il est bien sur le point de figurer dans la premi\u00e8re moiti\u00e9 de la campagne 2025-26.<\/p>\n<p class=\"imgI\">\n<h2>Martinez \u00ab\u00a0 r\u00e9gl\u00e9 pour reprendre la formation l\u00e9g\u00e8re &#39;&#39; avec Man United<\/h2>\n<p>L&#39;homme de 27 ans a d\u00e9m\u00e9nag\u00e9 \u00e0 Man United depuis l&#39;Ajax \u00e0 l&#39;\u00e9t\u00e9 2022, et il a repr\u00e9sent\u00e9 les Red Devils \u00e0 91 reprises tous les comp\u00e9titions, marquant trois buts et enregistrant trois passes d\u00e9cisives.<\/p>\n<p>Martinez est cens\u00e9 \u00eatre <strong class=\"autotag\">Le premier choix de Ruben Amorim pour le r\u00f4le gauche dans les trois arri\u00e8re, bien que l&#39;international argentin ne soit pas press\u00e9 \u00e0 l&#39;action dans les premi\u00e8res semaines de la nouvelle saison.<\/p>\n<p>Man United compl\u00e8tera sa tourn\u00e9e de pr\u00e9-saison des \u00c9tats-Unis avec un affrontement contre Everton dimanche soir, avant de retourner en Angleterre pour lutter contre la Fiorentina \u00e0 Old Trafford le 9 ao\u00fbt.<\/p>\n<p>Les champions anglaises de 20 fois ouvriront ensuite leur saison de Premier League 2025-26 contre Arsenal le 17 ao\u00fbt, avant \u00e9galement de s&#39;attaquer \u00e0 Fulham et Burnley dans la ligue avant la fin du mois.<\/p>\n<p class=\"imgI\"><img decoding=\"async\" alt=\"Andre Onana de Manchester United le 1er avril 2025\" class=\"vanilla-lazyload article-image\" src=\"https:\/\/footdavant.fr\/actualites\/wp-content\/uploads\/2025\/06\/Andre-Onana-Man-United-Planifiez-pour-divertir-les-offres-avec.png\"><\/p>\n<h2>Quand ona, Zirkzee reviendra pour Man United?<\/h2>\n<p>Ni l&#39;un ni l&#39;autre <strong class=\"autotag\">Andre Onana Nor <strong class=\"autotag\">Joshua Zirkzee a figur\u00e9 pour Man United cet \u00e9t\u00e9, le couple subissant des blessures au d\u00e9but de l&#39;entra\u00eenement de pr\u00e9-saison.<\/p>\n<p>Onana a fait face \u00e0 une tension aux ischio-jambiers, tandis que Zirkzee a un probl\u00e8me non sp\u00e9cifi\u00e9, le couple absent contre Bournemouth dans la s\u00e9rie d&#39;\u00e9t\u00e9 de Premier League mercredi soir.<\/p>\n<p>\u00ab\u00a0J&#39;ai une petite blessure, mais cela ne devrait pas prendre trop de temps pour r\u00e9cup\u00e9rer maintenant\u00a0\u00bb, a d\u00e9clar\u00e9 Zirkzee la semaine derni\u00e8re. \u00ab\u00a0J&#39;ai d&#39;excellents physios avec moi tous les jours. Ce n&#39;est pas un probl\u00e8me s\u00e9rieux. C&#39;est la pr\u00e9-saison si contrairement \u00e0 la saison derni\u00e8re o\u00f9 je voulais me pousser \u00e0 \u00eatre de retour pour la finale, \u00e9videmment maintenant je veux juste \u00eatre l\u00e0 pour le d\u00e9but de la saison.\u00a0\u00bb<\/p>\n<p>Zirkzee aurait une chance d&#39;\u00eatre de retour dans l&#39;\u00e9quipe pour l&#39;affrontement avec Everton dimanche, tandis qu&#39;Onana devrait \u00eatre de retour entre les b\u00e2tons contre la Fiorentina le 9 ao\u00fbt.<\/p>\n<p>Il y a actuellement une multitude de sp\u00e9culations entourant l&#39;avenir d&#39;Onana, avec Man United apparemment sur le march\u00e9 pour un nouveau gardien de but, mais le Camerounien s&#39;attend \u00e0 \u00eatre \u00e0 nouveau le prochain trimestre du club.<\/p>\n<div class=\"author_box\">\n<div class=\"author_box_banner\"> <img decoding=\"async\" class=\"author_img\" src=\"https:\/\/footdavant.fr\/actualites\/wp-content\/uploads\/2025\/06\/1749851283_714_Man-United-Transfer-News-Antony-Dernier-revele-apres-le-spectaculaire.jpg\"><\/div>\n<\/div>\n<\/div>\n","protected":false},"excerpt":{"rendered":"<p>Le d\u00e9fenseur central de Manchester United, Lisandro Martinez, reprendra une formation l\u00e9g\u00e8re avec les Red Devils avant la fin de leur tourn\u00e9e de pr\u00e9-saison. Manchester<\/p>\n","protected":false},"author":1,"featured_media":26942,"comment_status":"closed","ping_status":"","sticky":false,"template":"","format":"standard","meta":{"footnotes":""},"categories":[5],"tags":[491,7763,7874,2931,265,948,4853,24,949,409,1850,488,536,13],"yoast_head":"<!-- This site is optimized with the Yoast SEO plugin v21.0 - https:\/\/yoast.com\/wordpress\/plugins\/seo\/ -->\n<title>Man United Bleshury News: Red Devils re\u00e7oit \u00abMajor\u00bb Lisandro Martinez Boost avant la nouvelle campagne<\/title>\n<meta name=\"robots\" content=\"index, follow, max-snippet:-1, max-image-preview:large, max-video-preview:-1\" \/>\n<link rel=\"canonical\" href=\"https:\/\/footdavant.fr\/actualites\/man-united-bleshury-news-red-devils-recoit-major-lisandro-martinez-boost-avant-la-nouvelle-campagne\/\" \/>\n<meta property=\"og:locale\" content=\"fr_FR\" \/>\n<meta property=\"og:type\" content=\"article\" \/>\n<meta property=\"og:title\" content=\"Man United Bleshury News: Red Devils re\u00e7oit \u00abMajor\u00bb Lisandro Martinez Boost avant la nouvelle campagne\" \/>\n<meta property=\"og:description\" content=\"Le d\u00e9fenseur central de Manchester United, Lisandro Martinez, reprendra une formation l\u00e9g\u00e8re avec les Red Devils avant la fin de leur tourn\u00e9e de pr\u00e9-saison. Manchester\" \/>\n<meta property=\"og:url\" content=\"https:\/\/footdavant.fr\/actualites\/man-united-bleshury-news-red-devils-recoit-major-lisandro-martinez-boost-avant-la-nouvelle-campagne\/\" \/>\n<meta property=\"og:site_name\" content=\"Foot d&#039;avant\" \/>\n<meta property=\"article:publisher\" content=\"https:\/\/www.facebook.com\/Footdavant\/\" \/>\n<meta property=\"article:published_time\" content=\"2025-08-04T05:48:11+00:00\" \/>\n<meta property=\"article:modified_time\" content=\"2025-08-04T05:48:12+00:00\" \/>\n<meta property=\"og:image\" content=\"https:\/\/footdavant.fr\/actualites\/wp-content\/uploads\/2025\/08\/1754286492_Man-United-Bleshury-News-Red-Devils-recoit-Major-Lisandro-Martinez.jpg\" \/>\n\t<meta property=\"og:image:width\" content=\"640\" \/>\n\t<meta property=\"og:image:height\" content=\"480\" \/>\n\t<meta property=\"og:image:type\" content=\"image\/jpeg\" \/>\n<meta name=\"author\" content=\"Cl\u00e9ment\" \/>\n<meta name=\"twitter:card\" content=\"summary_large_image\" \/>\n<meta name=\"twitter:creator\" content=\"@FootdavantFr\" \/>\n<meta name=\"twitter:site\" content=\"@FootdavantFr\" \/>\n<meta name=\"twitter:label1\" content=\"\u00c9crit par\" \/>\n\t<meta name=\"twitter:data1\" content=\"Cl\u00e9ment\" \/>\n\t<meta name=\"twitter:label2\" content=\"Dur\u00e9e de lecture estim\u00e9e\" \/>\n\t<meta name=\"twitter:data2\" content=\"3 minutes\" \/>\n<script type=\"application\/ld+json\" class=\"yoast-schema-graph\">{\"@context\":\"https:\/\/schema.org\",\"@graph\":[{\"@type\":\"Article\",\"@id\":\"https:\/\/footdavant.fr\/actualites\/man-united-bleshury-news-red-devils-recoit-major-lisandro-martinez-boost-avant-la-nouvelle-campagne\/#article\",\"isPartOf\":{\"@id\":\"https:\/\/footdavant.fr\/actualites\/man-united-bleshury-news-red-devils-recoit-major-lisandro-martinez-boost-avant-la-nouvelle-campagne\/\"},\"author\":{\"name\":\"Cl\u00e9ment\",\"@id\":\"https:\/\/footdavant.fr\/actualites\/#\/schema\/person\/bc222566d95871b37e597b3ed3ba5e1d\"},\"headline\":\"Man United Bleshury News: Red Devils re\u00e7oit \u00abMajor\u00bb Lisandro Martinez Boost avant la nouvelle campagne\",\"datePublished\":\"2025-08-04T05:48:11+00:00\",\"dateModified\":\"2025-08-04T05:48:12+00:00\",\"mainEntityOfPage\":{\"@id\":\"https:\/\/footdavant.fr\/actualites\/man-united-bleshury-news-red-devils-recoit-major-lisandro-martinez-boost-avant-la-nouvelle-campagne\/\"},\"wordCount\":621,\"publisher\":{\"@id\":\"https:\/\/footdavant.fr\/actualites\/#organization\"},\"keywords\":[\"avant\",\"Bleshury\",\"boost\",\"campagne\",\"Devils\",\"Lisandro\",\"major\",\"Man\",\"Martinez\",\"News\",\"nouvelle\",\"re\u00e7oit\",\"Red\",\"United\"],\"articleSection\":[\"Premier League\"],\"inLanguage\":\"fr-FR\"},{\"@type\":\"WebPage\",\"@id\":\"https:\/\/footdavant.fr\/actualites\/man-united-bleshury-news-red-devils-recoit-major-lisandro-martinez-boost-avant-la-nouvelle-campagne\/\",\"url\":\"https:\/\/footdavant.fr\/actualites\/man-united-bleshury-news-red-devils-recoit-major-lisandro-martinez-boost-avant-la-nouvelle-campagne\/\",\"name\":\"Man United Bleshury News: Red Devils re\u00e7oit \u00abMajor\u00bb Lisandro Martinez Boost avant la nouvelle campagne\",\"isPartOf\":{\"@id\":\"https:\/\/footdavant.fr\/actualites\/#website\"},\"datePublished\":\"2025-08-04T05:48:11+00:00\",\"dateModified\":\"2025-08-04T05:48:12+00:00\",\"breadcrumb\":{\"@id\":\"https:\/\/footdavant.fr\/actualites\/man-united-bleshury-news-red-devils-recoit-major-lisandro-martinez-boost-avant-la-nouvelle-campagne\/#breadcrumb\"},\"inLanguage\":\"fr-FR\",\"potentialAction\":[{\"@type\":\"ReadAction\",\"target\":[\"https:\/\/footdavant.fr\/actualites\/man-united-bleshury-news-red-devils-recoit-major-lisandro-martinez-boost-avant-la-nouvelle-campagne\/\"]}]},{\"@type\":\"BreadcrumbList\",\"@id\":\"https:\/\/footdavant.fr\/actualites\/man-united-bleshury-news-red-devils-recoit-major-lisandro-martinez-boost-avant-la-nouvelle-campagne\/#breadcrumb\",\"itemListElement\":[{\"@type\":\"ListItem\",\"position\":1,\"name\":\"Accueil\",\"item\":\"https:\/\/footdavant.fr\/actualites\/\"},{\"@type\":\"ListItem\",\"position\":2,\"name\":\"Man United Bleshury News: Red Devils re\u00e7oit \u00abMajor\u00bb Lisandro Martinez Boost avant la nouvelle campagne\"}]},{\"@type\":\"WebSite\",\"@id\":\"https:\/\/footdavant.fr\/actualites\/#website\",\"url\":\"https:\/\/footdavant.fr\/actualites\/\",\"name\":\"Foot d'avant\",\"description\":\"\",\"publisher\":{\"@id\":\"https:\/\/footdavant.fr\/actualites\/#organization\"},\"potentialAction\":[{\"@type\":\"SearchAction\",\"target\":{\"@type\":\"EntryPoint\",\"urlTemplate\":\"https:\/\/footdavant.fr\/actualites\/?s={search_term_string}\"},\"query-input\":\"required name=search_term_string\"}],\"inLanguage\":\"fr-FR\"},{\"@type\":\"Organization\",\"@id\":\"https:\/\/footdavant.fr\/actualites\/#organization\",\"name\":\"Foot d'avant\",\"url\":\"https:\/\/footdavant.fr\/actualites\/\",\"logo\":{\"@type\":\"ImageObject\",\"inLanguage\":\"fr-FR\",\"@id\":\"https:\/\/footdavant.fr\/actualites\/#\/schema\/logo\/image\/\",\"url\":\"https:\/\/footdavant.fr\/actualites\/wp-content\/uploads\/2023\/09\/Copy-of-FootDavant-Logo.png\",\"contentUrl\":\"https:\/\/footdavant.fr\/actualites\/wp-content\/uploads\/2023\/09\/Copy-of-FootDavant-Logo.png\",\"width\":936,\"height\":549,\"caption\":\"Foot d'avant\"},\"image\":{\"@id\":\"https:\/\/footdavant.fr\/actualites\/#\/schema\/logo\/image\/\"},\"sameAs\":[\"https:\/\/www.facebook.com\/Footdavant\/\",\"https:\/\/twitter.com\/FootdavantFr\",\"https:\/\/www.instagram.com\/footdavant.fr\/\"]},{\"@type\":\"Person\",\"@id\":\"https:\/\/footdavant.fr\/actualites\/#\/schema\/person\/bc222566d95871b37e597b3ed3ba5e1d\",\"name\":\"Cl\u00e9ment\",\"image\":{\"@type\":\"ImageObject\",\"inLanguage\":\"fr-FR\",\"@id\":\"https:\/\/footdavant.fr\/actualites\/#\/schema\/person\/image\/\",\"url\":\"https:\/\/secure.gravatar.com\/avatar\/7728b29aac2719421e1a9159b2254c44?s=96&d=mm&r=g\",\"contentUrl\":\"https:\/\/secure.gravatar.com\/avatar\/7728b29aac2719421e1a9159b2254c44?s=96&d=mm&r=g\",\"caption\":\"Cl\u00e9ment\"},\"sameAs\":[\"https:\/\/footdavant.fr\/\"]}]}<\/script>\n<!-- \/ Yoast SEO plugin. -->","yoast_head_json":{"title":"Man United Bleshury News: Red Devils re\u00e7oit \u00abMajor\u00bb Lisandro Martinez Boost avant la nouvelle campagne","robots":{"index":"index","follow":"follow","max-snippet":"max-snippet:-1","max-image-preview":"max-image-preview:large","max-video-preview":"max-video-preview:-1"},"canonical":"https:\/\/footdavant.fr\/actualites\/man-united-bleshury-news-red-devils-recoit-major-lisandro-martinez-boost-avant-la-nouvelle-campagne\/","og_locale":"fr_FR","og_type":"article","og_title":"Man United Bleshury News: Red Devils re\u00e7oit \u00abMajor\u00bb Lisandro Martinez Boost avant la nouvelle campagne","og_description":"Le d\u00e9fenseur central de Manchester United, Lisandro Martinez, reprendra une formation l\u00e9g\u00e8re avec les Red Devils avant la fin de leur tourn\u00e9e de pr\u00e9-saison. Manchester","og_url":"https:\/\/footdavant.fr\/actualites\/man-united-bleshury-news-red-devils-recoit-major-lisandro-martinez-boost-avant-la-nouvelle-campagne\/","og_site_name":"Foot d&#039;avant","article_publisher":"https:\/\/www.facebook.com\/Footdavant\/","article_published_time":"2025-08-04T05:48:11+00:00","article_modified_time":"2025-08-04T05:48:12+00:00","og_image":[{"width":640,"height":480,"url":"https:\/\/footdavant.fr\/actualites\/wp-content\/uploads\/2025\/08\/1754286492_Man-United-Bleshury-News-Red-Devils-recoit-Major-Lisandro-Martinez.jpg","type":"image\/jpeg"}],"author":"Cl\u00e9ment","twitter_card":"summary_large_image","twitter_creator":"@FootdavantFr","twitter_site":"@FootdavantFr","twitter_misc":{"\u00c9crit par":"Cl\u00e9ment","Dur\u00e9e de lecture estim\u00e9e":"3 minutes"},"schema":{"@context":"https:\/\/schema.org","@graph":[{"@type":"Article","@id":"https:\/\/footdavant.fr\/actualites\/man-united-bleshury-news-red-devils-recoit-major-lisandro-martinez-boost-avant-la-nouvelle-campagne\/#article","isPartOf":{"@id":"https:\/\/footdavant.fr\/actualites\/man-united-bleshury-news-red-devils-recoit-major-lisandro-martinez-boost-avant-la-nouvelle-campagne\/"},"author":{"name":"Cl\u00e9ment","@id":"https:\/\/footdavant.fr\/actualites\/#\/schema\/person\/bc222566d95871b37e597b3ed3ba5e1d"},"headline":"Man United Bleshury News: Red Devils re\u00e7oit \u00abMajor\u00bb Lisandro Martinez Boost avant la nouvelle campagne","datePublished":"2025-08-04T05:48:11+00:00","dateModified":"2025-08-04T05:48:12+00:00","mainEntityOfPage":{"@id":"https:\/\/footdavant.fr\/actualites\/man-united-bleshury-news-red-devils-recoit-major-lisandro-martinez-boost-avant-la-nouvelle-campagne\/"},"wordCount":621,"publisher":{"@id":"https:\/\/footdavant.fr\/actualites\/#organization"},"keywords":["avant","Bleshury","boost","campagne","Devils","Lisandro","major","Man","Martinez","News","nouvelle","re\u00e7oit","Red","United"],"articleSection":["Premier League"],"inLanguage":"fr-FR"},{"@type":"WebPage","@id":"https:\/\/footdavant.fr\/actualites\/man-united-bleshury-news-red-devils-recoit-major-lisandro-martinez-boost-avant-la-nouvelle-campagne\/","url":"https:\/\/footdavant.fr\/actualites\/man-united-bleshury-news-red-devils-recoit-major-lisandro-martinez-boost-avant-la-nouvelle-campagne\/","name":"Man United Bleshury News: Red Devils re\u00e7oit \u00abMajor\u00bb Lisandro Martinez Boost avant la nouvelle campagne","isPartOf":{"@id":"https:\/\/footdavant.fr\/actualites\/#website"},"datePublished":"2025-08-04T05:48:11+00:00","dateModified":"2025-08-04T05:48:12+00:00","breadcrumb":{"@id":"https:\/\/footdavant.fr\/actualites\/man-united-bleshury-news-red-devils-recoit-major-lisandro-martinez-boost-avant-la-nouvelle-campagne\/#breadcrumb"},"inLanguage":"fr-FR","potentialAction":[{"@type":"ReadAction","target":["https:\/\/footdavant.fr\/actualites\/man-united-bleshury-news-red-devils-recoit-major-lisandro-martinez-boost-avant-la-nouvelle-campagne\/"]}]},{"@type":"BreadcrumbList","@id":"https:\/\/footdavant.fr\/actualites\/man-united-bleshury-news-red-devils-recoit-major-lisandro-martinez-boost-avant-la-nouvelle-campagne\/#breadcrumb","itemListElement":[{"@type":"ListItem","position":1,"name":"Accueil","item":"https:\/\/footdavant.fr\/actualites\/"},{"@type":"ListItem","position":2,"name":"Man United Bleshury News: Red Devils re\u00e7oit \u00abMajor\u00bb Lisandro Martinez Boost avant la nouvelle campagne"}]},{"@type":"WebSite","@id":"https:\/\/footdavant.fr\/actualites\/#website","url":"https:\/\/footdavant.fr\/actualites\/","name":"Foot d'avant","description":"","publisher":{"@id":"https:\/\/footdavant.fr\/actualites\/#organization"},"potentialAction":[{"@type":"SearchAction","target":{"@type":"EntryPoint","urlTemplate":"https:\/\/footdavant.fr\/actualites\/?s={search_term_string}"},"query-input":"required name=search_term_string"}],"inLanguage":"fr-FR"},{"@type":"Organization","@id":"https:\/\/footdavant.fr\/actualites\/#organization","name":"Foot d'avant","url":"https:\/\/footdavant.fr\/actualites\/","logo":{"@type":"ImageObject","inLanguage":"fr-FR","@id":"https:\/\/footdavant.fr\/actualites\/#\/schema\/logo\/image\/","url":"https:\/\/footdavant.fr\/actualites\/wp-content\/uploads\/2023\/09\/Copy-of-FootDavant-Logo.png","contentUrl":"https:\/\/footdavant.fr\/actualites\/wp-content\/uploads\/2023\/09\/Copy-of-FootDavant-Logo.png","width":936,"height":549,"caption":"Foot d'avant"},"image":{"@id":"https:\/\/footdavant.fr\/actualites\/#\/schema\/logo\/image\/"},"sameAs":["https:\/\/www.facebook.com\/Footdavant\/","https:\/\/twitter.com\/FootdavantFr","https:\/\/www.instagram.com\/footdavant.fr\/"]},{"@type":"Person","@id":"https:\/\/footdavant.fr\/actualites\/#\/schema\/person\/bc222566d95871b37e597b3ed3ba5e1d","name":"Cl\u00e9ment","image":{"@type":"ImageObject","inLanguage":"fr-FR","@id":"https:\/\/footdavant.fr\/actualites\/#\/schema\/person\/image\/","url":"https:\/\/secure.gravatar.com\/avatar\/7728b29aac2719421e1a9159b2254c44?s=96&d=mm&r=g","contentUrl":"https:\/\/secure.gravatar.com\/avatar\/7728b29aac2719421e1a9159b2254c44?s=96&d=mm&r=g","caption":"Cl\u00e9ment"},"sameAs":["https:\/\/footdavant.fr\/"]}]}},"_links":{"self":[{"href":"https:\/\/footdavant.fr\/actualites\/wp-json\/wp\/v2\/posts\/26941"}],"collection":[{"href":"https:\/\/footdavant.fr\/actualites\/wp-json\/wp\/v2\/posts"}],"about":[{"href":"https:\/\/footdavant.fr\/actualites\/wp-json\/wp\/v2\/types\/post"}],"author":[{"embeddable":true,"href":"https:\/\/footdavant.fr\/actualites\/wp-json\/wp\/v2\/users\/1"}],"replies":[{"embeddable":true,"href":"https:\/\/footdavant.fr\/actualites\/wp-json\/wp\/v2\/comments?post=26941"}],"version-history":[{"count":1,"href":"https:\/\/footdavant.fr\/actualites\/wp-json\/wp\/v2\/posts\/26941\/revisions"}],"predecessor-version":[{"id":26943,"href":"https:\/\/footdavant.fr\/actualites\/wp-json\/wp\/v2\/posts\/26941\/revisions\/26943"}],"wp:featuredmedia":[{"embeddable":true,"href":"https:\/\/footdavant.fr\/actualites\/wp-json\/wp\/v2\/media\/26942"}],"wp:attachment":[{"href":"https:\/\/footdavant.fr\/actualites\/wp-json\/wp\/v2\/media?parent=26941"}],"wp:term":[{"taxonomy":"category","embeddable":true,"href":"https:\/\/footdavant.fr\/actualites\/wp-json\/wp\/v2\/categories?post=26941"},{"taxonomy":"post_tag","embeddable":true,"href":"https:\/\/footdavant.fr\/actualites\/wp-json\/wp\/v2\/tags?post=26941"}],"curies":[{"name":"wp","href":"https:\/\/api.w.org\/{rel}","templated":true}]}}