{"id":26944,"date":"2025-08-04T09:48:08","date_gmt":"2025-08-04T07:48:08","guid":{"rendered":"https:\/\/footdavant.fr\/actualites\/mise-a-jour-des-blessures-de-lionel-messi-pas-dechelle-de-temps-au-retour\/"},"modified":"2025-08-04T09:48:10","modified_gmt":"2025-08-04T07:48:10","slug":"mise-a-jour-des-blessures-de-lionel-messi-pas-dechelle-de-temps-au-retour","status":"publish","type":"post","link":"https:\/\/footdavant.fr\/actualites\/mise-a-jour-des-blessures-de-lionel-messi-pas-dechelle-de-temps-au-retour\/","title":{"rendered":"Mise \u00e0 jour des blessures de Lionel Messi: pas d&#39;\u00e9chelle de temps au retour"},"content":{"rendered":"<div>\n<p>Inter Miami dit que la blessure aux ischio-jambiers de Lionel Messi est mineure, mais aucune \u00e9chelle de temps n&#39;a \u00e9t\u00e9 plac\u00e9e sur l&#39;absence potentielle de la superstar de l&#39;Argentine.<\/p>\n<p>Messi n&#39;a dur\u00e9 que 11 minutes de match des ligues de Miami contre Necaxa samedi soir avant de boiter. Il a subi la blessure en essayant de se frayer un chemin devant Raul Sanchez et Alexis Pena au bord de la r\u00e9gion.<\/p>\n<p>Une d\u00e9claration de club disait: \u00abMessi a subi des tests m\u00e9dicaux pour \u00e9valuer l&#39;\u00e9tendue de l&#39;inconfort musculaire qu&#39;il a v\u00e9cu lors du match de la LIEAGUES CUP contre Necaxa, ce qui l&#39;a forc\u00e9 \u00e0 quitter le terrain.<\/p>\n<p>\u00abLes r\u00e9sultats ont confirm\u00e9 une blessure musculaire mineure \u00e0 sa jambe droite. Sa clairance m\u00e9dicale d\u00e9pendra de ses progr\u00e8s cliniques et de sa r\u00e9ponse au traitement.\u00bb<\/p>\n<figure class=\"wp-block-embed is-type-rich is-provider-twitter wp-block-embed-twitter\"><\/figure>\n<h2 class=\"wp-block-heading\">Inconfort, pas douleur &#8211; Mascherano<\/h2>\n<p>Le patron de Miami, Javier Mascherano, dont l&#39;\u00e9quipe a battu Necaxa 5-4 lors d&#39;une fusillade de p\u00e9nalit\u00e9 apr\u00e8s un match nul 2-2, a \u00e9galement laiss\u00e9 entendre apr\u00e8s le match que la blessure n&#39;avait pas l&#39;air trop grave.<\/p>\n<p>\u00ab\u00a0Leo a ressenti un inconfort dans ses ischio-jambiers\u00a0\u00bb, a-t-il d\u00e9clar\u00e9. \u00ab\u00a0Nous ne saurons pas l&#39;\u00e9tendue de la blessure jusqu&#39;\u00e0 demain. Il a probablement quelque chose de mal. Ce n&#39;est peut-\u00eatre pas si grave parce qu&#39;il ne souffrait pas, mais il avait ressenti de l&#39;inconfort.\u00a0\u00bb<\/p>\n<p>Il reste \u00e0 voir si Messi sera en forme pour le prochain match de Miami contre l&#39;UNAM Pumas mercredi soir.<\/p>\n<p>Son absence serait un coup dur pour Miami compte tenu de l&#39;excellence du Ballon d&#39;Or de Ballon d&#39;Or cette saison. <\/p>\n<p>Dans toutes les comp\u00e9titions, Messi a marqu\u00e9 24 buts et ajout\u00e9 12 passes d\u00e9cisives en 31 matchs.<\/p>\n<\/p><\/div>\n","protected":false},"excerpt":{"rendered":"<p>Inter Miami dit que la blessure aux ischio-jambiers de Lionel Messi est mineure, mais aucune \u00e9chelle de temps n&#39;a \u00e9t\u00e9 plac\u00e9e sur l&#39;absence potentielle de<\/p>\n","protected":false},"author":1,"featured_media":26945,"comment_status":"closed","ping_status":"","sticky":false,"template":"","format":"standard","meta":{"footnotes":""},"categories":[3],"tags":[155,10119,12,328,1346,451,327,71,393,168],"yoast_head":"<!-- This site is optimized with the Yoast SEO plugin v21.0 - https:\/\/yoast.com\/wordpress\/plugins\/seo\/ -->\n<title>Mise \u00e0 jour des blessures de Lionel Messi: pas d&#039;\u00e9chelle de temps au retour<\/title>\n<meta name=\"robots\" content=\"index, follow, max-snippet:-1, max-image-preview:large, max-video-preview:-1\" \/>\n<link rel=\"canonical\" href=\"https:\/\/footdavant.fr\/actualites\/mise-a-jour-des-blessures-de-lionel-messi-pas-dechelle-de-temps-au-retour\/\" \/>\n<meta property=\"og:locale\" content=\"fr_FR\" \/>\n<meta property=\"og:type\" content=\"article\" \/>\n<meta property=\"og:title\" content=\"Mise \u00e0 jour des blessures de Lionel Messi: pas d&#039;\u00e9chelle de temps au retour\" \/>\n<meta property=\"og:description\" content=\"Inter Miami dit que la blessure aux ischio-jambiers de Lionel Messi est mineure, mais aucune \u00e9chelle de temps n&#039;a \u00e9t\u00e9 plac\u00e9e sur l&#039;absence potentielle de\" \/>\n<meta property=\"og:url\" content=\"https:\/\/footdavant.fr\/actualites\/mise-a-jour-des-blessures-de-lionel-messi-pas-dechelle-de-temps-au-retour\/\" \/>\n<meta property=\"og:site_name\" content=\"Foot d&#039;avant\" \/>\n<meta property=\"article:publisher\" content=\"https:\/\/www.facebook.com\/Footdavant\/\" \/>\n<meta property=\"article:published_time\" content=\"2025-08-04T07:48:08+00:00\" \/>\n<meta property=\"article:modified_time\" content=\"2025-08-04T07:48:10+00:00\" \/>\n<meta property=\"og:image\" content=\"https:\/\/footdavant.fr\/actualites\/wp-content\/uploads\/2025\/08\/Mise-a-jour-des-blessures-de-Lionel-Messi-pas-d39echelle.jpg\" \/>\n\t<meta property=\"og:image:width\" content=\"1200\" \/>\n\t<meta property=\"og:image:height\" content=\"800\" \/>\n\t<meta property=\"og:image:type\" content=\"image\/jpeg\" \/>\n<meta name=\"author\" content=\"Cl\u00e9ment\" \/>\n<meta name=\"twitter:card\" content=\"summary_large_image\" \/>\n<meta name=\"twitter:creator\" content=\"@FootdavantFr\" \/>\n<meta name=\"twitter:site\" content=\"@FootdavantFr\" \/>\n<meta name=\"twitter:label1\" content=\"\u00c9crit par\" \/>\n\t<meta name=\"twitter:data1\" content=\"Cl\u00e9ment\" \/>\n\t<meta name=\"twitter:label2\" content=\"Dur\u00e9e de lecture estim\u00e9e\" \/>\n\t<meta name=\"twitter:data2\" content=\"2 minutes\" \/>\n<script type=\"application\/ld+json\" class=\"yoast-schema-graph\">{\"@context\":\"https:\/\/schema.org\",\"@graph\":[{\"@type\":\"Article\",\"@id\":\"https:\/\/footdavant.fr\/actualites\/mise-a-jour-des-blessures-de-lionel-messi-pas-dechelle-de-temps-au-retour\/#article\",\"isPartOf\":{\"@id\":\"https:\/\/footdavant.fr\/actualites\/mise-a-jour-des-blessures-de-lionel-messi-pas-dechelle-de-temps-au-retour\/\"},\"author\":{\"name\":\"Cl\u00e9ment\",\"@id\":\"https:\/\/footdavant.fr\/actualites\/#\/schema\/person\/bc222566d95871b37e597b3ed3ba5e1d\"},\"headline\":\"Mise \u00e0 jour des blessures de Lionel Messi: pas d&#39;\u00e9chelle de temps au retour\",\"datePublished\":\"2025-08-04T07:48:08+00:00\",\"dateModified\":\"2025-08-04T07:48:10+00:00\",\"mainEntityOfPage\":{\"@id\":\"https:\/\/footdavant.fr\/actualites\/mise-a-jour-des-blessures-de-lionel-messi-pas-dechelle-de-temps-au-retour\/\"},\"wordCount\":321,\"publisher\":{\"@id\":\"https:\/\/footdavant.fr\/actualites\/#organization\"},\"keywords\":[\"blessures\",\"d39\u00e9chelle\",\"des\",\"jour\",\"Lionel\",\"Messi\",\"mise\",\"pas\",\"retour\",\"temps\"],\"articleSection\":[\"Football\"],\"inLanguage\":\"fr-FR\"},{\"@type\":\"WebPage\",\"@id\":\"https:\/\/footdavant.fr\/actualites\/mise-a-jour-des-blessures-de-lionel-messi-pas-dechelle-de-temps-au-retour\/\",\"url\":\"https:\/\/footdavant.fr\/actualites\/mise-a-jour-des-blessures-de-lionel-messi-pas-dechelle-de-temps-au-retour\/\",\"name\":\"Mise \u00e0 jour des blessures de Lionel Messi: pas d&#39;\u00e9chelle de temps au retour\",\"isPartOf\":{\"@id\":\"https:\/\/footdavant.fr\/actualites\/#website\"},\"datePublished\":\"2025-08-04T07:48:08+00:00\",\"dateModified\":\"2025-08-04T07:48:10+00:00\",\"breadcrumb\":{\"@id\":\"https:\/\/footdavant.fr\/actualites\/mise-a-jour-des-blessures-de-lionel-messi-pas-dechelle-de-temps-au-retour\/#breadcrumb\"},\"inLanguage\":\"fr-FR\",\"potentialAction\":[{\"@type\":\"ReadAction\",\"target\":[\"https:\/\/footdavant.fr\/actualites\/mise-a-jour-des-blessures-de-lionel-messi-pas-dechelle-de-temps-au-retour\/\"]}]},{\"@type\":\"BreadcrumbList\",\"@id\":\"https:\/\/footdavant.fr\/actualites\/mise-a-jour-des-blessures-de-lionel-messi-pas-dechelle-de-temps-au-retour\/#breadcrumb\",\"itemListElement\":[{\"@type\":\"ListItem\",\"position\":1,\"name\":\"Accueil\",\"item\":\"https:\/\/footdavant.fr\/actualites\/\"},{\"@type\":\"ListItem\",\"position\":2,\"name\":\"Mise \u00e0 jour des blessures de Lionel Messi: pas d&#39;\u00e9chelle de temps au retour\"}]},{\"@type\":\"WebSite\",\"@id\":\"https:\/\/footdavant.fr\/actualites\/#website\",\"url\":\"https:\/\/footdavant.fr\/actualites\/\",\"name\":\"Foot d'avant\",\"description\":\"\",\"publisher\":{\"@id\":\"https:\/\/footdavant.fr\/actualites\/#organization\"},\"potentialAction\":[{\"@type\":\"SearchAction\",\"target\":{\"@type\":\"EntryPoint\",\"urlTemplate\":\"https:\/\/footdavant.fr\/actualites\/?s={search_term_string}\"},\"query-input\":\"required name=search_term_string\"}],\"inLanguage\":\"fr-FR\"},{\"@type\":\"Organization\",\"@id\":\"https:\/\/footdavant.fr\/actualites\/#organization\",\"name\":\"Foot d'avant\",\"url\":\"https:\/\/footdavant.fr\/actualites\/\",\"logo\":{\"@type\":\"ImageObject\",\"inLanguage\":\"fr-FR\",\"@id\":\"https:\/\/footdavant.fr\/actualites\/#\/schema\/logo\/image\/\",\"url\":\"https:\/\/footdavant.fr\/actualites\/wp-content\/uploads\/2023\/09\/Copy-of-FootDavant-Logo.png\",\"contentUrl\":\"https:\/\/footdavant.fr\/actualites\/wp-content\/uploads\/2023\/09\/Copy-of-FootDavant-Logo.png\",\"width\":936,\"height\":549,\"caption\":\"Foot d'avant\"},\"image\":{\"@id\":\"https:\/\/footdavant.fr\/actualites\/#\/schema\/logo\/image\/\"},\"sameAs\":[\"https:\/\/www.facebook.com\/Footdavant\/\",\"https:\/\/twitter.com\/FootdavantFr\",\"https:\/\/www.instagram.com\/footdavant.fr\/\"]},{\"@type\":\"Person\",\"@id\":\"https:\/\/footdavant.fr\/actualites\/#\/schema\/person\/bc222566d95871b37e597b3ed3ba5e1d\",\"name\":\"Cl\u00e9ment\",\"image\":{\"@type\":\"ImageObject\",\"inLanguage\":\"fr-FR\",\"@id\":\"https:\/\/footdavant.fr\/actualites\/#\/schema\/person\/image\/\",\"url\":\"https:\/\/secure.gravatar.com\/avatar\/7728b29aac2719421e1a9159b2254c44?s=96&d=mm&r=g\",\"contentUrl\":\"https:\/\/secure.gravatar.com\/avatar\/7728b29aac2719421e1a9159b2254c44?s=96&d=mm&r=g\",\"caption\":\"Cl\u00e9ment\"},\"sameAs\":[\"https:\/\/footdavant.fr\/\"]}]}<\/script>\n<!-- \/ Yoast SEO plugin. -->","yoast_head_json":{"title":"Mise \u00e0 jour des blessures de Lionel Messi: pas d&#39;\u00e9chelle de temps au retour","robots":{"index":"index","follow":"follow","max-snippet":"max-snippet:-1","max-image-preview":"max-image-preview:large","max-video-preview":"max-video-preview:-1"},"canonical":"https:\/\/footdavant.fr\/actualites\/mise-a-jour-des-blessures-de-lionel-messi-pas-dechelle-de-temps-au-retour\/","og_locale":"fr_FR","og_type":"article","og_title":"Mise \u00e0 jour des blessures de Lionel Messi: pas d&#39;\u00e9chelle de temps au retour","og_description":"Inter Miami dit que la blessure aux ischio-jambiers de Lionel Messi est mineure, mais aucune \u00e9chelle de temps n&#39;a \u00e9t\u00e9 plac\u00e9e sur l&#39;absence potentielle de","og_url":"https:\/\/footdavant.fr\/actualites\/mise-a-jour-des-blessures-de-lionel-messi-pas-dechelle-de-temps-au-retour\/","og_site_name":"Foot d&#039;avant","article_publisher":"https:\/\/www.facebook.com\/Footdavant\/","article_published_time":"2025-08-04T07:48:08+00:00","article_modified_time":"2025-08-04T07:48:10+00:00","og_image":[{"width":1200,"height":800,"url":"https:\/\/footdavant.fr\/actualites\/wp-content\/uploads\/2025\/08\/Mise-a-jour-des-blessures-de-Lionel-Messi-pas-d39echelle.jpg","type":"image\/jpeg"}],"author":"Cl\u00e9ment","twitter_card":"summary_large_image","twitter_creator":"@FootdavantFr","twitter_site":"@FootdavantFr","twitter_misc":{"\u00c9crit par":"Cl\u00e9ment","Dur\u00e9e de lecture estim\u00e9e":"2 minutes"},"schema":{"@context":"https:\/\/schema.org","@graph":[{"@type":"Article","@id":"https:\/\/footdavant.fr\/actualites\/mise-a-jour-des-blessures-de-lionel-messi-pas-dechelle-de-temps-au-retour\/#article","isPartOf":{"@id":"https:\/\/footdavant.fr\/actualites\/mise-a-jour-des-blessures-de-lionel-messi-pas-dechelle-de-temps-au-retour\/"},"author":{"name":"Cl\u00e9ment","@id":"https:\/\/footdavant.fr\/actualites\/#\/schema\/person\/bc222566d95871b37e597b3ed3ba5e1d"},"headline":"Mise \u00e0 jour des blessures de Lionel Messi: pas d&#39;\u00e9chelle de temps au retour","datePublished":"2025-08-04T07:48:08+00:00","dateModified":"2025-08-04T07:48:10+00:00","mainEntityOfPage":{"@id":"https:\/\/footdavant.fr\/actualites\/mise-a-jour-des-blessures-de-lionel-messi-pas-dechelle-de-temps-au-retour\/"},"wordCount":321,"publisher":{"@id":"https:\/\/footdavant.fr\/actualites\/#organization"},"keywords":["blessures","d39\u00e9chelle","des","jour","Lionel","Messi","mise","pas","retour","temps"],"articleSection":["Football"],"inLanguage":"fr-FR"},{"@type":"WebPage","@id":"https:\/\/footdavant.fr\/actualites\/mise-a-jour-des-blessures-de-lionel-messi-pas-dechelle-de-temps-au-retour\/","url":"https:\/\/footdavant.fr\/actualites\/mise-a-jour-des-blessures-de-lionel-messi-pas-dechelle-de-temps-au-retour\/","name":"Mise \u00e0 jour des blessures de Lionel Messi: pas d&#39;\u00e9chelle de temps au retour","isPartOf":{"@id":"https:\/\/footdavant.fr\/actualites\/#website"},"datePublished":"2025-08-04T07:48:08+00:00","dateModified":"2025-08-04T07:48:10+00:00","breadcrumb":{"@id":"https:\/\/footdavant.fr\/actualites\/mise-a-jour-des-blessures-de-lionel-messi-pas-dechelle-de-temps-au-retour\/#breadcrumb"},"inLanguage":"fr-FR","potentialAction":[{"@type":"ReadAction","target":["https:\/\/footdavant.fr\/actualites\/mise-a-jour-des-blessures-de-lionel-messi-pas-dechelle-de-temps-au-retour\/"]}]},{"@type":"BreadcrumbList","@id":"https:\/\/footdavant.fr\/actualites\/mise-a-jour-des-blessures-de-lionel-messi-pas-dechelle-de-temps-au-retour\/#breadcrumb","itemListElement":[{"@type":"ListItem","position":1,"name":"Accueil","item":"https:\/\/footdavant.fr\/actualites\/"},{"@type":"ListItem","position":2,"name":"Mise \u00e0 jour des blessures de Lionel Messi: pas d&#39;\u00e9chelle de temps au retour"}]},{"@type":"WebSite","@id":"https:\/\/footdavant.fr\/actualites\/#website","url":"https:\/\/footdavant.fr\/actualites\/","name":"Foot d'avant","description":"","publisher":{"@id":"https:\/\/footdavant.fr\/actualites\/#organization"},"potentialAction":[{"@type":"SearchAction","target":{"@type":"EntryPoint","urlTemplate":"https:\/\/footdavant.fr\/actualites\/?s={search_term_string}"},"query-input":"required name=search_term_string"}],"inLanguage":"fr-FR"},{"@type":"Organization","@id":"https:\/\/footdavant.fr\/actualites\/#organization","name":"Foot d'avant","url":"https:\/\/footdavant.fr\/actualites\/","logo":{"@type":"ImageObject","inLanguage":"fr-FR","@id":"https:\/\/footdavant.fr\/actualites\/#\/schema\/logo\/image\/","url":"https:\/\/footdavant.fr\/actualites\/wp-content\/uploads\/2023\/09\/Copy-of-FootDavant-Logo.png","contentUrl":"https:\/\/footdavant.fr\/actualites\/wp-content\/uploads\/2023\/09\/Copy-of-FootDavant-Logo.png","width":936,"height":549,"caption":"Foot d'avant"},"image":{"@id":"https:\/\/footdavant.fr\/actualites\/#\/schema\/logo\/image\/"},"sameAs":["https:\/\/www.facebook.com\/Footdavant\/","https:\/\/twitter.com\/FootdavantFr","https:\/\/www.instagram.com\/footdavant.fr\/"]},{"@type":"Person","@id":"https:\/\/footdavant.fr\/actualites\/#\/schema\/person\/bc222566d95871b37e597b3ed3ba5e1d","name":"Cl\u00e9ment","image":{"@type":"ImageObject","inLanguage":"fr-FR","@id":"https:\/\/footdavant.fr\/actualites\/#\/schema\/person\/image\/","url":"https:\/\/secure.gravatar.com\/avatar\/7728b29aac2719421e1a9159b2254c44?s=96&d=mm&r=g","contentUrl":"https:\/\/secure.gravatar.com\/avatar\/7728b29aac2719421e1a9159b2254c44?s=96&d=mm&r=g","caption":"Cl\u00e9ment"},"sameAs":["https:\/\/footdavant.fr\/"]}]}},"_links":{"self":[{"href":"https:\/\/footdavant.fr\/actualites\/wp-json\/wp\/v2\/posts\/26944"}],"collection":[{"href":"https:\/\/footdavant.fr\/actualites\/wp-json\/wp\/v2\/posts"}],"about":[{"href":"https:\/\/footdavant.fr\/actualites\/wp-json\/wp\/v2\/types\/post"}],"author":[{"embeddable":true,"href":"https:\/\/footdavant.fr\/actualites\/wp-json\/wp\/v2\/users\/1"}],"replies":[{"embeddable":true,"href":"https:\/\/footdavant.fr\/actualites\/wp-json\/wp\/v2\/comments?post=26944"}],"version-history":[{"count":1,"href":"https:\/\/footdavant.fr\/actualites\/wp-json\/wp\/v2\/posts\/26944\/revisions"}],"predecessor-version":[{"id":26946,"href":"https:\/\/footdavant.fr\/actualites\/wp-json\/wp\/v2\/posts\/26944\/revisions\/26946"}],"wp:featuredmedia":[{"embeddable":true,"href":"https:\/\/footdavant.fr\/actualites\/wp-json\/wp\/v2\/media\/26945"}],"wp:attachment":[{"href":"https:\/\/footdavant.fr\/actualites\/wp-json\/wp\/v2\/media?parent=26944"}],"wp:term":[{"taxonomy":"category","embeddable":true,"href":"https:\/\/footdavant.fr\/actualites\/wp-json\/wp\/v2\/categories?post=26944"},{"taxonomy":"post_tag","embeddable":true,"href":"https:\/\/footdavant.fr\/actualites\/wp-json\/wp\/v2\/tags?post=26944"}],"curies":[{"name":"wp","href":"https:\/\/api.w.org\/{rel}","templated":true}]}}