{"id":26961,"date":"2025-08-04T18:48:36","date_gmt":"2025-08-04T16:48:36","guid":{"rendered":"https:\/\/footdavant.fr\/actualites\/apercu-shkendija-vs-qarabag-fk-prediction-nouvelles-dequipe-alignements\/"},"modified":"2025-08-04T18:48:37","modified_gmt":"2025-08-04T16:48:37","slug":"apercu-shkendija-vs-qarabag-fk-prediction-nouvelles-dequipe-alignements","status":"publish","type":"post","link":"https:\/\/footdavant.fr\/actualites\/apercu-shkendija-vs-qarabag-fk-prediction-nouvelles-dequipe-alignements\/","title":{"rendered":"Aper\u00e7u: Shkendija vs Qarabag FK &#8211; Pr\u00e9diction, nouvelles d&#39;\u00e9quipe, alignements"},"content":{"rendered":"<div id=\"article_body\" itemprop=\"articleBody\">\n<p><strong class=\"autotag\">Shkendija visera \u00e0 faire en sorte que les avantages \u00e0 domicile comptent lorsqu&#39;ils accueillent Qarabag \u00e0 Tose Proeski Arena mardi pour la premi\u00e8re \u00e9tape de leur UEFA <strong class=\"autotag\">Troisi\u00e8me \u00e9galit\u00e9 de la Ligue des champions de qualification.<\/p>\n<p>Les deux parties ont enregistr\u00e9 des victoires \u00e0 domicile lors du tour pr\u00e9c\u00e9dent, les balistes ont vu le FCSB 3-1 en agr\u00e9gat, tandis que les g\u00e9ants de l&#39;Azerba\u00efdjan ont envoy\u00e9 Shelbourne 4-0 sur les deux jambes.<\/p>\n<p><\/p>\n<h2>Aper\u00e7u de correspondance<\/h2>\n<p>La course de Shkendija dans les qualifications de cette saison a \u00e9t\u00e9 tout simplement accrocheuse, alors qu&#39;ils entrent au troisi\u00e8me tour pour la deuxi\u00e8me fois de leur histoire.<\/p>\n<p>Leur lien d&#39;ouverture contre la tenue galloise TNS est apparue finement sur le papier, mais les hommes de Jeton Bekjiri ont tenu leur nerf \u00e0 travers un concours ext\u00e9nuant qui s&#39;est prolong\u00e9 dans le temps suppl\u00e9mentaire \u00e0 la deuxi\u00e8me \u00e9tape.<\/p>\n<p>Le triomphe sur le FCSB, cependant, a port\u00e9 un poids encore plus grand, \u00e9tant donn\u00e9 qu&#39;il s&#39;est produit contre un club avec un pedigree de phase de groupe pr\u00e9c\u00e9dent, et bien qu&#39;une victoire 1-0 \u00e9troite \u00e0 Tetovo ait pos\u00e9 la plate-forme, l&#39;affichage granuleux de Shkendija \u00e0 Bucarest et \u00e0 une progression \u00e9ventuelle a rendu leur r\u00e9alisation d&#39;autant plus frappant.<\/p>\n<p>Les hommes de Bekjiri ont vu leur avantage \u00e9lancier an\u00e9anti quand <strong class=\"autotag\">Juri Cisotti a frapp\u00e9 les Roumains \u00e0 la 28e minute \u00e0 l&#39;ar\u00e8ne nationale, mais <strong class=\"autotag\">Liridon Latifi a r\u00e9pondu presque imm\u00e9diatement avant le substitut <strong class=\"autotag\">Vane Krstevski a permis de sceller une victoire globale 3-1 pour les Mac\u00e9doniens du Nord.   <\/p>\n<p>Les ballistes entreront \u00e0 nouveau en tant qu&#39;opprim\u00e9 pour le choc de mardi, mais la confiance circulera dans leurs rangs, la victoire \u00e0 Bucarest marquant un troisi\u00e8me triomphe cons\u00e9cutif dans toutes les comp\u00e9titions et prolongeant la s\u00e9quence invaincue \u00e0 sept matchs (y compris les matchs amicaux).<\/p>\n<p>Alors qu&#39;ils sont sortis victorieux lors de leurs deux derniers matchs \u00e0 domicile comp\u00e9titifs, Shkendija se m\u00e9fiera de l&#39;histoire se r\u00e9p\u00e9tant, alors que la seule fois o\u00f9 ils ont atteint ce stade de la saison 2011-12, Ballistet a \u00e9t\u00e9 battu 3-0 par Salzbourg \u00e0 Tetovo avant de se replier apr\u00e8s une autre d\u00e9faite en Autriche.<\/p>\n<p class=\"imgI\">\n<p>Qarabag, en revanche, conna\u00eet bien \u00e0 ce niveau, avec sa 11e campagne de qualification en Ligue des champions, et les Az\u00e9ris visent une deuxi\u00e8me apparition dans le tournoi proprement dit apr\u00e8s leur perc\u00e9e en 2017-2018.<\/p>\n<p>Apr\u00e8s avoir obtenu une place dans le deuxi\u00e8me tour de qualification en remportant la Premier League d&#39;Azerba\u00efdjan 2024-25, les cavaliers ont frapp\u00e9 le sol avec une victoire dominante \u00e0 Dublin avant de terminer le travail avec une performance mesur\u00e9e sur le sol \u00e0 domicile.<\/p>\n<p>Les hommes de Gurban Gurbanov ont maintenant remport\u00e9 trois victoires de leurs quatre derni\u00e8res sorties comp\u00e9titives loin de chez eux, y compris ce d\u00e9mant\u00e8lement 3-0 de Shelbourne, donc les Azeri cherchent \u00e0 s&#39;imposer t\u00f4t t\u00f4t.  <\/p>\n<p>Il convient de rappeler que Qarabag a effac\u00e9 cet obstacle le dernier mandat en battant Ludogorets 8-4 sur les agr\u00e9gats, m\u00eame apr\u00e8s avoir perdu la premi\u00e8re \u00e9tape de chez lui, bien que leur voyage ait termin\u00e9 un pas de la phase de groupes apr\u00e8s des d\u00e9faites cons\u00e9cutives contre Dinamo Zagreb &#8211; une pilule am\u00e8re qu&#39;ils seront d\u00e9termin\u00e9es pour \u00e9viter cette \u00e9poque.<\/p>\n<\/p>\n<p>Formulaire Shkendia Champions League:<\/p>\n<p class=\"bM8\">Formulaire shkendija (toutes les comp\u00e9titions):<\/p>\n<p class=\"bM8\"><strong class=\"autotag\">Formulaire de Ligue des champions Qarabag FK:<\/p>\n<p class=\"bM8\">Formulaire Qarabag FK (toutes les comp\u00e9titions):<\/p>\n<p><\/p>\n<h2>Nouvelles de l&#39;\u00e9quipe<\/h2>\n<p class=\"imgI\">\n<p>Shkendija devrait accueillir le milieu de terrain albanais <strong class=\"autotag\">Kamer Qaka, qui a rat\u00e9 le voyage \u00e0 Bucarest apr\u00e8s avoir \u00e9t\u00e9 envoy\u00e9 lors de la premi\u00e8re \u00e9tape du tour pr\u00e9c\u00e9dent.<\/p>\n<p>Il reste \u00e0 voir si Qaka revient directement dans la programmation ou si <strong class=\"autotag\">Adamu Alhassan continuera aux c\u00f4t\u00e9s <strong class=\"autotag\">Reshat Ramadani dans un double pivot comme on le voit dans la derni\u00e8re sortie.<\/p>\n<p>Pendant ce temps, l&#39;entra\u00eeneur-chef Bekjiri fait face \u00e0 un dilemme de bienvenue sur le flanc d&#39;attaque gauche, Latifi et Krstevski stimulant tous les deux de fortes pr\u00e9tentions pour commencer \u00e0 suivre leurs contributions cruciales lors de la cravate pr\u00e9c\u00e9dente.<\/p>\n<p>Devrait les deux \u00eatre nomm\u00e9s dans le XI, <strong class=\"autotag\">Fabrice Tamba est peut-\u00eatre le seul \u00e0 faire la place du c\u00f4t\u00e9 oppos\u00e9, tandis que l&#39;attaquant exp\u00e9riment\u00e9 <strong class=\"autotag\">Besart Ibraimi est sur le point de diriger l&#39;attaque une fois de plus.<\/p>\n<p>Quant \u00e0 Qarabag, apr\u00e8s avoir transport\u00e9 un coussin de trois buts en deuxi\u00e8me \u00e9tape du week-end dernier, Gurbanov a opt\u00e9 pour un c\u00f4t\u00e9 l\u00e9g\u00e8rement tourn\u00e9 avec environ trois changements par rapport \u00e0 la programmation pr\u00e9c\u00e9dente.<\/p>\n<p>Cependant, le gardien de but du premier choix <strong class=\"autotag\">Fabijan Buntic devrait revenir entre les b\u00e2tons, tandis que Toral Bayramov devrait r\u00e9cup\u00e9rer sa place \u00e0 l&#39;arri\u00e8re gauche.<\/p>\n<p>Il reste \u00e0 voir si Dani Bolt sera apte \u00e0 figurer \u00e0 l&#39;arri\u00e8re droit apr\u00e8s avoir rat\u00e9 le dernier match, ce qui signifie <strong class=\"autotag\">Matheus Silva pourrait conserver sa place si n\u00e9cessaire.<\/p>\n<p>\u00c0 l&#39;avance, le Trident attaquant est susceptible de voir <strong class=\"autotag\">Leandro Andrade et <strong class=\"autotag\">Abdellah Zoubir op\u00e8re de chaque c\u00f4t\u00e9 de Nariman Akhundzade, qui est pour mener la ligne mardi.<\/p>\n<\/p>\n<p>Qarabag fk<\/p>\n<p>Gaye; Trumci, Cake, Fetai, Webster; Alhassan, Ramdani; Tamba, Krasniqi, Krstevski; Ibraimi<\/p>\n<p>Shelbourne possible la gamme de d\u00e9part:<\/p>\n<p>Buntic; Bayramov, Medina, Mustafazada, Silva; Bicalho, Addai, Borges; Andrade, Akhundzade, Zoubir<\/p>\n<p class=\"sm_center\">\n<h2 class=\"sm_center\">Nous disons: Shkendija 1-1 Qarabag FK <\/h2>\n<\/p>\n<p>Le pedigree europ\u00e9en sup\u00e9rieur de Qarabag les rend favoris sur papier, mais Shkendija a d\u00e9j\u00e0 montr\u00e9 qu&#39;ils sont un c\u00f4t\u00e9 capable de bouleverser les chances, donc les h\u00f4tes imaginent certainement leurs chances de donner un fort compte d&#39;eux-m\u00eames.<\/p>\n<p>Pour l&#39;analyse des donn\u00e9es des r\u00e9sultats les plus probables, les scores et plus encore pour cette correspondance, veuillez cliquer ici.<\/p>\n<p><\/p>\n<div class=\"author_box\">\n<div class=\"author_box_banner\"> <\/div>\n<\/div>\n<h2>Aper\u00e7u par e-mail<\/h2>\n<div>Cliquez ici pour recevoir les e-mails quotidiens de Sports Mole des aper\u00e7us et des pr\u00e9dictions pour chaque jeu majeur!<\/div>\n<p><\/div>\n","protected":false},"excerpt":{"rendered":"<p>Shkendija visera \u00e0 faire en sorte que les avantages \u00e0 domicile comptent lorsqu&#39;ils accueillent Qarabag \u00e0 Tose Proeski Arena mardi pour la premi\u00e8re \u00e9tape de<\/p>\n","protected":false},"author":1,"featured_media":26423,"comment_status":"closed","ping_status":"","sticky":false,"template":"","format":"standard","meta":{"footnotes":""},"categories":[4],"tags":[7750,284,4628,461,3917,5878,9815],"yoast_head":"<!-- This site is optimized with the Yoast SEO plugin v21.0 - https:\/\/yoast.com\/wordpress\/plugins\/seo\/ -->\n<title>Aper\u00e7u: Shkendija vs Qarabag FK - Pr\u00e9diction, nouvelles d&#039;\u00e9quipe, alignements<\/title>\n<meta name=\"robots\" content=\"index, follow, max-snippet:-1, max-image-preview:large, max-video-preview:-1\" \/>\n<link rel=\"canonical\" href=\"https:\/\/footdavant.fr\/actualites\/apercu-shkendija-vs-qarabag-fk-prediction-nouvelles-dequipe-alignements\/\" \/>\n<meta property=\"og:locale\" content=\"fr_FR\" \/>\n<meta property=\"og:type\" content=\"article\" \/>\n<meta property=\"og:title\" content=\"Aper\u00e7u: Shkendija vs Qarabag FK - Pr\u00e9diction, nouvelles d&#039;\u00e9quipe, alignements\" \/>\n<meta property=\"og:description\" content=\"Shkendija visera \u00e0 faire en sorte que les avantages \u00e0 domicile comptent lorsqu&#039;ils accueillent Qarabag \u00e0 Tose Proeski Arena mardi pour la premi\u00e8re \u00e9tape de\" \/>\n<meta property=\"og:url\" content=\"https:\/\/footdavant.fr\/actualites\/apercu-shkendija-vs-qarabag-fk-prediction-nouvelles-dequipe-alignements\/\" \/>\n<meta property=\"og:site_name\" content=\"Foot d&#039;avant\" \/>\n<meta property=\"article:publisher\" content=\"https:\/\/www.facebook.com\/Footdavant\/\" \/>\n<meta property=\"article:published_time\" content=\"2025-08-04T16:48:36+00:00\" \/>\n<meta property=\"article:modified_time\" content=\"2025-08-04T16:48:37+00:00\" \/>\n<meta property=\"og:image\" content=\"https:\/\/footdavant.fr\/actualites\/wp-content\/uploads\/2025\/07\/Apercu-Shkendija-vs-FCSB-Prediction-nouvelles-d39equipe-alignements.jpg\" \/>\n\t<meta property=\"og:image:width\" content=\"640\" \/>\n\t<meta property=\"og:image:height\" content=\"480\" \/>\n\t<meta property=\"og:image:type\" content=\"image\/jpeg\" \/>\n<meta name=\"author\" content=\"Cl\u00e9ment\" \/>\n<meta name=\"twitter:card\" content=\"summary_large_image\" \/>\n<meta name=\"twitter:creator\" content=\"@FootdavantFr\" \/>\n<meta name=\"twitter:site\" content=\"@FootdavantFr\" \/>\n<meta name=\"twitter:label1\" content=\"\u00c9crit par\" \/>\n\t<meta name=\"twitter:data1\" content=\"Cl\u00e9ment\" \/>\n\t<meta name=\"twitter:label2\" content=\"Dur\u00e9e de lecture estim\u00e9e\" \/>\n\t<meta name=\"twitter:data2\" content=\"5 minutes\" \/>\n<script type=\"application\/ld+json\" class=\"yoast-schema-graph\">{\"@context\":\"https:\/\/schema.org\",\"@graph\":[{\"@type\":\"Article\",\"@id\":\"https:\/\/footdavant.fr\/actualites\/apercu-shkendija-vs-qarabag-fk-prediction-nouvelles-dequipe-alignements\/#article\",\"isPartOf\":{\"@id\":\"https:\/\/footdavant.fr\/actualites\/apercu-shkendija-vs-qarabag-fk-prediction-nouvelles-dequipe-alignements\/\"},\"author\":{\"name\":\"Cl\u00e9ment\",\"@id\":\"https:\/\/footdavant.fr\/actualites\/#\/schema\/person\/bc222566d95871b37e597b3ed3ba5e1d\"},\"headline\":\"Aper\u00e7u: Shkendija vs Qarabag FK &#8211; Pr\u00e9diction, nouvelles d&#39;\u00e9quipe, alignements\",\"datePublished\":\"2025-08-04T16:48:36+00:00\",\"dateModified\":\"2025-08-04T16:48:37+00:00\",\"mainEntityOfPage\":{\"@id\":\"https:\/\/footdavant.fr\/actualites\/apercu-shkendija-vs-qarabag-fk-prediction-nouvelles-dequipe-alignements\/\"},\"wordCount\":1036,\"publisher\":{\"@id\":\"https:\/\/footdavant.fr\/actualites\/#organization\"},\"keywords\":[\"alignements\",\"Aper\u00e7u\",\"d39\u00e9quipe\",\"Nouvelles\",\"pr\u00e9diction\",\"Qarabag\",\"Shkendija\"],\"articleSection\":[\"Champions League\"],\"inLanguage\":\"fr-FR\"},{\"@type\":\"WebPage\",\"@id\":\"https:\/\/footdavant.fr\/actualites\/apercu-shkendija-vs-qarabag-fk-prediction-nouvelles-dequipe-alignements\/\",\"url\":\"https:\/\/footdavant.fr\/actualites\/apercu-shkendija-vs-qarabag-fk-prediction-nouvelles-dequipe-alignements\/\",\"name\":\"Aper\u00e7u: Shkendija vs Qarabag FK - Pr\u00e9diction, nouvelles d&#39;\u00e9quipe, alignements\",\"isPartOf\":{\"@id\":\"https:\/\/footdavant.fr\/actualites\/#website\"},\"datePublished\":\"2025-08-04T16:48:36+00:00\",\"dateModified\":\"2025-08-04T16:48:37+00:00\",\"breadcrumb\":{\"@id\":\"https:\/\/footdavant.fr\/actualites\/apercu-shkendija-vs-qarabag-fk-prediction-nouvelles-dequipe-alignements\/#breadcrumb\"},\"inLanguage\":\"fr-FR\",\"potentialAction\":[{\"@type\":\"ReadAction\",\"target\":[\"https:\/\/footdavant.fr\/actualites\/apercu-shkendija-vs-qarabag-fk-prediction-nouvelles-dequipe-alignements\/\"]}]},{\"@type\":\"BreadcrumbList\",\"@id\":\"https:\/\/footdavant.fr\/actualites\/apercu-shkendija-vs-qarabag-fk-prediction-nouvelles-dequipe-alignements\/#breadcrumb\",\"itemListElement\":[{\"@type\":\"ListItem\",\"position\":1,\"name\":\"Accueil\",\"item\":\"https:\/\/footdavant.fr\/actualites\/\"},{\"@type\":\"ListItem\",\"position\":2,\"name\":\"Aper\u00e7u: Shkendija vs Qarabag FK &#8211; Pr\u00e9diction, nouvelles d&#39;\u00e9quipe, alignements\"}]},{\"@type\":\"WebSite\",\"@id\":\"https:\/\/footdavant.fr\/actualites\/#website\",\"url\":\"https:\/\/footdavant.fr\/actualites\/\",\"name\":\"Foot d'avant\",\"description\":\"\",\"publisher\":{\"@id\":\"https:\/\/footdavant.fr\/actualites\/#organization\"},\"potentialAction\":[{\"@type\":\"SearchAction\",\"target\":{\"@type\":\"EntryPoint\",\"urlTemplate\":\"https:\/\/footdavant.fr\/actualites\/?s={search_term_string}\"},\"query-input\":\"required name=search_term_string\"}],\"inLanguage\":\"fr-FR\"},{\"@type\":\"Organization\",\"@id\":\"https:\/\/footdavant.fr\/actualites\/#organization\",\"name\":\"Foot d'avant\",\"url\":\"https:\/\/footdavant.fr\/actualites\/\",\"logo\":{\"@type\":\"ImageObject\",\"inLanguage\":\"fr-FR\",\"@id\":\"https:\/\/footdavant.fr\/actualites\/#\/schema\/logo\/image\/\",\"url\":\"https:\/\/footdavant.fr\/actualites\/wp-content\/uploads\/2023\/09\/Copy-of-FootDavant-Logo.png\",\"contentUrl\":\"https:\/\/footdavant.fr\/actualites\/wp-content\/uploads\/2023\/09\/Copy-of-FootDavant-Logo.png\",\"width\":936,\"height\":549,\"caption\":\"Foot d'avant\"},\"image\":{\"@id\":\"https:\/\/footdavant.fr\/actualites\/#\/schema\/logo\/image\/\"},\"sameAs\":[\"https:\/\/www.facebook.com\/Footdavant\/\",\"https:\/\/twitter.com\/FootdavantFr\",\"https:\/\/www.instagram.com\/footdavant.fr\/\"]},{\"@type\":\"Person\",\"@id\":\"https:\/\/footdavant.fr\/actualites\/#\/schema\/person\/bc222566d95871b37e597b3ed3ba5e1d\",\"name\":\"Cl\u00e9ment\",\"image\":{\"@type\":\"ImageObject\",\"inLanguage\":\"fr-FR\",\"@id\":\"https:\/\/footdavant.fr\/actualites\/#\/schema\/person\/image\/\",\"url\":\"https:\/\/secure.gravatar.com\/avatar\/7728b29aac2719421e1a9159b2254c44?s=96&d=mm&r=g\",\"contentUrl\":\"https:\/\/secure.gravatar.com\/avatar\/7728b29aac2719421e1a9159b2254c44?s=96&d=mm&r=g\",\"caption\":\"Cl\u00e9ment\"},\"sameAs\":[\"https:\/\/footdavant.fr\/\"]}]}<\/script>\n<!-- \/ Yoast SEO plugin. -->","yoast_head_json":{"title":"Aper\u00e7u: Shkendija vs Qarabag FK - Pr\u00e9diction, nouvelles d&#39;\u00e9quipe, alignements","robots":{"index":"index","follow":"follow","max-snippet":"max-snippet:-1","max-image-preview":"max-image-preview:large","max-video-preview":"max-video-preview:-1"},"canonical":"https:\/\/footdavant.fr\/actualites\/apercu-shkendija-vs-qarabag-fk-prediction-nouvelles-dequipe-alignements\/","og_locale":"fr_FR","og_type":"article","og_title":"Aper\u00e7u: Shkendija vs Qarabag FK - Pr\u00e9diction, nouvelles d&#39;\u00e9quipe, alignements","og_description":"Shkendija visera \u00e0 faire en sorte que les avantages \u00e0 domicile comptent lorsqu&#39;ils accueillent Qarabag \u00e0 Tose Proeski Arena mardi pour la premi\u00e8re \u00e9tape de","og_url":"https:\/\/footdavant.fr\/actualites\/apercu-shkendija-vs-qarabag-fk-prediction-nouvelles-dequipe-alignements\/","og_site_name":"Foot d&#039;avant","article_publisher":"https:\/\/www.facebook.com\/Footdavant\/","article_published_time":"2025-08-04T16:48:36+00:00","article_modified_time":"2025-08-04T16:48:37+00:00","og_image":[{"width":640,"height":480,"url":"https:\/\/footdavant.fr\/actualites\/wp-content\/uploads\/2025\/07\/Apercu-Shkendija-vs-FCSB-Prediction-nouvelles-d39equipe-alignements.jpg","type":"image\/jpeg"}],"author":"Cl\u00e9ment","twitter_card":"summary_large_image","twitter_creator":"@FootdavantFr","twitter_site":"@FootdavantFr","twitter_misc":{"\u00c9crit par":"Cl\u00e9ment","Dur\u00e9e de lecture estim\u00e9e":"5 minutes"},"schema":{"@context":"https:\/\/schema.org","@graph":[{"@type":"Article","@id":"https:\/\/footdavant.fr\/actualites\/apercu-shkendija-vs-qarabag-fk-prediction-nouvelles-dequipe-alignements\/#article","isPartOf":{"@id":"https:\/\/footdavant.fr\/actualites\/apercu-shkendija-vs-qarabag-fk-prediction-nouvelles-dequipe-alignements\/"},"author":{"name":"Cl\u00e9ment","@id":"https:\/\/footdavant.fr\/actualites\/#\/schema\/person\/bc222566d95871b37e597b3ed3ba5e1d"},"headline":"Aper\u00e7u: Shkendija vs Qarabag FK &#8211; Pr\u00e9diction, nouvelles d&#39;\u00e9quipe, alignements","datePublished":"2025-08-04T16:48:36+00:00","dateModified":"2025-08-04T16:48:37+00:00","mainEntityOfPage":{"@id":"https:\/\/footdavant.fr\/actualites\/apercu-shkendija-vs-qarabag-fk-prediction-nouvelles-dequipe-alignements\/"},"wordCount":1036,"publisher":{"@id":"https:\/\/footdavant.fr\/actualites\/#organization"},"keywords":["alignements","Aper\u00e7u","d39\u00e9quipe","Nouvelles","pr\u00e9diction","Qarabag","Shkendija"],"articleSection":["Champions League"],"inLanguage":"fr-FR"},{"@type":"WebPage","@id":"https:\/\/footdavant.fr\/actualites\/apercu-shkendija-vs-qarabag-fk-prediction-nouvelles-dequipe-alignements\/","url":"https:\/\/footdavant.fr\/actualites\/apercu-shkendija-vs-qarabag-fk-prediction-nouvelles-dequipe-alignements\/","name":"Aper\u00e7u: Shkendija vs Qarabag FK - Pr\u00e9diction, nouvelles d&#39;\u00e9quipe, alignements","isPartOf":{"@id":"https:\/\/footdavant.fr\/actualites\/#website"},"datePublished":"2025-08-04T16:48:36+00:00","dateModified":"2025-08-04T16:48:37+00:00","breadcrumb":{"@id":"https:\/\/footdavant.fr\/actualites\/apercu-shkendija-vs-qarabag-fk-prediction-nouvelles-dequipe-alignements\/#breadcrumb"},"inLanguage":"fr-FR","potentialAction":[{"@type":"ReadAction","target":["https:\/\/footdavant.fr\/actualites\/apercu-shkendija-vs-qarabag-fk-prediction-nouvelles-dequipe-alignements\/"]}]},{"@type":"BreadcrumbList","@id":"https:\/\/footdavant.fr\/actualites\/apercu-shkendija-vs-qarabag-fk-prediction-nouvelles-dequipe-alignements\/#breadcrumb","itemListElement":[{"@type":"ListItem","position":1,"name":"Accueil","item":"https:\/\/footdavant.fr\/actualites\/"},{"@type":"ListItem","position":2,"name":"Aper\u00e7u: Shkendija vs Qarabag FK &#8211; Pr\u00e9diction, nouvelles d&#39;\u00e9quipe, alignements"}]},{"@type":"WebSite","@id":"https:\/\/footdavant.fr\/actualites\/#website","url":"https:\/\/footdavant.fr\/actualites\/","name":"Foot d'avant","description":"","publisher":{"@id":"https:\/\/footdavant.fr\/actualites\/#organization"},"potentialAction":[{"@type":"SearchAction","target":{"@type":"EntryPoint","urlTemplate":"https:\/\/footdavant.fr\/actualites\/?s={search_term_string}"},"query-input":"required name=search_term_string"}],"inLanguage":"fr-FR"},{"@type":"Organization","@id":"https:\/\/footdavant.fr\/actualites\/#organization","name":"Foot d'avant","url":"https:\/\/footdavant.fr\/actualites\/","logo":{"@type":"ImageObject","inLanguage":"fr-FR","@id":"https:\/\/footdavant.fr\/actualites\/#\/schema\/logo\/image\/","url":"https:\/\/footdavant.fr\/actualites\/wp-content\/uploads\/2023\/09\/Copy-of-FootDavant-Logo.png","contentUrl":"https:\/\/footdavant.fr\/actualites\/wp-content\/uploads\/2023\/09\/Copy-of-FootDavant-Logo.png","width":936,"height":549,"caption":"Foot d'avant"},"image":{"@id":"https:\/\/footdavant.fr\/actualites\/#\/schema\/logo\/image\/"},"sameAs":["https:\/\/www.facebook.com\/Footdavant\/","https:\/\/twitter.com\/FootdavantFr","https:\/\/www.instagram.com\/footdavant.fr\/"]},{"@type":"Person","@id":"https:\/\/footdavant.fr\/actualites\/#\/schema\/person\/bc222566d95871b37e597b3ed3ba5e1d","name":"Cl\u00e9ment","image":{"@type":"ImageObject","inLanguage":"fr-FR","@id":"https:\/\/footdavant.fr\/actualites\/#\/schema\/person\/image\/","url":"https:\/\/secure.gravatar.com\/avatar\/7728b29aac2719421e1a9159b2254c44?s=96&d=mm&r=g","contentUrl":"https:\/\/secure.gravatar.com\/avatar\/7728b29aac2719421e1a9159b2254c44?s=96&d=mm&r=g","caption":"Cl\u00e9ment"},"sameAs":["https:\/\/footdavant.fr\/"]}]}},"_links":{"self":[{"href":"https:\/\/footdavant.fr\/actualites\/wp-json\/wp\/v2\/posts\/26961"}],"collection":[{"href":"https:\/\/footdavant.fr\/actualites\/wp-json\/wp\/v2\/posts"}],"about":[{"href":"https:\/\/footdavant.fr\/actualites\/wp-json\/wp\/v2\/types\/post"}],"author":[{"embeddable":true,"href":"https:\/\/footdavant.fr\/actualites\/wp-json\/wp\/v2\/users\/1"}],"replies":[{"embeddable":true,"href":"https:\/\/footdavant.fr\/actualites\/wp-json\/wp\/v2\/comments?post=26961"}],"version-history":[{"count":1,"href":"https:\/\/footdavant.fr\/actualites\/wp-json\/wp\/v2\/posts\/26961\/revisions"}],"predecessor-version":[{"id":26962,"href":"https:\/\/footdavant.fr\/actualites\/wp-json\/wp\/v2\/posts\/26961\/revisions\/26962"}],"wp:featuredmedia":[{"embeddable":true,"href":"https:\/\/footdavant.fr\/actualites\/wp-json\/wp\/v2\/media\/26423"}],"wp:attachment":[{"href":"https:\/\/footdavant.fr\/actualites\/wp-json\/wp\/v2\/media?parent=26961"}],"wp:term":[{"taxonomy":"category","embeddable":true,"href":"https:\/\/footdavant.fr\/actualites\/wp-json\/wp\/v2\/categories?post=26961"},{"taxonomy":"post_tag","embeddable":true,"href":"https:\/\/footdavant.fr\/actualites\/wp-json\/wp\/v2\/tags?post=26961"}],"curies":[{"name":"wp","href":"https:\/\/api.w.org\/{rel}","templated":true}]}}