{"id":2707,"date":"2023-12-18T15:48:38","date_gmt":"2023-12-18T14:48:38","guid":{"rendered":"https:\/\/footdavant.fr\/actualites\/equipe-de-la-semaine-en-ligue-des-champions-angel-di-maria-arthur-vermeeren-joselu\/"},"modified":"2023-12-18T15:48:38","modified_gmt":"2023-12-18T14:48:38","slug":"equipe-de-la-semaine-en-ligue-des-champions-angel-di-maria-arthur-vermeeren-joselu","status":"publish","type":"post","link":"https:\/\/footdavant.fr\/actualites\/equipe-de-la-semaine-en-ligue-des-champions-angel-di-maria-arthur-vermeeren-joselu\/","title":{"rendered":"\u00c9quipe de la semaine en Ligue des champions \u2013 Angel Di Maria, Arthur Vermeeren, Joselu"},"content":{"rendered":"<p>Sports Mole s\u00e9lectionne son \u00e9quipe de la semaine lors de la sixi\u00e8me semaine de match de la Ligue des champions 2023-24, parmi laquelle Angel Di Maria, Arthur Vermeeren et Joselu.<\/p>\n<div id=\"article_body\" itemprop=\"articleBody\">\n<p class=\"firstPara\"><strong class=\"autotag\">Manchester United<\/strong> s&rsquo;est compl\u00e8tement \u00e9cras\u00e9 hors d&rsquo;Europe mardi soir gr\u00e2ce \u00e0 une d\u00e9faite 1-0 \u00e0 domicile contre <strong class=\"autotag\">Bayern Munich<\/strong> dans le <strong class=\"autotag\">Ligue des champions<\/strong>les Diables Rouges terminant derniers du groupe A.<\/p>\n<p><strong class=\"autotag\">Copenhague<\/strong> battre <strong class=\"autotag\">Galatasaray<\/strong> 1-0 pour assurer la deuxi\u00e8me place dans la section derri\u00e8re le Bayern, Galatasaray se qualifiant pour les \u00e9liminatoires des huiti\u00e8mes de finale de la Ligue Europa.<\/p>\n<p>Dans le groupe B, <strong class=\"autotag\">Arsenal<\/strong> ont domin\u00e9 l&rsquo;action avant <strong class=\"autotag\">PSV Eindhoven<\/strong>les deux \u00e9quipes jouant un match nul 1-1 mardi, tandis que <strong class=\"autotag\">Lentille<\/strong> ont obtenu la troisi\u00e8me place, l&rsquo;\u00e9quipe fran\u00e7aise terminant sa campagne avec une victoire 2-1 contre les tenants de la Ligue Europa <strong class=\"autotag\">S\u00e9ville<\/strong>.<\/p>\n<p><strong class=\"autotag\">Real Madrid<\/strong> battre <strong class=\"autotag\">Union Berlin<\/strong> 3-2 pour porter le score \u00e0 18 points sur 18 possibles dans le Groupe C, Los Blancos se qualifiant pour les huiti\u00e8mes de finale en tant que vainqueurs de section, tandis que <strong class=\"autotag\">Naples<\/strong> a obtenu la deuxi\u00e8me place gr\u00e2ce \u00e0 une victoire 2-0 sur <strong class=\"autotag\">Braga<\/strong>l&rsquo;\u00e9quipe portugaise terminant troisi\u00e8me pour se qualifier pour la Ligue Europa.<\/p>\n<p>Le groupe D a \u00e9t\u00e9 remport\u00e9 par <strong class=\"autotag\">Real Sociedad<\/strong>juste devant le deuxi\u00e8me <strong class=\"autotag\">Inter Milan<\/strong>les deux \u00e9quipes jouant un match nul et vierge mardi, tandis que <strong class=\"autotag\">Benfica<\/strong> ont termin\u00e9 troisi\u00e8mes, enregistrant une victoire 3-1 sur <strong class=\"autotag\">Red Bull Salzbourg<\/strong> lors de leur dernier match de groupe le m\u00eame soir.<\/p>\n<p class=\"imgI\">\n<p><strong class=\"autotag\">Atletico Madrid<\/strong> a remport\u00e9 le Groupe E mercredi gr\u00e2ce \u00e0 une victoire 2-0 contre <strong class=\"autotag\">Latium<\/strong>l&rsquo;\u00e9quipe italienne terminant deuxi\u00e8me, tandis que <strong class=\"autotag\">Feyenoord<\/strong> a termin\u00e9 troisi\u00e8me malgr\u00e9 sa d\u00e9faite 2-1 contre <strong class=\"autotag\">celtique<\/strong> \u00e0 Glasgow.<\/p>\n<p>Le groupe F a \u00e9t\u00e9 remport\u00e9 par <strong class=\"autotag\">Borussia Dortmund<\/strong>qui a fait match nul 1-1 avec le deuxi\u00e8me <strong class=\"autotag\">Paris Saint Germain<\/strong> mercredi, alors que c&rsquo;\u00e9tait un cr\u00e8ve-c\u0153ur pour <strong class=\"autotag\">Newcastle United<\/strong>qui a termin\u00e9 dernier du groupe suite \u00e0 sa d\u00e9faite 2-1 \u00e0 domicile contre <strong class=\"autotag\">AC Milan<\/strong>l&rsquo;\u00e9quipe de Serie A se qualifiant pour la Ligue Europa.<\/p>\n<p>Les champions en titre <strong class=\"autotag\">Manchester City<\/strong> a remport\u00e9 le groupe G avec 18 points, battant l&rsquo;\u00e9quipe du sous-sol <strong class=\"autotag\">\u00c9toile rouge de Belgrade<\/strong> 3-2 mercredi, alors que <strong class=\"autotag\">RB Leipzig<\/strong> a termin\u00e9 deuxi\u00e8me, l&rsquo;\u00e9quipe allemande terminant sa campagne avec une victoire 2-1 sur la troisi\u00e8me place <strong class=\"autotag\">Jeunes gar\u00e7ons<\/strong> en Allemagne.<\/p>\n<p><strong class=\"autotag\">Barcelone<\/strong> a subi une d\u00e9faite choc 3-2 contre <strong class=\"autotag\">Royal Anvers<\/strong> en Belgique mercredi, mais l&rsquo;\u00e9quipe catalane reste en t\u00eate du groupe H dans le bilan face-\u00e0-face contre la deuxi\u00e8me place. <strong class=\"autotag\">Porto<\/strong>qui a termin\u00e9 avec une victoire 5-3 sur le troisi\u00e8me <strong class=\"autotag\">Chakhtar Donetsk<\/strong> au Portugal.<\/p>\n<p>Ici, <strong>Taupe de sport<\/strong> s\u00e9lectionne son onze exceptionnel lors de la sixi\u00e8me semaine de match des phases de groupes de la Ligue des champions cette saison.<\/p>\n<hr>\n<h2>LA D\u00c9FENSE<\/h2>\n<p class=\"imgI\"><img decoding=\"async\" loading=\"lazy\" class=\"l\" src=\"https:\/\/footdavant.fr\/actualites\/wp-content\/uploads\/2023\/12\/Equipe-de-la-semaine-en-Ligue-des-champions-\u2013-Angel.JPG\" title=\"Kevin Diks de Copenhague le 8 novembre 2023\" alt=\"Kevin Diks de Copenhague le 8 novembre 2023\" width=\"640\" height=\"480\"><\/p>\n<p>Naples <strong>Alex M\u00e9ret<\/strong> re\u00e7oit le feu vert entre les b\u00e2tons de cette \u00e9quipe en raison de son excellente performance lors du succ\u00e8s de deux buts de son \u00e9quipe contre Braga.  Le joueur de 26 ans a r\u00e9alis\u00e9 cinq arr\u00eats au cours d&rsquo;une d\u00e9monstration dominante, tout en \u00e9tant \u00e9galement impressionnant au sol, terminant la comp\u00e9tition avec un taux de r\u00e9ussite de passes de 91 %.<\/p>\n<p>Il y a un autre repr\u00e9sentant de Naples dans l&rsquo;\u00e9quipe, avec <strong>Natan<\/strong> inclus en raison de sa contribution \u00e0 la victoire de l&rsquo;\u00e9quipe italienne.  Le joueur de 22 ans a d\u00e9livr\u00e9 la passe d\u00e9cisive pour <strong class=\"autotag\">Victor Osimhen<\/strong>\u00e0 la 33e minute, alors qu&rsquo;il a r\u00e9alis\u00e9 quatre plaqu\u00e9s et remport\u00e9 deux duels a\u00e9riens au cours d&rsquo;une excellente performance globale.<\/p>\n<p>La Real Sociedad a brillamment r\u00e9ussi \u00e0 dominer son groupe et a r\u00e9colt\u00e9 un point impressionnant contre l&rsquo;Inter mardi ; <strong>Hamari Traor\u00e9<\/strong> a \u00e9t\u00e9 un joueur cl\u00e9 pour les visiteurs de San Siro, remportant cinq duels a\u00e9riens et affichant un taux de r\u00e9ussite de 81%, le d\u00e9fenseur \u00e9tant excellent lors du match nul et vierge.<\/p>\n<p>Le joueur qui s&rsquo;est d\u00e9marqu\u00e9 dans la zone d\u00e9fensive lors de cette semaine de match a \u00e9t\u00e9 celui de Copenhague. <strong>K\u00e9vin Diks<\/strong>;  le joueur de 27 ans a r\u00e9ussi deux d\u00e9gagements sur la ligne de but contre Galatasaray, tandis qu&rsquo;il a remport\u00e9 trois duels a\u00e9riens, r\u00e9alis\u00e9 deux plaqu\u00e9s et compl\u00e9t\u00e9 27 de ses 34 passes au cours d&rsquo;une solide prestation au milieu de la d\u00e9fense.<\/p>\n<p><strong>Samuel Lino<\/strong> compl\u00e8te la configuration d\u00e9fensive, avec le joueur de 23 ans, qui est techniquement un ailier, se r\u00e9v\u00e9lant \u00eatre un \u00e9l\u00e9ment cl\u00e9 du succ\u00e8s 2-0 de l&rsquo;Atletico contre la Lazio.  Le Br\u00e9silien a fourni la passe d\u00e9cisive \u00e0 Antoine Griezmann pour porter le score \u00e0 1-0 \u00e0 la sixi\u00e8me minute avant de marquer \u00e0 la 51e minute, et la Lazio a eu beaucoup de mal \u00e0 le g\u00e9rer sur la gauche au Wanda Metropolitano.<\/p>\n<hr>\n<h2>MILIEU DE TERRAIN<\/h2>\n<p class=\"imgI\"><img decoding=\"async\" loading=\"lazy\" class=\"l\" src=\"https:\/\/footdavant.fr\/actualites\/wp-content\/uploads\/2023\/12\/1702910917_653_Equipe-de-la-semaine-en-Ligue-des-champions-\u2013-Angel.JPG\" title=\"Angel Di Maria de Benfica le 12 d\u00e9cembre 2023\" alt=\"Angel Di Maria de Benfica le 12 d\u00e9cembre 2023\" width=\"640\" height=\"480\"><\/p>\n<p><strong>Ange Di Maria<\/strong> a jou\u00e9 dans la victoire 3-1 de Benfica contre Salzbourg, le joueur de 35 ans remontant les ann\u00e9es mardi soir.  L&rsquo;Argentin a fait la perc\u00e9e \u00e0 la 32e minute avant de devenir passeur pour le deuxi\u00e8me match de son \u00e9quipe, et il a \u00e9galement touch\u00e9 les montants lors d&rsquo;une excellente performance.<\/p>\n<p><strong>Gal\u00e8ne<\/strong> navigue \u00e9galement dans cette \u00e9quipe gr\u00e2ce \u00e0 sa performance cinq \u00e9toiles lors de la victoire 5-3 de Porto contre le Shakhtar ;  le joueur de 26 ans a marqu\u00e9 deux fois et fourni deux passes d\u00e9cisives dans une prestation \u00e9poustouflante, et cela aurait \u00e9t\u00e9 un soulagement pour les visiteurs lorsqu&rsquo;il a \u00e9t\u00e9 retir\u00e9 \u00e0 la 88e minute de la comp\u00e9tition.<\/p>\n<p><strong>Arthur Vermeeren<\/strong>, quant \u00e0 lui, a montr\u00e9 ses r\u00e9f\u00e9rences contre Barcelone mercredi.  Plusieurs des plus grands clubs du monde seraient friands du joueur de 18 ans, qui figurait sur la feuille de match lors de la victoire 3-2 d&rsquo;Anvers contre <strong class=\"autotag\">Xavi<\/strong>du c\u00f4t\u00e9.  Il a dirig\u00e9 le milieu de terrain pendant de longues p\u00e9riodes, et il semble que l\u2019adolescent fera un geste tr\u00e8s m\u00e9diatis\u00e9 en 2024 compte tenu de son incroyable potentiel.<\/p>\n<p>Le milieu de terrain est compl\u00e9t\u00e9 par <strong>Hwang In-beom<\/strong>, qui \u00e9tait en grande forme contre Man City mercredi.  Le joueur de 27 ans a \u00e0 la fois marqu\u00e9 et fourni une passe d\u00e9cisive lors de la d\u00e9faite 3-2 de l&rsquo;\u00c9toile rouge de Belgrade, et il \u00e9tait sans doute le joueur le plus remarquable sur le terrain, impressionnant tant offensivement que d\u00e9fensivement contre les champions.<\/p>\n<hr>\n<h2>ATTAQUE<\/h2>\n<p class=\"imgI\"><img decoding=\"async\" loading=\"lazy\" class=\"l\" src=\"https:\/\/footdavant.fr\/actualites\/wp-content\/uploads\/2023\/12\/1702910917_503_Equipe-de-la-semaine-en-Ligue-des-champions-\u2013-Angel.JPG\" title=\"L'attaquant du Real Madrid Joselu le 27 septembre 2023\" alt=\"L'attaquant du Real Madrid Joselu le 27 septembre 2023\" width=\"640\" height=\"480\"><\/p>\n<p><strong>Joselu<\/strong> a certainement prouv\u00e9 sa valeur au Real Madrid cette saison, et l&rsquo;international espagnol est apparemment en ligne pour un transfert permanent au club l&rsquo;\u00e9t\u00e9 prochain en provenance de l&rsquo;Espanyol.<\/p>\n<p>Le joueur de 33 ans a marqu\u00e9 deux fois lors de la victoire 3-2 de son \u00e9quipe contre l&rsquo;Union Berlin mardi, tout en frappant \u00e9galement les boiseries lors d&rsquo;une v\u00e9ritable performance d&rsquo;avant-centre.<\/p>\n<p>L&rsquo;effectif est compl\u00e9t\u00e9 par celui de Porto <strong>Mehdi Tar\u00e9mi<\/strong>, qui est actuellement fortement li\u00e9 \u00e0 un \u00e9loignement du club ;  l&rsquo;attaquant exp\u00e9riment\u00e9 n&rsquo;a de contrat avec son \u00e9quipe actuelle que jusqu&rsquo;\u00e0 la fin de la campagne, et il a \u00e9t\u00e9 sugg\u00e9r\u00e9 qu&rsquo;il pourrait partir en janvier.<\/p>\n<p>Le joueur de 31 ans fait toujours la diff\u00e9rence au plus haut niveau, marquant lors de la victoire 5-3 de son \u00e9quipe contre le Shakhtar, tout en r\u00e9alisant cinq plaqu\u00e9s et en remportant deux duels a\u00e9riens, prouvant sa valeur pour l&rsquo;\u00e9quipe.<\/p>\n<hr>\n<h2>\u00c9QUIPE DE LA SEMAINE DE LA LIGUE DES CHAMPIONS DE SPORTS MOLE<\/h2>\n<p class=\"imgI\"><img decoding=\"async\" loading=\"lazy\" class=\"l\" src=\"https:\/\/footdavant.fr\/actualites\/wp-content\/uploads\/2023\/12\/1702910918_372_Equipe-de-la-semaine-en-Ligue-des-champions-\u2013-Angel.jpg\" title=\"CL TOTW MD6\" alt=\"CL TOTW MD6\" width=\"640\" height=\"1009\"><\/p>\n<p><strong>\u00c9quipe de la semaine de la Ligue des champions de Sports Mole (4-4-2)\u00a0:<\/strong> M\u00e9ret ;  Traor\u00e9, Diks, <strong class=\"autotag\">Natan<\/strong>, Lino;  Di Maria, Hwang, Vermeeren, <strong class=\"autotag\">Gal\u00e8ne<\/strong>; <strong class=\"autotag\">Joselu<\/strong>Tar\u00e9mi<\/p>\n<hr>\n<\/div>\n","protected":false},"excerpt":{"rendered":"<p>Sports Mole s\u00e9lectionne son \u00e9quipe de la semaine lors de la sixi\u00e8me semaine de match de la Ligue des champions 2023-24, parmi laquelle Angel Di<\/p>\n","protected":false},"author":1,"featured_media":2708,"comment_status":"closed","ping_status":"","sticky":false,"template":"","format":"standard","meta":{"footnotes":""},"categories":[4],"tags":[2346,1886,31,12,28,2231,30,2347,29,1887],"yoast_head":"<!-- This site is optimized with the Yoast SEO plugin v21.0 - https:\/\/yoast.com\/wordpress\/plugins\/seo\/ -->\n<title>\u00c9quipe de la semaine en Ligue des champions \u2013 Angel Di Maria, Arthur Vermeeren, Joselu<\/title>\n<meta name=\"robots\" content=\"index, follow, max-snippet:-1, max-image-preview:large, max-video-preview:-1\" \/>\n<link rel=\"canonical\" href=\"https:\/\/footdavant.fr\/actualites\/equipe-de-la-semaine-en-ligue-des-champions-angel-di-maria-arthur-vermeeren-joselu\/\" \/>\n<meta property=\"og:locale\" content=\"fr_FR\" \/>\n<meta property=\"og:type\" content=\"article\" \/>\n<meta property=\"og:title\" content=\"\u00c9quipe de la semaine en Ligue des champions \u2013 Angel Di Maria, Arthur Vermeeren, Joselu\" \/>\n<meta property=\"og:description\" content=\"Sports Mole s\u00e9lectionne son \u00e9quipe de la semaine lors de la sixi\u00e8me semaine de match de la Ligue des champions 2023-24, parmi laquelle Angel Di\" \/>\n<meta property=\"og:url\" content=\"https:\/\/footdavant.fr\/actualites\/equipe-de-la-semaine-en-ligue-des-champions-angel-di-maria-arthur-vermeeren-joselu\/\" \/>\n<meta property=\"og:site_name\" content=\"Foot d&#039;avant\" \/>\n<meta property=\"article:publisher\" content=\"https:\/\/www.facebook.com\/Footdavant\/\" \/>\n<meta property=\"article:published_time\" content=\"2023-12-18T14:48:38+00:00\" \/>\n<meta property=\"og:image\" content=\"https:\/\/footdavant.fr\/actualites\/wp-content\/uploads\/2023\/12\/Equipe-de-la-semaine-en-Ligue-des-champions-\u2013-Angel.jpg\" \/>\n\t<meta property=\"og:image:width\" content=\"640\" \/>\n\t<meta property=\"og:image:height\" content=\"480\" \/>\n\t<meta property=\"og:image:type\" content=\"image\/jpeg\" \/>\n<meta name=\"author\" content=\"Cl\u00e9ment\" \/>\n<meta name=\"twitter:card\" content=\"summary_large_image\" \/>\n<meta name=\"twitter:creator\" content=\"@FootdavantFr\" \/>\n<meta name=\"twitter:site\" content=\"@FootdavantFr\" \/>\n<meta name=\"twitter:label1\" content=\"\u00c9crit par\" \/>\n\t<meta name=\"twitter:data1\" content=\"Cl\u00e9ment\" \/>\n\t<meta name=\"twitter:label2\" content=\"Dur\u00e9e de lecture estim\u00e9e\" \/>\n\t<meta name=\"twitter:data2\" content=\"6 minutes\" \/>\n<script type=\"application\/ld+json\" class=\"yoast-schema-graph\">{\"@context\":\"https:\/\/schema.org\",\"@graph\":[{\"@type\":\"Article\",\"@id\":\"https:\/\/footdavant.fr\/actualites\/equipe-de-la-semaine-en-ligue-des-champions-angel-di-maria-arthur-vermeeren-joselu\/#article\",\"isPartOf\":{\"@id\":\"https:\/\/footdavant.fr\/actualites\/equipe-de-la-semaine-en-ligue-des-champions-angel-di-maria-arthur-vermeeren-joselu\/\"},\"author\":{\"name\":\"Cl\u00e9ment\",\"@id\":\"https:\/\/footdavant.fr\/actualites\/#\/schema\/person\/bc222566d95871b37e597b3ed3ba5e1d\"},\"headline\":\"\u00c9quipe de la semaine en Ligue des champions \u2013 Angel Di Maria, Arthur Vermeeren, Joselu\",\"datePublished\":\"2023-12-18T14:48:38+00:00\",\"dateModified\":\"2023-12-18T14:48:38+00:00\",\"mainEntityOfPage\":{\"@id\":\"https:\/\/footdavant.fr\/actualites\/equipe-de-la-semaine-en-ligue-des-champions-angel-di-maria-arthur-vermeeren-joselu\/\"},\"wordCount\":1293,\"publisher\":{\"@id\":\"https:\/\/footdavant.fr\/actualites\/#organization\"},\"keywords\":[\"Angel\",\"Arthur\",\"champions\",\"des\",\"\u00c9quipe\",\"Joselu\",\"Ligue\",\"Maria\",\"semaine\",\"Vermeeren\"],\"articleSection\":[\"Champions League\"],\"inLanguage\":\"fr-FR\"},{\"@type\":\"WebPage\",\"@id\":\"https:\/\/footdavant.fr\/actualites\/equipe-de-la-semaine-en-ligue-des-champions-angel-di-maria-arthur-vermeeren-joselu\/\",\"url\":\"https:\/\/footdavant.fr\/actualites\/equipe-de-la-semaine-en-ligue-des-champions-angel-di-maria-arthur-vermeeren-joselu\/\",\"name\":\"\u00c9quipe de la semaine en Ligue des champions \u2013 Angel Di Maria, Arthur Vermeeren, Joselu\",\"isPartOf\":{\"@id\":\"https:\/\/footdavant.fr\/actualites\/#website\"},\"datePublished\":\"2023-12-18T14:48:38+00:00\",\"dateModified\":\"2023-12-18T14:48:38+00:00\",\"breadcrumb\":{\"@id\":\"https:\/\/footdavant.fr\/actualites\/equipe-de-la-semaine-en-ligue-des-champions-angel-di-maria-arthur-vermeeren-joselu\/#breadcrumb\"},\"inLanguage\":\"fr-FR\",\"potentialAction\":[{\"@type\":\"ReadAction\",\"target\":[\"https:\/\/footdavant.fr\/actualites\/equipe-de-la-semaine-en-ligue-des-champions-angel-di-maria-arthur-vermeeren-joselu\/\"]}]},{\"@type\":\"BreadcrumbList\",\"@id\":\"https:\/\/footdavant.fr\/actualites\/equipe-de-la-semaine-en-ligue-des-champions-angel-di-maria-arthur-vermeeren-joselu\/#breadcrumb\",\"itemListElement\":[{\"@type\":\"ListItem\",\"position\":1,\"name\":\"Accueil\",\"item\":\"https:\/\/footdavant.fr\/actualites\/\"},{\"@type\":\"ListItem\",\"position\":2,\"name\":\"\u00c9quipe de la semaine en Ligue des champions \u2013 Angel Di Maria, Arthur Vermeeren, Joselu\"}]},{\"@type\":\"WebSite\",\"@id\":\"https:\/\/footdavant.fr\/actualites\/#website\",\"url\":\"https:\/\/footdavant.fr\/actualites\/\",\"name\":\"Foot d'avant\",\"description\":\"\",\"publisher\":{\"@id\":\"https:\/\/footdavant.fr\/actualites\/#organization\"},\"potentialAction\":[{\"@type\":\"SearchAction\",\"target\":{\"@type\":\"EntryPoint\",\"urlTemplate\":\"https:\/\/footdavant.fr\/actualites\/?s={search_term_string}\"},\"query-input\":\"required name=search_term_string\"}],\"inLanguage\":\"fr-FR\"},{\"@type\":\"Organization\",\"@id\":\"https:\/\/footdavant.fr\/actualites\/#organization\",\"name\":\"Foot d'avant\",\"url\":\"https:\/\/footdavant.fr\/actualites\/\",\"logo\":{\"@type\":\"ImageObject\",\"inLanguage\":\"fr-FR\",\"@id\":\"https:\/\/footdavant.fr\/actualites\/#\/schema\/logo\/image\/\",\"url\":\"https:\/\/footdavant.fr\/actualites\/wp-content\/uploads\/2023\/09\/Copy-of-FootDavant-Logo.png\",\"contentUrl\":\"https:\/\/footdavant.fr\/actualites\/wp-content\/uploads\/2023\/09\/Copy-of-FootDavant-Logo.png\",\"width\":936,\"height\":549,\"caption\":\"Foot d'avant\"},\"image\":{\"@id\":\"https:\/\/footdavant.fr\/actualites\/#\/schema\/logo\/image\/\"},\"sameAs\":[\"https:\/\/www.facebook.com\/Footdavant\/\",\"https:\/\/twitter.com\/FootdavantFr\",\"https:\/\/www.instagram.com\/footdavant.fr\/\"]},{\"@type\":\"Person\",\"@id\":\"https:\/\/footdavant.fr\/actualites\/#\/schema\/person\/bc222566d95871b37e597b3ed3ba5e1d\",\"name\":\"Cl\u00e9ment\",\"image\":{\"@type\":\"ImageObject\",\"inLanguage\":\"fr-FR\",\"@id\":\"https:\/\/footdavant.fr\/actualites\/#\/schema\/person\/image\/\",\"url\":\"https:\/\/secure.gravatar.com\/avatar\/7728b29aac2719421e1a9159b2254c44?s=96&d=mm&r=g\",\"contentUrl\":\"https:\/\/secure.gravatar.com\/avatar\/7728b29aac2719421e1a9159b2254c44?s=96&d=mm&r=g\",\"caption\":\"Cl\u00e9ment\"},\"sameAs\":[\"https:\/\/footdavant.fr\/\"]}]}<\/script>\n<!-- \/ Yoast SEO plugin. -->","yoast_head_json":{"title":"\u00c9quipe de la semaine en Ligue des champions \u2013 Angel Di Maria, Arthur Vermeeren, Joselu","robots":{"index":"index","follow":"follow","max-snippet":"max-snippet:-1","max-image-preview":"max-image-preview:large","max-video-preview":"max-video-preview:-1"},"canonical":"https:\/\/footdavant.fr\/actualites\/equipe-de-la-semaine-en-ligue-des-champions-angel-di-maria-arthur-vermeeren-joselu\/","og_locale":"fr_FR","og_type":"article","og_title":"\u00c9quipe de la semaine en Ligue des champions \u2013 Angel Di Maria, Arthur Vermeeren, Joselu","og_description":"Sports Mole s\u00e9lectionne son \u00e9quipe de la semaine lors de la sixi\u00e8me semaine de match de la Ligue des champions 2023-24, parmi laquelle Angel Di","og_url":"https:\/\/footdavant.fr\/actualites\/equipe-de-la-semaine-en-ligue-des-champions-angel-di-maria-arthur-vermeeren-joselu\/","og_site_name":"Foot d&#039;avant","article_publisher":"https:\/\/www.facebook.com\/Footdavant\/","article_published_time":"2023-12-18T14:48:38+00:00","og_image":[{"width":640,"height":480,"url":"https:\/\/footdavant.fr\/actualites\/wp-content\/uploads\/2023\/12\/Equipe-de-la-semaine-en-Ligue-des-champions-\u2013-Angel.jpg","type":"image\/jpeg"}],"author":"Cl\u00e9ment","twitter_card":"summary_large_image","twitter_creator":"@FootdavantFr","twitter_site":"@FootdavantFr","twitter_misc":{"\u00c9crit par":"Cl\u00e9ment","Dur\u00e9e de lecture estim\u00e9e":"6 minutes"},"schema":{"@context":"https:\/\/schema.org","@graph":[{"@type":"Article","@id":"https:\/\/footdavant.fr\/actualites\/equipe-de-la-semaine-en-ligue-des-champions-angel-di-maria-arthur-vermeeren-joselu\/#article","isPartOf":{"@id":"https:\/\/footdavant.fr\/actualites\/equipe-de-la-semaine-en-ligue-des-champions-angel-di-maria-arthur-vermeeren-joselu\/"},"author":{"name":"Cl\u00e9ment","@id":"https:\/\/footdavant.fr\/actualites\/#\/schema\/person\/bc222566d95871b37e597b3ed3ba5e1d"},"headline":"\u00c9quipe de la semaine en Ligue des champions \u2013 Angel Di Maria, Arthur Vermeeren, Joselu","datePublished":"2023-12-18T14:48:38+00:00","dateModified":"2023-12-18T14:48:38+00:00","mainEntityOfPage":{"@id":"https:\/\/footdavant.fr\/actualites\/equipe-de-la-semaine-en-ligue-des-champions-angel-di-maria-arthur-vermeeren-joselu\/"},"wordCount":1293,"publisher":{"@id":"https:\/\/footdavant.fr\/actualites\/#organization"},"keywords":["Angel","Arthur","champions","des","\u00c9quipe","Joselu","Ligue","Maria","semaine","Vermeeren"],"articleSection":["Champions League"],"inLanguage":"fr-FR"},{"@type":"WebPage","@id":"https:\/\/footdavant.fr\/actualites\/equipe-de-la-semaine-en-ligue-des-champions-angel-di-maria-arthur-vermeeren-joselu\/","url":"https:\/\/footdavant.fr\/actualites\/equipe-de-la-semaine-en-ligue-des-champions-angel-di-maria-arthur-vermeeren-joselu\/","name":"\u00c9quipe de la semaine en Ligue des champions \u2013 Angel Di Maria, Arthur Vermeeren, Joselu","isPartOf":{"@id":"https:\/\/footdavant.fr\/actualites\/#website"},"datePublished":"2023-12-18T14:48:38+00:00","dateModified":"2023-12-18T14:48:38+00:00","breadcrumb":{"@id":"https:\/\/footdavant.fr\/actualites\/equipe-de-la-semaine-en-ligue-des-champions-angel-di-maria-arthur-vermeeren-joselu\/#breadcrumb"},"inLanguage":"fr-FR","potentialAction":[{"@type":"ReadAction","target":["https:\/\/footdavant.fr\/actualites\/equipe-de-la-semaine-en-ligue-des-champions-angel-di-maria-arthur-vermeeren-joselu\/"]}]},{"@type":"BreadcrumbList","@id":"https:\/\/footdavant.fr\/actualites\/equipe-de-la-semaine-en-ligue-des-champions-angel-di-maria-arthur-vermeeren-joselu\/#breadcrumb","itemListElement":[{"@type":"ListItem","position":1,"name":"Accueil","item":"https:\/\/footdavant.fr\/actualites\/"},{"@type":"ListItem","position":2,"name":"\u00c9quipe de la semaine en Ligue des champions \u2013 Angel Di Maria, Arthur Vermeeren, Joselu"}]},{"@type":"WebSite","@id":"https:\/\/footdavant.fr\/actualites\/#website","url":"https:\/\/footdavant.fr\/actualites\/","name":"Foot d'avant","description":"","publisher":{"@id":"https:\/\/footdavant.fr\/actualites\/#organization"},"potentialAction":[{"@type":"SearchAction","target":{"@type":"EntryPoint","urlTemplate":"https:\/\/footdavant.fr\/actualites\/?s={search_term_string}"},"query-input":"required name=search_term_string"}],"inLanguage":"fr-FR"},{"@type":"Organization","@id":"https:\/\/footdavant.fr\/actualites\/#organization","name":"Foot d'avant","url":"https:\/\/footdavant.fr\/actualites\/","logo":{"@type":"ImageObject","inLanguage":"fr-FR","@id":"https:\/\/footdavant.fr\/actualites\/#\/schema\/logo\/image\/","url":"https:\/\/footdavant.fr\/actualites\/wp-content\/uploads\/2023\/09\/Copy-of-FootDavant-Logo.png","contentUrl":"https:\/\/footdavant.fr\/actualites\/wp-content\/uploads\/2023\/09\/Copy-of-FootDavant-Logo.png","width":936,"height":549,"caption":"Foot d'avant"},"image":{"@id":"https:\/\/footdavant.fr\/actualites\/#\/schema\/logo\/image\/"},"sameAs":["https:\/\/www.facebook.com\/Footdavant\/","https:\/\/twitter.com\/FootdavantFr","https:\/\/www.instagram.com\/footdavant.fr\/"]},{"@type":"Person","@id":"https:\/\/footdavant.fr\/actualites\/#\/schema\/person\/bc222566d95871b37e597b3ed3ba5e1d","name":"Cl\u00e9ment","image":{"@type":"ImageObject","inLanguage":"fr-FR","@id":"https:\/\/footdavant.fr\/actualites\/#\/schema\/person\/image\/","url":"https:\/\/secure.gravatar.com\/avatar\/7728b29aac2719421e1a9159b2254c44?s=96&d=mm&r=g","contentUrl":"https:\/\/secure.gravatar.com\/avatar\/7728b29aac2719421e1a9159b2254c44?s=96&d=mm&r=g","caption":"Cl\u00e9ment"},"sameAs":["https:\/\/footdavant.fr\/"]}]}},"_links":{"self":[{"href":"https:\/\/footdavant.fr\/actualites\/wp-json\/wp\/v2\/posts\/2707"}],"collection":[{"href":"https:\/\/footdavant.fr\/actualites\/wp-json\/wp\/v2\/posts"}],"about":[{"href":"https:\/\/footdavant.fr\/actualites\/wp-json\/wp\/v2\/types\/post"}],"author":[{"embeddable":true,"href":"https:\/\/footdavant.fr\/actualites\/wp-json\/wp\/v2\/users\/1"}],"replies":[{"embeddable":true,"href":"https:\/\/footdavant.fr\/actualites\/wp-json\/wp\/v2\/comments?post=2707"}],"version-history":[{"count":1,"href":"https:\/\/footdavant.fr\/actualites\/wp-json\/wp\/v2\/posts\/2707\/revisions"}],"predecessor-version":[{"id":2709,"href":"https:\/\/footdavant.fr\/actualites\/wp-json\/wp\/v2\/posts\/2707\/revisions\/2709"}],"wp:featuredmedia":[{"embeddable":true,"href":"https:\/\/footdavant.fr\/actualites\/wp-json\/wp\/v2\/media\/2708"}],"wp:attachment":[{"href":"https:\/\/footdavant.fr\/actualites\/wp-json\/wp\/v2\/media?parent=2707"}],"wp:term":[{"taxonomy":"category","embeddable":true,"href":"https:\/\/footdavant.fr\/actualites\/wp-json\/wp\/v2\/categories?post=2707"},{"taxonomy":"post_tag","embeddable":true,"href":"https:\/\/footdavant.fr\/actualites\/wp-json\/wp\/v2\/tags?post=2707"}],"curies":[{"name":"wp","href":"https:\/\/api.w.org\/{rel}","templated":true}]}}