{"id":27084,"date":"2025-08-08T07:48:02","date_gmt":"2025-08-08T05:48:02","guid":{"rendered":"https:\/\/footdavant.fr\/actualites\/aston-villa-2025-transferts-dete-chaque-signature-et-vente-confirmees-pour-lequipe-dunai-emery\/"},"modified":"2025-08-08T07:48:03","modified_gmt":"2025-08-08T05:48:03","slug":"aston-villa-2025-transferts-dete-chaque-signature-et-vente-confirmees-pour-lequipe-dunai-emery","status":"publish","type":"post","link":"https:\/\/footdavant.fr\/actualites\/aston-villa-2025-transferts-dete-chaque-signature-et-vente-confirmees-pour-lequipe-dunai-emery\/","title":{"rendered":"Aston Villa 2025 Transferts d&#39;\u00e9t\u00e9: chaque signature et vente confirm\u00e9es pour l&#39;\u00e9quipe d&#39;Unai Emery"},"content":{"rendered":"<p>Suivez toutes les activit\u00e9s de transfert d&#39;\u00e9t\u00e9 d&#39;Aston Villa en 2025, y compris les signatures confirm\u00e9es, les d\u00e9parts des joueurs, les derni\u00e8res rumeurs et les mises \u00e0 jour de l&#39;\u00e9quipe.<\/p>\n<div id=\"article_body\" itemprop=\"articleBody\">\n<p style=\"margin-bottom:11px\"><strong class=\"autotag\">Aston Villa aura les yeux sur la qualification pour la Ligue des champions en 2025-2026 apr\u00e8s avoir rat\u00e9 la meilleure comp\u00e9tition europ\u00e9enne le dernier week-end de la campagne de Premier League 2024-25.<\/p>\n<p style=\"margin-bottom:11px\"><strong class=\"autotag\">L&#39;\u00e9quipe d&#39;Uai Emery a termin\u00e9 sixi\u00e8me dans le haut vol d&#39;Angleterre, ce qui signifie qu&#39;ils joueront dans la Ligue Europa dans la saison \u00e0 venir plut\u00f4t que dans la Ligue des champions, leur saison se terminant par une d\u00e9faite contre Manchester United.<\/p>\n<p style=\"margin-bottom:11px\">Villa a connu une fen\u00eatre de transfert silencieuse jusqu&#39;\u00e0 ce point, n&#39;ayant ajout\u00e9 que trois nouveaux noms \u00e0 l&#39;escouade d&#39;Emery. <\/p>\n<p style=\"margin-bottom:11px\">Ils ont recrut\u00e9 le gardien de but <strong class=\"autotag\">Marco Bizot de Brest, tandis que le d\u00e9fenseur central de 19 ans <strong class=\"autotag\">Yasin Ozcan est arriv\u00e9 du c\u00f4t\u00e9 turc Kasimpasa.<\/p>\n<p style=\"margin-bottom:11px\">Les Villans ont \u00e9galement sign\u00e9 l&#39;attaquant <strong class=\"autotag\">Zepiqueno Redmond sur un transfert gratuit apr\u00e8s son d\u00e9part de Feyenoord \u00e0 la fin de la saison derni\u00e8re.<\/p>\n<p style=\"margin-bottom:11px\">Emery voudra id\u00e9alement d&#39;autres renforts avant que son \u00e9quipe ne d\u00e9bute la nouvelle saison de Premier League avec un affrontement \u00e0 domicile contre Newcastle United le 16 ao\u00fbt.<\/p>\n<p>Alors que Villa continue de travailler vers la nouvelle saison, Sports Mole suit jusqu&#39;\u00e0 pr\u00e9sent toute l&#39;activit\u00e9 de transfert du club en 2025.<\/p>\n<p><\/p>\n<h2>Aston Villa a confirm\u00e9 les transferts en: Summer 2025<\/h2>\n<p>Yasin Ozcan (5,8 millions de livres sterling de Kasimpasa)<\/p>\n<p>Zepiqueno Redmond (sans Feyenoord)<\/p>\n<p>Marco Bizot (non divulgu\u00e9 de Brest)<\/p>\n<h2>Aston Villa a confirm\u00e9 les transferts: l&#39;\u00e9t\u00e9 2025<\/h2>\n<p><strong class=\"autotag\">Robin Olsen (gratuit pour Malmo)<\/p>\n<p><strong class=\"autotag\">Kortney Hause (lib\u00e9r\u00e9)<\/p>\n<p><strong class=\"autotag\">Marcus Rashford (fin de pr\u00eat de Manchester United)<\/p>\n<p><strong class=\"autotag\">Marco Asensio (fin de pr\u00eat de Paris Saint-Germain)<\/p>\n<p><strong class=\"autotag\">Axel Disasi (fin du pr\u00eat de Chelsea)<\/p>\n<p><strong class=\"autotag\">Rico Richards (non divulgu\u00e9 \u00e0 Port Vale)<\/p>\n<p><strong class=\"autotag\">Josh Feeney (pr\u00eat \u00e0 Huddersfield Town)<\/p>\n<p><strong class=\"autotag\">Kaine Kesler-Hayden (3,5 millions de livres sterling \u00e0 Coventry City)<\/p>\n<p><strong class=\"autotag\">Philippe Coutinho (non divulgu\u00e9 \u00e0 Vasco da Gama)<\/p>\n<p><strong class=\"autotag\">Kosta Nedeljkovic (pr\u00eat \u00e0 RB Leipzig) <\/p>\n<p><strong class=\"autotag\">Oliwier Zych (pr\u00eat \u00e0 Rakow)<\/p>\n<p><strong class=\"autotag\">Sil Swinkels (pr\u00eat \u00e0 Exeter City)<\/p>\n<p><strong class=\"autotag\">Enzo Barrenechea (pr\u00eat \u00e0 Benfica) <\/p>\n<p><strong class=\"autotag\">Louie Barry (pr\u00eat \u00e0 Sheffield United)<\/p>\n<p>Yasin Ozcan (pr\u00eat \u00e0 Anderlecht)<\/p>\n<p><\/p>\n<h2>Combien a Aston Villa d\u00e9pens\u00e9 et gagn\u00e9 pendant la fen\u00eatre de transfert de l&#39;\u00e9t\u00e9 2025?<\/h2>\n<p>Aston Villa Total d\u00e9penser l&#39;\u00e9t\u00e9 2025: 5,8 millions de livres sterling<\/p>\n<p>Aston Villa Total Revenu Summer 2025: 3,5 M \u00a3<\/p>\n<p>Aston Villa Total Net d\u00e9penser l&#39;\u00e9t\u00e9 2025: &#8211; 2,3 millions de livres sterling<\/p>\n<p><\/p>\n<h2>Derni\u00e8res rumeurs de transfert d&#39;Aston Villa<\/h2>\n<p><em>Vous pouvez trouver une liste compl\u00e8te des derni\u00e8res rumeurs de transfert Aston Villa en cliquant ici.<\/em><\/p>\n<h2>Aston Villa Squad<\/h2>\n<p><em>Vous pouvez consulter Aston Villa Current Squad avant la saison 2025-26 en cliquant ici.<\/em><\/p>\n<div class=\"author_box\">\n<div class=\"author_box_banner\"> <\/div>\n<\/div>\n<\/div>\n","protected":false},"excerpt":{"rendered":"<p>Suivez toutes les activit\u00e9s de transfert d&#39;\u00e9t\u00e9 d&#39;Aston Villa en 2025, y compris les signatures confirm\u00e9es, les d\u00e9parts des joueurs, les derni\u00e8res rumeurs et les<\/p>\n","protected":false},"author":1,"featured_media":27085,"comment_status":"closed","ping_status":"","sticky":false,"template":"","format":"standard","meta":{"footnotes":""},"categories":[5],"tags":[369,438,5481,4968,7002,641,4219,51,449,1376,3740,370],"yoast_head":"<!-- This site is optimized with the Yoast SEO plugin v21.0 - https:\/\/yoast.com\/wordpress\/plugins\/seo\/ -->\n<title>Aston Villa 2025 Transferts d&#039;\u00e9t\u00e9: chaque signature et vente confirm\u00e9es pour l&#039;\u00e9quipe d&#039;Unai Emery<\/title>\n<meta name=\"robots\" content=\"index, follow, max-snippet:-1, max-image-preview:large, max-video-preview:-1\" \/>\n<link rel=\"canonical\" href=\"https:\/\/footdavant.fr\/actualites\/aston-villa-2025-transferts-dete-chaque-signature-et-vente-confirmees-pour-lequipe-dunai-emery\/\" \/>\n<meta property=\"og:locale\" content=\"fr_FR\" \/>\n<meta property=\"og:type\" content=\"article\" \/>\n<meta property=\"og:title\" content=\"Aston Villa 2025 Transferts d&#039;\u00e9t\u00e9: chaque signature et vente confirm\u00e9es pour l&#039;\u00e9quipe d&#039;Unai Emery\" \/>\n<meta property=\"og:description\" content=\"Suivez toutes les activit\u00e9s de transfert d&#039;\u00e9t\u00e9 d&#039;Aston Villa en 2025, y compris les signatures confirm\u00e9es, les d\u00e9parts des joueurs, les derni\u00e8res rumeurs et les\" \/>\n<meta property=\"og:url\" content=\"https:\/\/footdavant.fr\/actualites\/aston-villa-2025-transferts-dete-chaque-signature-et-vente-confirmees-pour-lequipe-dunai-emery\/\" \/>\n<meta property=\"og:site_name\" content=\"Foot d&#039;avant\" \/>\n<meta property=\"article:publisher\" content=\"https:\/\/www.facebook.com\/Footdavant\/\" \/>\n<meta property=\"article:published_time\" content=\"2025-08-08T05:48:02+00:00\" \/>\n<meta property=\"article:modified_time\" content=\"2025-08-08T05:48:03+00:00\" \/>\n<meta property=\"og:image\" content=\"https:\/\/footdavant.fr\/actualites\/wp-content\/uploads\/2025\/08\/Aston-Villa-2025-Transferts-d39ete-chaque-signature-et-vente-confirmees.jpg\" \/>\n\t<meta property=\"og:image:width\" content=\"640\" \/>\n\t<meta property=\"og:image:height\" content=\"480\" \/>\n\t<meta property=\"og:image:type\" content=\"image\/jpeg\" \/>\n<meta name=\"author\" content=\"Cl\u00e9ment\" \/>\n<meta name=\"twitter:card\" content=\"summary_large_image\" \/>\n<meta name=\"twitter:creator\" content=\"@FootdavantFr\" \/>\n<meta name=\"twitter:site\" content=\"@FootdavantFr\" \/>\n<meta name=\"twitter:label1\" content=\"\u00c9crit par\" \/>\n\t<meta name=\"twitter:data1\" content=\"Cl\u00e9ment\" \/>\n\t<meta name=\"twitter:label2\" content=\"Dur\u00e9e de lecture estim\u00e9e\" \/>\n\t<meta name=\"twitter:data2\" content=\"2 minutes\" \/>\n<script type=\"application\/ld+json\" class=\"yoast-schema-graph\">{\"@context\":\"https:\/\/schema.org\",\"@graph\":[{\"@type\":\"Article\",\"@id\":\"https:\/\/footdavant.fr\/actualites\/aston-villa-2025-transferts-dete-chaque-signature-et-vente-confirmees-pour-lequipe-dunai-emery\/#article\",\"isPartOf\":{\"@id\":\"https:\/\/footdavant.fr\/actualites\/aston-villa-2025-transferts-dete-chaque-signature-et-vente-confirmees-pour-lequipe-dunai-emery\/\"},\"author\":{\"name\":\"Cl\u00e9ment\",\"@id\":\"https:\/\/footdavant.fr\/actualites\/#\/schema\/person\/bc222566d95871b37e597b3ed3ba5e1d\"},\"headline\":\"Aston Villa 2025 Transferts d&#39;\u00e9t\u00e9: chaque signature et vente confirm\u00e9es pour l&#39;\u00e9quipe d&#39;Unai Emery\",\"datePublished\":\"2025-08-08T05:48:02+00:00\",\"dateModified\":\"2025-08-08T05:48:03+00:00\",\"mainEntityOfPage\":{\"@id\":\"https:\/\/footdavant.fr\/actualites\/aston-villa-2025-transferts-dete-chaque-signature-et-vente-confirmees-pour-lequipe-dunai-emery\/\"},\"wordCount\":486,\"publisher\":{\"@id\":\"https:\/\/footdavant.fr\/actualites\/#organization\"},\"keywords\":[\"Aston\",\"Chaque\",\"confirm\u00e9es\",\"d39\u00e9t\u00e9\",\"d39Unai\",\"Emery\",\"l39\u00e9quipe\",\"pour\",\"signature\",\"transferts\",\"vente\",\"Villa\"],\"articleSection\":[\"Premier League\"],\"inLanguage\":\"fr-FR\"},{\"@type\":\"WebPage\",\"@id\":\"https:\/\/footdavant.fr\/actualites\/aston-villa-2025-transferts-dete-chaque-signature-et-vente-confirmees-pour-lequipe-dunai-emery\/\",\"url\":\"https:\/\/footdavant.fr\/actualites\/aston-villa-2025-transferts-dete-chaque-signature-et-vente-confirmees-pour-lequipe-dunai-emery\/\",\"name\":\"Aston Villa 2025 Transferts d&#39;\u00e9t\u00e9: chaque signature et vente confirm\u00e9es pour l&#39;\u00e9quipe d&#39;Unai Emery\",\"isPartOf\":{\"@id\":\"https:\/\/footdavant.fr\/actualites\/#website\"},\"datePublished\":\"2025-08-08T05:48:02+00:00\",\"dateModified\":\"2025-08-08T05:48:03+00:00\",\"breadcrumb\":{\"@id\":\"https:\/\/footdavant.fr\/actualites\/aston-villa-2025-transferts-dete-chaque-signature-et-vente-confirmees-pour-lequipe-dunai-emery\/#breadcrumb\"},\"inLanguage\":\"fr-FR\",\"potentialAction\":[{\"@type\":\"ReadAction\",\"target\":[\"https:\/\/footdavant.fr\/actualites\/aston-villa-2025-transferts-dete-chaque-signature-et-vente-confirmees-pour-lequipe-dunai-emery\/\"]}]},{\"@type\":\"BreadcrumbList\",\"@id\":\"https:\/\/footdavant.fr\/actualites\/aston-villa-2025-transferts-dete-chaque-signature-et-vente-confirmees-pour-lequipe-dunai-emery\/#breadcrumb\",\"itemListElement\":[{\"@type\":\"ListItem\",\"position\":1,\"name\":\"Accueil\",\"item\":\"https:\/\/footdavant.fr\/actualites\/\"},{\"@type\":\"ListItem\",\"position\":2,\"name\":\"Aston Villa 2025 Transferts d&#39;\u00e9t\u00e9: chaque signature et vente confirm\u00e9es pour l&#39;\u00e9quipe d&#39;Unai Emery\"}]},{\"@type\":\"WebSite\",\"@id\":\"https:\/\/footdavant.fr\/actualites\/#website\",\"url\":\"https:\/\/footdavant.fr\/actualites\/\",\"name\":\"Foot d'avant\",\"description\":\"\",\"publisher\":{\"@id\":\"https:\/\/footdavant.fr\/actualites\/#organization\"},\"potentialAction\":[{\"@type\":\"SearchAction\",\"target\":{\"@type\":\"EntryPoint\",\"urlTemplate\":\"https:\/\/footdavant.fr\/actualites\/?s={search_term_string}\"},\"query-input\":\"required name=search_term_string\"}],\"inLanguage\":\"fr-FR\"},{\"@type\":\"Organization\",\"@id\":\"https:\/\/footdavant.fr\/actualites\/#organization\",\"name\":\"Foot d'avant\",\"url\":\"https:\/\/footdavant.fr\/actualites\/\",\"logo\":{\"@type\":\"ImageObject\",\"inLanguage\":\"fr-FR\",\"@id\":\"https:\/\/footdavant.fr\/actualites\/#\/schema\/logo\/image\/\",\"url\":\"https:\/\/footdavant.fr\/actualites\/wp-content\/uploads\/2023\/09\/Copy-of-FootDavant-Logo.png\",\"contentUrl\":\"https:\/\/footdavant.fr\/actualites\/wp-content\/uploads\/2023\/09\/Copy-of-FootDavant-Logo.png\",\"width\":936,\"height\":549,\"caption\":\"Foot d'avant\"},\"image\":{\"@id\":\"https:\/\/footdavant.fr\/actualites\/#\/schema\/logo\/image\/\"},\"sameAs\":[\"https:\/\/www.facebook.com\/Footdavant\/\",\"https:\/\/twitter.com\/FootdavantFr\",\"https:\/\/www.instagram.com\/footdavant.fr\/\"]},{\"@type\":\"Person\",\"@id\":\"https:\/\/footdavant.fr\/actualites\/#\/schema\/person\/bc222566d95871b37e597b3ed3ba5e1d\",\"name\":\"Cl\u00e9ment\",\"image\":{\"@type\":\"ImageObject\",\"inLanguage\":\"fr-FR\",\"@id\":\"https:\/\/footdavant.fr\/actualites\/#\/schema\/person\/image\/\",\"url\":\"https:\/\/secure.gravatar.com\/avatar\/7728b29aac2719421e1a9159b2254c44?s=96&d=mm&r=g\",\"contentUrl\":\"https:\/\/secure.gravatar.com\/avatar\/7728b29aac2719421e1a9159b2254c44?s=96&d=mm&r=g\",\"caption\":\"Cl\u00e9ment\"},\"sameAs\":[\"https:\/\/footdavant.fr\/\"]}]}<\/script>\n<!-- \/ Yoast SEO plugin. -->","yoast_head_json":{"title":"Aston Villa 2025 Transferts d&#39;\u00e9t\u00e9: chaque signature et vente confirm\u00e9es pour l&#39;\u00e9quipe d&#39;Unai Emery","robots":{"index":"index","follow":"follow","max-snippet":"max-snippet:-1","max-image-preview":"max-image-preview:large","max-video-preview":"max-video-preview:-1"},"canonical":"https:\/\/footdavant.fr\/actualites\/aston-villa-2025-transferts-dete-chaque-signature-et-vente-confirmees-pour-lequipe-dunai-emery\/","og_locale":"fr_FR","og_type":"article","og_title":"Aston Villa 2025 Transferts d&#39;\u00e9t\u00e9: chaque signature et vente confirm\u00e9es pour l&#39;\u00e9quipe d&#39;Unai Emery","og_description":"Suivez toutes les activit\u00e9s de transfert d&#39;\u00e9t\u00e9 d&#39;Aston Villa en 2025, y compris les signatures confirm\u00e9es, les d\u00e9parts des joueurs, les derni\u00e8res rumeurs et les","og_url":"https:\/\/footdavant.fr\/actualites\/aston-villa-2025-transferts-dete-chaque-signature-et-vente-confirmees-pour-lequipe-dunai-emery\/","og_site_name":"Foot d&#039;avant","article_publisher":"https:\/\/www.facebook.com\/Footdavant\/","article_published_time":"2025-08-08T05:48:02+00:00","article_modified_time":"2025-08-08T05:48:03+00:00","og_image":[{"width":640,"height":480,"url":"https:\/\/footdavant.fr\/actualites\/wp-content\/uploads\/2025\/08\/Aston-Villa-2025-Transferts-d39ete-chaque-signature-et-vente-confirmees.jpg","type":"image\/jpeg"}],"author":"Cl\u00e9ment","twitter_card":"summary_large_image","twitter_creator":"@FootdavantFr","twitter_site":"@FootdavantFr","twitter_misc":{"\u00c9crit par":"Cl\u00e9ment","Dur\u00e9e de lecture estim\u00e9e":"2 minutes"},"schema":{"@context":"https:\/\/schema.org","@graph":[{"@type":"Article","@id":"https:\/\/footdavant.fr\/actualites\/aston-villa-2025-transferts-dete-chaque-signature-et-vente-confirmees-pour-lequipe-dunai-emery\/#article","isPartOf":{"@id":"https:\/\/footdavant.fr\/actualites\/aston-villa-2025-transferts-dete-chaque-signature-et-vente-confirmees-pour-lequipe-dunai-emery\/"},"author":{"name":"Cl\u00e9ment","@id":"https:\/\/footdavant.fr\/actualites\/#\/schema\/person\/bc222566d95871b37e597b3ed3ba5e1d"},"headline":"Aston Villa 2025 Transferts d&#39;\u00e9t\u00e9: chaque signature et vente confirm\u00e9es pour l&#39;\u00e9quipe d&#39;Unai Emery","datePublished":"2025-08-08T05:48:02+00:00","dateModified":"2025-08-08T05:48:03+00:00","mainEntityOfPage":{"@id":"https:\/\/footdavant.fr\/actualites\/aston-villa-2025-transferts-dete-chaque-signature-et-vente-confirmees-pour-lequipe-dunai-emery\/"},"wordCount":486,"publisher":{"@id":"https:\/\/footdavant.fr\/actualites\/#organization"},"keywords":["Aston","Chaque","confirm\u00e9es","d39\u00e9t\u00e9","d39Unai","Emery","l39\u00e9quipe","pour","signature","transferts","vente","Villa"],"articleSection":["Premier League"],"inLanguage":"fr-FR"},{"@type":"WebPage","@id":"https:\/\/footdavant.fr\/actualites\/aston-villa-2025-transferts-dete-chaque-signature-et-vente-confirmees-pour-lequipe-dunai-emery\/","url":"https:\/\/footdavant.fr\/actualites\/aston-villa-2025-transferts-dete-chaque-signature-et-vente-confirmees-pour-lequipe-dunai-emery\/","name":"Aston Villa 2025 Transferts d&#39;\u00e9t\u00e9: chaque signature et vente confirm\u00e9es pour l&#39;\u00e9quipe d&#39;Unai Emery","isPartOf":{"@id":"https:\/\/footdavant.fr\/actualites\/#website"},"datePublished":"2025-08-08T05:48:02+00:00","dateModified":"2025-08-08T05:48:03+00:00","breadcrumb":{"@id":"https:\/\/footdavant.fr\/actualites\/aston-villa-2025-transferts-dete-chaque-signature-et-vente-confirmees-pour-lequipe-dunai-emery\/#breadcrumb"},"inLanguage":"fr-FR","potentialAction":[{"@type":"ReadAction","target":["https:\/\/footdavant.fr\/actualites\/aston-villa-2025-transferts-dete-chaque-signature-et-vente-confirmees-pour-lequipe-dunai-emery\/"]}]},{"@type":"BreadcrumbList","@id":"https:\/\/footdavant.fr\/actualites\/aston-villa-2025-transferts-dete-chaque-signature-et-vente-confirmees-pour-lequipe-dunai-emery\/#breadcrumb","itemListElement":[{"@type":"ListItem","position":1,"name":"Accueil","item":"https:\/\/footdavant.fr\/actualites\/"},{"@type":"ListItem","position":2,"name":"Aston Villa 2025 Transferts d&#39;\u00e9t\u00e9: chaque signature et vente confirm\u00e9es pour l&#39;\u00e9quipe d&#39;Unai Emery"}]},{"@type":"WebSite","@id":"https:\/\/footdavant.fr\/actualites\/#website","url":"https:\/\/footdavant.fr\/actualites\/","name":"Foot d'avant","description":"","publisher":{"@id":"https:\/\/footdavant.fr\/actualites\/#organization"},"potentialAction":[{"@type":"SearchAction","target":{"@type":"EntryPoint","urlTemplate":"https:\/\/footdavant.fr\/actualites\/?s={search_term_string}"},"query-input":"required name=search_term_string"}],"inLanguage":"fr-FR"},{"@type":"Organization","@id":"https:\/\/footdavant.fr\/actualites\/#organization","name":"Foot d'avant","url":"https:\/\/footdavant.fr\/actualites\/","logo":{"@type":"ImageObject","inLanguage":"fr-FR","@id":"https:\/\/footdavant.fr\/actualites\/#\/schema\/logo\/image\/","url":"https:\/\/footdavant.fr\/actualites\/wp-content\/uploads\/2023\/09\/Copy-of-FootDavant-Logo.png","contentUrl":"https:\/\/footdavant.fr\/actualites\/wp-content\/uploads\/2023\/09\/Copy-of-FootDavant-Logo.png","width":936,"height":549,"caption":"Foot d'avant"},"image":{"@id":"https:\/\/footdavant.fr\/actualites\/#\/schema\/logo\/image\/"},"sameAs":["https:\/\/www.facebook.com\/Footdavant\/","https:\/\/twitter.com\/FootdavantFr","https:\/\/www.instagram.com\/footdavant.fr\/"]},{"@type":"Person","@id":"https:\/\/footdavant.fr\/actualites\/#\/schema\/person\/bc222566d95871b37e597b3ed3ba5e1d","name":"Cl\u00e9ment","image":{"@type":"ImageObject","inLanguage":"fr-FR","@id":"https:\/\/footdavant.fr\/actualites\/#\/schema\/person\/image\/","url":"https:\/\/secure.gravatar.com\/avatar\/7728b29aac2719421e1a9159b2254c44?s=96&d=mm&r=g","contentUrl":"https:\/\/secure.gravatar.com\/avatar\/7728b29aac2719421e1a9159b2254c44?s=96&d=mm&r=g","caption":"Cl\u00e9ment"},"sameAs":["https:\/\/footdavant.fr\/"]}]}},"_links":{"self":[{"href":"https:\/\/footdavant.fr\/actualites\/wp-json\/wp\/v2\/posts\/27084"}],"collection":[{"href":"https:\/\/footdavant.fr\/actualites\/wp-json\/wp\/v2\/posts"}],"about":[{"href":"https:\/\/footdavant.fr\/actualites\/wp-json\/wp\/v2\/types\/post"}],"author":[{"embeddable":true,"href":"https:\/\/footdavant.fr\/actualites\/wp-json\/wp\/v2\/users\/1"}],"replies":[{"embeddable":true,"href":"https:\/\/footdavant.fr\/actualites\/wp-json\/wp\/v2\/comments?post=27084"}],"version-history":[{"count":1,"href":"https:\/\/footdavant.fr\/actualites\/wp-json\/wp\/v2\/posts\/27084\/revisions"}],"predecessor-version":[{"id":27086,"href":"https:\/\/footdavant.fr\/actualites\/wp-json\/wp\/v2\/posts\/27084\/revisions\/27086"}],"wp:featuredmedia":[{"embeddable":true,"href":"https:\/\/footdavant.fr\/actualites\/wp-json\/wp\/v2\/media\/27085"}],"wp:attachment":[{"href":"https:\/\/footdavant.fr\/actualites\/wp-json\/wp\/v2\/media?parent=27084"}],"wp:term":[{"taxonomy":"category","embeddable":true,"href":"https:\/\/footdavant.fr\/actualites\/wp-json\/wp\/v2\/categories?post=27084"},{"taxonomy":"post_tag","embeddable":true,"href":"https:\/\/footdavant.fr\/actualites\/wp-json\/wp\/v2\/tags?post=27084"}],"curies":[{"name":"wp","href":"https:\/\/api.w.org\/{rel}","templated":true}]}}