{"id":27111,"date":"2025-08-09T03:48:20","date_gmt":"2025-08-09T01:48:20","guid":{"rendered":"https:\/\/footdavant.fr\/actualites\/levi-colwill-blessure-le-plan-de-transfert-de-chelsea-revele-apres-le-blues-confirme-un-coup-de-blessure-majeur\/"},"modified":"2025-08-09T03:48:22","modified_gmt":"2025-08-09T01:48:22","slug":"levi-colwill-blessure-le-plan-de-transfert-de-chelsea-revele-apres-le-blues-confirme-un-coup-de-blessure-majeur","status":"publish","type":"post","link":"https:\/\/footdavant.fr\/actualites\/levi-colwill-blessure-le-plan-de-transfert-de-chelsea-revele-apres-le-blues-confirme-un-coup-de-blessure-majeur\/","title":{"rendered":"Levi Colwill Blessure: le plan de transfert de Chelsea \u00ab\u00a0 r\u00e9v\u00e9l\u00e9 &#39;&#39; apr\u00e8s le blues confirme un coup de blessure majeur"},"content":{"rendered":"<p>Chelsea confirme l&#39;\u00e9tendue de la blessure de Levi Colwill, car les Blues auraient d\u00e9cid\u00e9 de signer un remplacement avant la fermeture de la fen\u00eatre de transfert.<\/p>\n<div id=\"article_body\" itemprop=\"articleBody\">\n<h3 class=\"firstPara\"><\/h3>\n<p><strong class=\"autotag\">Chelsea a r\u00e9v\u00e9l\u00e9 ce d\u00e9fenseur <strong class=\"autotag\">Levi Colwill a subi une blessure au ligament crois\u00e9 ant\u00e9rieur \u00e0 l&#39;entra\u00eenement.<\/p>\n<p>Colwill est retourn\u00e9 \u00e0 l&#39;entra\u00eenement de pr\u00e9-saison lundi avec le reste de ses co\u00e9quipiers de Chelsea apr\u00e8s leur succ\u00e8s \u00e0 la Coupe du monde du club.<\/p>\n<p>Cependant, Maresca a expliqu\u00e9 plus t\u00f4t jeudi que Colwill avait \u00ab\u00a0ressenti quelque chose\u00a0\u00bb en formation et que le probl\u00e8me \u00e9tait un \u00ab\u00a0probl\u00e8me\u00a0\u00bb pour le club.<\/p>\n<p>Malheureusement pour Maresca, ses pires craintes ont maintenant \u00e9t\u00e9 r\u00e9alis\u00e9es parce que Chelsea a publi\u00e9 une d\u00e9claration pour confirmer l&#39;\u00e9tendue de la blessure de Colwill.<\/p>\n<p class=\"imgI\">\n<h2>Chelsea confirme la blessure de Colwill ACL<\/h2>\n<p>Le communiqu\u00e9 disait: \u00ab\u00a0Le d\u00e9fenseur Levi Colwill a subi aujourd&#39;hui une intervention chirurgicale r\u00e9ussie d&#39;une blessure au ligament crois\u00e9 ant\u00e9rieur.<\/p>\n<p>\u00ab\u00a0Le joueur de 22 ans avait renvoy\u00e9 \u00e0 Cobham pour la pr\u00e9-saison au d\u00e9but de cette semaine, avant de subir malheureusement la blessure \u00e0 l&#39;entra\u00eenement.<\/p>\n<p>\u00ab\u00a0Les \u00e9valuations m\u00e9dicales confirm\u00e9es par la chirurgie seraient la ligne de conduite requise. Levi commencera maintenant son r\u00e9tablissement et sera soutenu par le service m\u00e9dical du club \u00e0 Cobham pendant sa phase de r\u00e9adaptation.\u00a0\u00bb<\/p>\n<p>Colwill laissera un vide significatif du c\u00f4t\u00e9 de Chelsea, apr\u00e8s avoir fait le capital gauche de son propre spot sous la tutelle de Maresca.<\/p>\n<p>Le produit Chelsea Academy a figur\u00e9 dans 44 matchs comp\u00e9titifs le dernier mandat, dont cinq apparitions \u00e0 la Coupe du monde des Club aux \u00c9tats-Unis.<\/p>\n<p class=\"imgI\"><img decoding=\"async\" alt=\"Le patron de Chelsea Enzo Maresca repr\u00e9sent\u00e9 le 28 juin 2025\" class=\"vanilla-lazyload article-image\" src=\"https:\/\/footdavant.fr\/actualites\/wp-content\/uploads\/2025\/07\/Fluminense-vs-Chelsea-Enzo-Maresca-parle-de-Joao-Pedro-Nicolas.webp\"><\/p>\n<h2>Chelsea cherchera-t-il \u00e0 remplacer Colwill?<\/h2>\n<p>Colwill commencera maintenant le long processus de r\u00e9adaptation, le d\u00e9fenseur devrait manquer la majorit\u00e9 de la saison 2025-26.<\/p>\n<p>Bien qu&#39;il puisse \u00eatre absent pour une p\u00e9riode prolong\u00e9e, <em>Fabrizio Romano<\/em> rapporte que Chelsea n&#39;a pas l&#39;intention imm\u00e9diate de signer un rempla\u00e7ant.<\/p>\n<p>La mise \u00e0 jour affirme qu&#39;il y a une \u00abpleine confiance\u00bb dans les joueurs de la disposition de Maresca, d&#39;autant plus qu&#39;ils ont r\u00e9cemment renforc\u00e9 leur ligne de fond avec l&#39;ajout de <strong class=\"autotag\">Jorrel Hato.<\/p>\n<p>Le joueur de 19 ans est capable de jouer au d\u00e9fenseur central et sur le c\u00f4t\u00e9 gauche de la d\u00e9fense, et en tant que d\u00e9fenseur du pied gauche, il semble \u00eatre le candidat \u00e9vident pour intensifier l&#39;absence de Colwill.<\/p>\n<p>Maresca peut \u00e9galement faire appel <strong class=\"autotag\">Wesley Fofana, <strong class=\"autotag\">Tosin adarabioyo, <strong class=\"autotag\">Benoit Badiasshile, <strong class=\"autotag\">Trevoh Chalobah et <strong class=\"autotag\">Aaron Anselmino.<\/p>\n<p><strong class=\"autotag\">Renato Veiga et <strong class=\"autotag\">Axel Disasi fait \u00e9galement partie de l&#39;\u00e9quipe, mais la paire devrait partir avant la fin de la fen\u00eatre de transfert. <\/p>\n<\/div>\n","protected":false},"excerpt":{"rendered":"<p>Chelsea confirme l&#39;\u00e9tendue de la blessure de Levi Colwill, car les Blues auraient d\u00e9cid\u00e9 de signer un remplacement avant la fermeture de la fen\u00eatre de<\/p>\n","protected":false},"author":1,"featured_media":27112,"comment_status":"closed","ping_status":"","sticky":false,"template":"","format":"standard","meta":{"footnotes":""},"categories":[5],"tags":[25,15,4717,171,3328,40,489,3327,246,2904,415,700],"yoast_head":"<!-- This site is optimized with the Yoast SEO plugin v21.0 - https:\/\/yoast.com\/wordpress\/plugins\/seo\/ -->\n<title>Levi Colwill Blessure: le plan de transfert de Chelsea `` r\u00e9v\u00e9l\u00e9 &#039;&#039; apr\u00e8s le blues confirme un coup de blessure majeur<\/title>\n<meta name=\"robots\" content=\"index, follow, max-snippet:-1, max-image-preview:large, max-video-preview:-1\" \/>\n<link rel=\"canonical\" href=\"https:\/\/footdavant.fr\/actualites\/levi-colwill-blessure-le-plan-de-transfert-de-chelsea-revele-apres-le-blues-confirme-un-coup-de-blessure-majeur\/\" \/>\n<meta property=\"og:locale\" content=\"fr_FR\" \/>\n<meta property=\"og:type\" content=\"article\" \/>\n<meta property=\"og:title\" content=\"Levi Colwill Blessure: le plan de transfert de Chelsea `` r\u00e9v\u00e9l\u00e9 &#039;&#039; apr\u00e8s le blues confirme un coup de blessure majeur\" \/>\n<meta property=\"og:description\" content=\"Chelsea confirme l&#039;\u00e9tendue de la blessure de Levi Colwill, car les Blues auraient d\u00e9cid\u00e9 de signer un remplacement avant la fermeture de la fen\u00eatre de\" \/>\n<meta property=\"og:url\" content=\"https:\/\/footdavant.fr\/actualites\/levi-colwill-blessure-le-plan-de-transfert-de-chelsea-revele-apres-le-blues-confirme-un-coup-de-blessure-majeur\/\" \/>\n<meta property=\"og:site_name\" content=\"Foot d&#039;avant\" \/>\n<meta property=\"article:publisher\" content=\"https:\/\/www.facebook.com\/Footdavant\/\" \/>\n<meta property=\"article:published_time\" content=\"2025-08-09T01:48:20+00:00\" \/>\n<meta property=\"article:modified_time\" content=\"2025-08-09T01:48:22+00:00\" \/>\n<meta property=\"og:image\" content=\"https:\/\/footdavant.fr\/actualites\/wp-content\/uploads\/2025\/08\/1754704101_Levi-Colwill-Blessure-le-plan-de-transfert-de-Chelsea.jpg\" \/>\n\t<meta property=\"og:image:width\" content=\"640\" \/>\n\t<meta property=\"og:image:height\" content=\"480\" \/>\n\t<meta property=\"og:image:type\" content=\"image\/jpeg\" \/>\n<meta name=\"author\" content=\"Cl\u00e9ment\" \/>\n<meta name=\"twitter:card\" content=\"summary_large_image\" \/>\n<meta name=\"twitter:creator\" content=\"@FootdavantFr\" \/>\n<meta name=\"twitter:site\" content=\"@FootdavantFr\" \/>\n<meta name=\"twitter:label1\" content=\"\u00c9crit par\" \/>\n\t<meta name=\"twitter:data1\" content=\"Cl\u00e9ment\" \/>\n\t<meta name=\"twitter:label2\" content=\"Dur\u00e9e de lecture estim\u00e9e\" \/>\n\t<meta name=\"twitter:data2\" content=\"2 minutes\" \/>\n<script type=\"application\/ld+json\" class=\"yoast-schema-graph\">{\"@context\":\"https:\/\/schema.org\",\"@graph\":[{\"@type\":\"Article\",\"@id\":\"https:\/\/footdavant.fr\/actualites\/levi-colwill-blessure-le-plan-de-transfert-de-chelsea-revele-apres-le-blues-confirme-un-coup-de-blessure-majeur\/#article\",\"isPartOf\":{\"@id\":\"https:\/\/footdavant.fr\/actualites\/levi-colwill-blessure-le-plan-de-transfert-de-chelsea-revele-apres-le-blues-confirme-un-coup-de-blessure-majeur\/\"},\"author\":{\"name\":\"Cl\u00e9ment\",\"@id\":\"https:\/\/footdavant.fr\/actualites\/#\/schema\/person\/bc222566d95871b37e597b3ed3ba5e1d\"},\"headline\":\"Levi Colwill Blessure: le plan de transfert de Chelsea \u00ab\u00a0 r\u00e9v\u00e9l\u00e9 &#39;&#39; apr\u00e8s le blues confirme un coup de blessure majeur\",\"datePublished\":\"2025-08-09T01:48:20+00:00\",\"dateModified\":\"2025-08-09T01:48:22+00:00\",\"mainEntityOfPage\":{\"@id\":\"https:\/\/footdavant.fr\/actualites\/levi-colwill-blessure-le-plan-de-transfert-de-chelsea-revele-apres-le-blues-confirme-un-coup-de-blessure-majeur\/\"},\"wordCount\":481,\"publisher\":{\"@id\":\"https:\/\/footdavant.fr\/actualites\/#organization\"},\"keywords\":[\"apr\u00e8s\",\"Blessure\",\"blues\",\"Chelsea\",\"Colwill\",\"confirme\",\"coup\",\"Levi\",\"majeur\",\"plan\",\"r\u00e9v\u00e8le\",\"transfert\"],\"articleSection\":[\"Premier League\"],\"inLanguage\":\"fr-FR\"},{\"@type\":\"WebPage\",\"@id\":\"https:\/\/footdavant.fr\/actualites\/levi-colwill-blessure-le-plan-de-transfert-de-chelsea-revele-apres-le-blues-confirme-un-coup-de-blessure-majeur\/\",\"url\":\"https:\/\/footdavant.fr\/actualites\/levi-colwill-blessure-le-plan-de-transfert-de-chelsea-revele-apres-le-blues-confirme-un-coup-de-blessure-majeur\/\",\"name\":\"Levi Colwill Blessure: le plan de transfert de Chelsea `` r\u00e9v\u00e9l\u00e9 &#39;&#39; apr\u00e8s le blues confirme un coup de blessure majeur\",\"isPartOf\":{\"@id\":\"https:\/\/footdavant.fr\/actualites\/#website\"},\"datePublished\":\"2025-08-09T01:48:20+00:00\",\"dateModified\":\"2025-08-09T01:48:22+00:00\",\"breadcrumb\":{\"@id\":\"https:\/\/footdavant.fr\/actualites\/levi-colwill-blessure-le-plan-de-transfert-de-chelsea-revele-apres-le-blues-confirme-un-coup-de-blessure-majeur\/#breadcrumb\"},\"inLanguage\":\"fr-FR\",\"potentialAction\":[{\"@type\":\"ReadAction\",\"target\":[\"https:\/\/footdavant.fr\/actualites\/levi-colwill-blessure-le-plan-de-transfert-de-chelsea-revele-apres-le-blues-confirme-un-coup-de-blessure-majeur\/\"]}]},{\"@type\":\"BreadcrumbList\",\"@id\":\"https:\/\/footdavant.fr\/actualites\/levi-colwill-blessure-le-plan-de-transfert-de-chelsea-revele-apres-le-blues-confirme-un-coup-de-blessure-majeur\/#breadcrumb\",\"itemListElement\":[{\"@type\":\"ListItem\",\"position\":1,\"name\":\"Accueil\",\"item\":\"https:\/\/footdavant.fr\/actualites\/\"},{\"@type\":\"ListItem\",\"position\":2,\"name\":\"Levi Colwill Blessure: le plan de transfert de Chelsea \u00ab\u00a0 r\u00e9v\u00e9l\u00e9 &#39;&#39; apr\u00e8s le blues confirme un coup de blessure majeur\"}]},{\"@type\":\"WebSite\",\"@id\":\"https:\/\/footdavant.fr\/actualites\/#website\",\"url\":\"https:\/\/footdavant.fr\/actualites\/\",\"name\":\"Foot d'avant\",\"description\":\"\",\"publisher\":{\"@id\":\"https:\/\/footdavant.fr\/actualites\/#organization\"},\"potentialAction\":[{\"@type\":\"SearchAction\",\"target\":{\"@type\":\"EntryPoint\",\"urlTemplate\":\"https:\/\/footdavant.fr\/actualites\/?s={search_term_string}\"},\"query-input\":\"required name=search_term_string\"}],\"inLanguage\":\"fr-FR\"},{\"@type\":\"Organization\",\"@id\":\"https:\/\/footdavant.fr\/actualites\/#organization\",\"name\":\"Foot d'avant\",\"url\":\"https:\/\/footdavant.fr\/actualites\/\",\"logo\":{\"@type\":\"ImageObject\",\"inLanguage\":\"fr-FR\",\"@id\":\"https:\/\/footdavant.fr\/actualites\/#\/schema\/logo\/image\/\",\"url\":\"https:\/\/footdavant.fr\/actualites\/wp-content\/uploads\/2023\/09\/Copy-of-FootDavant-Logo.png\",\"contentUrl\":\"https:\/\/footdavant.fr\/actualites\/wp-content\/uploads\/2023\/09\/Copy-of-FootDavant-Logo.png\",\"width\":936,\"height\":549,\"caption\":\"Foot d'avant\"},\"image\":{\"@id\":\"https:\/\/footdavant.fr\/actualites\/#\/schema\/logo\/image\/\"},\"sameAs\":[\"https:\/\/www.facebook.com\/Footdavant\/\",\"https:\/\/twitter.com\/FootdavantFr\",\"https:\/\/www.instagram.com\/footdavant.fr\/\"]},{\"@type\":\"Person\",\"@id\":\"https:\/\/footdavant.fr\/actualites\/#\/schema\/person\/bc222566d95871b37e597b3ed3ba5e1d\",\"name\":\"Cl\u00e9ment\",\"image\":{\"@type\":\"ImageObject\",\"inLanguage\":\"fr-FR\",\"@id\":\"https:\/\/footdavant.fr\/actualites\/#\/schema\/person\/image\/\",\"url\":\"https:\/\/secure.gravatar.com\/avatar\/7728b29aac2719421e1a9159b2254c44?s=96&d=mm&r=g\",\"contentUrl\":\"https:\/\/secure.gravatar.com\/avatar\/7728b29aac2719421e1a9159b2254c44?s=96&d=mm&r=g\",\"caption\":\"Cl\u00e9ment\"},\"sameAs\":[\"https:\/\/footdavant.fr\/\"]}]}<\/script>\n<!-- \/ Yoast SEO plugin. -->","yoast_head_json":{"title":"Levi Colwill Blessure: le plan de transfert de Chelsea `` r\u00e9v\u00e9l\u00e9 &#39;&#39; apr\u00e8s le blues confirme un coup de blessure majeur","robots":{"index":"index","follow":"follow","max-snippet":"max-snippet:-1","max-image-preview":"max-image-preview:large","max-video-preview":"max-video-preview:-1"},"canonical":"https:\/\/footdavant.fr\/actualites\/levi-colwill-blessure-le-plan-de-transfert-de-chelsea-revele-apres-le-blues-confirme-un-coup-de-blessure-majeur\/","og_locale":"fr_FR","og_type":"article","og_title":"Levi Colwill Blessure: le plan de transfert de Chelsea `` r\u00e9v\u00e9l\u00e9 &#39;&#39; apr\u00e8s le blues confirme un coup de blessure majeur","og_description":"Chelsea confirme l&#39;\u00e9tendue de la blessure de Levi Colwill, car les Blues auraient d\u00e9cid\u00e9 de signer un remplacement avant la fermeture de la fen\u00eatre de","og_url":"https:\/\/footdavant.fr\/actualites\/levi-colwill-blessure-le-plan-de-transfert-de-chelsea-revele-apres-le-blues-confirme-un-coup-de-blessure-majeur\/","og_site_name":"Foot d&#039;avant","article_publisher":"https:\/\/www.facebook.com\/Footdavant\/","article_published_time":"2025-08-09T01:48:20+00:00","article_modified_time":"2025-08-09T01:48:22+00:00","og_image":[{"width":640,"height":480,"url":"https:\/\/footdavant.fr\/actualites\/wp-content\/uploads\/2025\/08\/1754704101_Levi-Colwill-Blessure-le-plan-de-transfert-de-Chelsea.jpg","type":"image\/jpeg"}],"author":"Cl\u00e9ment","twitter_card":"summary_large_image","twitter_creator":"@FootdavantFr","twitter_site":"@FootdavantFr","twitter_misc":{"\u00c9crit par":"Cl\u00e9ment","Dur\u00e9e de lecture estim\u00e9e":"2 minutes"},"schema":{"@context":"https:\/\/schema.org","@graph":[{"@type":"Article","@id":"https:\/\/footdavant.fr\/actualites\/levi-colwill-blessure-le-plan-de-transfert-de-chelsea-revele-apres-le-blues-confirme-un-coup-de-blessure-majeur\/#article","isPartOf":{"@id":"https:\/\/footdavant.fr\/actualites\/levi-colwill-blessure-le-plan-de-transfert-de-chelsea-revele-apres-le-blues-confirme-un-coup-de-blessure-majeur\/"},"author":{"name":"Cl\u00e9ment","@id":"https:\/\/footdavant.fr\/actualites\/#\/schema\/person\/bc222566d95871b37e597b3ed3ba5e1d"},"headline":"Levi Colwill Blessure: le plan de transfert de Chelsea \u00ab\u00a0 r\u00e9v\u00e9l\u00e9 &#39;&#39; apr\u00e8s le blues confirme un coup de blessure majeur","datePublished":"2025-08-09T01:48:20+00:00","dateModified":"2025-08-09T01:48:22+00:00","mainEntityOfPage":{"@id":"https:\/\/footdavant.fr\/actualites\/levi-colwill-blessure-le-plan-de-transfert-de-chelsea-revele-apres-le-blues-confirme-un-coup-de-blessure-majeur\/"},"wordCount":481,"publisher":{"@id":"https:\/\/footdavant.fr\/actualites\/#organization"},"keywords":["apr\u00e8s","Blessure","blues","Chelsea","Colwill","confirme","coup","Levi","majeur","plan","r\u00e9v\u00e8le","transfert"],"articleSection":["Premier League"],"inLanguage":"fr-FR"},{"@type":"WebPage","@id":"https:\/\/footdavant.fr\/actualites\/levi-colwill-blessure-le-plan-de-transfert-de-chelsea-revele-apres-le-blues-confirme-un-coup-de-blessure-majeur\/","url":"https:\/\/footdavant.fr\/actualites\/levi-colwill-blessure-le-plan-de-transfert-de-chelsea-revele-apres-le-blues-confirme-un-coup-de-blessure-majeur\/","name":"Levi Colwill Blessure: le plan de transfert de Chelsea `` r\u00e9v\u00e9l\u00e9 &#39;&#39; apr\u00e8s le blues confirme un coup de blessure majeur","isPartOf":{"@id":"https:\/\/footdavant.fr\/actualites\/#website"},"datePublished":"2025-08-09T01:48:20+00:00","dateModified":"2025-08-09T01:48:22+00:00","breadcrumb":{"@id":"https:\/\/footdavant.fr\/actualites\/levi-colwill-blessure-le-plan-de-transfert-de-chelsea-revele-apres-le-blues-confirme-un-coup-de-blessure-majeur\/#breadcrumb"},"inLanguage":"fr-FR","potentialAction":[{"@type":"ReadAction","target":["https:\/\/footdavant.fr\/actualites\/levi-colwill-blessure-le-plan-de-transfert-de-chelsea-revele-apres-le-blues-confirme-un-coup-de-blessure-majeur\/"]}]},{"@type":"BreadcrumbList","@id":"https:\/\/footdavant.fr\/actualites\/levi-colwill-blessure-le-plan-de-transfert-de-chelsea-revele-apres-le-blues-confirme-un-coup-de-blessure-majeur\/#breadcrumb","itemListElement":[{"@type":"ListItem","position":1,"name":"Accueil","item":"https:\/\/footdavant.fr\/actualites\/"},{"@type":"ListItem","position":2,"name":"Levi Colwill Blessure: le plan de transfert de Chelsea \u00ab\u00a0 r\u00e9v\u00e9l\u00e9 &#39;&#39; apr\u00e8s le blues confirme un coup de blessure majeur"}]},{"@type":"WebSite","@id":"https:\/\/footdavant.fr\/actualites\/#website","url":"https:\/\/footdavant.fr\/actualites\/","name":"Foot d'avant","description":"","publisher":{"@id":"https:\/\/footdavant.fr\/actualites\/#organization"},"potentialAction":[{"@type":"SearchAction","target":{"@type":"EntryPoint","urlTemplate":"https:\/\/footdavant.fr\/actualites\/?s={search_term_string}"},"query-input":"required name=search_term_string"}],"inLanguage":"fr-FR"},{"@type":"Organization","@id":"https:\/\/footdavant.fr\/actualites\/#organization","name":"Foot d'avant","url":"https:\/\/footdavant.fr\/actualites\/","logo":{"@type":"ImageObject","inLanguage":"fr-FR","@id":"https:\/\/footdavant.fr\/actualites\/#\/schema\/logo\/image\/","url":"https:\/\/footdavant.fr\/actualites\/wp-content\/uploads\/2023\/09\/Copy-of-FootDavant-Logo.png","contentUrl":"https:\/\/footdavant.fr\/actualites\/wp-content\/uploads\/2023\/09\/Copy-of-FootDavant-Logo.png","width":936,"height":549,"caption":"Foot d'avant"},"image":{"@id":"https:\/\/footdavant.fr\/actualites\/#\/schema\/logo\/image\/"},"sameAs":["https:\/\/www.facebook.com\/Footdavant\/","https:\/\/twitter.com\/FootdavantFr","https:\/\/www.instagram.com\/footdavant.fr\/"]},{"@type":"Person","@id":"https:\/\/footdavant.fr\/actualites\/#\/schema\/person\/bc222566d95871b37e597b3ed3ba5e1d","name":"Cl\u00e9ment","image":{"@type":"ImageObject","inLanguage":"fr-FR","@id":"https:\/\/footdavant.fr\/actualites\/#\/schema\/person\/image\/","url":"https:\/\/secure.gravatar.com\/avatar\/7728b29aac2719421e1a9159b2254c44?s=96&d=mm&r=g","contentUrl":"https:\/\/secure.gravatar.com\/avatar\/7728b29aac2719421e1a9159b2254c44?s=96&d=mm&r=g","caption":"Cl\u00e9ment"},"sameAs":["https:\/\/footdavant.fr\/"]}]}},"_links":{"self":[{"href":"https:\/\/footdavant.fr\/actualites\/wp-json\/wp\/v2\/posts\/27111"}],"collection":[{"href":"https:\/\/footdavant.fr\/actualites\/wp-json\/wp\/v2\/posts"}],"about":[{"href":"https:\/\/footdavant.fr\/actualites\/wp-json\/wp\/v2\/types\/post"}],"author":[{"embeddable":true,"href":"https:\/\/footdavant.fr\/actualites\/wp-json\/wp\/v2\/users\/1"}],"replies":[{"embeddable":true,"href":"https:\/\/footdavant.fr\/actualites\/wp-json\/wp\/v2\/comments?post=27111"}],"version-history":[{"count":1,"href":"https:\/\/footdavant.fr\/actualites\/wp-json\/wp\/v2\/posts\/27111\/revisions"}],"predecessor-version":[{"id":27113,"href":"https:\/\/footdavant.fr\/actualites\/wp-json\/wp\/v2\/posts\/27111\/revisions\/27113"}],"wp:featuredmedia":[{"embeddable":true,"href":"https:\/\/footdavant.fr\/actualites\/wp-json\/wp\/v2\/media\/27112"}],"wp:attachment":[{"href":"https:\/\/footdavant.fr\/actualites\/wp-json\/wp\/v2\/media?parent=27111"}],"wp:term":[{"taxonomy":"category","embeddable":true,"href":"https:\/\/footdavant.fr\/actualites\/wp-json\/wp\/v2\/categories?post=27111"},{"taxonomy":"post_tag","embeddable":true,"href":"https:\/\/footdavant.fr\/actualites\/wp-json\/wp\/v2\/tags?post=27111"}],"curies":[{"name":"wp","href":"https:\/\/api.w.org\/{rel}","templated":true}]}}