{"id":27114,"date":"2025-08-09T05:48:01","date_gmt":"2025-08-09T03:48:01","guid":{"rendered":"https:\/\/footdavant.fr\/actualites\/anthony-richardson-doigt-des-colts-pouvait-sentrainer-samedi-apres-une-effrayante-blessure\/"},"modified":"2025-08-09T05:48:02","modified_gmt":"2025-08-09T03:48:02","slug":"anthony-richardson-doigt-des-colts-pouvait-sentrainer-samedi-apres-une-effrayante-blessure","status":"publish","type":"post","link":"https:\/\/footdavant.fr\/actualites\/anthony-richardson-doigt-des-colts-pouvait-sentrainer-samedi-apres-une-effrayante-blessure\/","title":{"rendered":"Anthony Richardson (doigt) des Colts pouvait s&#39;entra\u00eener samedi apr\u00e8s une effrayante blessure"},"content":{"rendered":"<div>\n<p>Il a quitt\u00e9 le jeu et a \u00e9t\u00e9 remplac\u00e9 par Daniel Jones. Heureusement, Stephen Holder d&#39;ESPN a rapport\u00e9 qu&#39;Anthony Richardson n&#39;avait subi qu&#39;un petit doigt lux\u00e9. Les rayons X sont revenus propres et il y a une chance que le joueur de 23 ans s&#39;entra\u00eene samedi. Les Colts ont le jour de cong\u00e9 vendredi apr\u00e8s un match de pr\u00e9-saison jeudi.<\/p>\n<h2>Anthony Richardson a \u00e9vit\u00e9 une blessure \u00e0 long terme vendredi<\/h2>\n<blockquote class=\"twitter-tweet\">\n<p dir=\"ltr\" lang=\"en\"><a rel=\"nofollow\" href=\"https:\/\/twitter.com\/hashtag\/Colts?src=hash&amp;ref_src=twsrc%5Etfw\">#Colts<\/a> QB Anthony Richardson. qui a \u00e9t\u00e9 d\u00e9clar\u00e9 hier soir avec une blessure au doigt, que toutes ses radiographies ont \u00e9t\u00e9 retourn\u00e9es et seront de retour sur le terrain d&#39;entra\u00eenement dans les prochains jours, par source. <a rel=\"nofollow\" href=\"https:\/\/t.co\/A01khhGPSR\">pic.twitter.com\/a01khhgpsr<\/a><\/p>\n<p>&#8211; Jordan Schultz (@schultz_report) <a rel=\"nofollow\" href=\"https:\/\/twitter.com\/Schultz_Report\/status\/1953804330559066445?ref_src=twsrc%5Etfw\">8 ao\u00fbt 2025<\/a><\/p>\n<\/blockquote>\n<p>Dans le rep\u00eachage de la NFL 2023, les Colts ont utilis\u00e9 le quatri\u00e8me choix global pour s\u00e9lectionner QB Anthony Richardson hors de la Floride. Sortant de l&#39;universit\u00e9, Richardson \u00e9tait l&#39;un des joueurs les plus intrigants du rep\u00eachage. Son talent brut et ses comp\u00e9tences \u00e9taient ind\u00e9niables. Cependant, le jeune QB n&#39;avait pas l&#39;exp\u00e9rience de d\u00e9part que la plupart des choix de premi\u00e8re ronde ont d\u00e9j\u00e0. Quoi qu&#39;il en soit, les Colts \u00e9taient ravis de r\u00e9diger Richardson.<\/p>\n<p>Au cours de deux saisons, ce fut un d\u00e9but d\u00e9cevant pour Anthony Richardson. Le jeune QB a lutt\u00e9 contre les blessures au d\u00e9but de sa carri\u00e8re. En tant que recrue en 2023, Richardson n&#39;a jou\u00e9 que quatre matchs pour les Colts. Il a rat\u00e9 13 matchs en raison de la chirurgie de la fin de la saison. En 2024, Richardson a commenc\u00e9 11 des 17 matchs des Colts. Il a rat\u00e9 quelques matchs en raison d&#39;une blessure et a m\u00eame \u00e9t\u00e9 banc pour le v\u00e9t\u00e9ran QB Joe Flacco.<\/p>\n<blockquote class=\"twitter-tweet\">\n<p dir=\"ltr\" lang=\"en\">Permettez-moi d&#39;expliquer pourquoi il s&#39;agit \u00e0 100% sur Anthony Richardson et pas sur la ligne ou RB. https:\/\/t.co\/lwya8dbb9f <a rel=\"nofollow\" href=\"https:\/\/t.co\/M6u9RXKotF\">pic.twitter.com\/m6u9rxkotf<\/a><\/p>\n<p>&#8211; Chase Daniel (@chasedaniel) <a rel=\"nofollow\" href=\"https:\/\/twitter.com\/ChaseDaniel\/status\/1953648859244310779?ref_src=twsrc%5Etfw\">8 ao\u00fbt 2025<\/a><\/p>\n<\/blockquote>\n<p>Avant la saison 2025, Anthony Richardson est dans une bataille QB avec Daniel Jones. Il \u00e9tait auparavant le QB de d\u00e9part pour les Giants en 2024 avant sa lib\u00e9ration. Sur le premier tableau de profondeur officiel de l&#39;\u00e9quipe, le QB de d\u00e9part a \u00e9t\u00e9 r\u00e9pertori\u00e9 comme Anthony Richardson ou Daniel Jones. Jeudi soir, les Colts \u00e9taient sur la route pour leur premier match de pr\u00e9-saison de 2025.<\/p>\n<p>Anthony Richardson a subi un pinkie lux\u00e9 et a d\u00fb quitter le jeu. Apr\u00e8s que les rayons X sont revenus propres, Richardson a eu la chance de retourner \u00e0 l&#39;entra\u00eenement samedi. C&#39;est une nouvelle positive pour Indianapolis. Leurs fans attendaient avec un souffle pour savoir que leur QB de d\u00e9part ne manquerait pas beaucoup de temps. Le premier match des Colts de la saison 2025 est \u00e0 domicile dans la semaine 1 contre les Dolphins de Miami.<\/p>\n<\/p><\/div>\n<p><script async src=\"https:\/\/platform.twitter.com\/widgets.js\" charset=\"utf-8\"><\/script><\/p>\n","protected":false},"excerpt":{"rendered":"<p>Il a quitt\u00e9 le jeu et a \u00e9t\u00e9 remplac\u00e9 par Daniel Jones. Heureusement, Stephen Holder d&#39;ESPN a rapport\u00e9 qu&#39;Anthony Richardson n&#39;avait subi qu&#39;un petit doigt<\/p>\n","protected":false},"author":1,"featured_media":27115,"comment_status":"closed","ping_status":"","sticky":false,"template":"","format":"standard","meta":{"footnotes":""},"categories":[3],"tags":[457,25,15,2819,12,1782,6308,1769,6210,5656,2135,92],"yoast_head":"<!-- This site is optimized with the Yoast SEO plugin v21.0 - https:\/\/yoast.com\/wordpress\/plugins\/seo\/ -->\n<title>Anthony Richardson (doigt) des Colts pouvait s&#039;entra\u00eener samedi apr\u00e8s une effrayante blessure<\/title>\n<meta name=\"robots\" content=\"index, follow, max-snippet:-1, max-image-preview:large, max-video-preview:-1\" \/>\n<link rel=\"canonical\" href=\"https:\/\/footdavant.fr\/actualites\/anthony-richardson-doigt-des-colts-pouvait-sentrainer-samedi-apres-une-effrayante-blessure\/\" \/>\n<meta property=\"og:locale\" content=\"fr_FR\" \/>\n<meta property=\"og:type\" content=\"article\" \/>\n<meta property=\"og:title\" content=\"Anthony Richardson (doigt) des Colts pouvait s&#039;entra\u00eener samedi apr\u00e8s une effrayante blessure\" \/>\n<meta property=\"og:description\" content=\"Il a quitt\u00e9 le jeu et a \u00e9t\u00e9 remplac\u00e9 par Daniel Jones. Heureusement, Stephen Holder d&#039;ESPN a rapport\u00e9 qu&#039;Anthony Richardson n&#039;avait subi qu&#039;un petit doigt\" \/>\n<meta property=\"og:url\" content=\"https:\/\/footdavant.fr\/actualites\/anthony-richardson-doigt-des-colts-pouvait-sentrainer-samedi-apres-une-effrayante-blessure\/\" \/>\n<meta property=\"og:site_name\" content=\"Foot d&#039;avant\" \/>\n<meta property=\"article:publisher\" content=\"https:\/\/www.facebook.com\/Footdavant\/\" \/>\n<meta property=\"article:published_time\" content=\"2025-08-09T03:48:01+00:00\" \/>\n<meta property=\"article:modified_time\" content=\"2025-08-09T03:48:02+00:00\" \/>\n<meta property=\"og:image\" content=\"https:\/\/footdavant.fr\/actualites\/wp-content\/uploads\/2025\/08\/Anthony-Richardson-doigt-des-Colts-pouvait-s39entrainer-samedi-apres-une.jpg\" \/>\n\t<meta property=\"og:image:width\" content=\"696\" \/>\n\t<meta property=\"og:image:height\" content=\"391\" \/>\n\t<meta property=\"og:image:type\" content=\"image\/jpeg\" \/>\n<meta name=\"author\" content=\"Cl\u00e9ment\" \/>\n<meta name=\"twitter:card\" content=\"summary_large_image\" \/>\n<meta name=\"twitter:creator\" content=\"@FootdavantFr\" \/>\n<meta name=\"twitter:site\" content=\"@FootdavantFr\" \/>\n<meta name=\"twitter:label1\" content=\"\u00c9crit par\" \/>\n\t<meta name=\"twitter:data1\" content=\"Cl\u00e9ment\" \/>\n\t<meta name=\"twitter:label2\" content=\"Dur\u00e9e de lecture estim\u00e9e\" \/>\n\t<meta name=\"twitter:data2\" content=\"2 minutes\" \/>\n<script type=\"application\/ld+json\" class=\"yoast-schema-graph\">{\"@context\":\"https:\/\/schema.org\",\"@graph\":[{\"@type\":\"Article\",\"@id\":\"https:\/\/footdavant.fr\/actualites\/anthony-richardson-doigt-des-colts-pouvait-sentrainer-samedi-apres-une-effrayante-blessure\/#article\",\"isPartOf\":{\"@id\":\"https:\/\/footdavant.fr\/actualites\/anthony-richardson-doigt-des-colts-pouvait-sentrainer-samedi-apres-une-effrayante-blessure\/\"},\"author\":{\"name\":\"Cl\u00e9ment\",\"@id\":\"https:\/\/footdavant.fr\/actualites\/#\/schema\/person\/bc222566d95871b37e597b3ed3ba5e1d\"},\"headline\":\"Anthony Richardson (doigt) des Colts pouvait s&#39;entra\u00eener samedi apr\u00e8s une effrayante blessure\",\"datePublished\":\"2025-08-09T03:48:01+00:00\",\"dateModified\":\"2025-08-09T03:48:02+00:00\",\"mainEntityOfPage\":{\"@id\":\"https:\/\/footdavant.fr\/actualites\/anthony-richardson-doigt-des-colts-pouvait-sentrainer-samedi-apres-une-effrayante-blessure\/\"},\"wordCount\":508,\"publisher\":{\"@id\":\"https:\/\/footdavant.fr\/actualites\/#organization\"},\"keywords\":[\"Anthony\",\"apr\u00e8s\",\"Blessure\",\"Colts\",\"des\",\"doigt\",\"effrayante\",\"pouvait\",\"Richardson\",\"s39entra\u00eener\",\"samedi\",\"une\"],\"articleSection\":[\"Football\"],\"inLanguage\":\"fr-FR\"},{\"@type\":\"WebPage\",\"@id\":\"https:\/\/footdavant.fr\/actualites\/anthony-richardson-doigt-des-colts-pouvait-sentrainer-samedi-apres-une-effrayante-blessure\/\",\"url\":\"https:\/\/footdavant.fr\/actualites\/anthony-richardson-doigt-des-colts-pouvait-sentrainer-samedi-apres-une-effrayante-blessure\/\",\"name\":\"Anthony Richardson (doigt) des Colts pouvait s&#39;entra\u00eener samedi apr\u00e8s une effrayante blessure\",\"isPartOf\":{\"@id\":\"https:\/\/footdavant.fr\/actualites\/#website\"},\"datePublished\":\"2025-08-09T03:48:01+00:00\",\"dateModified\":\"2025-08-09T03:48:02+00:00\",\"breadcrumb\":{\"@id\":\"https:\/\/footdavant.fr\/actualites\/anthony-richardson-doigt-des-colts-pouvait-sentrainer-samedi-apres-une-effrayante-blessure\/#breadcrumb\"},\"inLanguage\":\"fr-FR\",\"potentialAction\":[{\"@type\":\"ReadAction\",\"target\":[\"https:\/\/footdavant.fr\/actualites\/anthony-richardson-doigt-des-colts-pouvait-sentrainer-samedi-apres-une-effrayante-blessure\/\"]}]},{\"@type\":\"BreadcrumbList\",\"@id\":\"https:\/\/footdavant.fr\/actualites\/anthony-richardson-doigt-des-colts-pouvait-sentrainer-samedi-apres-une-effrayante-blessure\/#breadcrumb\",\"itemListElement\":[{\"@type\":\"ListItem\",\"position\":1,\"name\":\"Accueil\",\"item\":\"https:\/\/footdavant.fr\/actualites\/\"},{\"@type\":\"ListItem\",\"position\":2,\"name\":\"Anthony Richardson (doigt) des Colts pouvait s&#39;entra\u00eener samedi apr\u00e8s une effrayante blessure\"}]},{\"@type\":\"WebSite\",\"@id\":\"https:\/\/footdavant.fr\/actualites\/#website\",\"url\":\"https:\/\/footdavant.fr\/actualites\/\",\"name\":\"Foot d'avant\",\"description\":\"\",\"publisher\":{\"@id\":\"https:\/\/footdavant.fr\/actualites\/#organization\"},\"potentialAction\":[{\"@type\":\"SearchAction\",\"target\":{\"@type\":\"EntryPoint\",\"urlTemplate\":\"https:\/\/footdavant.fr\/actualites\/?s={search_term_string}\"},\"query-input\":\"required name=search_term_string\"}],\"inLanguage\":\"fr-FR\"},{\"@type\":\"Organization\",\"@id\":\"https:\/\/footdavant.fr\/actualites\/#organization\",\"name\":\"Foot d'avant\",\"url\":\"https:\/\/footdavant.fr\/actualites\/\",\"logo\":{\"@type\":\"ImageObject\",\"inLanguage\":\"fr-FR\",\"@id\":\"https:\/\/footdavant.fr\/actualites\/#\/schema\/logo\/image\/\",\"url\":\"https:\/\/footdavant.fr\/actualites\/wp-content\/uploads\/2023\/09\/Copy-of-FootDavant-Logo.png\",\"contentUrl\":\"https:\/\/footdavant.fr\/actualites\/wp-content\/uploads\/2023\/09\/Copy-of-FootDavant-Logo.png\",\"width\":936,\"height\":549,\"caption\":\"Foot d'avant\"},\"image\":{\"@id\":\"https:\/\/footdavant.fr\/actualites\/#\/schema\/logo\/image\/\"},\"sameAs\":[\"https:\/\/www.facebook.com\/Footdavant\/\",\"https:\/\/twitter.com\/FootdavantFr\",\"https:\/\/www.instagram.com\/footdavant.fr\/\"]},{\"@type\":\"Person\",\"@id\":\"https:\/\/footdavant.fr\/actualites\/#\/schema\/person\/bc222566d95871b37e597b3ed3ba5e1d\",\"name\":\"Cl\u00e9ment\",\"image\":{\"@type\":\"ImageObject\",\"inLanguage\":\"fr-FR\",\"@id\":\"https:\/\/footdavant.fr\/actualites\/#\/schema\/person\/image\/\",\"url\":\"https:\/\/secure.gravatar.com\/avatar\/7728b29aac2719421e1a9159b2254c44?s=96&d=mm&r=g\",\"contentUrl\":\"https:\/\/secure.gravatar.com\/avatar\/7728b29aac2719421e1a9159b2254c44?s=96&d=mm&r=g\",\"caption\":\"Cl\u00e9ment\"},\"sameAs\":[\"https:\/\/footdavant.fr\/\"]}]}<\/script>\n<!-- \/ Yoast SEO plugin. -->","yoast_head_json":{"title":"Anthony Richardson (doigt) des Colts pouvait s&#39;entra\u00eener samedi apr\u00e8s une effrayante blessure","robots":{"index":"index","follow":"follow","max-snippet":"max-snippet:-1","max-image-preview":"max-image-preview:large","max-video-preview":"max-video-preview:-1"},"canonical":"https:\/\/footdavant.fr\/actualites\/anthony-richardson-doigt-des-colts-pouvait-sentrainer-samedi-apres-une-effrayante-blessure\/","og_locale":"fr_FR","og_type":"article","og_title":"Anthony Richardson (doigt) des Colts pouvait s&#39;entra\u00eener samedi apr\u00e8s une effrayante blessure","og_description":"Il a quitt\u00e9 le jeu et a \u00e9t\u00e9 remplac\u00e9 par Daniel Jones. Heureusement, Stephen Holder d&#39;ESPN a rapport\u00e9 qu&#39;Anthony Richardson n&#39;avait subi qu&#39;un petit doigt","og_url":"https:\/\/footdavant.fr\/actualites\/anthony-richardson-doigt-des-colts-pouvait-sentrainer-samedi-apres-une-effrayante-blessure\/","og_site_name":"Foot d&#039;avant","article_publisher":"https:\/\/www.facebook.com\/Footdavant\/","article_published_time":"2025-08-09T03:48:01+00:00","article_modified_time":"2025-08-09T03:48:02+00:00","og_image":[{"width":696,"height":391,"url":"https:\/\/footdavant.fr\/actualites\/wp-content\/uploads\/2025\/08\/Anthony-Richardson-doigt-des-Colts-pouvait-s39entrainer-samedi-apres-une.jpg","type":"image\/jpeg"}],"author":"Cl\u00e9ment","twitter_card":"summary_large_image","twitter_creator":"@FootdavantFr","twitter_site":"@FootdavantFr","twitter_misc":{"\u00c9crit par":"Cl\u00e9ment","Dur\u00e9e de lecture estim\u00e9e":"2 minutes"},"schema":{"@context":"https:\/\/schema.org","@graph":[{"@type":"Article","@id":"https:\/\/footdavant.fr\/actualites\/anthony-richardson-doigt-des-colts-pouvait-sentrainer-samedi-apres-une-effrayante-blessure\/#article","isPartOf":{"@id":"https:\/\/footdavant.fr\/actualites\/anthony-richardson-doigt-des-colts-pouvait-sentrainer-samedi-apres-une-effrayante-blessure\/"},"author":{"name":"Cl\u00e9ment","@id":"https:\/\/footdavant.fr\/actualites\/#\/schema\/person\/bc222566d95871b37e597b3ed3ba5e1d"},"headline":"Anthony Richardson (doigt) des Colts pouvait s&#39;entra\u00eener samedi apr\u00e8s une effrayante blessure","datePublished":"2025-08-09T03:48:01+00:00","dateModified":"2025-08-09T03:48:02+00:00","mainEntityOfPage":{"@id":"https:\/\/footdavant.fr\/actualites\/anthony-richardson-doigt-des-colts-pouvait-sentrainer-samedi-apres-une-effrayante-blessure\/"},"wordCount":508,"publisher":{"@id":"https:\/\/footdavant.fr\/actualites\/#organization"},"keywords":["Anthony","apr\u00e8s","Blessure","Colts","des","doigt","effrayante","pouvait","Richardson","s39entra\u00eener","samedi","une"],"articleSection":["Football"],"inLanguage":"fr-FR"},{"@type":"WebPage","@id":"https:\/\/footdavant.fr\/actualites\/anthony-richardson-doigt-des-colts-pouvait-sentrainer-samedi-apres-une-effrayante-blessure\/","url":"https:\/\/footdavant.fr\/actualites\/anthony-richardson-doigt-des-colts-pouvait-sentrainer-samedi-apres-une-effrayante-blessure\/","name":"Anthony Richardson (doigt) des Colts pouvait s&#39;entra\u00eener samedi apr\u00e8s une effrayante blessure","isPartOf":{"@id":"https:\/\/footdavant.fr\/actualites\/#website"},"datePublished":"2025-08-09T03:48:01+00:00","dateModified":"2025-08-09T03:48:02+00:00","breadcrumb":{"@id":"https:\/\/footdavant.fr\/actualites\/anthony-richardson-doigt-des-colts-pouvait-sentrainer-samedi-apres-une-effrayante-blessure\/#breadcrumb"},"inLanguage":"fr-FR","potentialAction":[{"@type":"ReadAction","target":["https:\/\/footdavant.fr\/actualites\/anthony-richardson-doigt-des-colts-pouvait-sentrainer-samedi-apres-une-effrayante-blessure\/"]}]},{"@type":"BreadcrumbList","@id":"https:\/\/footdavant.fr\/actualites\/anthony-richardson-doigt-des-colts-pouvait-sentrainer-samedi-apres-une-effrayante-blessure\/#breadcrumb","itemListElement":[{"@type":"ListItem","position":1,"name":"Accueil","item":"https:\/\/footdavant.fr\/actualites\/"},{"@type":"ListItem","position":2,"name":"Anthony Richardson (doigt) des Colts pouvait s&#39;entra\u00eener samedi apr\u00e8s une effrayante blessure"}]},{"@type":"WebSite","@id":"https:\/\/footdavant.fr\/actualites\/#website","url":"https:\/\/footdavant.fr\/actualites\/","name":"Foot d'avant","description":"","publisher":{"@id":"https:\/\/footdavant.fr\/actualites\/#organization"},"potentialAction":[{"@type":"SearchAction","target":{"@type":"EntryPoint","urlTemplate":"https:\/\/footdavant.fr\/actualites\/?s={search_term_string}"},"query-input":"required name=search_term_string"}],"inLanguage":"fr-FR"},{"@type":"Organization","@id":"https:\/\/footdavant.fr\/actualites\/#organization","name":"Foot d'avant","url":"https:\/\/footdavant.fr\/actualites\/","logo":{"@type":"ImageObject","inLanguage":"fr-FR","@id":"https:\/\/footdavant.fr\/actualites\/#\/schema\/logo\/image\/","url":"https:\/\/footdavant.fr\/actualites\/wp-content\/uploads\/2023\/09\/Copy-of-FootDavant-Logo.png","contentUrl":"https:\/\/footdavant.fr\/actualites\/wp-content\/uploads\/2023\/09\/Copy-of-FootDavant-Logo.png","width":936,"height":549,"caption":"Foot d'avant"},"image":{"@id":"https:\/\/footdavant.fr\/actualites\/#\/schema\/logo\/image\/"},"sameAs":["https:\/\/www.facebook.com\/Footdavant\/","https:\/\/twitter.com\/FootdavantFr","https:\/\/www.instagram.com\/footdavant.fr\/"]},{"@type":"Person","@id":"https:\/\/footdavant.fr\/actualites\/#\/schema\/person\/bc222566d95871b37e597b3ed3ba5e1d","name":"Cl\u00e9ment","image":{"@type":"ImageObject","inLanguage":"fr-FR","@id":"https:\/\/footdavant.fr\/actualites\/#\/schema\/person\/image\/","url":"https:\/\/secure.gravatar.com\/avatar\/7728b29aac2719421e1a9159b2254c44?s=96&d=mm&r=g","contentUrl":"https:\/\/secure.gravatar.com\/avatar\/7728b29aac2719421e1a9159b2254c44?s=96&d=mm&r=g","caption":"Cl\u00e9ment"},"sameAs":["https:\/\/footdavant.fr\/"]}]}},"_links":{"self":[{"href":"https:\/\/footdavant.fr\/actualites\/wp-json\/wp\/v2\/posts\/27114"}],"collection":[{"href":"https:\/\/footdavant.fr\/actualites\/wp-json\/wp\/v2\/posts"}],"about":[{"href":"https:\/\/footdavant.fr\/actualites\/wp-json\/wp\/v2\/types\/post"}],"author":[{"embeddable":true,"href":"https:\/\/footdavant.fr\/actualites\/wp-json\/wp\/v2\/users\/1"}],"replies":[{"embeddable":true,"href":"https:\/\/footdavant.fr\/actualites\/wp-json\/wp\/v2\/comments?post=27114"}],"version-history":[{"count":1,"href":"https:\/\/footdavant.fr\/actualites\/wp-json\/wp\/v2\/posts\/27114\/revisions"}],"predecessor-version":[{"id":27116,"href":"https:\/\/footdavant.fr\/actualites\/wp-json\/wp\/v2\/posts\/27114\/revisions\/27116"}],"wp:featuredmedia":[{"embeddable":true,"href":"https:\/\/footdavant.fr\/actualites\/wp-json\/wp\/v2\/media\/27115"}],"wp:attachment":[{"href":"https:\/\/footdavant.fr\/actualites\/wp-json\/wp\/v2\/media?parent=27114"}],"wp:term":[{"taxonomy":"category","embeddable":true,"href":"https:\/\/footdavant.fr\/actualites\/wp-json\/wp\/v2\/categories?post=27114"},{"taxonomy":"post_tag","embeddable":true,"href":"https:\/\/footdavant.fr\/actualites\/wp-json\/wp\/v2\/tags?post=27114"}],"curies":[{"name":"wp","href":"https:\/\/api.w.org\/{rel}","templated":true}]}}