{"id":2713,"date":"2023-12-18T17:49:24","date_gmt":"2023-12-18T16:49:24","guid":{"rendered":"https:\/\/footdavant.fr\/actualites\/arsecast-extra-episode-559-18-12-2023\/"},"modified":"2023-12-18T17:49:26","modified_gmt":"2023-12-18T16:49:26","slug":"arsecast-extra-episode-559-18-12-2023","status":"publish","type":"post","link":"https:\/\/footdavant.fr\/actualites\/arsecast-extra-episode-559-18-12-2023\/","title":{"rendered":"Arsecast Extra \u00c9pisode 559 &#8211; 18.12.2023"},"content":{"rendered":"<div data-td-block-uid=\"tdi_76\">\n<div class=\"tdb-block-inner td-fix-index\">\n<p>Bienvenue dans un autre Arsecast Extra, le podcast Arsenal, avec moi et James de <a rel=\"nofollow noopener\" href=\"https:\/\/twitter.com\/gunnerblog\" target=\"_blank\">@gunnerblog<\/a>.<\/p>\n<p>Dans cet \u00e9pisode, retour sur la victoire 2-0 contre Brighton dimanche apr\u00e8s-midi.  Nous discutons de l&rsquo;\u00e9quilibre entre la domination offensive d&rsquo;Arsenal et la frustration de ne pas avoir r\u00e9ussi \u00e0 percer plus rapidement, ainsi que de la performance globale lors d&rsquo;une journ\u00e9e o\u00f9 les visiteurs ont \u00e9t\u00e9 limit\u00e9s \u00e0 une seule bonne occasion.  L&rsquo;accent est mis sur certains joueurs cl\u00e9s, comme Gabriel Jesus, Declan Rice et Martin Odegaard, ainsi que sur l&rsquo;importance de cette victoire lors d&rsquo;un week-end o\u00f9 d&rsquo;autres ont perdu des points.  Nous r\u00e9pondons \u00e9galement aux questions des auditeurs sur les r\u00e9f\u00e9rences du titre, la complexit\u00e9 tactique d&rsquo;Arteta et les jeunes joueurs, les priorit\u00e9s du mercato de janvier, la forme de Ben White et bien plus encore.<\/p>\n<\/p>\n<p>N&rsquo;oubliez pas que vous pouvez nous envoyer des questions via lesquelles nous essaierons d&rsquo;y r\u00e9pondre chaque semaine.  Envoyez-les soit \u00e0 <a rel=\"nofollow noopener\" href=\"https:\/\/twitter.com\/arseblog\" target=\"_blank\">@arseblog<\/a> ou <a rel=\"nofollow noopener\" href=\"https:\/\/twitter.com\/gunnerblog\" target=\"_blank\">@Gunnerblog<\/a> (ou les deux) en utilisant le hashtag <em>#arsecastextra. <\/em>Le mieux est de les envoyer lundi matin pour qu&rsquo;ils se fassent remarquer plus facilement.<\/p>\n<p>Vous pouvez vous abonner \u00e0 Arsecast Extra sur iTunes en cliquant ici.  Ou si vous souhaitez vous abonner directement \u00e0 l&rsquo;URL du flux, vous pouvez \u00e9galement le faire (c&rsquo;est une bien meilleure fa\u00e7on de le faire car vous ne rencontrez pas les retards d&rsquo;iTunes).<\/p>\n<p>Vous pouvez \u00e9couter sans quitter cette page en utilisant le player ci-dessous, t\u00e9l\u00e9charger l&rsquo;application Acast pour iOS ou Android, ou t\u00e9l\u00e9charger le MP3 directement en utilisant le lien ci-dessous.<\/p>\n<p>De plus, si vous \u00eates fan de la s\u00e9rie, ce serait grandement appr\u00e9ci\u00e9.<\/p>\n<p><iframe loading=\"lazy\" src=\"https:\/\/embed.acast.com\/a1a58121-6fb4-43cf-8156-8d6df6fc312f\/6580431e53acd00017083c27\" frameborder=\"0\" width=\"100%\" height=\"300px\"><\/iframe><\/p>\n<h4>T\u00e9l\u00e9charger \u2013 iTunes \u2013 Spotify \u2013 Acast \u2013 RSS <\/h4>\n<\/div>\n<\/div>\n<p><script async src=\"https:\/\/platform.twitter.com\/widgets.js\" charset=\"utf-8\"><\/script><\/p>\n","protected":false},"excerpt":{"rendered":"<p>Bienvenue dans un autre Arsecast Extra, le podcast Arsenal, avec moi et James de @gunnerblog. Dans cet \u00e9pisode, retour sur la victoire 2-0 contre Brighton<\/p>\n","protected":false},"author":1,"featured_media":2714,"comment_status":"closed","ping_status":"","sticky":false,"template":"","format":"standard","meta":{"footnotes":""},"categories":[3],"tags":[2351,617,619,618],"yoast_head":"<!-- This site is optimized with the Yoast SEO plugin v21.0 - https:\/\/yoast.com\/wordpress\/plugins\/seo\/ -->\n<title>Arsecast Extra \u00c9pisode 559 - 18.12.2023<\/title>\n<meta name=\"robots\" content=\"index, follow, max-snippet:-1, max-image-preview:large, max-video-preview:-1\" \/>\n<link rel=\"canonical\" href=\"https:\/\/footdavant.fr\/actualites\/arsecast-extra-episode-559-18-12-2023\/\" \/>\n<meta property=\"og:locale\" content=\"fr_FR\" \/>\n<meta property=\"og:type\" content=\"article\" \/>\n<meta property=\"og:title\" content=\"Arsecast Extra \u00c9pisode 559 - 18.12.2023\" \/>\n<meta property=\"og:description\" content=\"Bienvenue dans un autre Arsecast Extra, le podcast Arsenal, avec moi et James de @gunnerblog. Dans cet \u00e9pisode, retour sur la victoire 2-0 contre Brighton\" \/>\n<meta property=\"og:url\" content=\"https:\/\/footdavant.fr\/actualites\/arsecast-extra-episode-559-18-12-2023\/\" \/>\n<meta property=\"og:site_name\" content=\"Foot d&#039;avant\" \/>\n<meta property=\"article:publisher\" content=\"https:\/\/www.facebook.com\/Footdavant\/\" \/>\n<meta property=\"article:published_time\" content=\"2023-12-18T16:49:24+00:00\" \/>\n<meta property=\"article:modified_time\" content=\"2023-12-18T16:49:26+00:00\" \/>\n<meta property=\"og:image\" content=\"https:\/\/footdavant.fr\/actualites\/wp-content\/uploads\/2023\/12\/Arsecast-Extra-Episode-559-18122023.jpg\" \/>\n\t<meta property=\"og:image:width\" content=\"1500\" \/>\n\t<meta property=\"og:image:height\" content=\"750\" \/>\n\t<meta property=\"og:image:type\" content=\"image\/jpeg\" \/>\n<meta name=\"author\" content=\"Cl\u00e9ment\" \/>\n<meta name=\"twitter:card\" content=\"summary_large_image\" \/>\n<meta name=\"twitter:creator\" content=\"@FootdavantFr\" \/>\n<meta name=\"twitter:site\" content=\"@FootdavantFr\" \/>\n<meta name=\"twitter:label1\" content=\"\u00c9crit par\" \/>\n\t<meta name=\"twitter:data1\" content=\"Cl\u00e9ment\" \/>\n\t<meta name=\"twitter:label2\" content=\"Dur\u00e9e de lecture estim\u00e9e\" \/>\n\t<meta name=\"twitter:data2\" content=\"1 minute\" \/>\n<script type=\"application\/ld+json\" class=\"yoast-schema-graph\">{\"@context\":\"https:\/\/schema.org\",\"@graph\":[{\"@type\":\"Article\",\"@id\":\"https:\/\/footdavant.fr\/actualites\/arsecast-extra-episode-559-18-12-2023\/#article\",\"isPartOf\":{\"@id\":\"https:\/\/footdavant.fr\/actualites\/arsecast-extra-episode-559-18-12-2023\/\"},\"author\":{\"name\":\"Cl\u00e9ment\",\"@id\":\"https:\/\/footdavant.fr\/actualites\/#\/schema\/person\/bc222566d95871b37e597b3ed3ba5e1d\"},\"headline\":\"Arsecast Extra \u00c9pisode 559 &#8211; 18.12.2023\",\"datePublished\":\"2023-12-18T16:49:24+00:00\",\"dateModified\":\"2023-12-18T16:49:26+00:00\",\"mainEntityOfPage\":{\"@id\":\"https:\/\/footdavant.fr\/actualites\/arsecast-extra-episode-559-18-12-2023\/\"},\"wordCount\":290,\"publisher\":{\"@id\":\"https:\/\/footdavant.fr\/actualites\/#organization\"},\"keywords\":[\"18.12.2023\",\"Arsecast\",\"\u00c9pisode\",\"Extra\"],\"articleSection\":[\"Football\"],\"inLanguage\":\"fr-FR\"},{\"@type\":\"WebPage\",\"@id\":\"https:\/\/footdavant.fr\/actualites\/arsecast-extra-episode-559-18-12-2023\/\",\"url\":\"https:\/\/footdavant.fr\/actualites\/arsecast-extra-episode-559-18-12-2023\/\",\"name\":\"Arsecast Extra \u00c9pisode 559 - 18.12.2023\",\"isPartOf\":{\"@id\":\"https:\/\/footdavant.fr\/actualites\/#website\"},\"datePublished\":\"2023-12-18T16:49:24+00:00\",\"dateModified\":\"2023-12-18T16:49:26+00:00\",\"breadcrumb\":{\"@id\":\"https:\/\/footdavant.fr\/actualites\/arsecast-extra-episode-559-18-12-2023\/#breadcrumb\"},\"inLanguage\":\"fr-FR\",\"potentialAction\":[{\"@type\":\"ReadAction\",\"target\":[\"https:\/\/footdavant.fr\/actualites\/arsecast-extra-episode-559-18-12-2023\/\"]}]},{\"@type\":\"BreadcrumbList\",\"@id\":\"https:\/\/footdavant.fr\/actualites\/arsecast-extra-episode-559-18-12-2023\/#breadcrumb\",\"itemListElement\":[{\"@type\":\"ListItem\",\"position\":1,\"name\":\"Accueil\",\"item\":\"https:\/\/footdavant.fr\/actualites\/\"},{\"@type\":\"ListItem\",\"position\":2,\"name\":\"Arsecast Extra \u00c9pisode 559 &#8211; 18.12.2023\"}]},{\"@type\":\"WebSite\",\"@id\":\"https:\/\/footdavant.fr\/actualites\/#website\",\"url\":\"https:\/\/footdavant.fr\/actualites\/\",\"name\":\"Foot d'avant\",\"description\":\"\",\"publisher\":{\"@id\":\"https:\/\/footdavant.fr\/actualites\/#organization\"},\"potentialAction\":[{\"@type\":\"SearchAction\",\"target\":{\"@type\":\"EntryPoint\",\"urlTemplate\":\"https:\/\/footdavant.fr\/actualites\/?s={search_term_string}\"},\"query-input\":\"required name=search_term_string\"}],\"inLanguage\":\"fr-FR\"},{\"@type\":\"Organization\",\"@id\":\"https:\/\/footdavant.fr\/actualites\/#organization\",\"name\":\"Foot d'avant\",\"url\":\"https:\/\/footdavant.fr\/actualites\/\",\"logo\":{\"@type\":\"ImageObject\",\"inLanguage\":\"fr-FR\",\"@id\":\"https:\/\/footdavant.fr\/actualites\/#\/schema\/logo\/image\/\",\"url\":\"https:\/\/footdavant.fr\/actualites\/wp-content\/uploads\/2023\/09\/Copy-of-FootDavant-Logo.png\",\"contentUrl\":\"https:\/\/footdavant.fr\/actualites\/wp-content\/uploads\/2023\/09\/Copy-of-FootDavant-Logo.png\",\"width\":936,\"height\":549,\"caption\":\"Foot d'avant\"},\"image\":{\"@id\":\"https:\/\/footdavant.fr\/actualites\/#\/schema\/logo\/image\/\"},\"sameAs\":[\"https:\/\/www.facebook.com\/Footdavant\/\",\"https:\/\/twitter.com\/FootdavantFr\",\"https:\/\/www.instagram.com\/footdavant.fr\/\"]},{\"@type\":\"Person\",\"@id\":\"https:\/\/footdavant.fr\/actualites\/#\/schema\/person\/bc222566d95871b37e597b3ed3ba5e1d\",\"name\":\"Cl\u00e9ment\",\"image\":{\"@type\":\"ImageObject\",\"inLanguage\":\"fr-FR\",\"@id\":\"https:\/\/footdavant.fr\/actualites\/#\/schema\/person\/image\/\",\"url\":\"https:\/\/secure.gravatar.com\/avatar\/7728b29aac2719421e1a9159b2254c44?s=96&d=mm&r=g\",\"contentUrl\":\"https:\/\/secure.gravatar.com\/avatar\/7728b29aac2719421e1a9159b2254c44?s=96&d=mm&r=g\",\"caption\":\"Cl\u00e9ment\"},\"sameAs\":[\"https:\/\/footdavant.fr\/\"]}]}<\/script>\n<!-- \/ Yoast SEO plugin. -->","yoast_head_json":{"title":"Arsecast Extra \u00c9pisode 559 - 18.12.2023","robots":{"index":"index","follow":"follow","max-snippet":"max-snippet:-1","max-image-preview":"max-image-preview:large","max-video-preview":"max-video-preview:-1"},"canonical":"https:\/\/footdavant.fr\/actualites\/arsecast-extra-episode-559-18-12-2023\/","og_locale":"fr_FR","og_type":"article","og_title":"Arsecast Extra \u00c9pisode 559 - 18.12.2023","og_description":"Bienvenue dans un autre Arsecast Extra, le podcast Arsenal, avec moi et James de @gunnerblog. Dans cet \u00e9pisode, retour sur la victoire 2-0 contre Brighton","og_url":"https:\/\/footdavant.fr\/actualites\/arsecast-extra-episode-559-18-12-2023\/","og_site_name":"Foot d&#039;avant","article_publisher":"https:\/\/www.facebook.com\/Footdavant\/","article_published_time":"2023-12-18T16:49:24+00:00","article_modified_time":"2023-12-18T16:49:26+00:00","og_image":[{"width":1500,"height":750,"url":"https:\/\/footdavant.fr\/actualites\/wp-content\/uploads\/2023\/12\/Arsecast-Extra-Episode-559-18122023.jpg","type":"image\/jpeg"}],"author":"Cl\u00e9ment","twitter_card":"summary_large_image","twitter_creator":"@FootdavantFr","twitter_site":"@FootdavantFr","twitter_misc":{"\u00c9crit par":"Cl\u00e9ment","Dur\u00e9e de lecture estim\u00e9e":"1 minute"},"schema":{"@context":"https:\/\/schema.org","@graph":[{"@type":"Article","@id":"https:\/\/footdavant.fr\/actualites\/arsecast-extra-episode-559-18-12-2023\/#article","isPartOf":{"@id":"https:\/\/footdavant.fr\/actualites\/arsecast-extra-episode-559-18-12-2023\/"},"author":{"name":"Cl\u00e9ment","@id":"https:\/\/footdavant.fr\/actualites\/#\/schema\/person\/bc222566d95871b37e597b3ed3ba5e1d"},"headline":"Arsecast Extra \u00c9pisode 559 &#8211; 18.12.2023","datePublished":"2023-12-18T16:49:24+00:00","dateModified":"2023-12-18T16:49:26+00:00","mainEntityOfPage":{"@id":"https:\/\/footdavant.fr\/actualites\/arsecast-extra-episode-559-18-12-2023\/"},"wordCount":290,"publisher":{"@id":"https:\/\/footdavant.fr\/actualites\/#organization"},"keywords":["18.12.2023","Arsecast","\u00c9pisode","Extra"],"articleSection":["Football"],"inLanguage":"fr-FR"},{"@type":"WebPage","@id":"https:\/\/footdavant.fr\/actualites\/arsecast-extra-episode-559-18-12-2023\/","url":"https:\/\/footdavant.fr\/actualites\/arsecast-extra-episode-559-18-12-2023\/","name":"Arsecast Extra \u00c9pisode 559 - 18.12.2023","isPartOf":{"@id":"https:\/\/footdavant.fr\/actualites\/#website"},"datePublished":"2023-12-18T16:49:24+00:00","dateModified":"2023-12-18T16:49:26+00:00","breadcrumb":{"@id":"https:\/\/footdavant.fr\/actualites\/arsecast-extra-episode-559-18-12-2023\/#breadcrumb"},"inLanguage":"fr-FR","potentialAction":[{"@type":"ReadAction","target":["https:\/\/footdavant.fr\/actualites\/arsecast-extra-episode-559-18-12-2023\/"]}]},{"@type":"BreadcrumbList","@id":"https:\/\/footdavant.fr\/actualites\/arsecast-extra-episode-559-18-12-2023\/#breadcrumb","itemListElement":[{"@type":"ListItem","position":1,"name":"Accueil","item":"https:\/\/footdavant.fr\/actualites\/"},{"@type":"ListItem","position":2,"name":"Arsecast Extra \u00c9pisode 559 &#8211; 18.12.2023"}]},{"@type":"WebSite","@id":"https:\/\/footdavant.fr\/actualites\/#website","url":"https:\/\/footdavant.fr\/actualites\/","name":"Foot d'avant","description":"","publisher":{"@id":"https:\/\/footdavant.fr\/actualites\/#organization"},"potentialAction":[{"@type":"SearchAction","target":{"@type":"EntryPoint","urlTemplate":"https:\/\/footdavant.fr\/actualites\/?s={search_term_string}"},"query-input":"required name=search_term_string"}],"inLanguage":"fr-FR"},{"@type":"Organization","@id":"https:\/\/footdavant.fr\/actualites\/#organization","name":"Foot d'avant","url":"https:\/\/footdavant.fr\/actualites\/","logo":{"@type":"ImageObject","inLanguage":"fr-FR","@id":"https:\/\/footdavant.fr\/actualites\/#\/schema\/logo\/image\/","url":"https:\/\/footdavant.fr\/actualites\/wp-content\/uploads\/2023\/09\/Copy-of-FootDavant-Logo.png","contentUrl":"https:\/\/footdavant.fr\/actualites\/wp-content\/uploads\/2023\/09\/Copy-of-FootDavant-Logo.png","width":936,"height":549,"caption":"Foot d'avant"},"image":{"@id":"https:\/\/footdavant.fr\/actualites\/#\/schema\/logo\/image\/"},"sameAs":["https:\/\/www.facebook.com\/Footdavant\/","https:\/\/twitter.com\/FootdavantFr","https:\/\/www.instagram.com\/footdavant.fr\/"]},{"@type":"Person","@id":"https:\/\/footdavant.fr\/actualites\/#\/schema\/person\/bc222566d95871b37e597b3ed3ba5e1d","name":"Cl\u00e9ment","image":{"@type":"ImageObject","inLanguage":"fr-FR","@id":"https:\/\/footdavant.fr\/actualites\/#\/schema\/person\/image\/","url":"https:\/\/secure.gravatar.com\/avatar\/7728b29aac2719421e1a9159b2254c44?s=96&d=mm&r=g","contentUrl":"https:\/\/secure.gravatar.com\/avatar\/7728b29aac2719421e1a9159b2254c44?s=96&d=mm&r=g","caption":"Cl\u00e9ment"},"sameAs":["https:\/\/footdavant.fr\/"]}]}},"_links":{"self":[{"href":"https:\/\/footdavant.fr\/actualites\/wp-json\/wp\/v2\/posts\/2713"}],"collection":[{"href":"https:\/\/footdavant.fr\/actualites\/wp-json\/wp\/v2\/posts"}],"about":[{"href":"https:\/\/footdavant.fr\/actualites\/wp-json\/wp\/v2\/types\/post"}],"author":[{"embeddable":true,"href":"https:\/\/footdavant.fr\/actualites\/wp-json\/wp\/v2\/users\/1"}],"replies":[{"embeddable":true,"href":"https:\/\/footdavant.fr\/actualites\/wp-json\/wp\/v2\/comments?post=2713"}],"version-history":[{"count":1,"href":"https:\/\/footdavant.fr\/actualites\/wp-json\/wp\/v2\/posts\/2713\/revisions"}],"predecessor-version":[{"id":2715,"href":"https:\/\/footdavant.fr\/actualites\/wp-json\/wp\/v2\/posts\/2713\/revisions\/2715"}],"wp:featuredmedia":[{"embeddable":true,"href":"https:\/\/footdavant.fr\/actualites\/wp-json\/wp\/v2\/media\/2714"}],"wp:attachment":[{"href":"https:\/\/footdavant.fr\/actualites\/wp-json\/wp\/v2\/media?parent=2713"}],"wp:term":[{"taxonomy":"category","embeddable":true,"href":"https:\/\/footdavant.fr\/actualites\/wp-json\/wp\/v2\/categories?post=2713"},{"taxonomy":"post_tag","embeddable":true,"href":"https:\/\/footdavant.fr\/actualites\/wp-json\/wp\/v2\/tags?post=2713"}],"curies":[{"name":"wp","href":"https:\/\/api.w.org\/{rel}","templated":true}]}}