{"id":27163,"date":"2025-08-10T13:48:19","date_gmt":"2025-08-10T11:48:19","guid":{"rendered":"https:\/\/footdavant.fr\/actualites\/arsenal-3-0-bilbao-athletique-observations\/"},"modified":"2025-08-10T13:48:23","modified_gmt":"2025-08-10T11:48:23","slug":"arsenal-3-0-bilbao-athletique-observations","status":"publish","type":"post","link":"https:\/\/footdavant.fr\/actualites\/arsenal-3-0-bilbao-athletique-observations\/","title":{"rendered":"Arsenal 3-0 Bilbao athl\u00e9tique &#8211; Observations"},"content":{"rendered":"<div>\n<p>Les matchs de pr\u00e9-saison d&#39;Arsenal se sont termin\u00e9s hier avec une victoire 3-0 contre Bilbao athl\u00e9tique en Coupe Emirates.<\/p>\n<p>Voici mes observations sur ce que nous avons vu hier.<\/p>\n<h4>Gyokerres quitte la marque<\/h4>\n<p>Il y avait une \u00e9trange bizarrerie pour le temps de l&#39;attaquant su\u00e9dois \u00e0 sporter autour des buts \u00e0 t\u00eate &#8211; il n&#39;en a pas obtenu autant. Lors de sa derni\u00e8re saison o\u00f9 il a marqu\u00e9 39 fois dans la Ligue portugaise, pas une seule d&#39;entre elles n&#39;\u00e9tait une t\u00eate. Donc, c&#39;\u00e9tait bien de le voir marquer son premier but arsenal d&#39;une mani\u00e8re que peu de gens auraient pr\u00e9dit.<\/p>\n<p>Martin Zubimenddi s&#39;est recroquevill\u00e9 dans une belle croix, le mouvement de Gyokerres dans la bo\u00eete \u00e9tait trop intelligent pour le d\u00e9fenseur, et l&#39;en-t\u00eate a d\u00e9pass\u00e9 Unai Simon pour le faire 1-0. Nous attendons toujours son premier objectif comp\u00e9titif pour le club, mais j&#39;esp\u00e8re que cela facilitera un peu la pression et l&#39;aidera \u00e0 se sentir plus \u00e0 l&#39;aise dans son nouvel environnement.<\/p>\n<p>Je sais que nous vivons dans un monde des m\u00e9dias qui provoque parfois une grave d\u00e9pliant des yeux, mais j&#39;ai vu un titre hier qui a litt\u00e9ralement dit. C&#39;est \u00e9videmment absurde pour toutes sortes de raisons, mais c&#39;est l&#39;environnement dans lequel les joueurs sont jug\u00e9s par certains points de vente grand public. Il s&#39;agit des clics, mais cela a un impact sur le discours. Quoi qu&#39;il en soit, il a marqu\u00e9 un bon objectif et il y avait des signes prometteurs dans la fa\u00e7on dont il s&#39;est mis en position et s&#39;est combin\u00e9 avec d&#39;autres. C&#39;est presque comme si avoir un peu plus de temps s&#39;\u00e9tait av\u00e9r\u00e9 b\u00e9n\u00e9fique.<\/p>\n<h4>Zubimendi est la qualit\u00e9<\/h4>\n<p>J&#39;ai dit sur le blog avant de me sentir un peu d\u00e9sol\u00e9 pour Martin Zubimendi. Sa signature avait \u00e9t\u00e9 t\u00e9l\u00e9graphi\u00e9e des mois auparavant, donc une partie de l&#39;\u00e9clat a \u00e9t\u00e9 enlev\u00e9e et les gens \u00e9taient un peu \u00abmeh\u00bb \u00e0 propos de son arriv\u00e9e &#8211; d&#39;autant plus que l&#39;objectif \u00e9tait alors tout sur la signature de l&#39;attaquant. Je pense que nous avons vu hier ce qu&#39;il va apporter \u00e0 cette \u00e9quipe. Pas seulement l&#39;assistance, mais le jeu de milieu de terrain complet, les renseignements et la s\u00e9curit\u00e9 qu&#39;il apporte sur le ballon.<\/p>\n<p>Il \u00e9tait assez int\u00e9ressant de noter que lui et Declan Rice fonctionnaient tous deux dans des zones profondes, tournant entre eux pour tomber entre les centres centraux, et il avait l&#39;air tr\u00e8s \u00e0 l&#39;aise avec ses partenaires dans cette zone du terrain. Sur ses combinaisons avec du riz, Mikel Arteta a d\u00e9clar\u00e9 par la suite:<\/p>\n<blockquote>\n<p>Avec les qualit\u00e9s qu&#39;ils ont et la fa\u00e7on dont elles peuvent se compl\u00e9ter dans cet espace, nous avons vu une autre \u00e9volution aujourd&#39;hui et des choses dont l&#39;\u00e9quipe peut vraiment b\u00e9n\u00e9ficier d&#39;\u00eatre beaucoup plus impr\u00e9visible et d&#39;\u00eatre beaucoup plus menac\u00e9e, en particulier de ces positions int\u00e9rieures.<\/p>\n<\/blockquote>\n<p>Comment ces deux fonctionnent en tandem cette saison va \u00eatre fascinant. Le riz, pour moi, est un 6 naturel red\u00e9ploy\u00e9 comme un 8 parce qu&#39;il a la qualit\u00e9 de le faire; Et bien que la star de Zubimendi ait augment\u00e9 comme principalement un milieu de terrain en profondeur, il semble que Arteta voit plus \u00e0 son jeu que cela. Il y a une clameur pour le manager de faire les choses diff\u00e9remment, alors voici une suggestion de savoir comment cela pourrait se jouer.<\/p>\n<p>Peut-\u00eatre que ce n&#39;est pas tout \u00e0 fait digne de son propre titre, mais je ne pense pas que vous puissiez parler de Zubimendi et de Rice sans \u00e9galement reconna\u00eetre le r\u00f4le de Martin Odegaard dans ce trio de milieu de terrain. Je pense que nous avons vu des indices qu&#39;il ressemble plus \u00e0 son ancien moi cette pr\u00e9-saison, et il l&#39;a montr\u00e9 hier aussi. C&#39;est son ballon au-dessus qui a permis \u00e0 Gabriel Martinelli de fournir un robinet pour Bukayo Saka, et il y avait des belles troisi\u00e8me passes finales et rus\u00e9 qui nous ont ouvert pour attaquer l&#39;opposition.<\/p>\n<h4>Kai Havertz marque \u00e0 nouveau<\/h4>\n<p>J&#39;esp\u00e9rais que Kai Havertz aurait un but hier. Avec les projecteurs tr\u00e8s fermement sur Gyokerres, je pense que nous devons encore nous rappeler qu&#39;il va \u00eatre une partie tr\u00e8s importante de cette \u00e9quipe. Tout le monde aime la nouvelle signature brillante, mais ne n\u00e9gligez pas ce que vous avez d\u00e9j\u00e0. La fa\u00e7on dont il a atteint son objectif \u00e9tait presque exactement comment vous voudriez le scripter. Nous avons tellement parl\u00e9 de la fa\u00e7on dont nous avons besoin de canaliser la course directe du Su\u00e9dois derri\u00e8re la d\u00e9fense de l&#39;opposition, mais c&#39;est Havertz qui a montr\u00e9 comment cela se faisait.<\/p>\n<p>Il a couru sur une balle derri\u00e8re, l&#39;a gard\u00e9 sous contr\u00f4le, a d\u00e9pass\u00e9 les d\u00e9fenseurs pour offrir la chance de tirer et a termin\u00e9 parfaitement. Non seulement il \u00e9tait trop rapide pour eux, mais il \u00e9tait trop fort pour eux &#8211; certains prouvent toutes ces s\u00e9ances de gym et que l&#39;extra-muscularit\u00e9 a port\u00e9 ses fruits. Si Gyokerres avait marqu\u00e9 cet objectif, les gens perdraient la t\u00eate, alors cr\u00e9dit o\u00f9 il est d\u00fb et je soutiens nos deux attaquants pour marquer beaucoup dans la saison \u00e0 venir.<\/p>\n<h4>Gabriel obtient des minutes importantes<\/h4>\n<p>Avec Old Trafford \u00e0 une semaine, il \u00e9tait important de prendre quelques minutes dans les jambes de Gabriel. Il a jou\u00e9 pendant un peu plus d&#39;une heure avant d&#39;\u00eatre remplac\u00e9 par Cristhian Mosquera, et m\u00eame si nous n&#39;\u00e9tions pas particuli\u00e8rement troubl\u00e9s d\u00e9fensivement, il avait l&#39;air solide aux c\u00f4t\u00e9s de William Saliba et confortable physiquement. De m\u00eame, Jurrien Timber qui a jou\u00e9 45 minutes, tout comme Riccardo Calafiori qui a jou\u00e9 la premi\u00e8re mi-temps \u00e0 l&#39;arri\u00e8re gauche.<\/p>\n<p>Je sais qu&#39;il y a un si grand \u00ab\u00a0 If &#39;&#39; sur l&#39;italien en ce qui concerne sa forme physique, mais j&#39;esp\u00e8re vraiment qu&#39;il pourra rester au top car il y a un si bon joueur l\u00e0-dedans quand il sera disponible. Il est aussi t\u00f4t pour Mosquera, mais jusqu&#39;\u00e0 pr\u00e9sent, j&#39;aime ce que j&#39;ai vu. Il semble tr\u00e8s assur\u00e9 et calme, alors esp\u00e9rons que cela augmente bien pour les apparences comp\u00e9titives.<\/p>\n<h4>P\u00e9nalit\u00e9s<\/h4>\n<p>Ce n&#39;est pas vraiment important, mais j&#39;aime une bonne p\u00e9nalit\u00e9 de coin sup\u00e9rieur, et quelques-uns des joueurs athl\u00e9tiques mettent tr\u00e8s bien le leur. Il \u00e9tait normal que Zubimenddi soit le coup de pied pour le gagner pour nous, mais dans un jeu amical, je ne suis pas trop \u00e9mouvant pour donner un \u00ab\u00a0 aux joueurs de l&#39;opposition pour la fa\u00e7on dont ils ont pris certaines de leurs p\u00e9nalit\u00e9s.<\/p>\n<p>&#8211;<\/p>\n<p>Bon, laissons-le l\u00e0 pour ce matin. La semaine prochaine est celle o\u00f9 nous devons nous mettre en affaires avec le nouveau tirage de plus en plus, donc pour l&#39;instant un excellent dimanche. Nous reviendrons avec plus ici demain, et un arsecast suppl\u00e9mentaire.<\/p>\n<\/div>\n","protected":false},"excerpt":{"rendered":"<p>Les matchs de pr\u00e9-saison d&#39;Arsenal se sont termin\u00e9s hier avec une victoire 3-0 contre Bilbao athl\u00e9tique en Coupe Emirates. Voici mes observations sur ce que<\/p>\n","protected":false},"author":1,"featured_media":27164,"comment_status":"closed","ping_status":"","sticky":false,"template":"","format":"standard","meta":{"footnotes":""},"categories":[3],"tags":[67,9143,1101,3028],"yoast_head":"<!-- This site is optimized with the Yoast SEO plugin v21.0 - https:\/\/yoast.com\/wordpress\/plugins\/seo\/ -->\n<title>Arsenal 3-0 Bilbao athl\u00e9tique - Observations<\/title>\n<meta name=\"robots\" content=\"index, follow, max-snippet:-1, max-image-preview:large, max-video-preview:-1\" \/>\n<link rel=\"canonical\" href=\"https:\/\/footdavant.fr\/actualites\/arsenal-3-0-bilbao-athletique-observations\/\" \/>\n<meta property=\"og:locale\" content=\"fr_FR\" \/>\n<meta property=\"og:type\" content=\"article\" \/>\n<meta property=\"og:title\" content=\"Arsenal 3-0 Bilbao athl\u00e9tique - Observations\" \/>\n<meta property=\"og:description\" content=\"Les matchs de pr\u00e9-saison d&#039;Arsenal se sont termin\u00e9s hier avec une victoire 3-0 contre Bilbao athl\u00e9tique en Coupe Emirates. Voici mes observations sur ce que\" \/>\n<meta property=\"og:url\" content=\"https:\/\/footdavant.fr\/actualites\/arsenal-3-0-bilbao-athletique-observations\/\" \/>\n<meta property=\"og:site_name\" content=\"Foot d&#039;avant\" \/>\n<meta property=\"article:publisher\" content=\"https:\/\/www.facebook.com\/Footdavant\/\" \/>\n<meta property=\"article:published_time\" content=\"2025-08-10T11:48:19+00:00\" \/>\n<meta property=\"article:modified_time\" content=\"2025-08-10T11:48:23+00:00\" \/>\n<meta property=\"og:image\" content=\"https:\/\/footdavant.fr\/actualites\/wp-content\/uploads\/2025\/08\/Arsenal-3-0-Bilbao-athletique-Observations.jpg\" \/>\n\t<meta property=\"og:image:width\" content=\"1500\" \/>\n\t<meta property=\"og:image:height\" content=\"750\" \/>\n\t<meta property=\"og:image:type\" content=\"image\/jpeg\" \/>\n<meta name=\"author\" content=\"Cl\u00e9ment\" \/>\n<meta name=\"twitter:card\" content=\"summary_large_image\" \/>\n<meta name=\"twitter:creator\" content=\"@FootdavantFr\" \/>\n<meta name=\"twitter:site\" content=\"@FootdavantFr\" \/>\n<meta name=\"twitter:label1\" content=\"\u00c9crit par\" \/>\n\t<meta name=\"twitter:data1\" content=\"Cl\u00e9ment\" \/>\n\t<meta name=\"twitter:label2\" content=\"Dur\u00e9e de lecture estim\u00e9e\" \/>\n\t<meta name=\"twitter:data2\" content=\"6 minutes\" \/>\n<script type=\"application\/ld+json\" class=\"yoast-schema-graph\">{\"@context\":\"https:\/\/schema.org\",\"@graph\":[{\"@type\":\"Article\",\"@id\":\"https:\/\/footdavant.fr\/actualites\/arsenal-3-0-bilbao-athletique-observations\/#article\",\"isPartOf\":{\"@id\":\"https:\/\/footdavant.fr\/actualites\/arsenal-3-0-bilbao-athletique-observations\/\"},\"author\":{\"name\":\"Cl\u00e9ment\",\"@id\":\"https:\/\/footdavant.fr\/actualites\/#\/schema\/person\/bc222566d95871b37e597b3ed3ba5e1d\"},\"headline\":\"Arsenal 3-0 Bilbao athl\u00e9tique &#8211; Observations\",\"datePublished\":\"2025-08-10T11:48:19+00:00\",\"dateModified\":\"2025-08-10T11:48:23+00:00\",\"mainEntityOfPage\":{\"@id\":\"https:\/\/footdavant.fr\/actualites\/arsenal-3-0-bilbao-athletique-observations\/\"},\"wordCount\":1245,\"publisher\":{\"@id\":\"https:\/\/footdavant.fr\/actualites\/#organization\"},\"keywords\":[\"Arsenal\",\"Athl\u00e9tique\",\"Bilbao\",\"observations\"],\"articleSection\":[\"Football\"],\"inLanguage\":\"fr-FR\"},{\"@type\":\"WebPage\",\"@id\":\"https:\/\/footdavant.fr\/actualites\/arsenal-3-0-bilbao-athletique-observations\/\",\"url\":\"https:\/\/footdavant.fr\/actualites\/arsenal-3-0-bilbao-athletique-observations\/\",\"name\":\"Arsenal 3-0 Bilbao athl\u00e9tique - Observations\",\"isPartOf\":{\"@id\":\"https:\/\/footdavant.fr\/actualites\/#website\"},\"datePublished\":\"2025-08-10T11:48:19+00:00\",\"dateModified\":\"2025-08-10T11:48:23+00:00\",\"breadcrumb\":{\"@id\":\"https:\/\/footdavant.fr\/actualites\/arsenal-3-0-bilbao-athletique-observations\/#breadcrumb\"},\"inLanguage\":\"fr-FR\",\"potentialAction\":[{\"@type\":\"ReadAction\",\"target\":[\"https:\/\/footdavant.fr\/actualites\/arsenal-3-0-bilbao-athletique-observations\/\"]}]},{\"@type\":\"BreadcrumbList\",\"@id\":\"https:\/\/footdavant.fr\/actualites\/arsenal-3-0-bilbao-athletique-observations\/#breadcrumb\",\"itemListElement\":[{\"@type\":\"ListItem\",\"position\":1,\"name\":\"Accueil\",\"item\":\"https:\/\/footdavant.fr\/actualites\/\"},{\"@type\":\"ListItem\",\"position\":2,\"name\":\"Arsenal 3-0 Bilbao athl\u00e9tique &#8211; Observations\"}]},{\"@type\":\"WebSite\",\"@id\":\"https:\/\/footdavant.fr\/actualites\/#website\",\"url\":\"https:\/\/footdavant.fr\/actualites\/\",\"name\":\"Foot d'avant\",\"description\":\"\",\"publisher\":{\"@id\":\"https:\/\/footdavant.fr\/actualites\/#organization\"},\"potentialAction\":[{\"@type\":\"SearchAction\",\"target\":{\"@type\":\"EntryPoint\",\"urlTemplate\":\"https:\/\/footdavant.fr\/actualites\/?s={search_term_string}\"},\"query-input\":\"required name=search_term_string\"}],\"inLanguage\":\"fr-FR\"},{\"@type\":\"Organization\",\"@id\":\"https:\/\/footdavant.fr\/actualites\/#organization\",\"name\":\"Foot d'avant\",\"url\":\"https:\/\/footdavant.fr\/actualites\/\",\"logo\":{\"@type\":\"ImageObject\",\"inLanguage\":\"fr-FR\",\"@id\":\"https:\/\/footdavant.fr\/actualites\/#\/schema\/logo\/image\/\",\"url\":\"https:\/\/footdavant.fr\/actualites\/wp-content\/uploads\/2023\/09\/Copy-of-FootDavant-Logo.png\",\"contentUrl\":\"https:\/\/footdavant.fr\/actualites\/wp-content\/uploads\/2023\/09\/Copy-of-FootDavant-Logo.png\",\"width\":936,\"height\":549,\"caption\":\"Foot d'avant\"},\"image\":{\"@id\":\"https:\/\/footdavant.fr\/actualites\/#\/schema\/logo\/image\/\"},\"sameAs\":[\"https:\/\/www.facebook.com\/Footdavant\/\",\"https:\/\/twitter.com\/FootdavantFr\",\"https:\/\/www.instagram.com\/footdavant.fr\/\"]},{\"@type\":\"Person\",\"@id\":\"https:\/\/footdavant.fr\/actualites\/#\/schema\/person\/bc222566d95871b37e597b3ed3ba5e1d\",\"name\":\"Cl\u00e9ment\",\"image\":{\"@type\":\"ImageObject\",\"inLanguage\":\"fr-FR\",\"@id\":\"https:\/\/footdavant.fr\/actualites\/#\/schema\/person\/image\/\",\"url\":\"https:\/\/secure.gravatar.com\/avatar\/7728b29aac2719421e1a9159b2254c44?s=96&d=mm&r=g\",\"contentUrl\":\"https:\/\/secure.gravatar.com\/avatar\/7728b29aac2719421e1a9159b2254c44?s=96&d=mm&r=g\",\"caption\":\"Cl\u00e9ment\"},\"sameAs\":[\"https:\/\/footdavant.fr\/\"]}]}<\/script>\n<!-- \/ Yoast SEO plugin. -->","yoast_head_json":{"title":"Arsenal 3-0 Bilbao athl\u00e9tique - Observations","robots":{"index":"index","follow":"follow","max-snippet":"max-snippet:-1","max-image-preview":"max-image-preview:large","max-video-preview":"max-video-preview:-1"},"canonical":"https:\/\/footdavant.fr\/actualites\/arsenal-3-0-bilbao-athletique-observations\/","og_locale":"fr_FR","og_type":"article","og_title":"Arsenal 3-0 Bilbao athl\u00e9tique - Observations","og_description":"Les matchs de pr\u00e9-saison d&#39;Arsenal se sont termin\u00e9s hier avec une victoire 3-0 contre Bilbao athl\u00e9tique en Coupe Emirates. Voici mes observations sur ce que","og_url":"https:\/\/footdavant.fr\/actualites\/arsenal-3-0-bilbao-athletique-observations\/","og_site_name":"Foot d&#039;avant","article_publisher":"https:\/\/www.facebook.com\/Footdavant\/","article_published_time":"2025-08-10T11:48:19+00:00","article_modified_time":"2025-08-10T11:48:23+00:00","og_image":[{"width":1500,"height":750,"url":"https:\/\/footdavant.fr\/actualites\/wp-content\/uploads\/2025\/08\/Arsenal-3-0-Bilbao-athletique-Observations.jpg","type":"image\/jpeg"}],"author":"Cl\u00e9ment","twitter_card":"summary_large_image","twitter_creator":"@FootdavantFr","twitter_site":"@FootdavantFr","twitter_misc":{"\u00c9crit par":"Cl\u00e9ment","Dur\u00e9e de lecture estim\u00e9e":"6 minutes"},"schema":{"@context":"https:\/\/schema.org","@graph":[{"@type":"Article","@id":"https:\/\/footdavant.fr\/actualites\/arsenal-3-0-bilbao-athletique-observations\/#article","isPartOf":{"@id":"https:\/\/footdavant.fr\/actualites\/arsenal-3-0-bilbao-athletique-observations\/"},"author":{"name":"Cl\u00e9ment","@id":"https:\/\/footdavant.fr\/actualites\/#\/schema\/person\/bc222566d95871b37e597b3ed3ba5e1d"},"headline":"Arsenal 3-0 Bilbao athl\u00e9tique &#8211; Observations","datePublished":"2025-08-10T11:48:19+00:00","dateModified":"2025-08-10T11:48:23+00:00","mainEntityOfPage":{"@id":"https:\/\/footdavant.fr\/actualites\/arsenal-3-0-bilbao-athletique-observations\/"},"wordCount":1245,"publisher":{"@id":"https:\/\/footdavant.fr\/actualites\/#organization"},"keywords":["Arsenal","Athl\u00e9tique","Bilbao","observations"],"articleSection":["Football"],"inLanguage":"fr-FR"},{"@type":"WebPage","@id":"https:\/\/footdavant.fr\/actualites\/arsenal-3-0-bilbao-athletique-observations\/","url":"https:\/\/footdavant.fr\/actualites\/arsenal-3-0-bilbao-athletique-observations\/","name":"Arsenal 3-0 Bilbao athl\u00e9tique - Observations","isPartOf":{"@id":"https:\/\/footdavant.fr\/actualites\/#website"},"datePublished":"2025-08-10T11:48:19+00:00","dateModified":"2025-08-10T11:48:23+00:00","breadcrumb":{"@id":"https:\/\/footdavant.fr\/actualites\/arsenal-3-0-bilbao-athletique-observations\/#breadcrumb"},"inLanguage":"fr-FR","potentialAction":[{"@type":"ReadAction","target":["https:\/\/footdavant.fr\/actualites\/arsenal-3-0-bilbao-athletique-observations\/"]}]},{"@type":"BreadcrumbList","@id":"https:\/\/footdavant.fr\/actualites\/arsenal-3-0-bilbao-athletique-observations\/#breadcrumb","itemListElement":[{"@type":"ListItem","position":1,"name":"Accueil","item":"https:\/\/footdavant.fr\/actualites\/"},{"@type":"ListItem","position":2,"name":"Arsenal 3-0 Bilbao athl\u00e9tique &#8211; Observations"}]},{"@type":"WebSite","@id":"https:\/\/footdavant.fr\/actualites\/#website","url":"https:\/\/footdavant.fr\/actualites\/","name":"Foot d'avant","description":"","publisher":{"@id":"https:\/\/footdavant.fr\/actualites\/#organization"},"potentialAction":[{"@type":"SearchAction","target":{"@type":"EntryPoint","urlTemplate":"https:\/\/footdavant.fr\/actualites\/?s={search_term_string}"},"query-input":"required name=search_term_string"}],"inLanguage":"fr-FR"},{"@type":"Organization","@id":"https:\/\/footdavant.fr\/actualites\/#organization","name":"Foot d'avant","url":"https:\/\/footdavant.fr\/actualites\/","logo":{"@type":"ImageObject","inLanguage":"fr-FR","@id":"https:\/\/footdavant.fr\/actualites\/#\/schema\/logo\/image\/","url":"https:\/\/footdavant.fr\/actualites\/wp-content\/uploads\/2023\/09\/Copy-of-FootDavant-Logo.png","contentUrl":"https:\/\/footdavant.fr\/actualites\/wp-content\/uploads\/2023\/09\/Copy-of-FootDavant-Logo.png","width":936,"height":549,"caption":"Foot d'avant"},"image":{"@id":"https:\/\/footdavant.fr\/actualites\/#\/schema\/logo\/image\/"},"sameAs":["https:\/\/www.facebook.com\/Footdavant\/","https:\/\/twitter.com\/FootdavantFr","https:\/\/www.instagram.com\/footdavant.fr\/"]},{"@type":"Person","@id":"https:\/\/footdavant.fr\/actualites\/#\/schema\/person\/bc222566d95871b37e597b3ed3ba5e1d","name":"Cl\u00e9ment","image":{"@type":"ImageObject","inLanguage":"fr-FR","@id":"https:\/\/footdavant.fr\/actualites\/#\/schema\/person\/image\/","url":"https:\/\/secure.gravatar.com\/avatar\/7728b29aac2719421e1a9159b2254c44?s=96&d=mm&r=g","contentUrl":"https:\/\/secure.gravatar.com\/avatar\/7728b29aac2719421e1a9159b2254c44?s=96&d=mm&r=g","caption":"Cl\u00e9ment"},"sameAs":["https:\/\/footdavant.fr\/"]}]}},"_links":{"self":[{"href":"https:\/\/footdavant.fr\/actualites\/wp-json\/wp\/v2\/posts\/27163"}],"collection":[{"href":"https:\/\/footdavant.fr\/actualites\/wp-json\/wp\/v2\/posts"}],"about":[{"href":"https:\/\/footdavant.fr\/actualites\/wp-json\/wp\/v2\/types\/post"}],"author":[{"embeddable":true,"href":"https:\/\/footdavant.fr\/actualites\/wp-json\/wp\/v2\/users\/1"}],"replies":[{"embeddable":true,"href":"https:\/\/footdavant.fr\/actualites\/wp-json\/wp\/v2\/comments?post=27163"}],"version-history":[{"count":1,"href":"https:\/\/footdavant.fr\/actualites\/wp-json\/wp\/v2\/posts\/27163\/revisions"}],"predecessor-version":[{"id":27165,"href":"https:\/\/footdavant.fr\/actualites\/wp-json\/wp\/v2\/posts\/27163\/revisions\/27165"}],"wp:featuredmedia":[{"embeddable":true,"href":"https:\/\/footdavant.fr\/actualites\/wp-json\/wp\/v2\/media\/27164"}],"wp:attachment":[{"href":"https:\/\/footdavant.fr\/actualites\/wp-json\/wp\/v2\/media?parent=27163"}],"wp:term":[{"taxonomy":"category","embeddable":true,"href":"https:\/\/footdavant.fr\/actualites\/wp-json\/wp\/v2\/categories?post=27163"},{"taxonomy":"post_tag","embeddable":true,"href":"https:\/\/footdavant.fr\/actualites\/wp-json\/wp\/v2\/tags?post=27163"}],"curies":[{"name":"wp","href":"https:\/\/api.w.org\/{rel}","templated":true}]}}