{"id":27208,"date":"2025-08-11T13:48:01","date_gmt":"2025-08-11T11:48:01","guid":{"rendered":"https:\/\/footdavant.fr\/actualites\/romano-laisse-tomber-la-mise-a-jour-de-transfert-marc-guehi-qui-pourrait-ravir-liverpool\/"},"modified":"2025-08-11T13:48:03","modified_gmt":"2025-08-11T11:48:03","slug":"romano-laisse-tomber-la-mise-a-jour-de-transfert-marc-guehi-qui-pourrait-ravir-liverpool","status":"publish","type":"post","link":"https:\/\/footdavant.fr\/actualites\/romano-laisse-tomber-la-mise-a-jour-de-transfert-marc-guehi-qui-pourrait-ravir-liverpool\/","title":{"rendered":"Romano laisse tomber la mise \u00e0 jour de transfert Marc Guehi qui pourrait ravir Liverpool"},"content":{"rendered":"<div id=\"article-body\">\n<!-- Article Start --><\/p>\n<p>Marc Guehi a jou\u00e9 contre Liverpool dans le bouclier communautaire dimanche, soulevant le troph\u00e9e en tant que capitaine de Crystal Palace, mais pourrait-il faire la queue pour le c\u00f4t\u00e9 d&#39;Arne Slot dans un peu plus de trois semaines?<\/p>\n<p>Les Reds continuent d&#39;\u00eatre fortement li\u00e9s \u00e0 une d\u00e9cision pour le d\u00e9fenseur central des Eagles, et ces rumeurs pourraient encore plus d&#39;intensit\u00e9 apr\u00e8s que les carences d\u00e9fensives des Merseysiders ont \u00e9t\u00e9 d\u00e9pos\u00e9es hier \u00e0 Wembley.<\/p>\n<p>Oliver Glasner a admis que toute d\u00e9cision concernant l&#39;avenir imm\u00e9diat de 25 ans repose entre les mains du joueur, et le pr\u00e9sident de Selhurst Park, Steve Parish, a laiss\u00e9 entendre dimanche (via Lewis Steele sur X) que le South London Club pourrait vendre son skipper ce mois-ci au bon prix, avec son contrat expirant en juin prochain.<\/p>\n<h2>Romano: guehi \u00abprobable\u00bb de quitter le palais en ao\u00fbt<\/h2>\n<p>Prenant \u00e0 X lundi matin, Fabrizio Romano a republi\u00e9 ces commentaires du chef de Crystal Palace, qui cherche une r\u00e9solution rapide \u00e0 la saga de Guehi d&#39;une mani\u00e8re ou d&#39;une autre.<\/p>\n<p>Le gourou du transfert italien a ensuite sign\u00e9 son article avec un commentaire qui pourrait offrir d&#39;\u00e9normes encouragements \u00e0 Liverpool s&#39;ils sont vraiment s\u00e9rieux \u00e0 l&#39;id\u00e9e de signer l&#39;international en Angleterre: <\/p>\n<figure id=\"attachment_276551\" aria-describedby=\"caption-attachment-276551\" style=\"width: 761px\" class=\"wp-caption alignnone\"><picture><source type=\"image\/webp\" data- data-><\/source><\/picture><\/figure>\n<h2>Le besoin de Liverpool pour Guehi soulign\u00e9 dans Community Shield<\/h2>\n<p>Il est \u00e9vident depuis des semaines que l&#39;\u00e9quipe de Slot est l\u00e9g\u00e8re sur la profondeur du d\u00e9fenseur central, et les probl\u00e8mes de cette zone du terrain ont \u00e9t\u00e9 expos\u00e9s par Palace \u00e0 Wembley. Les Eagles ont marqu\u00e9 deux fois dans le temps normal et auraient pu facilement avoir plus de buts, les Reds \u00e9tant bien trop ouverts en seconde p\u00e9riode.<\/p>\n<p>Le Virgil Van Dijk et Ibrahima Konate habituellement solide \u00e9taient bien en dessous de leur meilleur hier, le capitaine ayant \u00e0 porter la bo\u00eete pour les deux buts que son \u00e9quipe a conc\u00e9d\u00e9, et le milieu de terrain a \u00e9t\u00e9 beaucoup trop contourn\u00e9 sans la protection du nouveau p\u00e8re Ryan Gravenberch.<\/p>\n<p>Liverpool est potentiellement une blessure d&#39;\u00eatre contraint de d\u00e9ployer le N\u00e9erlandais au d\u00e9fenseur central, ce qui serait le cas de priver Peter pour payer Paul en termes de sacrifice ses capacit\u00e9s au milieu du parc pour le d\u00e9ployer en tant que d\u00e9fenseur d&#39;urgence.<\/p>\n<p>Avec l&#39;avenir de Guehi \u00e0 Selhurst Park loin d&#39;\u00eatre s\u00e9curis\u00e9, il y a un but ouvert regardant FSG au visage s&#39;ils peuvent rassembler une proposition appropri\u00e9e pour essayer d&#39;atterrir le capitaine du palais, qui a gard\u00e9 notre attaque silencieuse, \u00e0 l&#39;exception d&#39;un sublime Hugo Ekitike terminer dans les cinq premi\u00e8res minutes.<\/p>\n<p>Compte tenu de la situation contractuelle de 25 ans dans le sud de Londres et du besoin urgent des Reds de renforcer leurs rangs de d\u00e9fense centrale, ce serait une n\u00e9gligence carr\u00e9ment de ne pas au moins faire une offre s\u00e9rieuse pour le joueur ce mois-ci. Mieux vaut payer environ 40 millions de livres sterling et avoir les renforts en place pour cette saison, plut\u00f4t que de l&#39;attendre pour le faire gratuitement l&#39;ann\u00e9e prochaine si nous devions abandonner notre titre de Premier League.<\/p>\n<p><!-- Article End -->\t\t\t\t<\/div>\n","protected":false},"excerpt":{"rendered":"<p>Marc Guehi a jou\u00e9 contre Liverpool dans le bouclier communautaire dimanche, soulevant le troph\u00e9e en tant que capitaine de Crystal Palace, mais pourrait-il faire la<\/p>\n","protected":false},"author":1,"featured_media":27209,"comment_status":"closed","ping_status":"","sticky":false,"template":"","format":"standard","meta":{"footnotes":""},"categories":[3],"tags":[1679,328,2203,53,1678,327,269,243,4280,1114,3977,700],"yoast_head":"<!-- This site is optimized with the Yoast SEO plugin v21.0 - https:\/\/yoast.com\/wordpress\/plugins\/seo\/ -->\n<title>Romano laisse tomber la mise \u00e0 jour de transfert Marc Guehi qui pourrait ravir Liverpool<\/title>\n<meta name=\"robots\" content=\"index, follow, max-snippet:-1, max-image-preview:large, max-video-preview:-1\" \/>\n<link rel=\"canonical\" href=\"https:\/\/footdavant.fr\/actualites\/romano-laisse-tomber-la-mise-a-jour-de-transfert-marc-guehi-qui-pourrait-ravir-liverpool\/\" \/>\n<meta property=\"og:locale\" content=\"fr_FR\" \/>\n<meta property=\"og:type\" content=\"article\" \/>\n<meta property=\"og:title\" content=\"Romano laisse tomber la mise \u00e0 jour de transfert Marc Guehi qui pourrait ravir Liverpool\" \/>\n<meta property=\"og:description\" content=\"Marc Guehi a jou\u00e9 contre Liverpool dans le bouclier communautaire dimanche, soulevant le troph\u00e9e en tant que capitaine de Crystal Palace, mais pourrait-il faire la\" \/>\n<meta property=\"og:url\" content=\"https:\/\/footdavant.fr\/actualites\/romano-laisse-tomber-la-mise-a-jour-de-transfert-marc-guehi-qui-pourrait-ravir-liverpool\/\" \/>\n<meta property=\"og:site_name\" content=\"Foot d&#039;avant\" \/>\n<meta property=\"article:publisher\" content=\"https:\/\/www.facebook.com\/Footdavant\/\" \/>\n<meta property=\"article:published_time\" content=\"2025-08-11T11:48:01+00:00\" \/>\n<meta property=\"article:modified_time\" content=\"2025-08-11T11:48:03+00:00\" \/>\n<meta property=\"og:image\" content=\"https:\/\/footdavant.fr\/actualites\/wp-content\/uploads\/2025\/08\/1754912882_Romano-laisse-tomber-la-mise-a-jour-de-transfert-Marc.jpg\" \/>\n\t<meta property=\"og:image:width\" content=\"1183\" \/>\n\t<meta property=\"og:image:height\" content=\"664\" \/>\n\t<meta property=\"og:image:type\" content=\"image\/jpeg\" \/>\n<meta name=\"author\" content=\"Cl\u00e9ment\" \/>\n<meta name=\"twitter:card\" content=\"summary_large_image\" \/>\n<meta name=\"twitter:creator\" content=\"@FootdavantFr\" \/>\n<meta name=\"twitter:site\" content=\"@FootdavantFr\" \/>\n<meta name=\"twitter:label1\" content=\"\u00c9crit par\" \/>\n\t<meta name=\"twitter:data1\" content=\"Cl\u00e9ment\" \/>\n\t<meta name=\"twitter:label2\" content=\"Dur\u00e9e de lecture estim\u00e9e\" \/>\n\t<meta name=\"twitter:data2\" content=\"3 minutes\" \/>\n<script type=\"application\/ld+json\" class=\"yoast-schema-graph\">{\"@context\":\"https:\/\/schema.org\",\"@graph\":[{\"@type\":\"Article\",\"@id\":\"https:\/\/footdavant.fr\/actualites\/romano-laisse-tomber-la-mise-a-jour-de-transfert-marc-guehi-qui-pourrait-ravir-liverpool\/#article\",\"isPartOf\":{\"@id\":\"https:\/\/footdavant.fr\/actualites\/romano-laisse-tomber-la-mise-a-jour-de-transfert-marc-guehi-qui-pourrait-ravir-liverpool\/\"},\"author\":{\"name\":\"Cl\u00e9ment\",\"@id\":\"https:\/\/footdavant.fr\/actualites\/#\/schema\/person\/bc222566d95871b37e597b3ed3ba5e1d\"},\"headline\":\"Romano laisse tomber la mise \u00e0 jour de transfert Marc Guehi qui pourrait ravir Liverpool\",\"datePublished\":\"2025-08-11T11:48:01+00:00\",\"dateModified\":\"2025-08-11T11:48:03+00:00\",\"mainEntityOfPage\":{\"@id\":\"https:\/\/footdavant.fr\/actualites\/romano-laisse-tomber-la-mise-a-jour-de-transfert-marc-guehi-qui-pourrait-ravir-liverpool\/\"},\"wordCount\":562,\"publisher\":{\"@id\":\"https:\/\/footdavant.fr\/actualites\/#organization\"},\"keywords\":[\"Guehi\",\"jour\",\"laisse\",\"Liverpool\",\"Marc\",\"mise\",\"pourrait\",\"qui\",\"ravir\",\"Romano\",\"tomber\",\"transfert\"],\"articleSection\":[\"Football\"],\"inLanguage\":\"fr-FR\"},{\"@type\":\"WebPage\",\"@id\":\"https:\/\/footdavant.fr\/actualites\/romano-laisse-tomber-la-mise-a-jour-de-transfert-marc-guehi-qui-pourrait-ravir-liverpool\/\",\"url\":\"https:\/\/footdavant.fr\/actualites\/romano-laisse-tomber-la-mise-a-jour-de-transfert-marc-guehi-qui-pourrait-ravir-liverpool\/\",\"name\":\"Romano laisse tomber la mise \u00e0 jour de transfert Marc Guehi qui pourrait ravir Liverpool\",\"isPartOf\":{\"@id\":\"https:\/\/footdavant.fr\/actualites\/#website\"},\"datePublished\":\"2025-08-11T11:48:01+00:00\",\"dateModified\":\"2025-08-11T11:48:03+00:00\",\"breadcrumb\":{\"@id\":\"https:\/\/footdavant.fr\/actualites\/romano-laisse-tomber-la-mise-a-jour-de-transfert-marc-guehi-qui-pourrait-ravir-liverpool\/#breadcrumb\"},\"inLanguage\":\"fr-FR\",\"potentialAction\":[{\"@type\":\"ReadAction\",\"target\":[\"https:\/\/footdavant.fr\/actualites\/romano-laisse-tomber-la-mise-a-jour-de-transfert-marc-guehi-qui-pourrait-ravir-liverpool\/\"]}]},{\"@type\":\"BreadcrumbList\",\"@id\":\"https:\/\/footdavant.fr\/actualites\/romano-laisse-tomber-la-mise-a-jour-de-transfert-marc-guehi-qui-pourrait-ravir-liverpool\/#breadcrumb\",\"itemListElement\":[{\"@type\":\"ListItem\",\"position\":1,\"name\":\"Accueil\",\"item\":\"https:\/\/footdavant.fr\/actualites\/\"},{\"@type\":\"ListItem\",\"position\":2,\"name\":\"Romano laisse tomber la mise \u00e0 jour de transfert Marc Guehi qui pourrait ravir Liverpool\"}]},{\"@type\":\"WebSite\",\"@id\":\"https:\/\/footdavant.fr\/actualites\/#website\",\"url\":\"https:\/\/footdavant.fr\/actualites\/\",\"name\":\"Foot d'avant\",\"description\":\"\",\"publisher\":{\"@id\":\"https:\/\/footdavant.fr\/actualites\/#organization\"},\"potentialAction\":[{\"@type\":\"SearchAction\",\"target\":{\"@type\":\"EntryPoint\",\"urlTemplate\":\"https:\/\/footdavant.fr\/actualites\/?s={search_term_string}\"},\"query-input\":\"required name=search_term_string\"}],\"inLanguage\":\"fr-FR\"},{\"@type\":\"Organization\",\"@id\":\"https:\/\/footdavant.fr\/actualites\/#organization\",\"name\":\"Foot d'avant\",\"url\":\"https:\/\/footdavant.fr\/actualites\/\",\"logo\":{\"@type\":\"ImageObject\",\"inLanguage\":\"fr-FR\",\"@id\":\"https:\/\/footdavant.fr\/actualites\/#\/schema\/logo\/image\/\",\"url\":\"https:\/\/footdavant.fr\/actualites\/wp-content\/uploads\/2023\/09\/Copy-of-FootDavant-Logo.png\",\"contentUrl\":\"https:\/\/footdavant.fr\/actualites\/wp-content\/uploads\/2023\/09\/Copy-of-FootDavant-Logo.png\",\"width\":936,\"height\":549,\"caption\":\"Foot d'avant\"},\"image\":{\"@id\":\"https:\/\/footdavant.fr\/actualites\/#\/schema\/logo\/image\/\"},\"sameAs\":[\"https:\/\/www.facebook.com\/Footdavant\/\",\"https:\/\/twitter.com\/FootdavantFr\",\"https:\/\/www.instagram.com\/footdavant.fr\/\"]},{\"@type\":\"Person\",\"@id\":\"https:\/\/footdavant.fr\/actualites\/#\/schema\/person\/bc222566d95871b37e597b3ed3ba5e1d\",\"name\":\"Cl\u00e9ment\",\"image\":{\"@type\":\"ImageObject\",\"inLanguage\":\"fr-FR\",\"@id\":\"https:\/\/footdavant.fr\/actualites\/#\/schema\/person\/image\/\",\"url\":\"https:\/\/secure.gravatar.com\/avatar\/7728b29aac2719421e1a9159b2254c44?s=96&d=mm&r=g\",\"contentUrl\":\"https:\/\/secure.gravatar.com\/avatar\/7728b29aac2719421e1a9159b2254c44?s=96&d=mm&r=g\",\"caption\":\"Cl\u00e9ment\"},\"sameAs\":[\"https:\/\/footdavant.fr\/\"]}]}<\/script>\n<!-- \/ Yoast SEO plugin. -->","yoast_head_json":{"title":"Romano laisse tomber la mise \u00e0 jour de transfert Marc Guehi qui pourrait ravir Liverpool","robots":{"index":"index","follow":"follow","max-snippet":"max-snippet:-1","max-image-preview":"max-image-preview:large","max-video-preview":"max-video-preview:-1"},"canonical":"https:\/\/footdavant.fr\/actualites\/romano-laisse-tomber-la-mise-a-jour-de-transfert-marc-guehi-qui-pourrait-ravir-liverpool\/","og_locale":"fr_FR","og_type":"article","og_title":"Romano laisse tomber la mise \u00e0 jour de transfert Marc Guehi qui pourrait ravir Liverpool","og_description":"Marc Guehi a jou\u00e9 contre Liverpool dans le bouclier communautaire dimanche, soulevant le troph\u00e9e en tant que capitaine de Crystal Palace, mais pourrait-il faire la","og_url":"https:\/\/footdavant.fr\/actualites\/romano-laisse-tomber-la-mise-a-jour-de-transfert-marc-guehi-qui-pourrait-ravir-liverpool\/","og_site_name":"Foot d&#039;avant","article_publisher":"https:\/\/www.facebook.com\/Footdavant\/","article_published_time":"2025-08-11T11:48:01+00:00","article_modified_time":"2025-08-11T11:48:03+00:00","og_image":[{"width":1183,"height":664,"url":"https:\/\/footdavant.fr\/actualites\/wp-content\/uploads\/2025\/08\/1754912882_Romano-laisse-tomber-la-mise-a-jour-de-transfert-Marc.jpg","type":"image\/jpeg"}],"author":"Cl\u00e9ment","twitter_card":"summary_large_image","twitter_creator":"@FootdavantFr","twitter_site":"@FootdavantFr","twitter_misc":{"\u00c9crit par":"Cl\u00e9ment","Dur\u00e9e de lecture estim\u00e9e":"3 minutes"},"schema":{"@context":"https:\/\/schema.org","@graph":[{"@type":"Article","@id":"https:\/\/footdavant.fr\/actualites\/romano-laisse-tomber-la-mise-a-jour-de-transfert-marc-guehi-qui-pourrait-ravir-liverpool\/#article","isPartOf":{"@id":"https:\/\/footdavant.fr\/actualites\/romano-laisse-tomber-la-mise-a-jour-de-transfert-marc-guehi-qui-pourrait-ravir-liverpool\/"},"author":{"name":"Cl\u00e9ment","@id":"https:\/\/footdavant.fr\/actualites\/#\/schema\/person\/bc222566d95871b37e597b3ed3ba5e1d"},"headline":"Romano laisse tomber la mise \u00e0 jour de transfert Marc Guehi qui pourrait ravir Liverpool","datePublished":"2025-08-11T11:48:01+00:00","dateModified":"2025-08-11T11:48:03+00:00","mainEntityOfPage":{"@id":"https:\/\/footdavant.fr\/actualites\/romano-laisse-tomber-la-mise-a-jour-de-transfert-marc-guehi-qui-pourrait-ravir-liverpool\/"},"wordCount":562,"publisher":{"@id":"https:\/\/footdavant.fr\/actualites\/#organization"},"keywords":["Guehi","jour","laisse","Liverpool","Marc","mise","pourrait","qui","ravir","Romano","tomber","transfert"],"articleSection":["Football"],"inLanguage":"fr-FR"},{"@type":"WebPage","@id":"https:\/\/footdavant.fr\/actualites\/romano-laisse-tomber-la-mise-a-jour-de-transfert-marc-guehi-qui-pourrait-ravir-liverpool\/","url":"https:\/\/footdavant.fr\/actualites\/romano-laisse-tomber-la-mise-a-jour-de-transfert-marc-guehi-qui-pourrait-ravir-liverpool\/","name":"Romano laisse tomber la mise \u00e0 jour de transfert Marc Guehi qui pourrait ravir Liverpool","isPartOf":{"@id":"https:\/\/footdavant.fr\/actualites\/#website"},"datePublished":"2025-08-11T11:48:01+00:00","dateModified":"2025-08-11T11:48:03+00:00","breadcrumb":{"@id":"https:\/\/footdavant.fr\/actualites\/romano-laisse-tomber-la-mise-a-jour-de-transfert-marc-guehi-qui-pourrait-ravir-liverpool\/#breadcrumb"},"inLanguage":"fr-FR","potentialAction":[{"@type":"ReadAction","target":["https:\/\/footdavant.fr\/actualites\/romano-laisse-tomber-la-mise-a-jour-de-transfert-marc-guehi-qui-pourrait-ravir-liverpool\/"]}]},{"@type":"BreadcrumbList","@id":"https:\/\/footdavant.fr\/actualites\/romano-laisse-tomber-la-mise-a-jour-de-transfert-marc-guehi-qui-pourrait-ravir-liverpool\/#breadcrumb","itemListElement":[{"@type":"ListItem","position":1,"name":"Accueil","item":"https:\/\/footdavant.fr\/actualites\/"},{"@type":"ListItem","position":2,"name":"Romano laisse tomber la mise \u00e0 jour de transfert Marc Guehi qui pourrait ravir Liverpool"}]},{"@type":"WebSite","@id":"https:\/\/footdavant.fr\/actualites\/#website","url":"https:\/\/footdavant.fr\/actualites\/","name":"Foot d'avant","description":"","publisher":{"@id":"https:\/\/footdavant.fr\/actualites\/#organization"},"potentialAction":[{"@type":"SearchAction","target":{"@type":"EntryPoint","urlTemplate":"https:\/\/footdavant.fr\/actualites\/?s={search_term_string}"},"query-input":"required name=search_term_string"}],"inLanguage":"fr-FR"},{"@type":"Organization","@id":"https:\/\/footdavant.fr\/actualites\/#organization","name":"Foot d'avant","url":"https:\/\/footdavant.fr\/actualites\/","logo":{"@type":"ImageObject","inLanguage":"fr-FR","@id":"https:\/\/footdavant.fr\/actualites\/#\/schema\/logo\/image\/","url":"https:\/\/footdavant.fr\/actualites\/wp-content\/uploads\/2023\/09\/Copy-of-FootDavant-Logo.png","contentUrl":"https:\/\/footdavant.fr\/actualites\/wp-content\/uploads\/2023\/09\/Copy-of-FootDavant-Logo.png","width":936,"height":549,"caption":"Foot d'avant"},"image":{"@id":"https:\/\/footdavant.fr\/actualites\/#\/schema\/logo\/image\/"},"sameAs":["https:\/\/www.facebook.com\/Footdavant\/","https:\/\/twitter.com\/FootdavantFr","https:\/\/www.instagram.com\/footdavant.fr\/"]},{"@type":"Person","@id":"https:\/\/footdavant.fr\/actualites\/#\/schema\/person\/bc222566d95871b37e597b3ed3ba5e1d","name":"Cl\u00e9ment","image":{"@type":"ImageObject","inLanguage":"fr-FR","@id":"https:\/\/footdavant.fr\/actualites\/#\/schema\/person\/image\/","url":"https:\/\/secure.gravatar.com\/avatar\/7728b29aac2719421e1a9159b2254c44?s=96&d=mm&r=g","contentUrl":"https:\/\/secure.gravatar.com\/avatar\/7728b29aac2719421e1a9159b2254c44?s=96&d=mm&r=g","caption":"Cl\u00e9ment"},"sameAs":["https:\/\/footdavant.fr\/"]}]}},"_links":{"self":[{"href":"https:\/\/footdavant.fr\/actualites\/wp-json\/wp\/v2\/posts\/27208"}],"collection":[{"href":"https:\/\/footdavant.fr\/actualites\/wp-json\/wp\/v2\/posts"}],"about":[{"href":"https:\/\/footdavant.fr\/actualites\/wp-json\/wp\/v2\/types\/post"}],"author":[{"embeddable":true,"href":"https:\/\/footdavant.fr\/actualites\/wp-json\/wp\/v2\/users\/1"}],"replies":[{"embeddable":true,"href":"https:\/\/footdavant.fr\/actualites\/wp-json\/wp\/v2\/comments?post=27208"}],"version-history":[{"count":1,"href":"https:\/\/footdavant.fr\/actualites\/wp-json\/wp\/v2\/posts\/27208\/revisions"}],"predecessor-version":[{"id":27210,"href":"https:\/\/footdavant.fr\/actualites\/wp-json\/wp\/v2\/posts\/27208\/revisions\/27210"}],"wp:featuredmedia":[{"embeddable":true,"href":"https:\/\/footdavant.fr\/actualites\/wp-json\/wp\/v2\/media\/27209"}],"wp:attachment":[{"href":"https:\/\/footdavant.fr\/actualites\/wp-json\/wp\/v2\/media?parent=27208"}],"wp:term":[{"taxonomy":"category","embeddable":true,"href":"https:\/\/footdavant.fr\/actualites\/wp-json\/wp\/v2\/categories?post=27208"},{"taxonomy":"post_tag","embeddable":true,"href":"https:\/\/footdavant.fr\/actualites\/wp-json\/wp\/v2\/tags?post=27208"}],"curies":[{"name":"wp","href":"https:\/\/api.w.org\/{rel}","templated":true}]}}