{"id":2722,"date":"2023-12-18T22:51:00","date_gmt":"2023-12-18T21:51:00","guid":{"rendered":"https:\/\/footdavant.fr\/actualites\/apercu-everton-contre-fulham-pronostics-actualites-de-lequipe-compositions\/"},"modified":"2023-12-18T22:51:08","modified_gmt":"2023-12-18T21:51:08","slug":"apercu-everton-contre-fulham-pronostics-actualites-de-lequipe-compositions","status":"publish","type":"post","link":"https:\/\/footdavant.fr\/actualites\/apercu-everton-contre-fulham-pronostics-actualites-de-lequipe-compositions\/","title":{"rendered":"Aper\u00e7u : Everton contre Fulham \u2013 pronostics, actualit\u00e9s de l&rsquo;\u00e9quipe, compositions"},"content":{"rendered":"<p>Sports Mole pr\u00e9sente un aper\u00e7u du choc de la Coupe EFL de mardi entre Everton et Fulham, y compris les pronostics, les nouvelles de l&rsquo;\u00e9quipe et les compositions possibles.<\/p>\n<div id=\"article_body\" itemprop=\"articleBody\">\n<p class=\"firstPara\">Viser une cinqui\u00e8me victoire au trot pour acc\u00e9der au dernier carr\u00e9 du <strong class=\"autotag\">Coupe EFL<\/strong>, <strong class=\"autotag\">Everton<\/strong> accueillir <strong class=\"autotag\">Fulham<\/strong> \u00e0 leur base de Goodison Park pour un match de quart de finale mardi soir.<\/p>\n<p>Les Toffees ont progress\u00e9 vers les huit derniers gr\u00e2ce \u00e0 une victoire 3-0 contre Burnley au quatri\u00e8me tour, tandis que <strong class=\"autotag\">Marc Silva<\/strong>Les charges de se sont impos\u00e9es 3-1 contre les joueurs de haut niveau du championnat, Ipswich Town.<\/p>\n<hr class=\"divide\">\n<h2>Aper\u00e7u du match<\/h2>\n<p class=\"imgI\">\n<p>Le feu continue de br\u00fbler dans le ventre des <strong class=\"autotag\">Sean Dych\u00e9<\/strong>Les soldats d&rsquo;Everton, dont certains sont peut-\u00eatre encore sous le choc de leur d\u00e9duction sans pr\u00e9c\u00e9dent de 10 points, mais ils ont canalis\u00e9 leur col\u00e8re vers quelque chose d&rsquo;utile avec une s\u00e9rie de r\u00e9sultats stellaires de haut niveau.<\/p>\n<p>Apr\u00e8s avoir d\u00e9j\u00e0 battu Nottingham Forest, Newcastle United et Chelsea sans encaisser le moindre but ce mois-ci, beaucoup s&rsquo;attendaient \u00e0 ce que Dyche marque son retour \u00e0 Turf Moor samedi en donnant une le\u00e7on de football \u00e0 son ancienne \u00e9quipe, ce qui est exactement ce qui s&rsquo;est concr\u00e9tis\u00e9 lors du coup d&rsquo;envoi de la soir\u00e9e.<\/p>\n<p><strong class=\"autotag\">Amadou Onana<\/strong>La t\u00eate imposante de \u00e0 19 minutes de la fin a mis les Toffees sur la voie de la victoire, quel ancien homme des Clarets <strong class=\"autotag\">Michael Keane<\/strong> \u00bb avec une finition simple \u00e0 la deuxi\u00e8me bouch\u00e9e de la cerise, et le d\u00e9fenseur n&rsquo;a pas att\u00e9nu\u00e9 ses c\u00e9l\u00e9brations alors qu&rsquo;il a renforc\u00e9 les espoirs de survie d&rsquo;Everton aux d\u00e9pens de leurs humbles h\u00f4tes.<\/p>\n<p>Patron de Burnley <strong class=\"autotag\">Vincent Kompany<\/strong> n&rsquo;avait \u00e9videmment tir\u00e9 aucune le\u00e7on de la d\u00e9faite 3-0 au quatri\u00e8me tour de la Coupe EFL en novembre face \u00e0 Everton, qui avait d\u00e9j\u00e0 remport\u00e9 des victoires serr\u00e9es contre Doncaster Rovers et Aston Villa pour accro\u00eetre leurs chances d&rsquo;un premier triomphe dans le tournoi.<\/p>\n<p>Les Toffees ont particip\u00e9 aux quarts de finale deux ann\u00e9es de suite lors des campagnes 2019-20 et 2020-21, mais Leicester City et Manchester United ont \u00e9teint leurs espoirs de gloire au cours de ces ann\u00e9es, et pas depuis la saison 2015-16 &#8211; o\u00f9 ils perdu contre Manchester City en demi-finale &#8211; ont-ils r\u00e9ussi \u00e0 passer \u00e0 l&rsquo;avant-derni\u00e8re haie.<\/p>\n<p class=\"imgI\"><img decoding=\"async\" loading=\"lazy\" class=\"l\" src=\"https:\/\/footdavant.fr\/actualites\/wp-content\/uploads\/2023\/12\/Apercu-Everton-contre-Fulham-\u2013-pronostics-actualites-de-lequipe.JPG\" title=\"Le manager de Fulham, Marco Silva, r\u00e9agit le 3 d\u00e9cembre 2023\" alt=\"Le manager de Fulham, Marco Silva, r\u00e9agit le 3 d\u00e9cembre 2023\" width=\"640\" height=\"480\"><\/p>\n<p>Apr\u00e8s que Dyche soit revenu sur son ancien terrain de jeu avec un effet magnifique ce week-end, l&rsquo;ancien patron d&rsquo;Everton, Marco Silva, s&rsquo;efforcera de suivre les traces de son homologue mardi, o\u00f9 les Cottagers pourraient \u00eatre \u00e0 seulement 90 minutes d&rsquo;une toute premi\u00e8re demi-finale de Coupe EFL. -apparition finale.<\/p>\n<p>Fra\u00eechement sorti des coups de marteau successifs 5-0 contre West Ham United et Nottingham Forest, en plus de marquer trois fois contre Liverpool et Nottingham Forest, la nouvelle touche Midas de Fulham ne devait pas leur \u00e9chapper contre une \u00e9quipe de Newcastle United aux prises avec des blessures, de la fatigue et du chagrin europ\u00e9en en au lendemain de leur d\u00e9faite fatale en Ligue des champions face \u00e0 l&rsquo;AC Milan.<\/p>\n<p>Cependant, apr\u00e8s <strong class=\"autotag\">Ra\u00fal Jim\u00e9nez<\/strong> re\u00e7ut ses ordres de marche suite \u00e0 un fracas choquant de <strong class=\"autotag\">Sean Longstaff<\/strong>les espoirs de Fulham d&rsquo;un troisi\u00e8me triomphe cons\u00e9cutif se sont \u00e9vapor\u00e9s lors d&rsquo;un assaut en seconde p\u00e9riode, o\u00f9 <strong class=\"autotag\">Lewis Miley<\/strong>, <strong class=\"autotag\">Miguel Almir\u00f3n<\/strong> et <strong class=\"autotag\">Dan Br\u00fbler<\/strong> a condamn\u00e9 les Cottagers \u00e0 une troisi\u00e8me d\u00e9faite cons\u00e9cutive en d\u00e9placement.<\/p>\n<p>En fait, ce n&rsquo;est pas depuis la victoire 3-1 contre Ipswich en novembre en Coupe EFL &#8211; qui a succ\u00e9d\u00e9 aux succ\u00e8s \u00e0 domicile contre Tottenham Hotspur et Norwich City &#8211; que les hommes de Silva se sont impos\u00e9s lors de leurs d\u00e9placements, mais ce succ\u00e8s \u00e0 Portman Road a permis aux Cottagers de faire de leur mieux. dans le tournoi depuis 19 ans, sa derni\u00e8re participation aux quarts de finale remontant \u00e0 2004-05.<\/p>\n<p>Fulham a succomb\u00e9 \u00e0 une d\u00e9faite 2-1 contre son rival de l&rsquo;ouest de Londres, Chelsea, cette ann\u00e9e-l\u00e0, mais l&rsquo;histoire plus r\u00e9cente favorise l&rsquo;\u00e9quipe de la capitale, qui a remport\u00e9 trois victoires et un match nul lors de ses quatre derni\u00e8res rencontres avec Everton, arrachant un smash-and-grab 1- 0 victoire \u00e0 Goodison lors de la journ\u00e9e d\u2019ouverture de la saison 2023-24 de Premier League.<\/p>\n<p>Forme de la Coupe Everton EFL\u00a0:<\/p>\n<p>Forme Everton (toutes comp\u00e9titions) :<\/p>\n<p>Formulaire de la Coupe Fulham EFL\u00a0:<\/p>\n<p>Forme Fulham (toutes comp\u00e9titions) :<\/p>\n<p>Annonce &#8211; contenu ci-dessous\u00a0:<\/p>\n<hr class=\"divide\">\n<h2>Nouvelles de l&rsquo;\u00e9quipe<\/h2>\n<p class=\"imgI\"><img decoding=\"async\" loading=\"lazy\" class=\"l\" src=\"https:\/\/footdavant.fr\/actualites\/wp-content\/uploads\/2023\/12\/1702936260_395_Apercu-Everton-contre-Fulham-\u2013-pronostics-actualites-de-lequipe.jpg\" title=\"Raul Jimenez de Fulham re\u00e7oit un carton rouge par l'arbitre Samuel Barrott le 16 d\u00e9cembre 2023\" alt=\"Raul Jimenez de Fulham re\u00e7oit un carton rouge par l'arbitre Samuel Barrott le 16 d\u00e9cembre 2023\" width=\"640\" height=\"480\"><\/p>\n<p>Deux joueurs d&rsquo;Everton reviendront de suspension pour les quarts de finale, comme <strong class=\"autotag\">Idrissa Gu\u00e8ye<\/strong> et <strong class=\"autotag\">Jarrad Branthwaite<\/strong> tous deux ont purg\u00e9 des interdictions en Premier League contre Burnley ce week-end, mais sont \u00e9ligibles pour faire leur retour en coupe.<\/p>\n<p><strong class=\"autotag\">Vitali Mykolenko<\/strong> devrait \u00e9galement faire pression pour un retour dans l&rsquo;\u00e9quipe apr\u00e8s avoir rat\u00e9 le voyage \u00e0 Turf Moor avec un \u00ab probl\u00e8me \u00bb selon Dyche, mais <strong class=\"autotag\">Dele Alli<\/strong> (aine), <strong class=\"autotag\">Andr\u00e9 Gomes<\/strong> (aptitude), <strong class=\"autotag\">Ashley Jeune<\/strong> et <strong class=\"autotag\">Seamus Coleman<\/strong> sont tous cens\u00e9s rester \u00e0 l\u2019\u00e9cart.<\/p>\n<p>Dyche a \u00e9t\u00e9 contraint de se retirer \u00e0 la mi-temps lors de la victoire contre Burnley, en tant que pivot du milieu de terrain. <strong class=\"autotag\">Abdoulaye Doucour\u00e9<\/strong> s&rsquo;est plaint d&rsquo;une tension aux ischio-jambiers et est d\u00e9sormais apparu comme un doute pour les quarts de finale, le revenant Gueye pourrait donc b\u00e9n\u00e9ficier d&rsquo;un rappel imm\u00e9diat dans le premier XI.<\/p>\n<p>Alors qu&rsquo;Everton a deux joueurs qui quittent la vilaine \u00e9tape, l&rsquo;attaquant de Fulham Jimenez &#8211; qui commen\u00e7ait tout juste \u00e0 revenir \u00e0 son ancien moi prolifique &#8211; entame d\u00e9sormais une suspension de trois matches pour son carton rouge cons\u00e9cutif lors de la d\u00e9faite contre Newcastle, permettant <strong class=\"autotag\">Carlos Vinicius<\/strong> et <strong class=\"autotag\">Rodrigo Muniz<\/strong> se battre pour la neuvi\u00e8me place.<\/p>\n<p>Muniz semble gagner la bataille de l&rsquo;attaquant &#8211; apr\u00e8s avoir marqu\u00e9 un d\u00e9part rare contre Ipswich avec un but et avoir \u00e9galement re\u00e7u le feu vert devant Vinicius pour un remplacement ce week-end &#8211; mais Silva pourrait toujours se passer d&rsquo;un trio de victimes de blessures\/maladies.<\/p>\n<p><strong class=\"autotag\">Calvin Bassey<\/strong> a rencontr\u00e9 un bug avant le week-end mais devrait \u00eatre op\u00e9rationnel pour mardi, tandis que <strong class=\"autotag\">Adama Traor\u00e9<\/strong> (ischio-jambiers) et <strong class=\"autotag\">Tim R\u00e9am<\/strong> (veau) devraient \u00e9galement rester \u00e0 l\u2019\u00e9cart pendant encore quelques semaines.<\/p>\n<p><strong>Onze de d\u00e9part possibles d\u2019Everton :<\/strong><br \/>Pickford\u00a0;  Patterson, Tarkowski, Branthwaite, Mykolenko\u00a0;  Harrison, Onana, Gueye, McNeil;  Danjuma\u00a0;  Calvert-Lewin<\/p>\n<p><strong>Fulham onze de d\u00e9part possible :<\/strong><br \/>Rodak\u00a0;  Tet\u00e9, Adarabioyo, Diop, Robinson;  Roseau, Palhinha\u00a0;  Iwobi, Pereira, Decordova-Reid\u00a0;  Muniz<\/p>\n<hr class=\"divide\">\n<p class=\"sm_center\"><img decoding=\"async\" loading=\"lazy\" class=\"l\" src=\"https:\/\/footdavant.fr\/actualites\/wp-content\/uploads\/2023\/12\/Apercu-Everton-contre-Fulham-\u2013-pronostics-actualites-de-lequipe.png\" title=\"Mots SM fond vert\" alt=\"Mots SM fond vert\" width=\"210\" height=\"53\"><\/p>\n<h2 class=\"sm_center\">Nous disons : Everton 2-1 Fulham<\/h2>\n<p>Fulham ne devrait pas perdre du jour au lendemain ses nouvelles prouesses offensives, mais Everton est pass\u00e9 ma\u00eetre dans l&rsquo;art de garder les choses serr\u00e9es en d\u00e9fense depuis le d\u00e9but du mois et devrait profiter des r\u00e9centes lacunes des Cottagers sur la route.<\/p>\n<p>Avec une foule de Goodison toujours aussi fervente, l&rsquo;\u00e9quipe en forme de Dyche a ce qu&rsquo;il faut pour venger sa d\u00e9faite imm\u00e9rit\u00e9e du mois d&rsquo;ao\u00fbt contre un Fulham sans Jimenez et d\u00e9crocher son billet pour les demi-finales.<\/p>\n<p>Pour l\u2019analyse des donn\u00e9es des r\u00e9sultats les plus probables, des scores et plus encore pour ce match, veuillez cliquer ici.<\/p>\n<hr class=\"divide\">\n<hr class=\"divide\">\n<h2>Aper\u00e7us par email<\/h2>\n<div>Cliquez ici pour obtenir <strong>Taupe de sport<\/strong>L&rsquo;e-mail quotidien d&rsquo;avant-premi\u00e8res et de pronostics pour chaque jeu majeur\u00a0!<\/div>\n<p><\/p>\n<hr class=\"divide\"><\/div>\n","protected":false},"excerpt":{"rendered":"<p>Sports Mole pr\u00e9sente un aper\u00e7u du choc de la Coupe EFL de mardi entre Everton et Fulham, y compris les pronostics, les nouvelles de l&rsquo;\u00e9quipe<\/p>\n","protected":false},"author":1,"featured_media":2723,"comment_status":"closed","ping_status":"","sticky":false,"template":"","format":"standard","meta":{"footnotes":""},"categories":[5],"tags":[7,284,383,20,310,348,9,382],"yoast_head":"<!-- This site is optimized with the Yoast SEO plugin v21.0 - https:\/\/yoast.com\/wordpress\/plugins\/seo\/ -->\n<title>Aper\u00e7u : Everton contre Fulham \u2013 pronostics, actualit\u00e9s de l&#039;\u00e9quipe, compositions<\/title>\n<meta name=\"robots\" content=\"index, follow, max-snippet:-1, max-image-preview:large, max-video-preview:-1\" \/>\n<link rel=\"canonical\" href=\"https:\/\/footdavant.fr\/actualites\/apercu-everton-contre-fulham-pronostics-actualites-de-lequipe-compositions\/\" \/>\n<meta property=\"og:locale\" content=\"fr_FR\" \/>\n<meta property=\"og:type\" content=\"article\" \/>\n<meta property=\"og:title\" content=\"Aper\u00e7u : Everton contre Fulham \u2013 pronostics, actualit\u00e9s de l&#039;\u00e9quipe, compositions\" \/>\n<meta property=\"og:description\" content=\"Sports Mole pr\u00e9sente un aper\u00e7u du choc de la Coupe EFL de mardi entre Everton et Fulham, y compris les pronostics, les nouvelles de l&rsquo;\u00e9quipe\" \/>\n<meta property=\"og:url\" content=\"https:\/\/footdavant.fr\/actualites\/apercu-everton-contre-fulham-pronostics-actualites-de-lequipe-compositions\/\" \/>\n<meta property=\"og:site_name\" content=\"Foot d&#039;avant\" \/>\n<meta property=\"article:publisher\" content=\"https:\/\/www.facebook.com\/Footdavant\/\" \/>\n<meta property=\"article:published_time\" content=\"2023-12-18T21:51:00+00:00\" \/>\n<meta property=\"article:modified_time\" content=\"2023-12-18T21:51:08+00:00\" \/>\n<meta property=\"og:image\" content=\"https:\/\/footdavant.fr\/actualites\/wp-content\/uploads\/2023\/12\/Apercu-Everton-contre-Fulham-\u2013-pronostics-actualites-de-lequipe.jpg\" \/>\n\t<meta property=\"og:image:width\" content=\"640\" \/>\n\t<meta property=\"og:image:height\" content=\"480\" \/>\n\t<meta property=\"og:image:type\" content=\"image\/jpeg\" \/>\n<meta name=\"author\" content=\"Cl\u00e9ment\" \/>\n<meta name=\"twitter:card\" content=\"summary_large_image\" \/>\n<meta name=\"twitter:creator\" content=\"@FootdavantFr\" \/>\n<meta name=\"twitter:site\" content=\"@FootdavantFr\" \/>\n<meta name=\"twitter:label1\" content=\"\u00c9crit par\" \/>\n\t<meta name=\"twitter:data1\" content=\"Cl\u00e9ment\" \/>\n\t<meta name=\"twitter:label2\" content=\"Dur\u00e9e de lecture estim\u00e9e\" \/>\n\t<meta name=\"twitter:data2\" content=\"6 minutes\" \/>\n<script type=\"application\/ld+json\" class=\"yoast-schema-graph\">{\"@context\":\"https:\/\/schema.org\",\"@graph\":[{\"@type\":\"Article\",\"@id\":\"https:\/\/footdavant.fr\/actualites\/apercu-everton-contre-fulham-pronostics-actualites-de-lequipe-compositions\/#article\",\"isPartOf\":{\"@id\":\"https:\/\/footdavant.fr\/actualites\/apercu-everton-contre-fulham-pronostics-actualites-de-lequipe-compositions\/\"},\"author\":{\"name\":\"Cl\u00e9ment\",\"@id\":\"https:\/\/footdavant.fr\/actualites\/#\/schema\/person\/bc222566d95871b37e597b3ed3ba5e1d\"},\"headline\":\"Aper\u00e7u : Everton contre Fulham \u2013 pronostics, actualit\u00e9s de l&rsquo;\u00e9quipe, compositions\",\"datePublished\":\"2023-12-18T21:51:00+00:00\",\"dateModified\":\"2023-12-18T21:51:08+00:00\",\"mainEntityOfPage\":{\"@id\":\"https:\/\/footdavant.fr\/actualites\/apercu-everton-contre-fulham-pronostics-actualites-de-lequipe-compositions\/\"},\"wordCount\":1239,\"publisher\":{\"@id\":\"https:\/\/footdavant.fr\/actualites\/#organization\"},\"keywords\":[\"Actualit\u00e9s\",\"Aper\u00e7u\",\"compositions\",\"contre\",\"Everton\",\"Fulham\",\"l\u00e9quipe\",\"pronostics\"],\"articleSection\":[\"Premier League\"],\"inLanguage\":\"fr-FR\"},{\"@type\":\"WebPage\",\"@id\":\"https:\/\/footdavant.fr\/actualites\/apercu-everton-contre-fulham-pronostics-actualites-de-lequipe-compositions\/\",\"url\":\"https:\/\/footdavant.fr\/actualites\/apercu-everton-contre-fulham-pronostics-actualites-de-lequipe-compositions\/\",\"name\":\"Aper\u00e7u : Everton contre Fulham \u2013 pronostics, actualit\u00e9s de l'\u00e9quipe, compositions\",\"isPartOf\":{\"@id\":\"https:\/\/footdavant.fr\/actualites\/#website\"},\"datePublished\":\"2023-12-18T21:51:00+00:00\",\"dateModified\":\"2023-12-18T21:51:08+00:00\",\"breadcrumb\":{\"@id\":\"https:\/\/footdavant.fr\/actualites\/apercu-everton-contre-fulham-pronostics-actualites-de-lequipe-compositions\/#breadcrumb\"},\"inLanguage\":\"fr-FR\",\"potentialAction\":[{\"@type\":\"ReadAction\",\"target\":[\"https:\/\/footdavant.fr\/actualites\/apercu-everton-contre-fulham-pronostics-actualites-de-lequipe-compositions\/\"]}]},{\"@type\":\"BreadcrumbList\",\"@id\":\"https:\/\/footdavant.fr\/actualites\/apercu-everton-contre-fulham-pronostics-actualites-de-lequipe-compositions\/#breadcrumb\",\"itemListElement\":[{\"@type\":\"ListItem\",\"position\":1,\"name\":\"Accueil\",\"item\":\"https:\/\/footdavant.fr\/actualites\/\"},{\"@type\":\"ListItem\",\"position\":2,\"name\":\"Aper\u00e7u : Everton contre Fulham \u2013 pronostics, actualit\u00e9s de l&rsquo;\u00e9quipe, compositions\"}]},{\"@type\":\"WebSite\",\"@id\":\"https:\/\/footdavant.fr\/actualites\/#website\",\"url\":\"https:\/\/footdavant.fr\/actualites\/\",\"name\":\"Foot d'avant\",\"description\":\"\",\"publisher\":{\"@id\":\"https:\/\/footdavant.fr\/actualites\/#organization\"},\"potentialAction\":[{\"@type\":\"SearchAction\",\"target\":{\"@type\":\"EntryPoint\",\"urlTemplate\":\"https:\/\/footdavant.fr\/actualites\/?s={search_term_string}\"},\"query-input\":\"required name=search_term_string\"}],\"inLanguage\":\"fr-FR\"},{\"@type\":\"Organization\",\"@id\":\"https:\/\/footdavant.fr\/actualites\/#organization\",\"name\":\"Foot d'avant\",\"url\":\"https:\/\/footdavant.fr\/actualites\/\",\"logo\":{\"@type\":\"ImageObject\",\"inLanguage\":\"fr-FR\",\"@id\":\"https:\/\/footdavant.fr\/actualites\/#\/schema\/logo\/image\/\",\"url\":\"https:\/\/footdavant.fr\/actualites\/wp-content\/uploads\/2023\/09\/Copy-of-FootDavant-Logo.png\",\"contentUrl\":\"https:\/\/footdavant.fr\/actualites\/wp-content\/uploads\/2023\/09\/Copy-of-FootDavant-Logo.png\",\"width\":936,\"height\":549,\"caption\":\"Foot d'avant\"},\"image\":{\"@id\":\"https:\/\/footdavant.fr\/actualites\/#\/schema\/logo\/image\/\"},\"sameAs\":[\"https:\/\/www.facebook.com\/Footdavant\/\",\"https:\/\/twitter.com\/FootdavantFr\",\"https:\/\/www.instagram.com\/footdavant.fr\/\"]},{\"@type\":\"Person\",\"@id\":\"https:\/\/footdavant.fr\/actualites\/#\/schema\/person\/bc222566d95871b37e597b3ed3ba5e1d\",\"name\":\"Cl\u00e9ment\",\"image\":{\"@type\":\"ImageObject\",\"inLanguage\":\"fr-FR\",\"@id\":\"https:\/\/footdavant.fr\/actualites\/#\/schema\/person\/image\/\",\"url\":\"https:\/\/secure.gravatar.com\/avatar\/7728b29aac2719421e1a9159b2254c44?s=96&d=mm&r=g\",\"contentUrl\":\"https:\/\/secure.gravatar.com\/avatar\/7728b29aac2719421e1a9159b2254c44?s=96&d=mm&r=g\",\"caption\":\"Cl\u00e9ment\"},\"sameAs\":[\"https:\/\/footdavant.fr\/\"]}]}<\/script>\n<!-- \/ Yoast SEO plugin. -->","yoast_head_json":{"title":"Aper\u00e7u : Everton contre Fulham \u2013 pronostics, actualit\u00e9s de l'\u00e9quipe, compositions","robots":{"index":"index","follow":"follow","max-snippet":"max-snippet:-1","max-image-preview":"max-image-preview:large","max-video-preview":"max-video-preview:-1"},"canonical":"https:\/\/footdavant.fr\/actualites\/apercu-everton-contre-fulham-pronostics-actualites-de-lequipe-compositions\/","og_locale":"fr_FR","og_type":"article","og_title":"Aper\u00e7u : Everton contre Fulham \u2013 pronostics, actualit\u00e9s de l'\u00e9quipe, compositions","og_description":"Sports Mole pr\u00e9sente un aper\u00e7u du choc de la Coupe EFL de mardi entre Everton et Fulham, y compris les pronostics, les nouvelles de l&rsquo;\u00e9quipe","og_url":"https:\/\/footdavant.fr\/actualites\/apercu-everton-contre-fulham-pronostics-actualites-de-lequipe-compositions\/","og_site_name":"Foot d&#039;avant","article_publisher":"https:\/\/www.facebook.com\/Footdavant\/","article_published_time":"2023-12-18T21:51:00+00:00","article_modified_time":"2023-12-18T21:51:08+00:00","og_image":[{"width":640,"height":480,"url":"https:\/\/footdavant.fr\/actualites\/wp-content\/uploads\/2023\/12\/Apercu-Everton-contre-Fulham-\u2013-pronostics-actualites-de-lequipe.jpg","type":"image\/jpeg"}],"author":"Cl\u00e9ment","twitter_card":"summary_large_image","twitter_creator":"@FootdavantFr","twitter_site":"@FootdavantFr","twitter_misc":{"\u00c9crit par":"Cl\u00e9ment","Dur\u00e9e de lecture estim\u00e9e":"6 minutes"},"schema":{"@context":"https:\/\/schema.org","@graph":[{"@type":"Article","@id":"https:\/\/footdavant.fr\/actualites\/apercu-everton-contre-fulham-pronostics-actualites-de-lequipe-compositions\/#article","isPartOf":{"@id":"https:\/\/footdavant.fr\/actualites\/apercu-everton-contre-fulham-pronostics-actualites-de-lequipe-compositions\/"},"author":{"name":"Cl\u00e9ment","@id":"https:\/\/footdavant.fr\/actualites\/#\/schema\/person\/bc222566d95871b37e597b3ed3ba5e1d"},"headline":"Aper\u00e7u : Everton contre Fulham \u2013 pronostics, actualit\u00e9s de l&rsquo;\u00e9quipe, compositions","datePublished":"2023-12-18T21:51:00+00:00","dateModified":"2023-12-18T21:51:08+00:00","mainEntityOfPage":{"@id":"https:\/\/footdavant.fr\/actualites\/apercu-everton-contre-fulham-pronostics-actualites-de-lequipe-compositions\/"},"wordCount":1239,"publisher":{"@id":"https:\/\/footdavant.fr\/actualites\/#organization"},"keywords":["Actualit\u00e9s","Aper\u00e7u","compositions","contre","Everton","Fulham","l\u00e9quipe","pronostics"],"articleSection":["Premier League"],"inLanguage":"fr-FR"},{"@type":"WebPage","@id":"https:\/\/footdavant.fr\/actualites\/apercu-everton-contre-fulham-pronostics-actualites-de-lequipe-compositions\/","url":"https:\/\/footdavant.fr\/actualites\/apercu-everton-contre-fulham-pronostics-actualites-de-lequipe-compositions\/","name":"Aper\u00e7u : Everton contre Fulham \u2013 pronostics, actualit\u00e9s de l'\u00e9quipe, compositions","isPartOf":{"@id":"https:\/\/footdavant.fr\/actualites\/#website"},"datePublished":"2023-12-18T21:51:00+00:00","dateModified":"2023-12-18T21:51:08+00:00","breadcrumb":{"@id":"https:\/\/footdavant.fr\/actualites\/apercu-everton-contre-fulham-pronostics-actualites-de-lequipe-compositions\/#breadcrumb"},"inLanguage":"fr-FR","potentialAction":[{"@type":"ReadAction","target":["https:\/\/footdavant.fr\/actualites\/apercu-everton-contre-fulham-pronostics-actualites-de-lequipe-compositions\/"]}]},{"@type":"BreadcrumbList","@id":"https:\/\/footdavant.fr\/actualites\/apercu-everton-contre-fulham-pronostics-actualites-de-lequipe-compositions\/#breadcrumb","itemListElement":[{"@type":"ListItem","position":1,"name":"Accueil","item":"https:\/\/footdavant.fr\/actualites\/"},{"@type":"ListItem","position":2,"name":"Aper\u00e7u : Everton contre Fulham \u2013 pronostics, actualit\u00e9s de l&rsquo;\u00e9quipe, compositions"}]},{"@type":"WebSite","@id":"https:\/\/footdavant.fr\/actualites\/#website","url":"https:\/\/footdavant.fr\/actualites\/","name":"Foot d'avant","description":"","publisher":{"@id":"https:\/\/footdavant.fr\/actualites\/#organization"},"potentialAction":[{"@type":"SearchAction","target":{"@type":"EntryPoint","urlTemplate":"https:\/\/footdavant.fr\/actualites\/?s={search_term_string}"},"query-input":"required name=search_term_string"}],"inLanguage":"fr-FR"},{"@type":"Organization","@id":"https:\/\/footdavant.fr\/actualites\/#organization","name":"Foot d'avant","url":"https:\/\/footdavant.fr\/actualites\/","logo":{"@type":"ImageObject","inLanguage":"fr-FR","@id":"https:\/\/footdavant.fr\/actualites\/#\/schema\/logo\/image\/","url":"https:\/\/footdavant.fr\/actualites\/wp-content\/uploads\/2023\/09\/Copy-of-FootDavant-Logo.png","contentUrl":"https:\/\/footdavant.fr\/actualites\/wp-content\/uploads\/2023\/09\/Copy-of-FootDavant-Logo.png","width":936,"height":549,"caption":"Foot d'avant"},"image":{"@id":"https:\/\/footdavant.fr\/actualites\/#\/schema\/logo\/image\/"},"sameAs":["https:\/\/www.facebook.com\/Footdavant\/","https:\/\/twitter.com\/FootdavantFr","https:\/\/www.instagram.com\/footdavant.fr\/"]},{"@type":"Person","@id":"https:\/\/footdavant.fr\/actualites\/#\/schema\/person\/bc222566d95871b37e597b3ed3ba5e1d","name":"Cl\u00e9ment","image":{"@type":"ImageObject","inLanguage":"fr-FR","@id":"https:\/\/footdavant.fr\/actualites\/#\/schema\/person\/image\/","url":"https:\/\/secure.gravatar.com\/avatar\/7728b29aac2719421e1a9159b2254c44?s=96&d=mm&r=g","contentUrl":"https:\/\/secure.gravatar.com\/avatar\/7728b29aac2719421e1a9159b2254c44?s=96&d=mm&r=g","caption":"Cl\u00e9ment"},"sameAs":["https:\/\/footdavant.fr\/"]}]}},"_links":{"self":[{"href":"https:\/\/footdavant.fr\/actualites\/wp-json\/wp\/v2\/posts\/2722"}],"collection":[{"href":"https:\/\/footdavant.fr\/actualites\/wp-json\/wp\/v2\/posts"}],"about":[{"href":"https:\/\/footdavant.fr\/actualites\/wp-json\/wp\/v2\/types\/post"}],"author":[{"embeddable":true,"href":"https:\/\/footdavant.fr\/actualites\/wp-json\/wp\/v2\/users\/1"}],"replies":[{"embeddable":true,"href":"https:\/\/footdavant.fr\/actualites\/wp-json\/wp\/v2\/comments?post=2722"}],"version-history":[{"count":1,"href":"https:\/\/footdavant.fr\/actualites\/wp-json\/wp\/v2\/posts\/2722\/revisions"}],"predecessor-version":[{"id":2724,"href":"https:\/\/footdavant.fr\/actualites\/wp-json\/wp\/v2\/posts\/2722\/revisions\/2724"}],"wp:featuredmedia":[{"embeddable":true,"href":"https:\/\/footdavant.fr\/actualites\/wp-json\/wp\/v2\/media\/2723"}],"wp:attachment":[{"href":"https:\/\/footdavant.fr\/actualites\/wp-json\/wp\/v2\/media?parent=2722"}],"wp:term":[{"taxonomy":"category","embeddable":true,"href":"https:\/\/footdavant.fr\/actualites\/wp-json\/wp\/v2\/categories?post=2722"},{"taxonomy":"post_tag","embeddable":true,"href":"https:\/\/footdavant.fr\/actualites\/wp-json\/wp\/v2\/tags?post=2722"}],"curies":[{"name":"wp","href":"https:\/\/api.w.org\/{rel}","templated":true}]}}