{"id":27270,"date":"2025-08-13T01:48:12","date_gmt":"2025-08-12T23:48:12","guid":{"rendered":"https:\/\/footdavant.fr\/actualites\/rasmus-hojlund-reste-categorique-comme-lac-milan-a-la-date-limite-man-united-news-and-transfer-news\/"},"modified":"2025-08-13T01:48:15","modified_gmt":"2025-08-12T23:48:15","slug":"rasmus-hojlund-reste-categorique-comme-lac-milan-a-la-date-limite-man-united-news-and-transfer-news","status":"publish","type":"post","link":"https:\/\/footdavant.fr\/actualites\/rasmus-hojlund-reste-categorique-comme-lac-milan-a-la-date-limite-man-united-news-and-transfer-news\/","title":{"rendered":"Rasmus Hojlund reste cat\u00e9gorique comme l&#39;AC Milan \u00e0 la date limite &#8211; Man United News and Transfer News"},"content":{"rendered":"<div id=\"penci-post-entry-inner\">\n<p>\t\t\t<i class=\"penci-post-countview-number-check\" style=\"display:none\">6<\/i><\/p>\n<p><!--Article Start--><br \/>Apr\u00e8s une campagne lamentable dans laquelle il n&#39;a marqu\u00e9 que quatre fois en Premier League, Manchester United a \u00e9t\u00e9 contraint d&#39;essayer de remplacer la qualit\u00e9 de Rasmus Hojlund.<\/p>\n<p>Ineos a \u00e9clabouss\u00e9 l&#39;argent pour atterrir Benjamin Sesko de RB Leipzig, et Ruben Amorim a choisi de garder Hojlund sur le banc contre la Fiorentina, un message clair concernant son avenir.<\/p>\n<p>Le club a par la suite inform\u00e9 le joueur de 22 ans de trouver un nouveau club pour lui-m\u00eame, m\u00eame s&#39;il est enfer sur le fait de rester et de se battre pour sa place.<\/p>\n<p>L&#39;AC Milan serait en pole position, ayant d\u00e9j\u00e0 convenu de frais de pr\u00eat, mais le Danois n&#39;a pas encore donn\u00e9 son feu vert pour le d\u00e9m\u00e9nagement. Cela n&#39;a pas impressionn\u00e9 les g\u00e9ants de Serie A.<\/p>\n<h5>AC Milan m\u00e9content de Rasmus Hojlund<\/h5>\n<p>Ce Dilly-Dallying a permis \u00e0 quatre autres clubs de Serie A ainsi qu&#39;\u00e0 Newcastle de participer \u00e0 la course. Igli Tare, directeur sportif de Milan, a refus\u00e9 d&#39;admettre la d\u00e9faite et est en Angleterre en esp\u00e9rant conclure le mouvement.<\/p>\n<p>Cependant, La Gazzetta Dello Sport a maintenant inform\u00e9 que le directeur sportif perd sa patience en raison de la position obstin\u00e9e de l&#39;international du Danemark.<\/p>\n<p>L&#39;ancien as-atalanta estime que, malgr\u00e9 l&#39;arriv\u00e9e de Sesko, il aura toujours des chances de briller, et est d\u00e9sesp\u00e9r\u00e9 de prouver que ses critiques ont tort apr\u00e8s deux saisons d\u00e9cevantes \u00e0 Manchester.<\/p>\n<p>En cons\u00e9quence, les Rossoneri attendront une autre semaine, et si l&#39;international du Danemark ne changera pas d&#39;avis, ils passeront \u00e0 d&#39;autres cibles.<\/p>\n<p>\u00abL&#39;AC Milan est pr\u00eat \u00e0 conclure un accord de pr\u00eat avec une option d&#39;achat, mais l&#39;accord de l&#39;attaquant est toujours en suspens.<\/p>\n<p>\u00abHojlund est un homme t\u00eatu. Il est convaincu qu&#39;il peut avoir ses chances \u00e0 Manchester malgr\u00e9 la comp\u00e9tition. Il veut se racheter apr\u00e8s deux ann\u00e9es avec un troph\u00e9e gagn\u00e9 &#8211; la FA Cup 2024 &#8211; et une autre perdue en finale (la ligue de conf\u00e9rence de l&#39;ann\u00e9e derni\u00e8re).<\/p>\n<h5>Dane confiant de faire sa marque<\/h5>\n<p>\u00abTare s&#39;est envol\u00e9 pour l&#39;Angleterre pour essayer de garantir l&#39;approbation de l&#39;attaquant, mais il n&#39;attendra pas \u00e9ternellement. Une semaine au plus, pas plus, puis il se concentrera sur l&#39;une de ses autres cibles: Vlahovic, Jackson et Gon\u00e7alo Ramos.<\/p>\n<p>\u00ab\u00a0Hojlund ne veut pas laisser Manchester hors de pure fiert\u00e9. Il appr\u00e9cie l&#39;attention de l&#39;AC Milan, aime l&#39;Italie et la Serie A, ainsi que sa famille. Mais il est convaincu qu&#39;il peut toujours faire sa marque. De plus, il pr\u00e9f\u00e9rerait un transfert permanent plut\u00f4t qu&#39;un pr\u00eat avec une option \u00e0 acheter.\u00a0\u00bb<\/p>\n<p>INEOS cherche \u00e0 effectuer des ventes de joueurs, et avec l&#39;argent collect\u00e9, ils pr\u00e9voient de s&#39;en aller apr\u00e8s Carlos Baleba et un autre gardien de but.<\/p>\n<p>La position de Hojlund, bien qu&#39;admirable, n&#39;aidera pas les copropri\u00e9taires. Dans l&#39;\u00e9tat actuel des choses, cette saga devrait se poursuivre jusqu&#39;\u00e0 la fin de la fen\u00eatre.<\/p>\n<\/p>\n<hr>\n<p>Suivez-nous sur bluesky: @ PeopleSerson.bsky.social<br \/><!--Article End--><\/p>\n<p><!-- CONTENT END 2 --><\/p><\/div>\n","protected":false},"excerpt":{"rendered":"<p>6 Apr\u00e8s une campagne lamentable dans laquelle il n&#39;a marqu\u00e9 que quatre fois en Premier League, Manchester United a \u00e9t\u00e9 contraint d&#39;essayer de remplacer la<\/p>\n","protected":false},"author":1,"featured_media":27271,"comment_status":"closed","ping_status":"","sticky":false,"template":"","format":"standard","meta":{"footnotes":""},"categories":[3],"tags":[6463,990,391,456,4416,923,24,250,409,455,808,2732,13],"yoast_head":"<!-- This site is optimized with the Yoast SEO plugin v21.0 - https:\/\/yoast.com\/wordpress\/plugins\/seo\/ -->\n<title>Rasmus Hojlund reste cat\u00e9gorique comme l&#039;AC Milan \u00e0 la date limite - Man United News and Transfer News<\/title>\n<meta name=\"robots\" content=\"index, follow, max-snippet:-1, max-image-preview:large, max-video-preview:-1\" \/>\n<link rel=\"canonical\" href=\"https:\/\/footdavant.fr\/actualites\/rasmus-hojlund-reste-categorique-comme-lac-milan-a-la-date-limite-man-united-news-and-transfer-news\/\" \/>\n<meta property=\"og:locale\" content=\"fr_FR\" \/>\n<meta property=\"og:type\" content=\"article\" \/>\n<meta property=\"og:title\" content=\"Rasmus Hojlund reste cat\u00e9gorique comme l&#039;AC Milan \u00e0 la date limite - Man United News and Transfer News\" \/>\n<meta property=\"og:description\" content=\"6 Apr\u00e8s une campagne lamentable dans laquelle il n&#039;a marqu\u00e9 que quatre fois en Premier League, Manchester United a \u00e9t\u00e9 contraint d&#039;essayer de remplacer la\" \/>\n<meta property=\"og:url\" content=\"https:\/\/footdavant.fr\/actualites\/rasmus-hojlund-reste-categorique-comme-lac-milan-a-la-date-limite-man-united-news-and-transfer-news\/\" \/>\n<meta property=\"og:site_name\" content=\"Foot d&#039;avant\" \/>\n<meta property=\"article:publisher\" content=\"https:\/\/www.facebook.com\/Footdavant\/\" \/>\n<meta property=\"article:published_time\" content=\"2025-08-12T23:48:12+00:00\" \/>\n<meta property=\"article:modified_time\" content=\"2025-08-12T23:48:15+00:00\" \/>\n<meta property=\"og:image\" content=\"https:\/\/footdavant.fr\/actualites\/wp-content\/uploads\/2025\/08\/Rasmus-Hojlund-reste-categorique-comme-l39AC-Milan-a-la-date.jpg\" \/>\n\t<meta property=\"og:image:width\" content=\"1600\" \/>\n\t<meta property=\"og:image:height\" content=\"724\" \/>\n\t<meta property=\"og:image:type\" content=\"image\/jpeg\" \/>\n<meta name=\"author\" content=\"Cl\u00e9ment\" \/>\n<meta name=\"twitter:card\" content=\"summary_large_image\" \/>\n<meta name=\"twitter:creator\" content=\"@FootdavantFr\" \/>\n<meta name=\"twitter:site\" content=\"@FootdavantFr\" \/>\n<meta name=\"twitter:label1\" content=\"\u00c9crit par\" \/>\n\t<meta name=\"twitter:data1\" content=\"Cl\u00e9ment\" \/>\n\t<meta name=\"twitter:label2\" content=\"Dur\u00e9e de lecture estim\u00e9e\" \/>\n\t<meta name=\"twitter:data2\" content=\"3 minutes\" \/>\n<script type=\"application\/ld+json\" class=\"yoast-schema-graph\">{\"@context\":\"https:\/\/schema.org\",\"@graph\":[{\"@type\":\"Article\",\"@id\":\"https:\/\/footdavant.fr\/actualites\/rasmus-hojlund-reste-categorique-comme-lac-milan-a-la-date-limite-man-united-news-and-transfer-news\/#article\",\"isPartOf\":{\"@id\":\"https:\/\/footdavant.fr\/actualites\/rasmus-hojlund-reste-categorique-comme-lac-milan-a-la-date-limite-man-united-news-and-transfer-news\/\"},\"author\":{\"name\":\"Cl\u00e9ment\",\"@id\":\"https:\/\/footdavant.fr\/actualites\/#\/schema\/person\/bc222566d95871b37e597b3ed3ba5e1d\"},\"headline\":\"Rasmus Hojlund reste cat\u00e9gorique comme l&#39;AC Milan \u00e0 la date limite &#8211; Man United News and Transfer News\",\"datePublished\":\"2025-08-12T23:48:12+00:00\",\"dateModified\":\"2025-08-12T23:48:15+00:00\",\"mainEntityOfPage\":{\"@id\":\"https:\/\/footdavant.fr\/actualites\/rasmus-hojlund-reste-categorique-comme-lac-milan-a-la-date-limite-man-united-news-and-transfer-news\/\"},\"wordCount\":558,\"publisher\":{\"@id\":\"https:\/\/footdavant.fr\/actualites\/#organization\"},\"keywords\":[\"cat\u00e9gorique\",\"comme\",\"date\",\"Hojlund\",\"L39AC\",\"limit\u00e9\",\"Man\",\"Milan\",\"News\",\"Rasmus\",\"reste\",\"Transfer\",\"United\"],\"articleSection\":[\"Football\"],\"inLanguage\":\"fr-FR\"},{\"@type\":\"WebPage\",\"@id\":\"https:\/\/footdavant.fr\/actualites\/rasmus-hojlund-reste-categorique-comme-lac-milan-a-la-date-limite-man-united-news-and-transfer-news\/\",\"url\":\"https:\/\/footdavant.fr\/actualites\/rasmus-hojlund-reste-categorique-comme-lac-milan-a-la-date-limite-man-united-news-and-transfer-news\/\",\"name\":\"Rasmus Hojlund reste cat\u00e9gorique comme l&#39;AC Milan \u00e0 la date limite - Man United News and Transfer News\",\"isPartOf\":{\"@id\":\"https:\/\/footdavant.fr\/actualites\/#website\"},\"datePublished\":\"2025-08-12T23:48:12+00:00\",\"dateModified\":\"2025-08-12T23:48:15+00:00\",\"breadcrumb\":{\"@id\":\"https:\/\/footdavant.fr\/actualites\/rasmus-hojlund-reste-categorique-comme-lac-milan-a-la-date-limite-man-united-news-and-transfer-news\/#breadcrumb\"},\"inLanguage\":\"fr-FR\",\"potentialAction\":[{\"@type\":\"ReadAction\",\"target\":[\"https:\/\/footdavant.fr\/actualites\/rasmus-hojlund-reste-categorique-comme-lac-milan-a-la-date-limite-man-united-news-and-transfer-news\/\"]}]},{\"@type\":\"BreadcrumbList\",\"@id\":\"https:\/\/footdavant.fr\/actualites\/rasmus-hojlund-reste-categorique-comme-lac-milan-a-la-date-limite-man-united-news-and-transfer-news\/#breadcrumb\",\"itemListElement\":[{\"@type\":\"ListItem\",\"position\":1,\"name\":\"Accueil\",\"item\":\"https:\/\/footdavant.fr\/actualites\/\"},{\"@type\":\"ListItem\",\"position\":2,\"name\":\"Rasmus Hojlund reste cat\u00e9gorique comme l&#39;AC Milan \u00e0 la date limite &#8211; Man United News and Transfer News\"}]},{\"@type\":\"WebSite\",\"@id\":\"https:\/\/footdavant.fr\/actualites\/#website\",\"url\":\"https:\/\/footdavant.fr\/actualites\/\",\"name\":\"Foot d'avant\",\"description\":\"\",\"publisher\":{\"@id\":\"https:\/\/footdavant.fr\/actualites\/#organization\"},\"potentialAction\":[{\"@type\":\"SearchAction\",\"target\":{\"@type\":\"EntryPoint\",\"urlTemplate\":\"https:\/\/footdavant.fr\/actualites\/?s={search_term_string}\"},\"query-input\":\"required name=search_term_string\"}],\"inLanguage\":\"fr-FR\"},{\"@type\":\"Organization\",\"@id\":\"https:\/\/footdavant.fr\/actualites\/#organization\",\"name\":\"Foot d'avant\",\"url\":\"https:\/\/footdavant.fr\/actualites\/\",\"logo\":{\"@type\":\"ImageObject\",\"inLanguage\":\"fr-FR\",\"@id\":\"https:\/\/footdavant.fr\/actualites\/#\/schema\/logo\/image\/\",\"url\":\"https:\/\/footdavant.fr\/actualites\/wp-content\/uploads\/2023\/09\/Copy-of-FootDavant-Logo.png\",\"contentUrl\":\"https:\/\/footdavant.fr\/actualites\/wp-content\/uploads\/2023\/09\/Copy-of-FootDavant-Logo.png\",\"width\":936,\"height\":549,\"caption\":\"Foot d'avant\"},\"image\":{\"@id\":\"https:\/\/footdavant.fr\/actualites\/#\/schema\/logo\/image\/\"},\"sameAs\":[\"https:\/\/www.facebook.com\/Footdavant\/\",\"https:\/\/twitter.com\/FootdavantFr\",\"https:\/\/www.instagram.com\/footdavant.fr\/\"]},{\"@type\":\"Person\",\"@id\":\"https:\/\/footdavant.fr\/actualites\/#\/schema\/person\/bc222566d95871b37e597b3ed3ba5e1d\",\"name\":\"Cl\u00e9ment\",\"image\":{\"@type\":\"ImageObject\",\"inLanguage\":\"fr-FR\",\"@id\":\"https:\/\/footdavant.fr\/actualites\/#\/schema\/person\/image\/\",\"url\":\"https:\/\/secure.gravatar.com\/avatar\/7728b29aac2719421e1a9159b2254c44?s=96&d=mm&r=g\",\"contentUrl\":\"https:\/\/secure.gravatar.com\/avatar\/7728b29aac2719421e1a9159b2254c44?s=96&d=mm&r=g\",\"caption\":\"Cl\u00e9ment\"},\"sameAs\":[\"https:\/\/footdavant.fr\/\"]}]}<\/script>\n<!-- \/ Yoast SEO plugin. -->","yoast_head_json":{"title":"Rasmus Hojlund reste cat\u00e9gorique comme l&#39;AC Milan \u00e0 la date limite - Man United News and Transfer News","robots":{"index":"index","follow":"follow","max-snippet":"max-snippet:-1","max-image-preview":"max-image-preview:large","max-video-preview":"max-video-preview:-1"},"canonical":"https:\/\/footdavant.fr\/actualites\/rasmus-hojlund-reste-categorique-comme-lac-milan-a-la-date-limite-man-united-news-and-transfer-news\/","og_locale":"fr_FR","og_type":"article","og_title":"Rasmus Hojlund reste cat\u00e9gorique comme l&#39;AC Milan \u00e0 la date limite - Man United News and Transfer News","og_description":"6 Apr\u00e8s une campagne lamentable dans laquelle il n&#39;a marqu\u00e9 que quatre fois en Premier League, Manchester United a \u00e9t\u00e9 contraint d&#39;essayer de remplacer la","og_url":"https:\/\/footdavant.fr\/actualites\/rasmus-hojlund-reste-categorique-comme-lac-milan-a-la-date-limite-man-united-news-and-transfer-news\/","og_site_name":"Foot d&#039;avant","article_publisher":"https:\/\/www.facebook.com\/Footdavant\/","article_published_time":"2025-08-12T23:48:12+00:00","article_modified_time":"2025-08-12T23:48:15+00:00","og_image":[{"width":1600,"height":724,"url":"https:\/\/footdavant.fr\/actualites\/wp-content\/uploads\/2025\/08\/Rasmus-Hojlund-reste-categorique-comme-l39AC-Milan-a-la-date.jpg","type":"image\/jpeg"}],"author":"Cl\u00e9ment","twitter_card":"summary_large_image","twitter_creator":"@FootdavantFr","twitter_site":"@FootdavantFr","twitter_misc":{"\u00c9crit par":"Cl\u00e9ment","Dur\u00e9e de lecture estim\u00e9e":"3 minutes"},"schema":{"@context":"https:\/\/schema.org","@graph":[{"@type":"Article","@id":"https:\/\/footdavant.fr\/actualites\/rasmus-hojlund-reste-categorique-comme-lac-milan-a-la-date-limite-man-united-news-and-transfer-news\/#article","isPartOf":{"@id":"https:\/\/footdavant.fr\/actualites\/rasmus-hojlund-reste-categorique-comme-lac-milan-a-la-date-limite-man-united-news-and-transfer-news\/"},"author":{"name":"Cl\u00e9ment","@id":"https:\/\/footdavant.fr\/actualites\/#\/schema\/person\/bc222566d95871b37e597b3ed3ba5e1d"},"headline":"Rasmus Hojlund reste cat\u00e9gorique comme l&#39;AC Milan \u00e0 la date limite &#8211; Man United News and Transfer News","datePublished":"2025-08-12T23:48:12+00:00","dateModified":"2025-08-12T23:48:15+00:00","mainEntityOfPage":{"@id":"https:\/\/footdavant.fr\/actualites\/rasmus-hojlund-reste-categorique-comme-lac-milan-a-la-date-limite-man-united-news-and-transfer-news\/"},"wordCount":558,"publisher":{"@id":"https:\/\/footdavant.fr\/actualites\/#organization"},"keywords":["cat\u00e9gorique","comme","date","Hojlund","L39AC","limit\u00e9","Man","Milan","News","Rasmus","reste","Transfer","United"],"articleSection":["Football"],"inLanguage":"fr-FR"},{"@type":"WebPage","@id":"https:\/\/footdavant.fr\/actualites\/rasmus-hojlund-reste-categorique-comme-lac-milan-a-la-date-limite-man-united-news-and-transfer-news\/","url":"https:\/\/footdavant.fr\/actualites\/rasmus-hojlund-reste-categorique-comme-lac-milan-a-la-date-limite-man-united-news-and-transfer-news\/","name":"Rasmus Hojlund reste cat\u00e9gorique comme l&#39;AC Milan \u00e0 la date limite - Man United News and Transfer News","isPartOf":{"@id":"https:\/\/footdavant.fr\/actualites\/#website"},"datePublished":"2025-08-12T23:48:12+00:00","dateModified":"2025-08-12T23:48:15+00:00","breadcrumb":{"@id":"https:\/\/footdavant.fr\/actualites\/rasmus-hojlund-reste-categorique-comme-lac-milan-a-la-date-limite-man-united-news-and-transfer-news\/#breadcrumb"},"inLanguage":"fr-FR","potentialAction":[{"@type":"ReadAction","target":["https:\/\/footdavant.fr\/actualites\/rasmus-hojlund-reste-categorique-comme-lac-milan-a-la-date-limite-man-united-news-and-transfer-news\/"]}]},{"@type":"BreadcrumbList","@id":"https:\/\/footdavant.fr\/actualites\/rasmus-hojlund-reste-categorique-comme-lac-milan-a-la-date-limite-man-united-news-and-transfer-news\/#breadcrumb","itemListElement":[{"@type":"ListItem","position":1,"name":"Accueil","item":"https:\/\/footdavant.fr\/actualites\/"},{"@type":"ListItem","position":2,"name":"Rasmus Hojlund reste cat\u00e9gorique comme l&#39;AC Milan \u00e0 la date limite &#8211; Man United News and Transfer News"}]},{"@type":"WebSite","@id":"https:\/\/footdavant.fr\/actualites\/#website","url":"https:\/\/footdavant.fr\/actualites\/","name":"Foot d'avant","description":"","publisher":{"@id":"https:\/\/footdavant.fr\/actualites\/#organization"},"potentialAction":[{"@type":"SearchAction","target":{"@type":"EntryPoint","urlTemplate":"https:\/\/footdavant.fr\/actualites\/?s={search_term_string}"},"query-input":"required name=search_term_string"}],"inLanguage":"fr-FR"},{"@type":"Organization","@id":"https:\/\/footdavant.fr\/actualites\/#organization","name":"Foot d'avant","url":"https:\/\/footdavant.fr\/actualites\/","logo":{"@type":"ImageObject","inLanguage":"fr-FR","@id":"https:\/\/footdavant.fr\/actualites\/#\/schema\/logo\/image\/","url":"https:\/\/footdavant.fr\/actualites\/wp-content\/uploads\/2023\/09\/Copy-of-FootDavant-Logo.png","contentUrl":"https:\/\/footdavant.fr\/actualites\/wp-content\/uploads\/2023\/09\/Copy-of-FootDavant-Logo.png","width":936,"height":549,"caption":"Foot d'avant"},"image":{"@id":"https:\/\/footdavant.fr\/actualites\/#\/schema\/logo\/image\/"},"sameAs":["https:\/\/www.facebook.com\/Footdavant\/","https:\/\/twitter.com\/FootdavantFr","https:\/\/www.instagram.com\/footdavant.fr\/"]},{"@type":"Person","@id":"https:\/\/footdavant.fr\/actualites\/#\/schema\/person\/bc222566d95871b37e597b3ed3ba5e1d","name":"Cl\u00e9ment","image":{"@type":"ImageObject","inLanguage":"fr-FR","@id":"https:\/\/footdavant.fr\/actualites\/#\/schema\/person\/image\/","url":"https:\/\/secure.gravatar.com\/avatar\/7728b29aac2719421e1a9159b2254c44?s=96&d=mm&r=g","contentUrl":"https:\/\/secure.gravatar.com\/avatar\/7728b29aac2719421e1a9159b2254c44?s=96&d=mm&r=g","caption":"Cl\u00e9ment"},"sameAs":["https:\/\/footdavant.fr\/"]}]}},"_links":{"self":[{"href":"https:\/\/footdavant.fr\/actualites\/wp-json\/wp\/v2\/posts\/27270"}],"collection":[{"href":"https:\/\/footdavant.fr\/actualites\/wp-json\/wp\/v2\/posts"}],"about":[{"href":"https:\/\/footdavant.fr\/actualites\/wp-json\/wp\/v2\/types\/post"}],"author":[{"embeddable":true,"href":"https:\/\/footdavant.fr\/actualites\/wp-json\/wp\/v2\/users\/1"}],"replies":[{"embeddable":true,"href":"https:\/\/footdavant.fr\/actualites\/wp-json\/wp\/v2\/comments?post=27270"}],"version-history":[{"count":1,"href":"https:\/\/footdavant.fr\/actualites\/wp-json\/wp\/v2\/posts\/27270\/revisions"}],"predecessor-version":[{"id":27272,"href":"https:\/\/footdavant.fr\/actualites\/wp-json\/wp\/v2\/posts\/27270\/revisions\/27272"}],"wp:featuredmedia":[{"embeddable":true,"href":"https:\/\/footdavant.fr\/actualites\/wp-json\/wp\/v2\/media\/27271"}],"wp:attachment":[{"href":"https:\/\/footdavant.fr\/actualites\/wp-json\/wp\/v2\/media?parent=27270"}],"wp:term":[{"taxonomy":"category","embeddable":true,"href":"https:\/\/footdavant.fr\/actualites\/wp-json\/wp\/v2\/categories?post=27270"},{"taxonomy":"post_tag","embeddable":true,"href":"https:\/\/footdavant.fr\/actualites\/wp-json\/wp\/v2\/tags?post=27270"}],"curies":[{"name":"wp","href":"https:\/\/api.w.org\/{rel}","templated":true}]}}