{"id":27399,"date":"2025-08-16T23:48:18","date_gmt":"2025-08-16T21:48:18","guid":{"rendered":"https:\/\/footdavant.fr\/actualites\/man-united-numero-de-la-declaration-de-sekou-kone-apres-une-traumatisme-cranien-de-ladolescent\/"},"modified":"2025-08-16T23:48:19","modified_gmt":"2025-08-16T21:48:19","slug":"man-united-numero-de-la-declaration-de-sekou-kone-apres-une-traumatisme-cranien-de-ladolescent","status":"publish","type":"post","link":"https:\/\/footdavant.fr\/actualites\/man-united-numero-de-la-declaration-de-sekou-kone-apres-une-traumatisme-cranien-de-ladolescent\/","title":{"rendered":"Man United Num\u00e9ro de la d\u00e9claration de Sekou Kone apr\u00e8s une traumatisme cr\u00e2nien de l&#39;adolescent"},"content":{"rendered":"<p>Manchester United r\u00e9v\u00e8le que Sekou Kone est \u00ab\u00a0conscient, stable et communiquait avec l&#39;\u00e9quipe m\u00e9dicale de United\u00a0\u00bb apr\u00e8s avoir \u00e9t\u00e9 \u00e9tendue hors du terrain contre Tamworth.<\/p>\n<div id=\"article_body\" itemprop=\"articleBody\">\n<h3 class=\"firstPara\"><\/h3>\n<p><strong class=\"autotag\">Manchester United a r\u00e9v\u00e9l\u00e9 que <strong class=\"autotag\">Sekou Kone est \u00ab\u00a0conscient, stable et communique avec l&#39;\u00e9quipe m\u00e9dicale de United\u00a0\u00bb apr\u00e8s avoir \u00e9t\u00e9 \u00e9tir\u00e9e sur le terrain contre Tamworth mercredi soir.<\/p>\n<p>Le joueur de 19 ans a \u00e9t\u00e9 nomm\u00e9 dans le c\u00f4t\u00e9 de d\u00e9part pour Man United des moins de 21 ans dans le match de la Coupe de la Ligue nationale.<\/p>\n<p>Kone a subi une blessure \u00e0 la t\u00eate dans les derni\u00e8res \u00e9tapes de la premi\u00e8re mi-temps, qui a par la suite conduit le match abandonn\u00e9, l&#39;adolescent quittant le terrain sur une civi\u00e8re.<\/p>\n<p>Le milieu de terrain avait un traitement dans une ambulance; Une ambulance de remplacement \u00e9tait donc n\u00e9cessaire, et le retard a signifi\u00e9 que la d\u00e9cision a \u00e9t\u00e9 prise d&#39;annuler le match, selon le <em>NOUVELLES DE LA SOIRIT\u00c9 DE MANCHESTER<\/em>.<\/p>\n<p>Man United a depuis fourni une mise \u00e0 jour positive sur la sant\u00e9 de leur milieu de terrain, cependant, Kone recevant actuellement des soins m\u00e9dicaux dans un h\u00f4pital.<\/p>\n<p>\u00ab\u00a0Nous pouvons confirmer que Sekou est conscient, stable et communiquait avec l&#39;\u00e9quipe m\u00e9dicale de United. Il a \u00e9t\u00e9 emmen\u00e9 \u00e0 l&#39;h\u00f4pital, par pr\u00e9caution, pour de nouveaux ch\u00e8ques. Tout le monde au club lui souhaite une r\u00e9cup\u00e9ration rapide\u00a0\u00bb, a lu une d\u00e9claration de Man United mercredi soir.<\/p>\n<blockquote class=\"twitter-tweet\">\n<p dir=\"ltr\" lang=\"en\">Mise \u00e0 jour sur Sekou Kone apr\u00e8s avoir subi une blessure \u00e0 la t\u00eate lors du match de la Coupe de la Ligue nationale de ce soir:<\/p>\n<p>Sekou est conscient, stable et communique avec l&#39;\u00e9quipe m\u00e9dicale de United.<\/p>\n<p>Il a \u00e9t\u00e9 transport\u00e9 \u00e0 l&#39;h\u00f4pital par pr\u00e9caution pour de nouveaux ch\u00e8ques.<\/p>\n<p>\u2764\ufe0f<\/p>\n<p>&#8211; Manchester United (@manutd) <a rel=\"nofollow\" href=\"https:\/\/twitter.com\/ManUtd\/status\/1955740430567661601?ref_src=twsrc%5Etfw\">13 ao\u00fbt 2025<\/a><\/p><\/blockquote>\n<p><\/p>\n<h2>La blessure de Kone a conduit \u00e0 l&#39;abandon de l&#39;abandon des moins de 21 ans.<\/h2>\n<p>Chido Obi \u00e9tait \u00e9galement dans le c\u00f4t\u00e9 de d\u00e9part pour les moins de 21 ans de Man United, en plus de Bendito Mantato, avec le duo, aux c\u00f4t\u00e9s de Kone, se rendant aux \u00c9tats-Unis pour la tourn\u00e9e de pr\u00e9-saison du club.<\/p>\n<p>Kone n&#39;a pas encore fait ses d\u00e9buts en comp\u00e9tition pour Man United, mais il est entendu qu&#39;il est fermement dans les pens\u00e9es de l&#39;entra\u00eeneur-chef de premi\u00e8re \u00e9quipe Ruben Amorim pour la campagne 2025-26.<\/p>\n<p>Obi devrait \u00eatre sur le banc pour le conflit de la Premier League de dimanche avec Arsenal, mais il est maintenant probable que Kone sera confront\u00e9 \u00e0 une p\u00e9riode sur la touche, le club devrait \u00eatre prudent en ce qui concerne son r\u00e9tablissement.<\/p>\n<p>Kone a d\u00e9m\u00e9nag\u00e9 \u00e0 Man United du FC de Guidars en 2024, et il a marqu\u00e9 deux fois et a fourni une passe d\u00e9cisive en 13 apparitions pour les Red Devils au niveau des moins de 21 ans.<\/p>\n<div class=\"author_box\">\n<div class=\"author_box_banner\"> <\/div>\n<\/div>\n<\/div>\n<p><script async src=\"https:\/\/platform.twitter.com\/widgets.js\" charset=\"utf-8\"><\/script><\/p>\n","protected":false},"excerpt":{"rendered":"<p>Manchester United r\u00e9v\u00e8le que Sekou Kone est \u00ab\u00a0conscient, stable et communiquait avec l&#39;\u00e9quipe m\u00e9dicale de United\u00a0\u00bb apr\u00e8s avoir \u00e9t\u00e9 \u00e9tendue hors du terrain contre Tamworth.<\/p>\n","protected":false},"author":1,"featured_media":27400,"comment_status":"closed","ping_status":"","sticky":false,"template":"","format":"standard","meta":{"footnotes":""},"categories":[5],"tags":[25,10225,749,6258,5350,24,920,6257,10224,92,13],"yoast_head":"<!-- This site is optimized with the Yoast SEO plugin v21.0 - https:\/\/yoast.com\/wordpress\/plugins\/seo\/ -->\n<title>Man United Num\u00e9ro de la d\u00e9claration de Sekou Kone apr\u00e8s une traumatisme cr\u00e2nien de l&#039;adolescent<\/title>\n<meta name=\"robots\" content=\"index, follow, max-snippet:-1, max-image-preview:large, max-video-preview:-1\" \/>\n<link rel=\"canonical\" href=\"https:\/\/footdavant.fr\/actualites\/man-united-numero-de-la-declaration-de-sekou-kone-apres-une-traumatisme-cranien-de-ladolescent\/\" \/>\n<meta property=\"og:locale\" content=\"fr_FR\" \/>\n<meta property=\"og:type\" content=\"article\" \/>\n<meta property=\"og:title\" content=\"Man United Num\u00e9ro de la d\u00e9claration de Sekou Kone apr\u00e8s une traumatisme cr\u00e2nien de l&#039;adolescent\" \/>\n<meta property=\"og:description\" content=\"Manchester United r\u00e9v\u00e8le que Sekou Kone est \u00ab\u00a0conscient, stable et communiquait avec l&#039;\u00e9quipe m\u00e9dicale de United\u00a0\u00bb apr\u00e8s avoir \u00e9t\u00e9 \u00e9tendue hors du terrain contre Tamworth.\" \/>\n<meta property=\"og:url\" content=\"https:\/\/footdavant.fr\/actualites\/man-united-numero-de-la-declaration-de-sekou-kone-apres-une-traumatisme-cranien-de-ladolescent\/\" \/>\n<meta property=\"og:site_name\" content=\"Foot d&#039;avant\" \/>\n<meta property=\"article:publisher\" content=\"https:\/\/www.facebook.com\/Footdavant\/\" \/>\n<meta property=\"article:published_time\" content=\"2025-08-16T21:48:18+00:00\" \/>\n<meta property=\"article:modified_time\" content=\"2025-08-16T21:48:19+00:00\" \/>\n<meta property=\"og:image\" content=\"https:\/\/footdavant.fr\/actualites\/wp-content\/uploads\/2025\/08\/Man-United-Numero-de-la-declaration-de-Sekou-Kone-apres.jpg\" \/>\n\t<meta property=\"og:image:width\" content=\"640\" \/>\n\t<meta property=\"og:image:height\" content=\"480\" \/>\n\t<meta property=\"og:image:type\" content=\"image\/jpeg\" \/>\n<meta name=\"author\" content=\"Cl\u00e9ment\" \/>\n<meta name=\"twitter:card\" content=\"summary_large_image\" \/>\n<meta name=\"twitter:creator\" content=\"@FootdavantFr\" \/>\n<meta name=\"twitter:site\" content=\"@FootdavantFr\" \/>\n<meta name=\"twitter:label1\" content=\"\u00c9crit par\" \/>\n\t<meta name=\"twitter:data1\" content=\"Cl\u00e9ment\" \/>\n\t<meta name=\"twitter:label2\" content=\"Dur\u00e9e de lecture estim\u00e9e\" \/>\n\t<meta name=\"twitter:data2\" content=\"3 minutes\" \/>\n<script type=\"application\/ld+json\" class=\"yoast-schema-graph\">{\"@context\":\"https:\/\/schema.org\",\"@graph\":[{\"@type\":\"Article\",\"@id\":\"https:\/\/footdavant.fr\/actualites\/man-united-numero-de-la-declaration-de-sekou-kone-apres-une-traumatisme-cranien-de-ladolescent\/#article\",\"isPartOf\":{\"@id\":\"https:\/\/footdavant.fr\/actualites\/man-united-numero-de-la-declaration-de-sekou-kone-apres-une-traumatisme-cranien-de-ladolescent\/\"},\"author\":{\"name\":\"Cl\u00e9ment\",\"@id\":\"https:\/\/footdavant.fr\/actualites\/#\/schema\/person\/bc222566d95871b37e597b3ed3ba5e1d\"},\"headline\":\"Man United Num\u00e9ro de la d\u00e9claration de Sekou Kone apr\u00e8s une traumatisme cr\u00e2nien de l&#39;adolescent\",\"datePublished\":\"2025-08-16T21:48:18+00:00\",\"dateModified\":\"2025-08-16T21:48:19+00:00\",\"mainEntityOfPage\":{\"@id\":\"https:\/\/footdavant.fr\/actualites\/man-united-numero-de-la-declaration-de-sekou-kone-apres-une-traumatisme-cranien-de-ladolescent\/\"},\"wordCount\":520,\"publisher\":{\"@id\":\"https:\/\/footdavant.fr\/actualites\/#organization\"},\"keywords\":[\"apr\u00e8s\",\"cr\u00e2nien\",\"D\u00e9claration\",\"Kon\u00e9\",\"l39adolescent\",\"Man\",\"num\u00e9ro\",\"Sekou\",\"traumatisme\",\"une\",\"United\"],\"articleSection\":[\"Premier League\"],\"inLanguage\":\"fr-FR\"},{\"@type\":\"WebPage\",\"@id\":\"https:\/\/footdavant.fr\/actualites\/man-united-numero-de-la-declaration-de-sekou-kone-apres-une-traumatisme-cranien-de-ladolescent\/\",\"url\":\"https:\/\/footdavant.fr\/actualites\/man-united-numero-de-la-declaration-de-sekou-kone-apres-une-traumatisme-cranien-de-ladolescent\/\",\"name\":\"Man United Num\u00e9ro de la d\u00e9claration de Sekou Kone apr\u00e8s une traumatisme cr\u00e2nien de l&#39;adolescent\",\"isPartOf\":{\"@id\":\"https:\/\/footdavant.fr\/actualites\/#website\"},\"datePublished\":\"2025-08-16T21:48:18+00:00\",\"dateModified\":\"2025-08-16T21:48:19+00:00\",\"breadcrumb\":{\"@id\":\"https:\/\/footdavant.fr\/actualites\/man-united-numero-de-la-declaration-de-sekou-kone-apres-une-traumatisme-cranien-de-ladolescent\/#breadcrumb\"},\"inLanguage\":\"fr-FR\",\"potentialAction\":[{\"@type\":\"ReadAction\",\"target\":[\"https:\/\/footdavant.fr\/actualites\/man-united-numero-de-la-declaration-de-sekou-kone-apres-une-traumatisme-cranien-de-ladolescent\/\"]}]},{\"@type\":\"BreadcrumbList\",\"@id\":\"https:\/\/footdavant.fr\/actualites\/man-united-numero-de-la-declaration-de-sekou-kone-apres-une-traumatisme-cranien-de-ladolescent\/#breadcrumb\",\"itemListElement\":[{\"@type\":\"ListItem\",\"position\":1,\"name\":\"Accueil\",\"item\":\"https:\/\/footdavant.fr\/actualites\/\"},{\"@type\":\"ListItem\",\"position\":2,\"name\":\"Man United Num\u00e9ro de la d\u00e9claration de Sekou Kone apr\u00e8s une traumatisme cr\u00e2nien de l&#39;adolescent\"}]},{\"@type\":\"WebSite\",\"@id\":\"https:\/\/footdavant.fr\/actualites\/#website\",\"url\":\"https:\/\/footdavant.fr\/actualites\/\",\"name\":\"Foot d'avant\",\"description\":\"\",\"publisher\":{\"@id\":\"https:\/\/footdavant.fr\/actualites\/#organization\"},\"potentialAction\":[{\"@type\":\"SearchAction\",\"target\":{\"@type\":\"EntryPoint\",\"urlTemplate\":\"https:\/\/footdavant.fr\/actualites\/?s={search_term_string}\"},\"query-input\":\"required name=search_term_string\"}],\"inLanguage\":\"fr-FR\"},{\"@type\":\"Organization\",\"@id\":\"https:\/\/footdavant.fr\/actualites\/#organization\",\"name\":\"Foot d'avant\",\"url\":\"https:\/\/footdavant.fr\/actualites\/\",\"logo\":{\"@type\":\"ImageObject\",\"inLanguage\":\"fr-FR\",\"@id\":\"https:\/\/footdavant.fr\/actualites\/#\/schema\/logo\/image\/\",\"url\":\"https:\/\/footdavant.fr\/actualites\/wp-content\/uploads\/2023\/09\/Copy-of-FootDavant-Logo.png\",\"contentUrl\":\"https:\/\/footdavant.fr\/actualites\/wp-content\/uploads\/2023\/09\/Copy-of-FootDavant-Logo.png\",\"width\":936,\"height\":549,\"caption\":\"Foot d'avant\"},\"image\":{\"@id\":\"https:\/\/footdavant.fr\/actualites\/#\/schema\/logo\/image\/\"},\"sameAs\":[\"https:\/\/www.facebook.com\/Footdavant\/\",\"https:\/\/twitter.com\/FootdavantFr\",\"https:\/\/www.instagram.com\/footdavant.fr\/\"]},{\"@type\":\"Person\",\"@id\":\"https:\/\/footdavant.fr\/actualites\/#\/schema\/person\/bc222566d95871b37e597b3ed3ba5e1d\",\"name\":\"Cl\u00e9ment\",\"image\":{\"@type\":\"ImageObject\",\"inLanguage\":\"fr-FR\",\"@id\":\"https:\/\/footdavant.fr\/actualites\/#\/schema\/person\/image\/\",\"url\":\"https:\/\/secure.gravatar.com\/avatar\/7728b29aac2719421e1a9159b2254c44?s=96&d=mm&r=g\",\"contentUrl\":\"https:\/\/secure.gravatar.com\/avatar\/7728b29aac2719421e1a9159b2254c44?s=96&d=mm&r=g\",\"caption\":\"Cl\u00e9ment\"},\"sameAs\":[\"https:\/\/footdavant.fr\/\"]}]}<\/script>\n<!-- \/ Yoast SEO plugin. -->","yoast_head_json":{"title":"Man United Num\u00e9ro de la d\u00e9claration de Sekou Kone apr\u00e8s une traumatisme cr\u00e2nien de l&#39;adolescent","robots":{"index":"index","follow":"follow","max-snippet":"max-snippet:-1","max-image-preview":"max-image-preview:large","max-video-preview":"max-video-preview:-1"},"canonical":"https:\/\/footdavant.fr\/actualites\/man-united-numero-de-la-declaration-de-sekou-kone-apres-une-traumatisme-cranien-de-ladolescent\/","og_locale":"fr_FR","og_type":"article","og_title":"Man United Num\u00e9ro de la d\u00e9claration de Sekou Kone apr\u00e8s une traumatisme cr\u00e2nien de l&#39;adolescent","og_description":"Manchester United r\u00e9v\u00e8le que Sekou Kone est \u00ab\u00a0conscient, stable et communiquait avec l&#39;\u00e9quipe m\u00e9dicale de United\u00a0\u00bb apr\u00e8s avoir \u00e9t\u00e9 \u00e9tendue hors du terrain contre Tamworth.","og_url":"https:\/\/footdavant.fr\/actualites\/man-united-numero-de-la-declaration-de-sekou-kone-apres-une-traumatisme-cranien-de-ladolescent\/","og_site_name":"Foot d&#039;avant","article_publisher":"https:\/\/www.facebook.com\/Footdavant\/","article_published_time":"2025-08-16T21:48:18+00:00","article_modified_time":"2025-08-16T21:48:19+00:00","og_image":[{"width":640,"height":480,"url":"https:\/\/footdavant.fr\/actualites\/wp-content\/uploads\/2025\/08\/Man-United-Numero-de-la-declaration-de-Sekou-Kone-apres.jpg","type":"image\/jpeg"}],"author":"Cl\u00e9ment","twitter_card":"summary_large_image","twitter_creator":"@FootdavantFr","twitter_site":"@FootdavantFr","twitter_misc":{"\u00c9crit par":"Cl\u00e9ment","Dur\u00e9e de lecture estim\u00e9e":"3 minutes"},"schema":{"@context":"https:\/\/schema.org","@graph":[{"@type":"Article","@id":"https:\/\/footdavant.fr\/actualites\/man-united-numero-de-la-declaration-de-sekou-kone-apres-une-traumatisme-cranien-de-ladolescent\/#article","isPartOf":{"@id":"https:\/\/footdavant.fr\/actualites\/man-united-numero-de-la-declaration-de-sekou-kone-apres-une-traumatisme-cranien-de-ladolescent\/"},"author":{"name":"Cl\u00e9ment","@id":"https:\/\/footdavant.fr\/actualites\/#\/schema\/person\/bc222566d95871b37e597b3ed3ba5e1d"},"headline":"Man United Num\u00e9ro de la d\u00e9claration de Sekou Kone apr\u00e8s une traumatisme cr\u00e2nien de l&#39;adolescent","datePublished":"2025-08-16T21:48:18+00:00","dateModified":"2025-08-16T21:48:19+00:00","mainEntityOfPage":{"@id":"https:\/\/footdavant.fr\/actualites\/man-united-numero-de-la-declaration-de-sekou-kone-apres-une-traumatisme-cranien-de-ladolescent\/"},"wordCount":520,"publisher":{"@id":"https:\/\/footdavant.fr\/actualites\/#organization"},"keywords":["apr\u00e8s","cr\u00e2nien","D\u00e9claration","Kon\u00e9","l39adolescent","Man","num\u00e9ro","Sekou","traumatisme","une","United"],"articleSection":["Premier League"],"inLanguage":"fr-FR"},{"@type":"WebPage","@id":"https:\/\/footdavant.fr\/actualites\/man-united-numero-de-la-declaration-de-sekou-kone-apres-une-traumatisme-cranien-de-ladolescent\/","url":"https:\/\/footdavant.fr\/actualites\/man-united-numero-de-la-declaration-de-sekou-kone-apres-une-traumatisme-cranien-de-ladolescent\/","name":"Man United Num\u00e9ro de la d\u00e9claration de Sekou Kone apr\u00e8s une traumatisme cr\u00e2nien de l&#39;adolescent","isPartOf":{"@id":"https:\/\/footdavant.fr\/actualites\/#website"},"datePublished":"2025-08-16T21:48:18+00:00","dateModified":"2025-08-16T21:48:19+00:00","breadcrumb":{"@id":"https:\/\/footdavant.fr\/actualites\/man-united-numero-de-la-declaration-de-sekou-kone-apres-une-traumatisme-cranien-de-ladolescent\/#breadcrumb"},"inLanguage":"fr-FR","potentialAction":[{"@type":"ReadAction","target":["https:\/\/footdavant.fr\/actualites\/man-united-numero-de-la-declaration-de-sekou-kone-apres-une-traumatisme-cranien-de-ladolescent\/"]}]},{"@type":"BreadcrumbList","@id":"https:\/\/footdavant.fr\/actualites\/man-united-numero-de-la-declaration-de-sekou-kone-apres-une-traumatisme-cranien-de-ladolescent\/#breadcrumb","itemListElement":[{"@type":"ListItem","position":1,"name":"Accueil","item":"https:\/\/footdavant.fr\/actualites\/"},{"@type":"ListItem","position":2,"name":"Man United Num\u00e9ro de la d\u00e9claration de Sekou Kone apr\u00e8s une traumatisme cr\u00e2nien de l&#39;adolescent"}]},{"@type":"WebSite","@id":"https:\/\/footdavant.fr\/actualites\/#website","url":"https:\/\/footdavant.fr\/actualites\/","name":"Foot d'avant","description":"","publisher":{"@id":"https:\/\/footdavant.fr\/actualites\/#organization"},"potentialAction":[{"@type":"SearchAction","target":{"@type":"EntryPoint","urlTemplate":"https:\/\/footdavant.fr\/actualites\/?s={search_term_string}"},"query-input":"required name=search_term_string"}],"inLanguage":"fr-FR"},{"@type":"Organization","@id":"https:\/\/footdavant.fr\/actualites\/#organization","name":"Foot d'avant","url":"https:\/\/footdavant.fr\/actualites\/","logo":{"@type":"ImageObject","inLanguage":"fr-FR","@id":"https:\/\/footdavant.fr\/actualites\/#\/schema\/logo\/image\/","url":"https:\/\/footdavant.fr\/actualites\/wp-content\/uploads\/2023\/09\/Copy-of-FootDavant-Logo.png","contentUrl":"https:\/\/footdavant.fr\/actualites\/wp-content\/uploads\/2023\/09\/Copy-of-FootDavant-Logo.png","width":936,"height":549,"caption":"Foot d'avant"},"image":{"@id":"https:\/\/footdavant.fr\/actualites\/#\/schema\/logo\/image\/"},"sameAs":["https:\/\/www.facebook.com\/Footdavant\/","https:\/\/twitter.com\/FootdavantFr","https:\/\/www.instagram.com\/footdavant.fr\/"]},{"@type":"Person","@id":"https:\/\/footdavant.fr\/actualites\/#\/schema\/person\/bc222566d95871b37e597b3ed3ba5e1d","name":"Cl\u00e9ment","image":{"@type":"ImageObject","inLanguage":"fr-FR","@id":"https:\/\/footdavant.fr\/actualites\/#\/schema\/person\/image\/","url":"https:\/\/secure.gravatar.com\/avatar\/7728b29aac2719421e1a9159b2254c44?s=96&d=mm&r=g","contentUrl":"https:\/\/secure.gravatar.com\/avatar\/7728b29aac2719421e1a9159b2254c44?s=96&d=mm&r=g","caption":"Cl\u00e9ment"},"sameAs":["https:\/\/footdavant.fr\/"]}]}},"_links":{"self":[{"href":"https:\/\/footdavant.fr\/actualites\/wp-json\/wp\/v2\/posts\/27399"}],"collection":[{"href":"https:\/\/footdavant.fr\/actualites\/wp-json\/wp\/v2\/posts"}],"about":[{"href":"https:\/\/footdavant.fr\/actualites\/wp-json\/wp\/v2\/types\/post"}],"author":[{"embeddable":true,"href":"https:\/\/footdavant.fr\/actualites\/wp-json\/wp\/v2\/users\/1"}],"replies":[{"embeddable":true,"href":"https:\/\/footdavant.fr\/actualites\/wp-json\/wp\/v2\/comments?post=27399"}],"version-history":[{"count":1,"href":"https:\/\/footdavant.fr\/actualites\/wp-json\/wp\/v2\/posts\/27399\/revisions"}],"predecessor-version":[{"id":27401,"href":"https:\/\/footdavant.fr\/actualites\/wp-json\/wp\/v2\/posts\/27399\/revisions\/27401"}],"wp:featuredmedia":[{"embeddable":true,"href":"https:\/\/footdavant.fr\/actualites\/wp-json\/wp\/v2\/media\/27400"}],"wp:attachment":[{"href":"https:\/\/footdavant.fr\/actualites\/wp-json\/wp\/v2\/media?parent=27399"}],"wp:term":[{"taxonomy":"category","embeddable":true,"href":"https:\/\/footdavant.fr\/actualites\/wp-json\/wp\/v2\/categories?post=27399"},{"taxonomy":"post_tag","embeddable":true,"href":"https:\/\/footdavant.fr\/actualites\/wp-json\/wp\/v2\/tags?post=27399"}],"curies":[{"name":"wp","href":"https:\/\/api.w.org\/{rel}","templated":true}]}}