{"id":27402,"date":"2025-08-17T01:48:30","date_gmt":"2025-08-16T23:48:30","guid":{"rendered":"https:\/\/footdavant.fr\/actualites\/extraits-de-conference-de-presse-darteta-lecture-visualisation-supplementaire-du-samedi\/"},"modified":"2025-08-17T01:48:32","modified_gmt":"2025-08-16T23:48:32","slug":"extraits-de-conference-de-presse-darteta-lecture-visualisation-supplementaire-du-samedi","status":"publish","type":"post","link":"https:\/\/footdavant.fr\/actualites\/extraits-de-conference-de-presse-darteta-lecture-visualisation-supplementaire-du-samedi\/","title":{"rendered":"Extraits de conf\u00e9rence de presse d&#39;Arteta: lecture \/ visualisation suppl\u00e9mentaire du samedi"},"content":{"rendered":"<div>\n<p>Le matin, un tour d&#39;horizon rapide du samedi pour vous.<\/p>\n<p>Mikel Arteta a tenu sa premi\u00e8re conf\u00e9rence de presse d&#39;avant-match de la nouvelle saison. Vous pouvez lire tout ce qu&#39;il avait \u00e0 dire ici, et je pensais qu&#39;il y avait des extraits int\u00e9ressants. A demand\u00e9 de r\u00e9fl\u00e9chir \u00e0 la saison derni\u00e8re et \u00e0 ce que cela ressemblait \u00e0 son entr\u00e9e dans le nouveau, il a parl\u00e9 de certains des probl\u00e8mes que nous avons eu la derni\u00e8re fois, puis a dit:<\/p>\n<blockquote>\n<p>Apr\u00e8s cela, comment nous devons \u00e9galement \u00e9voluer, l&#39;\u00e9quipe, les individus, certains r\u00f4les qui ont chang\u00e9 et c&#39;est le moment de s&#39;\u00e9loigner de cela.<\/p>\n<\/blockquote>\n<p>Je pense que nous avons vu comment des joueurs comme Martin Zubimenddi et Viktor Gyokerres peuvent faciliter cette \u00e9volution &#8211; et la chronique tactique de Lewis d&#39;hier examine sp\u00e9cifiquement l&#39;international su\u00e9dois et comment il pourrait faire face \u00e0 une plainte que le manager avait la saison derni\u00e8re. Fait int\u00e9ressant, il a soulev\u00e9 cette question apr\u00e8s un match \u00e0 Old Trafford, donc les doigts ont travers\u00e9 Gyokerres peuvent avoir une influence positive \u00e0 cet \u00e9gard dimanche.<\/p>\n<p>Et apr\u00e8s la fin de trois deuxi\u00e8me place, comment Arteta consid\u00e8re-t-elle le d\u00e9fi de la saison \u00e0 venir?<\/p>\n<blockquote>\n<p>Vous continuez \u00e0 creuser, \u00e0 creuser, \u00e0 creuser. Vous devez continuer \u00e0 creuser car un jour, l&#39;or va \u00eatre l\u00e0. C&#39;est tout le temps, ce que j&#39;ai appris, j&#39;ai \u00e9t\u00e9 \u00e9duqu\u00e9 et c&#39;est tout.<\/p>\n<\/blockquote>\n<p>Quelle que soit la vue que vous pourriez avoir du manager, je ne pense pas que quiconque puisse douter de sa motivation et de son ambition. Il y a une inlassable qu&#39;il va devoir canaliser cette saison si nous voulons remporter le titre. Si cela signifie creuser la victoire apr\u00e8s la victoire apr\u00e8s la victoire pour frapper l&#39;or, alors tant pis. J&#39;esp\u00e8re que c&#39;est un peu plus confortable que cela, mais mon sentiment est que ce sera une course de titre de Premier League plus comp\u00e9titive, avec plus de deux chevaux. Trois chevaux, quatre chevaux, peut-\u00eatre m\u00eame un mulet en jus et un poney qui ne comprend pas trop o\u00f9 il se trouve. Et si c&#39;est comme \u00e7a, j&#39;ai l&#39;impression d&#39;avoir une meilleure chance qu&#39;un autre t\u00eate \u00e0 t\u00eate, mais ce pourrait \u00eatre juste moi.<\/p>\n<p>L&#39;autre morceau qui a attir\u00e9 mon attention a \u00e9t\u00e9 quand on lui a demand\u00e9 s&#39;il pensait qu&#39;il en avait assez dans la zone de milieu de terrain attaquante, avec Ethan Nwaneri, Martin Odegaard, Mikel Merino et potentiellement Kai Havertz. Sa r\u00e9ponse:<\/p>\n<blockquote>\n<p>Je pense que nous avons une grande polyvalence, des qualit\u00e9s tr\u00e8s diff\u00e9rentes par rapport \u00e0 l&#39;opposition. Nous pouvons manipuler cela et avoir une grande coh\u00e9sion au sein de ces unit\u00e9s. Donc, je suis tr\u00e8s content de \u00e7a.<\/p>\n<\/blockquote>\n<p>Cela pourrait d\u00e9cevoir ceux qui ont envie d&#39;Ebelechi Eze, mais il me semble vraiment que nous faisions de la place pour Nwaneri dans les zones centrales cette saison. J&#39;adore Eze en tant que joueur, et je comprends que les gens pourraient se sentir plus rassur\u00e9s avec un ajout exp\u00e9riment\u00e9 ici, mais s&#39;il entre, o\u00f9 et quand Ethan joue-t-il? J&#39;ai d\u00e9j\u00e0 mentionn\u00e9 que les trucs Eze se sont calm\u00e9s apr\u00e8s que le nouveau contrat de Nwaneri a \u00e9t\u00e9 convenu, et cela vous en dit beaucoup.<\/p>\n<p>S&#39;il doit y avoir un autre ajout, il ne peut que venir sur le c\u00f4t\u00e9 gauche, mais cela d\u00e9pend alors \u00e0 100% du d\u00e9part de l&#39;un de Leandro Trossard ou Gabriel Martinelli. Pour le moment, il n&#39;y a pas beaucoup de remuer l\u00e0-bas, mais les derni\u00e8res semaines de la fen\u00eatre peuvent voir les choses se d\u00e9placer un peu. Dans l&#39;\u00e9tat actuel des choses, l&#39;\u00e9quipe est trop grande, Andrea Berta est sur le march\u00e9 en essayant de d\u00e9placer des joueurs comme un poisson d&#39;une livre, mais jusqu&#39;\u00e0 pr\u00e9sent, personne ne mord.<\/p>\n<p>Si vous en voulez un peu plus d&#39;Arteta, il est ici avec Rog des hommes dans des blazers qui est g\u00e9n\u00e9ralement engageant &#8211; ce qui se sent toujours un peu en d\u00e9saccord avec Mikel lui-m\u00eame, mais il suscite toujours de bonnes choses du patron.<\/p>\n<p><a href=\"https:\/\/www.youtube.com\/watch?v=x8xzjubdgpk\">https:\/\/www.youtube.com\/watch?v=x8xzjubdgpk<\/a><\/p>\n<p>Pour une lecture suppl\u00e9mentaire ce matin, nous avons notre message de pr\u00e9visualisation de la grande saison, dans lequel Andrew Allen, Tim Stillman et moi-m\u00eame \u00e9valuons l&#39;\u00e9quipe, le commerce d&#39;\u00e9t\u00e9 et notre pr\u00e9paration pour un d\u00e9fi de titre (et esp\u00e9rons-le plus en plus). Faites une tasse de th\u00e9 et une tranche de pain grill\u00e9, et restez coinc\u00e9 dans les 5000 mots ici.<\/p>\n<p>Pour que quelque chose \u00e9coute ce matin, nous avons notre premier podcast d&#39;aper\u00e7u de la nouvelle saison sur Patreon en ce moment. Nous discutons de l&#39;\u00e9quipe, du jeu d&#39;ouverture, de l&#39;opposition et bien plus encore &#8211; et vous en obtenez un pour chaque jeu si vous \u00eates l&#39;un de nos membres de Patreon.<\/p>\n<p>Enfin pour ce matin, dans le blog d&#39;hier, j&#39;ai fait une petite blague sur les questions que Mikel Arteta pourrait \u00eatre pos\u00e9e lors de sa conf\u00e9rence de presse, en disant:<\/p>\n<\/p>\n<p>Comment toute la salle de presse n&#39;a pas \u00e9t\u00e9 emport\u00e9e dans un tsunami de grincer des dents apr\u00e8s avoir fait cela, je ne le saurai jamais!<\/p>\n<p>D&#39;accord, passez un bon samedi. Il y a des jeux d\u00e9cents pour rester coinc\u00e9s cet apr\u00e8s-midi, et je reviendrai demain avec un aper\u00e7u de l&#39;homme UTD.<\/p>\n<\/div>\n","protected":false},"excerpt":{"rendered":"<p>Le matin, un tour d&#39;horizon rapide du samedi pour vous. Mikel Arteta a tenu sa premi\u00e8re conf\u00e9rence de presse d&#39;avant-match de la nouvelle saison. Vous<\/p>\n","protected":false},"author":1,"featured_media":27403,"comment_status":"closed","ping_status":"","sticky":false,"template":"","format":"standard","meta":{"footnotes":""},"categories":[3],"tags":[1531,5135,7746,4363,1532,2135,4670,10226],"yoast_head":"<!-- This site is optimized with the Yoast SEO plugin v21.0 - https:\/\/yoast.com\/wordpress\/plugins\/seo\/ -->\n<title>Extraits de conf\u00e9rence de presse d&#039;Arteta: lecture \/ visualisation suppl\u00e9mentaire du samedi<\/title>\n<meta name=\"robots\" content=\"index, follow, max-snippet:-1, max-image-preview:large, max-video-preview:-1\" \/>\n<link rel=\"canonical\" href=\"https:\/\/footdavant.fr\/actualites\/extraits-de-conference-de-presse-darteta-lecture-visualisation-supplementaire-du-samedi\/\" \/>\n<meta property=\"og:locale\" content=\"fr_FR\" \/>\n<meta property=\"og:type\" content=\"article\" \/>\n<meta property=\"og:title\" content=\"Extraits de conf\u00e9rence de presse d&#039;Arteta: lecture \/ visualisation suppl\u00e9mentaire du samedi\" \/>\n<meta property=\"og:description\" content=\"Le matin, un tour d&#039;horizon rapide du samedi pour vous. Mikel Arteta a tenu sa premi\u00e8re conf\u00e9rence de presse d&#039;avant-match de la nouvelle saison. Vous\" \/>\n<meta property=\"og:url\" content=\"https:\/\/footdavant.fr\/actualites\/extraits-de-conference-de-presse-darteta-lecture-visualisation-supplementaire-du-samedi\/\" \/>\n<meta property=\"og:site_name\" content=\"Foot d&#039;avant\" \/>\n<meta property=\"article:publisher\" content=\"https:\/\/www.facebook.com\/Footdavant\/\" \/>\n<meta property=\"article:published_time\" content=\"2025-08-16T23:48:30+00:00\" \/>\n<meta property=\"article:modified_time\" content=\"2025-08-16T23:48:32+00:00\" \/>\n<meta property=\"og:image\" content=\"https:\/\/footdavant.fr\/actualites\/wp-content\/uploads\/2025\/08\/Extraits-de-conference-de-presse-d39Arteta-lecture-visualisation-supplementaire.jpg\" \/>\n\t<meta property=\"og:image:width\" content=\"1500\" \/>\n\t<meta property=\"og:image:height\" content=\"750\" \/>\n\t<meta property=\"og:image:type\" content=\"image\/jpeg\" \/>\n<meta name=\"author\" content=\"Cl\u00e9ment\" \/>\n<meta name=\"twitter:card\" content=\"summary_large_image\" \/>\n<meta name=\"twitter:creator\" content=\"@FootdavantFr\" \/>\n<meta name=\"twitter:site\" content=\"@FootdavantFr\" \/>\n<meta name=\"twitter:label1\" content=\"\u00c9crit par\" \/>\n\t<meta name=\"twitter:data1\" content=\"Cl\u00e9ment\" \/>\n\t<meta name=\"twitter:label2\" content=\"Dur\u00e9e de lecture estim\u00e9e\" \/>\n\t<meta name=\"twitter:data2\" content=\"5 minutes\" \/>\n<script type=\"application\/ld+json\" class=\"yoast-schema-graph\">{\"@context\":\"https:\/\/schema.org\",\"@graph\":[{\"@type\":\"Article\",\"@id\":\"https:\/\/footdavant.fr\/actualites\/extraits-de-conference-de-presse-darteta-lecture-visualisation-supplementaire-du-samedi\/#article\",\"isPartOf\":{\"@id\":\"https:\/\/footdavant.fr\/actualites\/extraits-de-conference-de-presse-darteta-lecture-visualisation-supplementaire-du-samedi\/\"},\"author\":{\"name\":\"Cl\u00e9ment\",\"@id\":\"https:\/\/footdavant.fr\/actualites\/#\/schema\/person\/bc222566d95871b37e597b3ed3ba5e1d\"},\"headline\":\"Extraits de conf\u00e9rence de presse d&#39;Arteta: lecture \/ visualisation suppl\u00e9mentaire du samedi\",\"datePublished\":\"2025-08-16T23:48:30+00:00\",\"dateModified\":\"2025-08-16T23:48:32+00:00\",\"mainEntityOfPage\":{\"@id\":\"https:\/\/footdavant.fr\/actualites\/extraits-de-conference-de-presse-darteta-lecture-visualisation-supplementaire-du-samedi\/\"},\"wordCount\":983,\"publisher\":{\"@id\":\"https:\/\/footdavant.fr\/actualites\/#organization\"},\"keywords\":[\"conf\u00e9rence\",\"d39Arteta\",\"Extraits\",\"Lecture\",\"presse\",\"samedi\",\"suppl\u00e9mentaire\",\"visualisation\"],\"articleSection\":[\"Football\"],\"inLanguage\":\"fr-FR\"},{\"@type\":\"WebPage\",\"@id\":\"https:\/\/footdavant.fr\/actualites\/extraits-de-conference-de-presse-darteta-lecture-visualisation-supplementaire-du-samedi\/\",\"url\":\"https:\/\/footdavant.fr\/actualites\/extraits-de-conference-de-presse-darteta-lecture-visualisation-supplementaire-du-samedi\/\",\"name\":\"Extraits de conf\u00e9rence de presse d&#39;Arteta: lecture \/ visualisation suppl\u00e9mentaire du samedi\",\"isPartOf\":{\"@id\":\"https:\/\/footdavant.fr\/actualites\/#website\"},\"datePublished\":\"2025-08-16T23:48:30+00:00\",\"dateModified\":\"2025-08-16T23:48:32+00:00\",\"breadcrumb\":{\"@id\":\"https:\/\/footdavant.fr\/actualites\/extraits-de-conference-de-presse-darteta-lecture-visualisation-supplementaire-du-samedi\/#breadcrumb\"},\"inLanguage\":\"fr-FR\",\"potentialAction\":[{\"@type\":\"ReadAction\",\"target\":[\"https:\/\/footdavant.fr\/actualites\/extraits-de-conference-de-presse-darteta-lecture-visualisation-supplementaire-du-samedi\/\"]}]},{\"@type\":\"BreadcrumbList\",\"@id\":\"https:\/\/footdavant.fr\/actualites\/extraits-de-conference-de-presse-darteta-lecture-visualisation-supplementaire-du-samedi\/#breadcrumb\",\"itemListElement\":[{\"@type\":\"ListItem\",\"position\":1,\"name\":\"Accueil\",\"item\":\"https:\/\/footdavant.fr\/actualites\/\"},{\"@type\":\"ListItem\",\"position\":2,\"name\":\"Extraits de conf\u00e9rence de presse d&#39;Arteta: lecture \/ visualisation suppl\u00e9mentaire du samedi\"}]},{\"@type\":\"WebSite\",\"@id\":\"https:\/\/footdavant.fr\/actualites\/#website\",\"url\":\"https:\/\/footdavant.fr\/actualites\/\",\"name\":\"Foot d'avant\",\"description\":\"\",\"publisher\":{\"@id\":\"https:\/\/footdavant.fr\/actualites\/#organization\"},\"potentialAction\":[{\"@type\":\"SearchAction\",\"target\":{\"@type\":\"EntryPoint\",\"urlTemplate\":\"https:\/\/footdavant.fr\/actualites\/?s={search_term_string}\"},\"query-input\":\"required name=search_term_string\"}],\"inLanguage\":\"fr-FR\"},{\"@type\":\"Organization\",\"@id\":\"https:\/\/footdavant.fr\/actualites\/#organization\",\"name\":\"Foot d'avant\",\"url\":\"https:\/\/footdavant.fr\/actualites\/\",\"logo\":{\"@type\":\"ImageObject\",\"inLanguage\":\"fr-FR\",\"@id\":\"https:\/\/footdavant.fr\/actualites\/#\/schema\/logo\/image\/\",\"url\":\"https:\/\/footdavant.fr\/actualites\/wp-content\/uploads\/2023\/09\/Copy-of-FootDavant-Logo.png\",\"contentUrl\":\"https:\/\/footdavant.fr\/actualites\/wp-content\/uploads\/2023\/09\/Copy-of-FootDavant-Logo.png\",\"width\":936,\"height\":549,\"caption\":\"Foot d'avant\"},\"image\":{\"@id\":\"https:\/\/footdavant.fr\/actualites\/#\/schema\/logo\/image\/\"},\"sameAs\":[\"https:\/\/www.facebook.com\/Footdavant\/\",\"https:\/\/twitter.com\/FootdavantFr\",\"https:\/\/www.instagram.com\/footdavant.fr\/\"]},{\"@type\":\"Person\",\"@id\":\"https:\/\/footdavant.fr\/actualites\/#\/schema\/person\/bc222566d95871b37e597b3ed3ba5e1d\",\"name\":\"Cl\u00e9ment\",\"image\":{\"@type\":\"ImageObject\",\"inLanguage\":\"fr-FR\",\"@id\":\"https:\/\/footdavant.fr\/actualites\/#\/schema\/person\/image\/\",\"url\":\"https:\/\/secure.gravatar.com\/avatar\/7728b29aac2719421e1a9159b2254c44?s=96&d=mm&r=g\",\"contentUrl\":\"https:\/\/secure.gravatar.com\/avatar\/7728b29aac2719421e1a9159b2254c44?s=96&d=mm&r=g\",\"caption\":\"Cl\u00e9ment\"},\"sameAs\":[\"https:\/\/footdavant.fr\/\"]}]}<\/script>\n<!-- \/ Yoast SEO plugin. -->","yoast_head_json":{"title":"Extraits de conf\u00e9rence de presse d&#39;Arteta: lecture \/ visualisation suppl\u00e9mentaire du samedi","robots":{"index":"index","follow":"follow","max-snippet":"max-snippet:-1","max-image-preview":"max-image-preview:large","max-video-preview":"max-video-preview:-1"},"canonical":"https:\/\/footdavant.fr\/actualites\/extraits-de-conference-de-presse-darteta-lecture-visualisation-supplementaire-du-samedi\/","og_locale":"fr_FR","og_type":"article","og_title":"Extraits de conf\u00e9rence de presse d&#39;Arteta: lecture \/ visualisation suppl\u00e9mentaire du samedi","og_description":"Le matin, un tour d&#39;horizon rapide du samedi pour vous. Mikel Arteta a tenu sa premi\u00e8re conf\u00e9rence de presse d&#39;avant-match de la nouvelle saison. Vous","og_url":"https:\/\/footdavant.fr\/actualites\/extraits-de-conference-de-presse-darteta-lecture-visualisation-supplementaire-du-samedi\/","og_site_name":"Foot d&#039;avant","article_publisher":"https:\/\/www.facebook.com\/Footdavant\/","article_published_time":"2025-08-16T23:48:30+00:00","article_modified_time":"2025-08-16T23:48:32+00:00","og_image":[{"width":1500,"height":750,"url":"https:\/\/footdavant.fr\/actualites\/wp-content\/uploads\/2025\/08\/Extraits-de-conference-de-presse-d39Arteta-lecture-visualisation-supplementaire.jpg","type":"image\/jpeg"}],"author":"Cl\u00e9ment","twitter_card":"summary_large_image","twitter_creator":"@FootdavantFr","twitter_site":"@FootdavantFr","twitter_misc":{"\u00c9crit par":"Cl\u00e9ment","Dur\u00e9e de lecture estim\u00e9e":"5 minutes"},"schema":{"@context":"https:\/\/schema.org","@graph":[{"@type":"Article","@id":"https:\/\/footdavant.fr\/actualites\/extraits-de-conference-de-presse-darteta-lecture-visualisation-supplementaire-du-samedi\/#article","isPartOf":{"@id":"https:\/\/footdavant.fr\/actualites\/extraits-de-conference-de-presse-darteta-lecture-visualisation-supplementaire-du-samedi\/"},"author":{"name":"Cl\u00e9ment","@id":"https:\/\/footdavant.fr\/actualites\/#\/schema\/person\/bc222566d95871b37e597b3ed3ba5e1d"},"headline":"Extraits de conf\u00e9rence de presse d&#39;Arteta: lecture \/ visualisation suppl\u00e9mentaire du samedi","datePublished":"2025-08-16T23:48:30+00:00","dateModified":"2025-08-16T23:48:32+00:00","mainEntityOfPage":{"@id":"https:\/\/footdavant.fr\/actualites\/extraits-de-conference-de-presse-darteta-lecture-visualisation-supplementaire-du-samedi\/"},"wordCount":983,"publisher":{"@id":"https:\/\/footdavant.fr\/actualites\/#organization"},"keywords":["conf\u00e9rence","d39Arteta","Extraits","Lecture","presse","samedi","suppl\u00e9mentaire","visualisation"],"articleSection":["Football"],"inLanguage":"fr-FR"},{"@type":"WebPage","@id":"https:\/\/footdavant.fr\/actualites\/extraits-de-conference-de-presse-darteta-lecture-visualisation-supplementaire-du-samedi\/","url":"https:\/\/footdavant.fr\/actualites\/extraits-de-conference-de-presse-darteta-lecture-visualisation-supplementaire-du-samedi\/","name":"Extraits de conf\u00e9rence de presse d&#39;Arteta: lecture \/ visualisation suppl\u00e9mentaire du samedi","isPartOf":{"@id":"https:\/\/footdavant.fr\/actualites\/#website"},"datePublished":"2025-08-16T23:48:30+00:00","dateModified":"2025-08-16T23:48:32+00:00","breadcrumb":{"@id":"https:\/\/footdavant.fr\/actualites\/extraits-de-conference-de-presse-darteta-lecture-visualisation-supplementaire-du-samedi\/#breadcrumb"},"inLanguage":"fr-FR","potentialAction":[{"@type":"ReadAction","target":["https:\/\/footdavant.fr\/actualites\/extraits-de-conference-de-presse-darteta-lecture-visualisation-supplementaire-du-samedi\/"]}]},{"@type":"BreadcrumbList","@id":"https:\/\/footdavant.fr\/actualites\/extraits-de-conference-de-presse-darteta-lecture-visualisation-supplementaire-du-samedi\/#breadcrumb","itemListElement":[{"@type":"ListItem","position":1,"name":"Accueil","item":"https:\/\/footdavant.fr\/actualites\/"},{"@type":"ListItem","position":2,"name":"Extraits de conf\u00e9rence de presse d&#39;Arteta: lecture \/ visualisation suppl\u00e9mentaire du samedi"}]},{"@type":"WebSite","@id":"https:\/\/footdavant.fr\/actualites\/#website","url":"https:\/\/footdavant.fr\/actualites\/","name":"Foot d'avant","description":"","publisher":{"@id":"https:\/\/footdavant.fr\/actualites\/#organization"},"potentialAction":[{"@type":"SearchAction","target":{"@type":"EntryPoint","urlTemplate":"https:\/\/footdavant.fr\/actualites\/?s={search_term_string}"},"query-input":"required name=search_term_string"}],"inLanguage":"fr-FR"},{"@type":"Organization","@id":"https:\/\/footdavant.fr\/actualites\/#organization","name":"Foot d'avant","url":"https:\/\/footdavant.fr\/actualites\/","logo":{"@type":"ImageObject","inLanguage":"fr-FR","@id":"https:\/\/footdavant.fr\/actualites\/#\/schema\/logo\/image\/","url":"https:\/\/footdavant.fr\/actualites\/wp-content\/uploads\/2023\/09\/Copy-of-FootDavant-Logo.png","contentUrl":"https:\/\/footdavant.fr\/actualites\/wp-content\/uploads\/2023\/09\/Copy-of-FootDavant-Logo.png","width":936,"height":549,"caption":"Foot d'avant"},"image":{"@id":"https:\/\/footdavant.fr\/actualites\/#\/schema\/logo\/image\/"},"sameAs":["https:\/\/www.facebook.com\/Footdavant\/","https:\/\/twitter.com\/FootdavantFr","https:\/\/www.instagram.com\/footdavant.fr\/"]},{"@type":"Person","@id":"https:\/\/footdavant.fr\/actualites\/#\/schema\/person\/bc222566d95871b37e597b3ed3ba5e1d","name":"Cl\u00e9ment","image":{"@type":"ImageObject","inLanguage":"fr-FR","@id":"https:\/\/footdavant.fr\/actualites\/#\/schema\/person\/image\/","url":"https:\/\/secure.gravatar.com\/avatar\/7728b29aac2719421e1a9159b2254c44?s=96&d=mm&r=g","contentUrl":"https:\/\/secure.gravatar.com\/avatar\/7728b29aac2719421e1a9159b2254c44?s=96&d=mm&r=g","caption":"Cl\u00e9ment"},"sameAs":["https:\/\/footdavant.fr\/"]}]}},"_links":{"self":[{"href":"https:\/\/footdavant.fr\/actualites\/wp-json\/wp\/v2\/posts\/27402"}],"collection":[{"href":"https:\/\/footdavant.fr\/actualites\/wp-json\/wp\/v2\/posts"}],"about":[{"href":"https:\/\/footdavant.fr\/actualites\/wp-json\/wp\/v2\/types\/post"}],"author":[{"embeddable":true,"href":"https:\/\/footdavant.fr\/actualites\/wp-json\/wp\/v2\/users\/1"}],"replies":[{"embeddable":true,"href":"https:\/\/footdavant.fr\/actualites\/wp-json\/wp\/v2\/comments?post=27402"}],"version-history":[{"count":1,"href":"https:\/\/footdavant.fr\/actualites\/wp-json\/wp\/v2\/posts\/27402\/revisions"}],"predecessor-version":[{"id":27404,"href":"https:\/\/footdavant.fr\/actualites\/wp-json\/wp\/v2\/posts\/27402\/revisions\/27404"}],"wp:featuredmedia":[{"embeddable":true,"href":"https:\/\/footdavant.fr\/actualites\/wp-json\/wp\/v2\/media\/27403"}],"wp:attachment":[{"href":"https:\/\/footdavant.fr\/actualites\/wp-json\/wp\/v2\/media?parent=27402"}],"wp:term":[{"taxonomy":"category","embeddable":true,"href":"https:\/\/footdavant.fr\/actualites\/wp-json\/wp\/v2\/categories?post=27402"},{"taxonomy":"post_tag","embeddable":true,"href":"https:\/\/footdavant.fr\/actualites\/wp-json\/wp\/v2\/tags?post=27402"}],"curies":[{"name":"wp","href":"https:\/\/api.w.org\/{rel}","templated":true}]}}