{"id":27408,"date":"2025-08-17T05:48:06","date_gmt":"2025-08-17T03:48:06","guid":{"rendered":"https:\/\/footdavant.fr\/actualites\/antoine-semenyo-partage-le-premier-post-sur-lincident-raciste-pendant-le-jeu-de-liverpool\/"},"modified":"2025-08-17T05:48:07","modified_gmt":"2025-08-17T03:48:07","slug":"antoine-semenyo-partage-le-premier-post-sur-lincident-raciste-pendant-le-jeu-de-liverpool","status":"publish","type":"post","link":"https:\/\/footdavant.fr\/actualites\/antoine-semenyo-partage-le-premier-post-sur-lincident-raciste-pendant-le-jeu-de-liverpool\/","title":{"rendered":"Antoine Semenyo partage le premier post sur l&#39;incident raciste pendant le jeu de Liverpool"},"content":{"rendered":"<div id=\"article-body\">\n<!-- Article Start --><\/p>\n<p>Une d\u00e9faite 4-2 contre Liverpool \u00e0 Anfield a toujours repr\u00e9sent\u00e9 un sommet personnel pour l&#39;international du Ghana, alors qu&#39;il a s\u00e9duit le public avec une attelle sensationnelle contre les hommes d&#39;Arne Slot.<\/p>\n<p>Mais une longue ombre a \u00e9t\u00e9 malheureusement jet\u00e9e sur l&#39;\u00e9v\u00e9nement apr\u00e8s que l&#39;ailier de Bournemouth a \u00e9t\u00e9 soumis \u00e0 des abus raciaux en premi\u00e8re mi-temps.<\/p>\n<h2>Antoine Semenyo remercie les fans de Liverpool dans un message post-Bournimouth<\/h2>\n<figure class=\"wp-caption alignnone\"><picture><source type=\"image\/webp\" data- data-><\/source><\/picture><\/figure>\n<p>Il va sans dire que toute la communaut\u00e9 de Liverpool (et de football plus large) est solidaire avec Semenyo.<\/p>\n<p>S&#39;exprimant apr\u00e8s l&#39;affrontement, l&#39;entra\u00eeneur-chef de Liverpool, Arne Slot, a d\u00e9clar\u00e9 aux journalistes: <\/p>\n<p>Le N\u00e9erlandais a ensuite lou\u00e9 le personnage de l&#39;homme large des Cherries apr\u00e8s avoir endur\u00e9 un \u00e9v\u00e9nement aussi horrible: <\/p>\n<p><iframe class=\"lazyload\" style=\"border: none; overflow: hidden;\" data-src=\"https:\/\/www.facebook.com\/plugins\/video.php?height=476&amp;href=https%3A%2F%2Fwww.facebook.com%2Freel%2F1281957363379674%2F&amp;show_text=true&amp;width=267&amp;t=0\" width=\"267\" height=\"591\" frameborder=\"0\" scrolling=\"no\" allowfullscreen=\"allowfullscreen\"><\/iframe><\/p>\n<p>Cela montre \u00e0 quel point la force de personnage de Semenyo est remarquable, \u00e9tant donn\u00e9 que l&#39;attaquant de la Premier League \u00e9tait d\u00e9sireux de remercier publiquement les fans et les joueurs de Liverpool pour leur \u00e9mission de soutien.<\/p>\n<blockquote class=\"twitter-lazy tweet-img lazyload\" data-width=\"500\" data-dnt=\"true\">\n<p lang=\"en\" dir=\"ltr\">Hier soir \u00e0 Anfield, restera avec moi pour toujours &#8211; non pas \u00e0 cause des mots d&#39;une personne, mais \u00e0 cause de la fa\u00e7on dont toute la famille de football s&#39;est tenue ensemble.<\/p>\n<p>\u00c0 mon <a rel=\"nofollow\" href=\"https:\/\/twitter.com\/afcbournemouth?ref_src=twsrc%5Etfw\">@afcbournemouth<\/a>  Des co\u00e9quipiers qui m&#39;ont soutenu \u00e0 ce moment-l\u00e0, au <a rel=\"nofollow\" href=\"https:\/\/twitter.com\/LiverpoolFC?ref_src=twsrc%5Etfw\">@LiverPoolfc<\/a>  Les joueurs et les fans qui ont montr\u00e9 leur vrai\u2026 <a rel=\"nofollow\" href=\"https:\/\/t.co\/6sNyv3vROK\">pic.twitter.com\/6snyv3vrok<\/a><\/p>\n<p>&#8211; Antoine Semenyo (@ Semenyo924) <a rel=\"nofollow\" href=\"https:\/\/twitter.com\/semenyo924\/status\/1956671986781794747?ref_src=twsrc%5Etfw\">16 ao\u00fbt 2025<\/a><\/p>\n<\/blockquote>\n<p>Nous sommes toujours compl\u00e8tement mortifi\u00e9s par le fait qu&#39;un suppos\u00e9 \u00abfan\u00bb de Liverpool pourrait pr\u00e9senter de telles opinions putrides dans la sph\u00e8re publique.<\/p>\n<p>Il va sans dire que nous esp\u00e9rons que le poids total de la loi est mis \u00e0 porter contre l&#39;individu.<\/p>\n<p>Nous sommes compl\u00e8tement avec Antoine.<\/p>\n<h2>Semenyo a \u00e9t\u00e9 abus\u00e9 de race par un fan de Liverpool<\/h2>\n<p>Anthony Taylor n&#39;a pas tard\u00e9 \u00e0 suspendre le jeu une fois que les rapports sont pass\u00e9s que Semenyo avait fait l&#39;objet de violences raciales.<\/p>\n<p>Le ventilateur incrimin\u00e9 en question aurait ensuite \u00e9t\u00e9 escort\u00e9 hors du sol par la police du Merseyside.<\/p>\n<p>Le Liverpool Football Club a rapidement publi\u00e9 une d\u00e9claration sur l&#39;incident apr\u00e8s le coup de sifflet \u00e0 temps plein, par lequel ils ont condamn\u00e9 le racisme et la discrimination dans le sport.<\/p>\n<p><!-- Article End -->\t\t\t\t<\/div>\n<p><script async src=\"https:\/\/platform.twitter.com\/widgets.js\" charset=\"utf-8\"><\/script><\/p>\n","protected":false},"excerpt":{"rendered":"<p>Une d\u00e9faite 4-2 contre Liverpool \u00e0 Anfield a toujours repr\u00e9sent\u00e9 un sommet personnel pour l&#39;international du Ghana, alors qu&#39;il a s\u00e9duit le public avec une<\/p>\n","protected":false},"author":1,"featured_media":27409,"comment_status":"closed","ping_status":"","sticky":false,"template":"","format":"standard","meta":{"footnotes":""},"categories":[3],"tags":[860,840,4293,53,1587,131,9543,201,10227,6775,103],"yoast_head":"<!-- This site is optimized with the Yoast SEO plugin v21.0 - https:\/\/yoast.com\/wordpress\/plugins\/seo\/ -->\n<title>Antoine Semenyo partage le premier post sur l&#039;incident raciste pendant le jeu de Liverpool<\/title>\n<meta name=\"robots\" content=\"index, follow, max-snippet:-1, max-image-preview:large, max-video-preview:-1\" \/>\n<link rel=\"canonical\" href=\"https:\/\/footdavant.fr\/actualites\/antoine-semenyo-partage-le-premier-post-sur-lincident-raciste-pendant-le-jeu-de-liverpool\/\" \/>\n<meta property=\"og:locale\" content=\"fr_FR\" \/>\n<meta property=\"og:type\" content=\"article\" \/>\n<meta property=\"og:title\" content=\"Antoine Semenyo partage le premier post sur l&#039;incident raciste pendant le jeu de Liverpool\" \/>\n<meta property=\"og:description\" content=\"Une d\u00e9faite 4-2 contre Liverpool \u00e0 Anfield a toujours repr\u00e9sent\u00e9 un sommet personnel pour l&#039;international du Ghana, alors qu&#039;il a s\u00e9duit le public avec une\" \/>\n<meta property=\"og:url\" content=\"https:\/\/footdavant.fr\/actualites\/antoine-semenyo-partage-le-premier-post-sur-lincident-raciste-pendant-le-jeu-de-liverpool\/\" \/>\n<meta property=\"og:site_name\" content=\"Foot d&#039;avant\" \/>\n<meta property=\"article:publisher\" content=\"https:\/\/www.facebook.com\/Footdavant\/\" \/>\n<meta property=\"article:published_time\" content=\"2025-08-17T03:48:06+00:00\" \/>\n<meta property=\"article:modified_time\" content=\"2025-08-17T03:48:07+00:00\" \/>\n<meta property=\"og:image\" content=\"https:\/\/footdavant.fr\/actualites\/wp-content\/uploads\/2025\/08\/1755402486_Antoine-Semenyo-partage-le-premier-post-sur-l39incident-raciste-pendant.jpg\" \/>\n\t<meta property=\"og:image:width\" content=\"1200\" \/>\n\t<meta property=\"og:image:height\" content=\"675\" \/>\n\t<meta property=\"og:image:type\" content=\"image\/jpeg\" \/>\n<meta name=\"author\" content=\"Cl\u00e9ment\" \/>\n<meta name=\"twitter:card\" content=\"summary_large_image\" \/>\n<meta name=\"twitter:creator\" content=\"@FootdavantFr\" \/>\n<meta name=\"twitter:site\" content=\"@FootdavantFr\" \/>\n<meta name=\"twitter:label1\" content=\"\u00c9crit par\" \/>\n\t<meta name=\"twitter:data1\" content=\"Cl\u00e9ment\" \/>\n\t<meta name=\"twitter:label2\" content=\"Dur\u00e9e de lecture estim\u00e9e\" \/>\n\t<meta name=\"twitter:data2\" content=\"2 minutes\" \/>\n<script type=\"application\/ld+json\" class=\"yoast-schema-graph\">{\"@context\":\"https:\/\/schema.org\",\"@graph\":[{\"@type\":\"Article\",\"@id\":\"https:\/\/footdavant.fr\/actualites\/antoine-semenyo-partage-le-premier-post-sur-lincident-raciste-pendant-le-jeu-de-liverpool\/#article\",\"isPartOf\":{\"@id\":\"https:\/\/footdavant.fr\/actualites\/antoine-semenyo-partage-le-premier-post-sur-lincident-raciste-pendant-le-jeu-de-liverpool\/\"},\"author\":{\"name\":\"Cl\u00e9ment\",\"@id\":\"https:\/\/footdavant.fr\/actualites\/#\/schema\/person\/bc222566d95871b37e597b3ed3ba5e1d\"},\"headline\":\"Antoine Semenyo partage le premier post sur l&#39;incident raciste pendant le jeu de Liverpool\",\"datePublished\":\"2025-08-17T03:48:06+00:00\",\"dateModified\":\"2025-08-17T03:48:07+00:00\",\"mainEntityOfPage\":{\"@id\":\"https:\/\/footdavant.fr\/actualites\/antoine-semenyo-partage-le-premier-post-sur-lincident-raciste-pendant-le-jeu-de-liverpool\/\"},\"wordCount\":402,\"publisher\":{\"@id\":\"https:\/\/footdavant.fr\/actualites\/#organization\"},\"keywords\":[\"Antoine\",\"jeu\",\"l39incident\",\"Liverpool\",\"partage\",\"pendant\",\"Post\",\"Premier\",\"raciste\",\"Semenyo\",\"sur\"],\"articleSection\":[\"Football\"],\"inLanguage\":\"fr-FR\"},{\"@type\":\"WebPage\",\"@id\":\"https:\/\/footdavant.fr\/actualites\/antoine-semenyo-partage-le-premier-post-sur-lincident-raciste-pendant-le-jeu-de-liverpool\/\",\"url\":\"https:\/\/footdavant.fr\/actualites\/antoine-semenyo-partage-le-premier-post-sur-lincident-raciste-pendant-le-jeu-de-liverpool\/\",\"name\":\"Antoine Semenyo partage le premier post sur l&#39;incident raciste pendant le jeu de Liverpool\",\"isPartOf\":{\"@id\":\"https:\/\/footdavant.fr\/actualites\/#website\"},\"datePublished\":\"2025-08-17T03:48:06+00:00\",\"dateModified\":\"2025-08-17T03:48:07+00:00\",\"breadcrumb\":{\"@id\":\"https:\/\/footdavant.fr\/actualites\/antoine-semenyo-partage-le-premier-post-sur-lincident-raciste-pendant-le-jeu-de-liverpool\/#breadcrumb\"},\"inLanguage\":\"fr-FR\",\"potentialAction\":[{\"@type\":\"ReadAction\",\"target\":[\"https:\/\/footdavant.fr\/actualites\/antoine-semenyo-partage-le-premier-post-sur-lincident-raciste-pendant-le-jeu-de-liverpool\/\"]}]},{\"@type\":\"BreadcrumbList\",\"@id\":\"https:\/\/footdavant.fr\/actualites\/antoine-semenyo-partage-le-premier-post-sur-lincident-raciste-pendant-le-jeu-de-liverpool\/#breadcrumb\",\"itemListElement\":[{\"@type\":\"ListItem\",\"position\":1,\"name\":\"Accueil\",\"item\":\"https:\/\/footdavant.fr\/actualites\/\"},{\"@type\":\"ListItem\",\"position\":2,\"name\":\"Antoine Semenyo partage le premier post sur l&#39;incident raciste pendant le jeu de Liverpool\"}]},{\"@type\":\"WebSite\",\"@id\":\"https:\/\/footdavant.fr\/actualites\/#website\",\"url\":\"https:\/\/footdavant.fr\/actualites\/\",\"name\":\"Foot d'avant\",\"description\":\"\",\"publisher\":{\"@id\":\"https:\/\/footdavant.fr\/actualites\/#organization\"},\"potentialAction\":[{\"@type\":\"SearchAction\",\"target\":{\"@type\":\"EntryPoint\",\"urlTemplate\":\"https:\/\/footdavant.fr\/actualites\/?s={search_term_string}\"},\"query-input\":\"required name=search_term_string\"}],\"inLanguage\":\"fr-FR\"},{\"@type\":\"Organization\",\"@id\":\"https:\/\/footdavant.fr\/actualites\/#organization\",\"name\":\"Foot d'avant\",\"url\":\"https:\/\/footdavant.fr\/actualites\/\",\"logo\":{\"@type\":\"ImageObject\",\"inLanguage\":\"fr-FR\",\"@id\":\"https:\/\/footdavant.fr\/actualites\/#\/schema\/logo\/image\/\",\"url\":\"https:\/\/footdavant.fr\/actualites\/wp-content\/uploads\/2023\/09\/Copy-of-FootDavant-Logo.png\",\"contentUrl\":\"https:\/\/footdavant.fr\/actualites\/wp-content\/uploads\/2023\/09\/Copy-of-FootDavant-Logo.png\",\"width\":936,\"height\":549,\"caption\":\"Foot d'avant\"},\"image\":{\"@id\":\"https:\/\/footdavant.fr\/actualites\/#\/schema\/logo\/image\/\"},\"sameAs\":[\"https:\/\/www.facebook.com\/Footdavant\/\",\"https:\/\/twitter.com\/FootdavantFr\",\"https:\/\/www.instagram.com\/footdavant.fr\/\"]},{\"@type\":\"Person\",\"@id\":\"https:\/\/footdavant.fr\/actualites\/#\/schema\/person\/bc222566d95871b37e597b3ed3ba5e1d\",\"name\":\"Cl\u00e9ment\",\"image\":{\"@type\":\"ImageObject\",\"inLanguage\":\"fr-FR\",\"@id\":\"https:\/\/footdavant.fr\/actualites\/#\/schema\/person\/image\/\",\"url\":\"https:\/\/secure.gravatar.com\/avatar\/7728b29aac2719421e1a9159b2254c44?s=96&d=mm&r=g\",\"contentUrl\":\"https:\/\/secure.gravatar.com\/avatar\/7728b29aac2719421e1a9159b2254c44?s=96&d=mm&r=g\",\"caption\":\"Cl\u00e9ment\"},\"sameAs\":[\"https:\/\/footdavant.fr\/\"]}]}<\/script>\n<!-- \/ Yoast SEO plugin. -->","yoast_head_json":{"title":"Antoine Semenyo partage le premier post sur l&#39;incident raciste pendant le jeu de Liverpool","robots":{"index":"index","follow":"follow","max-snippet":"max-snippet:-1","max-image-preview":"max-image-preview:large","max-video-preview":"max-video-preview:-1"},"canonical":"https:\/\/footdavant.fr\/actualites\/antoine-semenyo-partage-le-premier-post-sur-lincident-raciste-pendant-le-jeu-de-liverpool\/","og_locale":"fr_FR","og_type":"article","og_title":"Antoine Semenyo partage le premier post sur l&#39;incident raciste pendant le jeu de Liverpool","og_description":"Une d\u00e9faite 4-2 contre Liverpool \u00e0 Anfield a toujours repr\u00e9sent\u00e9 un sommet personnel pour l&#39;international du Ghana, alors qu&#39;il a s\u00e9duit le public avec une","og_url":"https:\/\/footdavant.fr\/actualites\/antoine-semenyo-partage-le-premier-post-sur-lincident-raciste-pendant-le-jeu-de-liverpool\/","og_site_name":"Foot d&#039;avant","article_publisher":"https:\/\/www.facebook.com\/Footdavant\/","article_published_time":"2025-08-17T03:48:06+00:00","article_modified_time":"2025-08-17T03:48:07+00:00","og_image":[{"width":1200,"height":675,"url":"https:\/\/footdavant.fr\/actualites\/wp-content\/uploads\/2025\/08\/1755402486_Antoine-Semenyo-partage-le-premier-post-sur-l39incident-raciste-pendant.jpg","type":"image\/jpeg"}],"author":"Cl\u00e9ment","twitter_card":"summary_large_image","twitter_creator":"@FootdavantFr","twitter_site":"@FootdavantFr","twitter_misc":{"\u00c9crit par":"Cl\u00e9ment","Dur\u00e9e de lecture estim\u00e9e":"2 minutes"},"schema":{"@context":"https:\/\/schema.org","@graph":[{"@type":"Article","@id":"https:\/\/footdavant.fr\/actualites\/antoine-semenyo-partage-le-premier-post-sur-lincident-raciste-pendant-le-jeu-de-liverpool\/#article","isPartOf":{"@id":"https:\/\/footdavant.fr\/actualites\/antoine-semenyo-partage-le-premier-post-sur-lincident-raciste-pendant-le-jeu-de-liverpool\/"},"author":{"name":"Cl\u00e9ment","@id":"https:\/\/footdavant.fr\/actualites\/#\/schema\/person\/bc222566d95871b37e597b3ed3ba5e1d"},"headline":"Antoine Semenyo partage le premier post sur l&#39;incident raciste pendant le jeu de Liverpool","datePublished":"2025-08-17T03:48:06+00:00","dateModified":"2025-08-17T03:48:07+00:00","mainEntityOfPage":{"@id":"https:\/\/footdavant.fr\/actualites\/antoine-semenyo-partage-le-premier-post-sur-lincident-raciste-pendant-le-jeu-de-liverpool\/"},"wordCount":402,"publisher":{"@id":"https:\/\/footdavant.fr\/actualites\/#organization"},"keywords":["Antoine","jeu","l39incident","Liverpool","partage","pendant","Post","Premier","raciste","Semenyo","sur"],"articleSection":["Football"],"inLanguage":"fr-FR"},{"@type":"WebPage","@id":"https:\/\/footdavant.fr\/actualites\/antoine-semenyo-partage-le-premier-post-sur-lincident-raciste-pendant-le-jeu-de-liverpool\/","url":"https:\/\/footdavant.fr\/actualites\/antoine-semenyo-partage-le-premier-post-sur-lincident-raciste-pendant-le-jeu-de-liverpool\/","name":"Antoine Semenyo partage le premier post sur l&#39;incident raciste pendant le jeu de Liverpool","isPartOf":{"@id":"https:\/\/footdavant.fr\/actualites\/#website"},"datePublished":"2025-08-17T03:48:06+00:00","dateModified":"2025-08-17T03:48:07+00:00","breadcrumb":{"@id":"https:\/\/footdavant.fr\/actualites\/antoine-semenyo-partage-le-premier-post-sur-lincident-raciste-pendant-le-jeu-de-liverpool\/#breadcrumb"},"inLanguage":"fr-FR","potentialAction":[{"@type":"ReadAction","target":["https:\/\/footdavant.fr\/actualites\/antoine-semenyo-partage-le-premier-post-sur-lincident-raciste-pendant-le-jeu-de-liverpool\/"]}]},{"@type":"BreadcrumbList","@id":"https:\/\/footdavant.fr\/actualites\/antoine-semenyo-partage-le-premier-post-sur-lincident-raciste-pendant-le-jeu-de-liverpool\/#breadcrumb","itemListElement":[{"@type":"ListItem","position":1,"name":"Accueil","item":"https:\/\/footdavant.fr\/actualites\/"},{"@type":"ListItem","position":2,"name":"Antoine Semenyo partage le premier post sur l&#39;incident raciste pendant le jeu de Liverpool"}]},{"@type":"WebSite","@id":"https:\/\/footdavant.fr\/actualites\/#website","url":"https:\/\/footdavant.fr\/actualites\/","name":"Foot d'avant","description":"","publisher":{"@id":"https:\/\/footdavant.fr\/actualites\/#organization"},"potentialAction":[{"@type":"SearchAction","target":{"@type":"EntryPoint","urlTemplate":"https:\/\/footdavant.fr\/actualites\/?s={search_term_string}"},"query-input":"required name=search_term_string"}],"inLanguage":"fr-FR"},{"@type":"Organization","@id":"https:\/\/footdavant.fr\/actualites\/#organization","name":"Foot d'avant","url":"https:\/\/footdavant.fr\/actualites\/","logo":{"@type":"ImageObject","inLanguage":"fr-FR","@id":"https:\/\/footdavant.fr\/actualites\/#\/schema\/logo\/image\/","url":"https:\/\/footdavant.fr\/actualites\/wp-content\/uploads\/2023\/09\/Copy-of-FootDavant-Logo.png","contentUrl":"https:\/\/footdavant.fr\/actualites\/wp-content\/uploads\/2023\/09\/Copy-of-FootDavant-Logo.png","width":936,"height":549,"caption":"Foot d'avant"},"image":{"@id":"https:\/\/footdavant.fr\/actualites\/#\/schema\/logo\/image\/"},"sameAs":["https:\/\/www.facebook.com\/Footdavant\/","https:\/\/twitter.com\/FootdavantFr","https:\/\/www.instagram.com\/footdavant.fr\/"]},{"@type":"Person","@id":"https:\/\/footdavant.fr\/actualites\/#\/schema\/person\/bc222566d95871b37e597b3ed3ba5e1d","name":"Cl\u00e9ment","image":{"@type":"ImageObject","inLanguage":"fr-FR","@id":"https:\/\/footdavant.fr\/actualites\/#\/schema\/person\/image\/","url":"https:\/\/secure.gravatar.com\/avatar\/7728b29aac2719421e1a9159b2254c44?s=96&d=mm&r=g","contentUrl":"https:\/\/secure.gravatar.com\/avatar\/7728b29aac2719421e1a9159b2254c44?s=96&d=mm&r=g","caption":"Cl\u00e9ment"},"sameAs":["https:\/\/footdavant.fr\/"]}]}},"_links":{"self":[{"href":"https:\/\/footdavant.fr\/actualites\/wp-json\/wp\/v2\/posts\/27408"}],"collection":[{"href":"https:\/\/footdavant.fr\/actualites\/wp-json\/wp\/v2\/posts"}],"about":[{"href":"https:\/\/footdavant.fr\/actualites\/wp-json\/wp\/v2\/types\/post"}],"author":[{"embeddable":true,"href":"https:\/\/footdavant.fr\/actualites\/wp-json\/wp\/v2\/users\/1"}],"replies":[{"embeddable":true,"href":"https:\/\/footdavant.fr\/actualites\/wp-json\/wp\/v2\/comments?post=27408"}],"version-history":[{"count":1,"href":"https:\/\/footdavant.fr\/actualites\/wp-json\/wp\/v2\/posts\/27408\/revisions"}],"predecessor-version":[{"id":27410,"href":"https:\/\/footdavant.fr\/actualites\/wp-json\/wp\/v2\/posts\/27408\/revisions\/27410"}],"wp:featuredmedia":[{"embeddable":true,"href":"https:\/\/footdavant.fr\/actualites\/wp-json\/wp\/v2\/media\/27409"}],"wp:attachment":[{"href":"https:\/\/footdavant.fr\/actualites\/wp-json\/wp\/v2\/media?parent=27408"}],"wp:term":[{"taxonomy":"category","embeddable":true,"href":"https:\/\/footdavant.fr\/actualites\/wp-json\/wp\/v2\/categories?post=27408"},{"taxonomy":"post_tag","embeddable":true,"href":"https:\/\/footdavant.fr\/actualites\/wp-json\/wp\/v2\/tags?post=27408"}],"curies":[{"name":"wp","href":"https:\/\/api.w.org\/{rel}","templated":true}]}}