{"id":27413,"date":"2025-08-17T09:48:44","date_gmt":"2025-08-17T07:48:44","guid":{"rendered":"https:\/\/footdavant.fr\/actualites\/linitie-de-la-nfl-a-qualifie-laudition-disciplinaire-retardee-de-rashee-rice-odd\/"},"modified":"2025-08-17T09:48:44","modified_gmt":"2025-08-17T07:48:44","slug":"linitie-de-la-nfl-a-qualifie-laudition-disciplinaire-retardee-de-rashee-rice-odd","status":"publish","type":"post","link":"https:\/\/footdavant.fr\/actualites\/linitie-de-la-nfl-a-qualifie-laudition-disciplinaire-retardee-de-rashee-rice-odd\/","title":{"rendered":"L&#39;initi\u00e9 de la NFL a qualifi\u00e9 l&#39;audition disciplinaire retard\u00e9e de Rashee Rice &#39;Odd&#39;"},"content":{"rendered":"<div>\n<p>Cependant, la NFL a pr\u00e9vu l&#39;audience disciplinaire de Rashee Rice pour le 30 septembre. Le rendant commod\u00e9ment disponible pour les quatre premiers matchs des Chiefs. Ils font face aux chargeurs, aux aigles, aux g\u00e9ants et aux corbeaux. L&#39;initi\u00e9 de la NFL, Mike Florio, a appel\u00e9 \u00ab\u00a0Odd\u00a0\u00bb que la ligue attend que la saison ait commenc\u00e9 pour son audience disciplinaire.<\/p>\n<h2>L&#39;audience disciplinaire retard\u00e9e de Rashee Rice a soulev\u00e9 des questions autour de la NFL<\/h2>\n<blockquote class=\"twitter-tweet\">\n<p dir=\"ltr\" lang=\"en\">Jordan Addison et Rashee Rice ont plaid\u00e9 coupable le m\u00eame jour. Addison manquera les trois premiers matchs de la saison. Rice sera disponible pour quatre (et probablement cinq) jeux de haut niveau. Source: \u00ab\u00a0Peut-\u00eatre que je suis un th\u00e9oricien du complot, mais c&#39;est \u00e9trange.\u00a0\u00bb https:\/\/t.co\/dot47aszdv<\/p>\n<p>&#8211; ProootballTalk (@profootballtalk) <a rel=\"nofollow\" href=\"https:\/\/twitter.com\/ProFootballTalk\/status\/1956158152069513392?ref_src=twsrc%5Etfw\">15 ao\u00fbt 2025<\/a><\/p>\n<\/blockquote>\n<p>Mike Florio de NBC Sports n&#39;est pas votre initi\u00e9 typique de la NFL. Il pratiquait le droit depuis 18 ans et a depuis fait carri\u00e8re dans les m\u00e9dias sportifs. Florio plonge profond\u00e9ment dans les rapports et les histoires pour trouver la v\u00e9rit\u00e9. Jeudi, Florio a publi\u00e9 un article d\u00e9taillant l&#39;audience disciplinaire retard\u00e9e de Rashee Rice.<\/p>\n<p>Il a d\u00e9taill\u00e9 que les Vikings WR Jordan Addison avaient \u00e9t\u00e9 cit\u00e9s pour un DUI et ont plaid\u00e9 coupable le 17 juillet. C&#39;\u00e9tait le m\u00eame jour que les chefs WR Rashee Rice ont plaid\u00e9 coupable \u00e0 une paire de crimes. Malgr\u00e9 une accusation de d\u00e9lit moindre, Addison a \u00e9t\u00e9 suspendu par la NFL avant le riz. Le jeune WR du Minnesota manquera les trois premiers matchs de la saison 2025.<\/p>\n<blockquote class=\"twitter-tweet\">\n<p dir=\"ltr\" lang=\"en\">Mike Florio a pes\u00e9 sur ce qu&#39;il croit que la longueur de la suspension de Rashee Rice sera.<\/p>\n<p>via | <a rel=\"nofollow\" href=\"https:\/\/twitter.com\/ProFootballTalk?ref_src=twsrc%5Etfw\">@Profootballtalk<\/a> <a rel=\"nofollow\" href=\"https:\/\/t.co\/LIq37YxUqD\">pic.twitter.com\/liq37yxuqd<\/a><\/p>\n<p>&#8211; Starcade Media (@starcademediakc) <a rel=\"nofollow\" href=\"https:\/\/twitter.com\/StarcadeMediaKC\/status\/1954644599064191476?ref_src=twsrc%5Etfw\">10 ao\u00fbt 2025<\/a><\/p>\n<\/blockquote>\n<p>Alors qu&#39;Addison est sorti, Rashee Rice est commod\u00e9ment disponible pour Kansas City. L&#39;initi\u00e9 de la NFL, Mike Florio, ne comprend pas pourquoi la ligue a retard\u00e9 l&#39;audience disciplinaire de Rice. Il a fait valoir que la ligue s&#39;assure que Rice est disponible pour les trois matchs de haut niveau que les Chiefs ont au cours des quatre premi\u00e8res semaines. Kansas City commence la saison sur la route au Br\u00e9sil pour un match de site neutre avec les Chargers.<\/p>\n<p>Au cours de la semaine 2, les Chiefs sont \u00e0 la maison pour affronter les Eagles de Philadelphie, un match revanche du Super Bowl. Pour la semaine 3, les Chiefs sont de retour \u00e0 la maison pour affronter Lamar Jackson et les Ravens de Baltimore. Rashee Rice sera disponible pour tous ces concours. Mike Florio a rapport\u00e9 qu&#39;il pensait que la suspension de Rashee Rice aurait six \u00e0 dix semaines. Nous saurons combien de temps Rice manquera quand il aura son audience disciplinaire le 30 septembre.<\/p>\n<\/p><\/div>\n<p><script async src=\"https:\/\/platform.twitter.com\/widgets.js\" charset=\"utf-8\"><\/script><\/p>\n","protected":false},"excerpt":{"rendered":"<p>Cependant, la NFL a pr\u00e9vu l&#39;audience disciplinaire de Rashee Rice pour le 30 septembre. Le rendant commod\u00e9ment disponible pour les quatre premiers matchs des Chiefs.<\/p>\n","protected":false},"author":1,"featured_media":27414,"comment_status":"closed","ping_status":"","sticky":false,"template":"","format":"standard","meta":{"footnotes":""},"categories":[3],"tags":[10231,819,10229,10228,636,907,6345,10230,1337],"yoast_head":"<!-- This site is optimized with the Yoast SEO plugin v21.0 - https:\/\/yoast.com\/wordpress\/plugins\/seo\/ -->\n<title>L&#039;initi\u00e9 de la NFL a qualifi\u00e9 l&#039;audition disciplinaire retard\u00e9e de Rashee Rice &#039;Odd&#039;<\/title>\n<meta name=\"robots\" content=\"index, follow, max-snippet:-1, max-image-preview:large, max-video-preview:-1\" \/>\n<link rel=\"canonical\" href=\"https:\/\/footdavant.fr\/actualites\/linitie-de-la-nfl-a-qualifie-laudition-disciplinaire-retardee-de-rashee-rice-odd\/\" \/>\n<meta property=\"og:locale\" content=\"fr_FR\" \/>\n<meta property=\"og:type\" content=\"article\" \/>\n<meta property=\"og:title\" content=\"L&#039;initi\u00e9 de la NFL a qualifi\u00e9 l&#039;audition disciplinaire retard\u00e9e de Rashee Rice &#039;Odd&#039;\" \/>\n<meta property=\"og:description\" content=\"Cependant, la NFL a pr\u00e9vu l&#039;audience disciplinaire de Rashee Rice pour le 30 septembre. Le rendant commod\u00e9ment disponible pour les quatre premiers matchs des Chiefs.\" \/>\n<meta property=\"og:url\" content=\"https:\/\/footdavant.fr\/actualites\/linitie-de-la-nfl-a-qualifie-laudition-disciplinaire-retardee-de-rashee-rice-odd\/\" \/>\n<meta property=\"og:site_name\" content=\"Foot d&#039;avant\" \/>\n<meta property=\"article:publisher\" content=\"https:\/\/www.facebook.com\/Footdavant\/\" \/>\n<meta property=\"article:published_time\" content=\"2025-08-17T07:48:44+00:00\" \/>\n<meta property=\"og:image\" content=\"https:\/\/footdavant.fr\/actualites\/wp-content\/uploads\/2025\/08\/L39initie-de-la-NFL-a-qualifie-l39audition-disciplinaire-retardee-de.jpg\" \/>\n\t<meta property=\"og:image:width\" content=\"696\" \/>\n\t<meta property=\"og:image:height\" content=\"464\" \/>\n\t<meta property=\"og:image:type\" content=\"image\/jpeg\" \/>\n<meta name=\"author\" content=\"Cl\u00e9ment\" \/>\n<meta name=\"twitter:card\" content=\"summary_large_image\" \/>\n<meta name=\"twitter:creator\" content=\"@FootdavantFr\" \/>\n<meta name=\"twitter:site\" content=\"@FootdavantFr\" \/>\n<meta name=\"twitter:label1\" content=\"\u00c9crit par\" \/>\n\t<meta name=\"twitter:data1\" content=\"Cl\u00e9ment\" \/>\n\t<meta name=\"twitter:label2\" content=\"Dur\u00e9e de lecture estim\u00e9e\" \/>\n\t<meta name=\"twitter:data2\" content=\"2 minutes\" \/>\n<script type=\"application\/ld+json\" class=\"yoast-schema-graph\">{\"@context\":\"https:\/\/schema.org\",\"@graph\":[{\"@type\":\"Article\",\"@id\":\"https:\/\/footdavant.fr\/actualites\/linitie-de-la-nfl-a-qualifie-laudition-disciplinaire-retardee-de-rashee-rice-odd\/#article\",\"isPartOf\":{\"@id\":\"https:\/\/footdavant.fr\/actualites\/linitie-de-la-nfl-a-qualifie-laudition-disciplinaire-retardee-de-rashee-rice-odd\/\"},\"author\":{\"name\":\"Cl\u00e9ment\",\"@id\":\"https:\/\/footdavant.fr\/actualites\/#\/schema\/person\/bc222566d95871b37e597b3ed3ba5e1d\"},\"headline\":\"L&#39;initi\u00e9 de la NFL a qualifi\u00e9 l&#39;audition disciplinaire retard\u00e9e de Rashee Rice &#39;Odd&#39;\",\"datePublished\":\"2025-08-17T07:48:44+00:00\",\"dateModified\":\"2025-08-17T07:48:44+00:00\",\"mainEntityOfPage\":{\"@id\":\"https:\/\/footdavant.fr\/actualites\/linitie-de-la-nfl-a-qualifie-laudition-disciplinaire-retardee-de-rashee-rice-odd\/\"},\"wordCount\":485,\"publisher\":{\"@id\":\"https:\/\/footdavant.fr\/actualites\/#organization\"},\"keywords\":[\"39Odd39\",\"disciplinaire\",\"l39audition\",\"L39initi\u00e9\",\"NFL\",\"qualifie\",\"Rashee\",\"retard\u00e9e\",\"Rice\"],\"articleSection\":[\"Football\"],\"inLanguage\":\"fr-FR\"},{\"@type\":\"WebPage\",\"@id\":\"https:\/\/footdavant.fr\/actualites\/linitie-de-la-nfl-a-qualifie-laudition-disciplinaire-retardee-de-rashee-rice-odd\/\",\"url\":\"https:\/\/footdavant.fr\/actualites\/linitie-de-la-nfl-a-qualifie-laudition-disciplinaire-retardee-de-rashee-rice-odd\/\",\"name\":\"L&#39;initi\u00e9 de la NFL a qualifi\u00e9 l&#39;audition disciplinaire retard\u00e9e de Rashee Rice &#39;Odd&#39;\",\"isPartOf\":{\"@id\":\"https:\/\/footdavant.fr\/actualites\/#website\"},\"datePublished\":\"2025-08-17T07:48:44+00:00\",\"dateModified\":\"2025-08-17T07:48:44+00:00\",\"breadcrumb\":{\"@id\":\"https:\/\/footdavant.fr\/actualites\/linitie-de-la-nfl-a-qualifie-laudition-disciplinaire-retardee-de-rashee-rice-odd\/#breadcrumb\"},\"inLanguage\":\"fr-FR\",\"potentialAction\":[{\"@type\":\"ReadAction\",\"target\":[\"https:\/\/footdavant.fr\/actualites\/linitie-de-la-nfl-a-qualifie-laudition-disciplinaire-retardee-de-rashee-rice-odd\/\"]}]},{\"@type\":\"BreadcrumbList\",\"@id\":\"https:\/\/footdavant.fr\/actualites\/linitie-de-la-nfl-a-qualifie-laudition-disciplinaire-retardee-de-rashee-rice-odd\/#breadcrumb\",\"itemListElement\":[{\"@type\":\"ListItem\",\"position\":1,\"name\":\"Accueil\",\"item\":\"https:\/\/footdavant.fr\/actualites\/\"},{\"@type\":\"ListItem\",\"position\":2,\"name\":\"L&#39;initi\u00e9 de la NFL a qualifi\u00e9 l&#39;audition disciplinaire retard\u00e9e de Rashee Rice &#39;Odd&#39;\"}]},{\"@type\":\"WebSite\",\"@id\":\"https:\/\/footdavant.fr\/actualites\/#website\",\"url\":\"https:\/\/footdavant.fr\/actualites\/\",\"name\":\"Foot d'avant\",\"description\":\"\",\"publisher\":{\"@id\":\"https:\/\/footdavant.fr\/actualites\/#organization\"},\"potentialAction\":[{\"@type\":\"SearchAction\",\"target\":{\"@type\":\"EntryPoint\",\"urlTemplate\":\"https:\/\/footdavant.fr\/actualites\/?s={search_term_string}\"},\"query-input\":\"required name=search_term_string\"}],\"inLanguage\":\"fr-FR\"},{\"@type\":\"Organization\",\"@id\":\"https:\/\/footdavant.fr\/actualites\/#organization\",\"name\":\"Foot d'avant\",\"url\":\"https:\/\/footdavant.fr\/actualites\/\",\"logo\":{\"@type\":\"ImageObject\",\"inLanguage\":\"fr-FR\",\"@id\":\"https:\/\/footdavant.fr\/actualites\/#\/schema\/logo\/image\/\",\"url\":\"https:\/\/footdavant.fr\/actualites\/wp-content\/uploads\/2023\/09\/Copy-of-FootDavant-Logo.png\",\"contentUrl\":\"https:\/\/footdavant.fr\/actualites\/wp-content\/uploads\/2023\/09\/Copy-of-FootDavant-Logo.png\",\"width\":936,\"height\":549,\"caption\":\"Foot d'avant\"},\"image\":{\"@id\":\"https:\/\/footdavant.fr\/actualites\/#\/schema\/logo\/image\/\"},\"sameAs\":[\"https:\/\/www.facebook.com\/Footdavant\/\",\"https:\/\/twitter.com\/FootdavantFr\",\"https:\/\/www.instagram.com\/footdavant.fr\/\"]},{\"@type\":\"Person\",\"@id\":\"https:\/\/footdavant.fr\/actualites\/#\/schema\/person\/bc222566d95871b37e597b3ed3ba5e1d\",\"name\":\"Cl\u00e9ment\",\"image\":{\"@type\":\"ImageObject\",\"inLanguage\":\"fr-FR\",\"@id\":\"https:\/\/footdavant.fr\/actualites\/#\/schema\/person\/image\/\",\"url\":\"https:\/\/secure.gravatar.com\/avatar\/7728b29aac2719421e1a9159b2254c44?s=96&d=mm&r=g\",\"contentUrl\":\"https:\/\/secure.gravatar.com\/avatar\/7728b29aac2719421e1a9159b2254c44?s=96&d=mm&r=g\",\"caption\":\"Cl\u00e9ment\"},\"sameAs\":[\"https:\/\/footdavant.fr\/\"]}]}<\/script>\n<!-- \/ Yoast SEO plugin. -->","yoast_head_json":{"title":"L&#39;initi\u00e9 de la NFL a qualifi\u00e9 l&#39;audition disciplinaire retard\u00e9e de Rashee Rice &#39;Odd&#39;","robots":{"index":"index","follow":"follow","max-snippet":"max-snippet:-1","max-image-preview":"max-image-preview:large","max-video-preview":"max-video-preview:-1"},"canonical":"https:\/\/footdavant.fr\/actualites\/linitie-de-la-nfl-a-qualifie-laudition-disciplinaire-retardee-de-rashee-rice-odd\/","og_locale":"fr_FR","og_type":"article","og_title":"L&#39;initi\u00e9 de la NFL a qualifi\u00e9 l&#39;audition disciplinaire retard\u00e9e de Rashee Rice &#39;Odd&#39;","og_description":"Cependant, la NFL a pr\u00e9vu l&#39;audience disciplinaire de Rashee Rice pour le 30 septembre. Le rendant commod\u00e9ment disponible pour les quatre premiers matchs des Chiefs.","og_url":"https:\/\/footdavant.fr\/actualites\/linitie-de-la-nfl-a-qualifie-laudition-disciplinaire-retardee-de-rashee-rice-odd\/","og_site_name":"Foot d&#039;avant","article_publisher":"https:\/\/www.facebook.com\/Footdavant\/","article_published_time":"2025-08-17T07:48:44+00:00","og_image":[{"width":696,"height":464,"url":"https:\/\/footdavant.fr\/actualites\/wp-content\/uploads\/2025\/08\/L39initie-de-la-NFL-a-qualifie-l39audition-disciplinaire-retardee-de.jpg","type":"image\/jpeg"}],"author":"Cl\u00e9ment","twitter_card":"summary_large_image","twitter_creator":"@FootdavantFr","twitter_site":"@FootdavantFr","twitter_misc":{"\u00c9crit par":"Cl\u00e9ment","Dur\u00e9e de lecture estim\u00e9e":"2 minutes"},"schema":{"@context":"https:\/\/schema.org","@graph":[{"@type":"Article","@id":"https:\/\/footdavant.fr\/actualites\/linitie-de-la-nfl-a-qualifie-laudition-disciplinaire-retardee-de-rashee-rice-odd\/#article","isPartOf":{"@id":"https:\/\/footdavant.fr\/actualites\/linitie-de-la-nfl-a-qualifie-laudition-disciplinaire-retardee-de-rashee-rice-odd\/"},"author":{"name":"Cl\u00e9ment","@id":"https:\/\/footdavant.fr\/actualites\/#\/schema\/person\/bc222566d95871b37e597b3ed3ba5e1d"},"headline":"L&#39;initi\u00e9 de la NFL a qualifi\u00e9 l&#39;audition disciplinaire retard\u00e9e de Rashee Rice &#39;Odd&#39;","datePublished":"2025-08-17T07:48:44+00:00","dateModified":"2025-08-17T07:48:44+00:00","mainEntityOfPage":{"@id":"https:\/\/footdavant.fr\/actualites\/linitie-de-la-nfl-a-qualifie-laudition-disciplinaire-retardee-de-rashee-rice-odd\/"},"wordCount":485,"publisher":{"@id":"https:\/\/footdavant.fr\/actualites\/#organization"},"keywords":["39Odd39","disciplinaire","l39audition","L39initi\u00e9","NFL","qualifie","Rashee","retard\u00e9e","Rice"],"articleSection":["Football"],"inLanguage":"fr-FR"},{"@type":"WebPage","@id":"https:\/\/footdavant.fr\/actualites\/linitie-de-la-nfl-a-qualifie-laudition-disciplinaire-retardee-de-rashee-rice-odd\/","url":"https:\/\/footdavant.fr\/actualites\/linitie-de-la-nfl-a-qualifie-laudition-disciplinaire-retardee-de-rashee-rice-odd\/","name":"L&#39;initi\u00e9 de la NFL a qualifi\u00e9 l&#39;audition disciplinaire retard\u00e9e de Rashee Rice &#39;Odd&#39;","isPartOf":{"@id":"https:\/\/footdavant.fr\/actualites\/#website"},"datePublished":"2025-08-17T07:48:44+00:00","dateModified":"2025-08-17T07:48:44+00:00","breadcrumb":{"@id":"https:\/\/footdavant.fr\/actualites\/linitie-de-la-nfl-a-qualifie-laudition-disciplinaire-retardee-de-rashee-rice-odd\/#breadcrumb"},"inLanguage":"fr-FR","potentialAction":[{"@type":"ReadAction","target":["https:\/\/footdavant.fr\/actualites\/linitie-de-la-nfl-a-qualifie-laudition-disciplinaire-retardee-de-rashee-rice-odd\/"]}]},{"@type":"BreadcrumbList","@id":"https:\/\/footdavant.fr\/actualites\/linitie-de-la-nfl-a-qualifie-laudition-disciplinaire-retardee-de-rashee-rice-odd\/#breadcrumb","itemListElement":[{"@type":"ListItem","position":1,"name":"Accueil","item":"https:\/\/footdavant.fr\/actualites\/"},{"@type":"ListItem","position":2,"name":"L&#39;initi\u00e9 de la NFL a qualifi\u00e9 l&#39;audition disciplinaire retard\u00e9e de Rashee Rice &#39;Odd&#39;"}]},{"@type":"WebSite","@id":"https:\/\/footdavant.fr\/actualites\/#website","url":"https:\/\/footdavant.fr\/actualites\/","name":"Foot d'avant","description":"","publisher":{"@id":"https:\/\/footdavant.fr\/actualites\/#organization"},"potentialAction":[{"@type":"SearchAction","target":{"@type":"EntryPoint","urlTemplate":"https:\/\/footdavant.fr\/actualites\/?s={search_term_string}"},"query-input":"required name=search_term_string"}],"inLanguage":"fr-FR"},{"@type":"Organization","@id":"https:\/\/footdavant.fr\/actualites\/#organization","name":"Foot d'avant","url":"https:\/\/footdavant.fr\/actualites\/","logo":{"@type":"ImageObject","inLanguage":"fr-FR","@id":"https:\/\/footdavant.fr\/actualites\/#\/schema\/logo\/image\/","url":"https:\/\/footdavant.fr\/actualites\/wp-content\/uploads\/2023\/09\/Copy-of-FootDavant-Logo.png","contentUrl":"https:\/\/footdavant.fr\/actualites\/wp-content\/uploads\/2023\/09\/Copy-of-FootDavant-Logo.png","width":936,"height":549,"caption":"Foot d'avant"},"image":{"@id":"https:\/\/footdavant.fr\/actualites\/#\/schema\/logo\/image\/"},"sameAs":["https:\/\/www.facebook.com\/Footdavant\/","https:\/\/twitter.com\/FootdavantFr","https:\/\/www.instagram.com\/footdavant.fr\/"]},{"@type":"Person","@id":"https:\/\/footdavant.fr\/actualites\/#\/schema\/person\/bc222566d95871b37e597b3ed3ba5e1d","name":"Cl\u00e9ment","image":{"@type":"ImageObject","inLanguage":"fr-FR","@id":"https:\/\/footdavant.fr\/actualites\/#\/schema\/person\/image\/","url":"https:\/\/secure.gravatar.com\/avatar\/7728b29aac2719421e1a9159b2254c44?s=96&d=mm&r=g","contentUrl":"https:\/\/secure.gravatar.com\/avatar\/7728b29aac2719421e1a9159b2254c44?s=96&d=mm&r=g","caption":"Cl\u00e9ment"},"sameAs":["https:\/\/footdavant.fr\/"]}]}},"_links":{"self":[{"href":"https:\/\/footdavant.fr\/actualites\/wp-json\/wp\/v2\/posts\/27413"}],"collection":[{"href":"https:\/\/footdavant.fr\/actualites\/wp-json\/wp\/v2\/posts"}],"about":[{"href":"https:\/\/footdavant.fr\/actualites\/wp-json\/wp\/v2\/types\/post"}],"author":[{"embeddable":true,"href":"https:\/\/footdavant.fr\/actualites\/wp-json\/wp\/v2\/users\/1"}],"replies":[{"embeddable":true,"href":"https:\/\/footdavant.fr\/actualites\/wp-json\/wp\/v2\/comments?post=27413"}],"version-history":[{"count":1,"href":"https:\/\/footdavant.fr\/actualites\/wp-json\/wp\/v2\/posts\/27413\/revisions"}],"predecessor-version":[{"id":27415,"href":"https:\/\/footdavant.fr\/actualites\/wp-json\/wp\/v2\/posts\/27413\/revisions\/27415"}],"wp:featuredmedia":[{"embeddable":true,"href":"https:\/\/footdavant.fr\/actualites\/wp-json\/wp\/v2\/media\/27414"}],"wp:attachment":[{"href":"https:\/\/footdavant.fr\/actualites\/wp-json\/wp\/v2\/media?parent=27413"}],"wp:term":[{"taxonomy":"category","embeddable":true,"href":"https:\/\/footdavant.fr\/actualites\/wp-json\/wp\/v2\/categories?post=27413"},{"taxonomy":"post_tag","embeddable":true,"href":"https:\/\/footdavant.fr\/actualites\/wp-json\/wp\/v2\/tags?post=27413"}],"curies":[{"name":"wp","href":"https:\/\/api.w.org\/{rel}","templated":true}]}}