{"id":27422,"date":"2025-08-17T14:48:35","date_gmt":"2025-08-17T12:48:35","guid":{"rendered":"https:\/\/footdavant.fr\/actualites\/apercu-red-star-belgrade-vs-pafos-fc-prediction-news-news-lignals\/"},"modified":"2025-08-17T14:48:36","modified_gmt":"2025-08-17T12:48:36","slug":"apercu-red-star-belgrade-vs-pafos-fc-prediction-news-news-lignals","status":"publish","type":"post","link":"https:\/\/footdavant.fr\/actualites\/apercu-red-star-belgrade-vs-pafos-fc-prediction-news-news-lignals\/","title":{"rendered":"Aper\u00e7u: Red Star Belgrade vs Pafos FC &#8211; Pr\u00e9diction, News News, LIGNALS"},"content":{"rendered":"<p>Sports Mole pr\u00e9visualise les \u00e9liminatoires de la Ligue des champions de mardi entre la star du Red Belgrade et le Pafos FC, y compris les pr\u00e9dictions, les nouvelles de l&#39;\u00e9quipe et les alignements possibles.<\/p>\n<div id=\"article_body\" itemprop=\"articleBody\">\n<p>\u00c0 un pas de la terre promise, <strong class=\"autotag\">Red Star Belgrade et <strong class=\"autotag\">Pafos FC se mettra en t\u00eate-\u00e0-t\u00eate pour une place dans le <strong class=\"autotag\">La Ligue des champions, en commen\u00e7ant par la premi\u00e8re \u00e9tape de mardi en Serbie.<\/p>\n<p>Apr\u00e8s avoir pass\u00e9 deux tours pr\u00e9c\u00e9dents, ils se rencontrent maintenant en s\u00e9ries \u00e9liminatoires, avec un prix tr\u00e8s convoit\u00e9 en jeu.<\/p>\n<p><\/p>\n<h2>Aper\u00e7u de correspondance<\/h2>\n<p>Red Star a termin\u00e9 29e dans la phase de ligue inaugurale de la Ligue des champions la saison derni\u00e8re &#8211; battant les jeunes gar\u00e7ons et Stuttgart &#8211; et ils ne sont plus qu&#39;\u00e0 deux matchs d&#39;un retour imm\u00e9diat.<\/p>\n<p>Apr\u00e8s avoir pass\u00e9 le pass\u00e9 Lincoln Red Imps avec une victoire globale de 6-1 au deuxi\u00e8me tour, ils se sont rapproch\u00e9s d&#39;une troisi\u00e8me apparition cons\u00e9cutive dans la comp\u00e9tition proprement dite en battant Lech Poznan plus t\u00f4t ce mois-ci.<\/p>\n<p>Les champions serbes se sont mis en contr\u00f4le avec une impressionnante victoire 3-1 en Pologne, avant de jouer un match nul 1-1 \u00e0 Belgrade malgr\u00e9 le passage \u00e0 10 hommes.<\/p>\n<p>B\u00e9n\u00e9ficiant d&#39;un record parfait et d&#39;une diff\u00e9rence de buts de plus apr\u00e8s quatre matchs de leur derni\u00e8re d\u00e9fense du titre int\u00e9rieur, <strong class=\"autotag\">Les hommes de Vladan Milojevic ont ensuite battu Mladost Lucani 4-1 dans la Superliga le week-end dernier.<\/p>\n<p>Non seulement Crvena Zvezda est invaincue dans 15 matchs de comp\u00e9tition dans toutes les comp\u00e9titions, mais ils ont \u00e9galement une s\u00e9quence invaincue de 17 matchs \u00e0 d\u00e9fendre &#8211; donc une visite au c\u00e9l\u00e8bre \u00ab\u00a0 Marakana &#39;&#39; n&#39;est jamais simple.<\/p>\n<p class=\"imgI\">\n<p>Alors que les h\u00f4tes de mardi sont de vieilles mains &#8211; et ont m\u00eame lev\u00e9 le meilleur troph\u00e9e europ\u00e9en en 1991 &#8211; Pafos fait ses d\u00e9buts en Ligue des champions cette ann\u00e9e. <\/p>\n<p>En fait, ce n&#39;est que leur deuxi\u00e8me saison dans la comp\u00e9tition de l&#39;UEFA, ayant \u00e9crit l&#39;histoire en atteignant la phase de KO \u00e0 \u00e9limination directe de la Ligue de conf\u00e9rence le trimestre dernier.<\/p>\n<p>Apr\u00e8s avoir battu MacCabi Tel Aviv 2-1 sur les agr\u00e9gats lors du deuxi\u00e8me tour de qualification, les champions chypriotes ont ensuite \u00e9limin\u00e9 le Dynamo Kyiv d\u00e9but ao\u00fbt, remportant \u00e0 la maison et \u00e0 l&#39;ext\u00e9rieur tout en gardant deux feuilles propres. <\/p>\n<p>Apr\u00e8s un succ\u00e8s 1-0 en premi\u00e8re \u00e9tape, ils ont manqu\u00e9 2-0 vainqueurs \u00e0 domicile, avec <strong class=\"autotag\">Mallav orsic et <strong class=\"autotag\">Joao Correia obtient tous deux leur nom sur la feuille de match.<\/p>\n<p>Alors que la ligue chypriote n&#39;a pas encore d\u00e9but\u00e9, <strong class=\"autotag\">L&#39;\u00e9quipe de Juan Carlos Carcedo est invaincue en 10 matchs datant de la saison derni\u00e8re, donc ils ne seront pas en moins de confiance malgr\u00e9 un manque relatif d&#39;exp\u00e9rience.<\/p>\n<p class=\"bM8\">Formulaire de la Red Star Belgrade Champions League: wwwd<\/p>\n<p class=\"bM8\">Formulaire Red Star Belgrade (toutes les comp\u00e9titions): wwwwdw<\/p>\n<p class=\"bM8\">Formulaire Pafos FC Champions League: DWWW<\/p>\n<hr>\n<p><\/p>\n<h2>Nouvelles de l&#39;\u00e9quipe<\/h2>\n<p class=\"imgI\">\n<p>Red Star a fortement tourn\u00e9 son \u00e9quipe entre les matchs de la Ligue nationale et de la Ligue des champions cet \u00e9t\u00e9, donc Vladan Milojevic reviendra \u00e0 nouveau \u00e0 sa programmation la plus forte. <\/p>\n<p>Matheus Magalhaes devrait revenir entre les messages, tandis que &#8211; malgr\u00e9 l&#39;attaquant v\u00e9t\u00e9ran Aleksandar Katai en tenant un tripl\u00e9 vendredi &#8211; Cherif Ndiaye devrait commencer. Ce dernier s&#39;associe g\u00e9n\u00e9ralement \u00e0 <strong class=\"autotag\">Bruno Duarte, qui a marqu\u00e9 trois fois dans les qualifications europ\u00e9ennes jusqu&#39;\u00e0 pr\u00e9sent.<\/p>\n<p>Cependant, le d\u00e9fenseur central br\u00e9silien <strong class=\"autotag\">Rodrigao sera suspendu apr\u00e8s son carton rouge contre Lech Poznan et son ex-milan <strong class=\"autotag\">Rade Krunic est mis \u00e0 l&#39;\u00e9cart en raison de r\u00e9servations accumul\u00e9es.<\/p>\n<p>Milieu de terrain PAFOS <strong class=\"autotag\">Domingos Quina doit \u00e9galement servir une interdiction, mais Juan Carlos Carcedo a encore beaucoup d&#39;options \u00e0 choisir dans son \u00e9quipe multinationale. Le gardien de but Neofytos Michail et l&#39;arri\u00e8re gauche Kostas Pileas pourraient \u00e0 nouveau \u00eatre les seuls partants chypriotes.<\/p>\n<p>Jaja, Anderson Silva et l&#39;attaquant su\u00e9dois Muamer Tankovic sont tous en lice pour la s\u00e9lection en attaque, avec un soutien \u00e9ventuellement fourni par Mislav Orsic et ex-ailier <strong class=\"autotag\">Vlad Dragomir.<\/p>\n<p>Red Star Belgrade Possible LIGNAGE DE D\u00c9MARRAGE: Matheus; Seol, Veljkovic, Lekovic, Tiknizyan; Elsnik, Kostov; Milson, Duarte, Olayinka; Ndiaye<\/p>\n<p>PAFOS FC LIGNAGE DE D\u00c9MARRAGE POSSIBLE: Michail; Bruno, Luckassen, Goldar, Pileas; Pepe, Sunjic; Correia, Dragomir, Orsic; Tankovic<\/p>\n<p class=\"sm_center\">\n<h2 class=\"sm_center\">Nous disons: Red Star Belgrade 2-1 Pafos FC<\/h2>\n<p>Compte tenu de leur record \u00e0 domicile remarquable, Red Star doit \u00eatre favoris pour prendre les devants \u00e0 Chypre apr\u00e8s le match aller de cette semaine.<\/p>\n<p>Les deux \u00e9quipes poss\u00e8dent des ressources profondes dans le dernier tiers, donc il peut y avoir plusieurs buts \u00e0 travers le match nul &#8211; en commen\u00e7ant par trois mardi.<\/p>\n<p>Pour l&#39;analyse des donn\u00e9es des r\u00e9sultats les plus probables, les scores et plus encore pour cette correspondance, veuillez cliquer ici.<\/p>\n<p><\/p>\n<div class=\"author_box\">\n<div class=\"author_box_banner\"> <\/div>\n<\/div>\n<h2>Aper\u00e7u par e-mail<\/h2>\n<div>Cliquez ici pour recevoir les e-mails quotidiens de Sports Mole des aper\u00e7us et des pr\u00e9dictions pour chaque jeu majeur!<\/div>\n<p><\/div>\n","protected":false},"excerpt":{"rendered":"<p>Sports Mole pr\u00e9visualise les \u00e9liminatoires de la Ligue des champions de mardi entre la star du Red Belgrade et le Pafos FC, y compris les<\/p>\n","protected":false},"author":1,"featured_media":27423,"comment_status":"closed","ping_status":"","sticky":false,"template":"","format":"standard","meta":{"footnotes":""},"categories":[4],"tags":[284,437,7819,409,9983,3917,536,1621],"yoast_head":"<!-- This site is optimized with the Yoast SEO plugin v21.0 - https:\/\/yoast.com\/wordpress\/plugins\/seo\/ -->\n<title>Aper\u00e7u: Red Star Belgrade vs Pafos FC - Pr\u00e9diction, News News, LIGNALS<\/title>\n<meta name=\"robots\" content=\"index, follow, max-snippet:-1, max-image-preview:large, max-video-preview:-1\" \/>\n<link rel=\"canonical\" href=\"https:\/\/footdavant.fr\/actualites\/apercu-red-star-belgrade-vs-pafos-fc-prediction-news-news-lignals\/\" \/>\n<meta property=\"og:locale\" content=\"fr_FR\" \/>\n<meta property=\"og:type\" content=\"article\" \/>\n<meta property=\"og:title\" content=\"Aper\u00e7u: Red Star Belgrade vs Pafos FC - Pr\u00e9diction, News News, LIGNALS\" \/>\n<meta property=\"og:description\" content=\"Sports Mole pr\u00e9visualise les \u00e9liminatoires de la Ligue des champions de mardi entre la star du Red Belgrade et le Pafos FC, y compris les\" \/>\n<meta property=\"og:url\" content=\"https:\/\/footdavant.fr\/actualites\/apercu-red-star-belgrade-vs-pafos-fc-prediction-news-news-lignals\/\" \/>\n<meta property=\"og:site_name\" content=\"Foot d&#039;avant\" \/>\n<meta property=\"article:publisher\" content=\"https:\/\/www.facebook.com\/Footdavant\/\" \/>\n<meta property=\"article:published_time\" content=\"2025-08-17T12:48:35+00:00\" \/>\n<meta property=\"article:modified_time\" content=\"2025-08-17T12:48:36+00:00\" \/>\n<meta property=\"og:image\" content=\"https:\/\/footdavant.fr\/actualites\/wp-content\/uploads\/2025\/08\/Apercu-Red-Star-Belgrade-vs-Pafos-FC-Prediction-News.jpg\" \/>\n\t<meta property=\"og:image:width\" content=\"640\" \/>\n\t<meta property=\"og:image:height\" content=\"480\" \/>\n\t<meta property=\"og:image:type\" content=\"image\/jpeg\" \/>\n<meta name=\"author\" content=\"Cl\u00e9ment\" \/>\n<meta name=\"twitter:card\" content=\"summary_large_image\" \/>\n<meta name=\"twitter:creator\" content=\"@FootdavantFr\" \/>\n<meta name=\"twitter:site\" content=\"@FootdavantFr\" \/>\n<meta name=\"twitter:label1\" content=\"\u00c9crit par\" \/>\n\t<meta name=\"twitter:data1\" content=\"Cl\u00e9ment\" \/>\n\t<meta name=\"twitter:label2\" content=\"Dur\u00e9e de lecture estim\u00e9e\" \/>\n\t<meta name=\"twitter:data2\" content=\"4 minutes\" \/>\n<script type=\"application\/ld+json\" class=\"yoast-schema-graph\">{\"@context\":\"https:\/\/schema.org\",\"@graph\":[{\"@type\":\"Article\",\"@id\":\"https:\/\/footdavant.fr\/actualites\/apercu-red-star-belgrade-vs-pafos-fc-prediction-news-news-lignals\/#article\",\"isPartOf\":{\"@id\":\"https:\/\/footdavant.fr\/actualites\/apercu-red-star-belgrade-vs-pafos-fc-prediction-news-news-lignals\/\"},\"author\":{\"name\":\"Cl\u00e9ment\",\"@id\":\"https:\/\/footdavant.fr\/actualites\/#\/schema\/person\/bc222566d95871b37e597b3ed3ba5e1d\"},\"headline\":\"Aper\u00e7u: Red Star Belgrade vs Pafos FC &#8211; Pr\u00e9diction, News News, LIGNALS\",\"datePublished\":\"2025-08-17T12:48:35+00:00\",\"dateModified\":\"2025-08-17T12:48:36+00:00\",\"mainEntityOfPage\":{\"@id\":\"https:\/\/footdavant.fr\/actualites\/apercu-red-star-belgrade-vs-pafos-fc-prediction-news-news-lignals\/\"},\"wordCount\":888,\"publisher\":{\"@id\":\"https:\/\/footdavant.fr\/actualites\/#organization\"},\"keywords\":[\"Aper\u00e7u\",\"Belgrade\",\"LIGNALS\",\"News\",\"Pafos\",\"pr\u00e9diction\",\"Red\",\"Star\"],\"articleSection\":[\"Champions League\"],\"inLanguage\":\"fr-FR\"},{\"@type\":\"WebPage\",\"@id\":\"https:\/\/footdavant.fr\/actualites\/apercu-red-star-belgrade-vs-pafos-fc-prediction-news-news-lignals\/\",\"url\":\"https:\/\/footdavant.fr\/actualites\/apercu-red-star-belgrade-vs-pafos-fc-prediction-news-news-lignals\/\",\"name\":\"Aper\u00e7u: Red Star Belgrade vs Pafos FC - Pr\u00e9diction, News News, LIGNALS\",\"isPartOf\":{\"@id\":\"https:\/\/footdavant.fr\/actualites\/#website\"},\"datePublished\":\"2025-08-17T12:48:35+00:00\",\"dateModified\":\"2025-08-17T12:48:36+00:00\",\"breadcrumb\":{\"@id\":\"https:\/\/footdavant.fr\/actualites\/apercu-red-star-belgrade-vs-pafos-fc-prediction-news-news-lignals\/#breadcrumb\"},\"inLanguage\":\"fr-FR\",\"potentialAction\":[{\"@type\":\"ReadAction\",\"target\":[\"https:\/\/footdavant.fr\/actualites\/apercu-red-star-belgrade-vs-pafos-fc-prediction-news-news-lignals\/\"]}]},{\"@type\":\"BreadcrumbList\",\"@id\":\"https:\/\/footdavant.fr\/actualites\/apercu-red-star-belgrade-vs-pafos-fc-prediction-news-news-lignals\/#breadcrumb\",\"itemListElement\":[{\"@type\":\"ListItem\",\"position\":1,\"name\":\"Accueil\",\"item\":\"https:\/\/footdavant.fr\/actualites\/\"},{\"@type\":\"ListItem\",\"position\":2,\"name\":\"Aper\u00e7u: Red Star Belgrade vs Pafos FC &#8211; Pr\u00e9diction, News News, LIGNALS\"}]},{\"@type\":\"WebSite\",\"@id\":\"https:\/\/footdavant.fr\/actualites\/#website\",\"url\":\"https:\/\/footdavant.fr\/actualites\/\",\"name\":\"Foot d'avant\",\"description\":\"\",\"publisher\":{\"@id\":\"https:\/\/footdavant.fr\/actualites\/#organization\"},\"potentialAction\":[{\"@type\":\"SearchAction\",\"target\":{\"@type\":\"EntryPoint\",\"urlTemplate\":\"https:\/\/footdavant.fr\/actualites\/?s={search_term_string}\"},\"query-input\":\"required name=search_term_string\"}],\"inLanguage\":\"fr-FR\"},{\"@type\":\"Organization\",\"@id\":\"https:\/\/footdavant.fr\/actualites\/#organization\",\"name\":\"Foot d'avant\",\"url\":\"https:\/\/footdavant.fr\/actualites\/\",\"logo\":{\"@type\":\"ImageObject\",\"inLanguage\":\"fr-FR\",\"@id\":\"https:\/\/footdavant.fr\/actualites\/#\/schema\/logo\/image\/\",\"url\":\"https:\/\/footdavant.fr\/actualites\/wp-content\/uploads\/2023\/09\/Copy-of-FootDavant-Logo.png\",\"contentUrl\":\"https:\/\/footdavant.fr\/actualites\/wp-content\/uploads\/2023\/09\/Copy-of-FootDavant-Logo.png\",\"width\":936,\"height\":549,\"caption\":\"Foot d'avant\"},\"image\":{\"@id\":\"https:\/\/footdavant.fr\/actualites\/#\/schema\/logo\/image\/\"},\"sameAs\":[\"https:\/\/www.facebook.com\/Footdavant\/\",\"https:\/\/twitter.com\/FootdavantFr\",\"https:\/\/www.instagram.com\/footdavant.fr\/\"]},{\"@type\":\"Person\",\"@id\":\"https:\/\/footdavant.fr\/actualites\/#\/schema\/person\/bc222566d95871b37e597b3ed3ba5e1d\",\"name\":\"Cl\u00e9ment\",\"image\":{\"@type\":\"ImageObject\",\"inLanguage\":\"fr-FR\",\"@id\":\"https:\/\/footdavant.fr\/actualites\/#\/schema\/person\/image\/\",\"url\":\"https:\/\/secure.gravatar.com\/avatar\/7728b29aac2719421e1a9159b2254c44?s=96&d=mm&r=g\",\"contentUrl\":\"https:\/\/secure.gravatar.com\/avatar\/7728b29aac2719421e1a9159b2254c44?s=96&d=mm&r=g\",\"caption\":\"Cl\u00e9ment\"},\"sameAs\":[\"https:\/\/footdavant.fr\/\"]}]}<\/script>\n<!-- \/ Yoast SEO plugin. -->","yoast_head_json":{"title":"Aper\u00e7u: Red Star Belgrade vs Pafos FC - Pr\u00e9diction, News News, LIGNALS","robots":{"index":"index","follow":"follow","max-snippet":"max-snippet:-1","max-image-preview":"max-image-preview:large","max-video-preview":"max-video-preview:-1"},"canonical":"https:\/\/footdavant.fr\/actualites\/apercu-red-star-belgrade-vs-pafos-fc-prediction-news-news-lignals\/","og_locale":"fr_FR","og_type":"article","og_title":"Aper\u00e7u: Red Star Belgrade vs Pafos FC - Pr\u00e9diction, News News, LIGNALS","og_description":"Sports Mole pr\u00e9visualise les \u00e9liminatoires de la Ligue des champions de mardi entre la star du Red Belgrade et le Pafos FC, y compris les","og_url":"https:\/\/footdavant.fr\/actualites\/apercu-red-star-belgrade-vs-pafos-fc-prediction-news-news-lignals\/","og_site_name":"Foot d&#039;avant","article_publisher":"https:\/\/www.facebook.com\/Footdavant\/","article_published_time":"2025-08-17T12:48:35+00:00","article_modified_time":"2025-08-17T12:48:36+00:00","og_image":[{"width":640,"height":480,"url":"https:\/\/footdavant.fr\/actualites\/wp-content\/uploads\/2025\/08\/Apercu-Red-Star-Belgrade-vs-Pafos-FC-Prediction-News.jpg","type":"image\/jpeg"}],"author":"Cl\u00e9ment","twitter_card":"summary_large_image","twitter_creator":"@FootdavantFr","twitter_site":"@FootdavantFr","twitter_misc":{"\u00c9crit par":"Cl\u00e9ment","Dur\u00e9e de lecture estim\u00e9e":"4 minutes"},"schema":{"@context":"https:\/\/schema.org","@graph":[{"@type":"Article","@id":"https:\/\/footdavant.fr\/actualites\/apercu-red-star-belgrade-vs-pafos-fc-prediction-news-news-lignals\/#article","isPartOf":{"@id":"https:\/\/footdavant.fr\/actualites\/apercu-red-star-belgrade-vs-pafos-fc-prediction-news-news-lignals\/"},"author":{"name":"Cl\u00e9ment","@id":"https:\/\/footdavant.fr\/actualites\/#\/schema\/person\/bc222566d95871b37e597b3ed3ba5e1d"},"headline":"Aper\u00e7u: Red Star Belgrade vs Pafos FC &#8211; Pr\u00e9diction, News News, LIGNALS","datePublished":"2025-08-17T12:48:35+00:00","dateModified":"2025-08-17T12:48:36+00:00","mainEntityOfPage":{"@id":"https:\/\/footdavant.fr\/actualites\/apercu-red-star-belgrade-vs-pafos-fc-prediction-news-news-lignals\/"},"wordCount":888,"publisher":{"@id":"https:\/\/footdavant.fr\/actualites\/#organization"},"keywords":["Aper\u00e7u","Belgrade","LIGNALS","News","Pafos","pr\u00e9diction","Red","Star"],"articleSection":["Champions League"],"inLanguage":"fr-FR"},{"@type":"WebPage","@id":"https:\/\/footdavant.fr\/actualites\/apercu-red-star-belgrade-vs-pafos-fc-prediction-news-news-lignals\/","url":"https:\/\/footdavant.fr\/actualites\/apercu-red-star-belgrade-vs-pafos-fc-prediction-news-news-lignals\/","name":"Aper\u00e7u: Red Star Belgrade vs Pafos FC - Pr\u00e9diction, News News, LIGNALS","isPartOf":{"@id":"https:\/\/footdavant.fr\/actualites\/#website"},"datePublished":"2025-08-17T12:48:35+00:00","dateModified":"2025-08-17T12:48:36+00:00","breadcrumb":{"@id":"https:\/\/footdavant.fr\/actualites\/apercu-red-star-belgrade-vs-pafos-fc-prediction-news-news-lignals\/#breadcrumb"},"inLanguage":"fr-FR","potentialAction":[{"@type":"ReadAction","target":["https:\/\/footdavant.fr\/actualites\/apercu-red-star-belgrade-vs-pafos-fc-prediction-news-news-lignals\/"]}]},{"@type":"BreadcrumbList","@id":"https:\/\/footdavant.fr\/actualites\/apercu-red-star-belgrade-vs-pafos-fc-prediction-news-news-lignals\/#breadcrumb","itemListElement":[{"@type":"ListItem","position":1,"name":"Accueil","item":"https:\/\/footdavant.fr\/actualites\/"},{"@type":"ListItem","position":2,"name":"Aper\u00e7u: Red Star Belgrade vs Pafos FC &#8211; Pr\u00e9diction, News News, LIGNALS"}]},{"@type":"WebSite","@id":"https:\/\/footdavant.fr\/actualites\/#website","url":"https:\/\/footdavant.fr\/actualites\/","name":"Foot d'avant","description":"","publisher":{"@id":"https:\/\/footdavant.fr\/actualites\/#organization"},"potentialAction":[{"@type":"SearchAction","target":{"@type":"EntryPoint","urlTemplate":"https:\/\/footdavant.fr\/actualites\/?s={search_term_string}"},"query-input":"required name=search_term_string"}],"inLanguage":"fr-FR"},{"@type":"Organization","@id":"https:\/\/footdavant.fr\/actualites\/#organization","name":"Foot d'avant","url":"https:\/\/footdavant.fr\/actualites\/","logo":{"@type":"ImageObject","inLanguage":"fr-FR","@id":"https:\/\/footdavant.fr\/actualites\/#\/schema\/logo\/image\/","url":"https:\/\/footdavant.fr\/actualites\/wp-content\/uploads\/2023\/09\/Copy-of-FootDavant-Logo.png","contentUrl":"https:\/\/footdavant.fr\/actualites\/wp-content\/uploads\/2023\/09\/Copy-of-FootDavant-Logo.png","width":936,"height":549,"caption":"Foot d'avant"},"image":{"@id":"https:\/\/footdavant.fr\/actualites\/#\/schema\/logo\/image\/"},"sameAs":["https:\/\/www.facebook.com\/Footdavant\/","https:\/\/twitter.com\/FootdavantFr","https:\/\/www.instagram.com\/footdavant.fr\/"]},{"@type":"Person","@id":"https:\/\/footdavant.fr\/actualites\/#\/schema\/person\/bc222566d95871b37e597b3ed3ba5e1d","name":"Cl\u00e9ment","image":{"@type":"ImageObject","inLanguage":"fr-FR","@id":"https:\/\/footdavant.fr\/actualites\/#\/schema\/person\/image\/","url":"https:\/\/secure.gravatar.com\/avatar\/7728b29aac2719421e1a9159b2254c44?s=96&d=mm&r=g","contentUrl":"https:\/\/secure.gravatar.com\/avatar\/7728b29aac2719421e1a9159b2254c44?s=96&d=mm&r=g","caption":"Cl\u00e9ment"},"sameAs":["https:\/\/footdavant.fr\/"]}]}},"_links":{"self":[{"href":"https:\/\/footdavant.fr\/actualites\/wp-json\/wp\/v2\/posts\/27422"}],"collection":[{"href":"https:\/\/footdavant.fr\/actualites\/wp-json\/wp\/v2\/posts"}],"about":[{"href":"https:\/\/footdavant.fr\/actualites\/wp-json\/wp\/v2\/types\/post"}],"author":[{"embeddable":true,"href":"https:\/\/footdavant.fr\/actualites\/wp-json\/wp\/v2\/users\/1"}],"replies":[{"embeddable":true,"href":"https:\/\/footdavant.fr\/actualites\/wp-json\/wp\/v2\/comments?post=27422"}],"version-history":[{"count":1,"href":"https:\/\/footdavant.fr\/actualites\/wp-json\/wp\/v2\/posts\/27422\/revisions"}],"predecessor-version":[{"id":27424,"href":"https:\/\/footdavant.fr\/actualites\/wp-json\/wp\/v2\/posts\/27422\/revisions\/27424"}],"wp:featuredmedia":[{"embeddable":true,"href":"https:\/\/footdavant.fr\/actualites\/wp-json\/wp\/v2\/media\/27423"}],"wp:attachment":[{"href":"https:\/\/footdavant.fr\/actualites\/wp-json\/wp\/v2\/media?parent=27422"}],"wp:term":[{"taxonomy":"category","embeddable":true,"href":"https:\/\/footdavant.fr\/actualites\/wp-json\/wp\/v2\/categories?post=27422"},{"taxonomy":"post_tag","embeddable":true,"href":"https:\/\/footdavant.fr\/actualites\/wp-json\/wp\/v2\/tags?post=27422"}],"curies":[{"name":"wp","href":"https:\/\/api.w.org\/{rel}","templated":true}]}}