{"id":27428,"date":"2025-08-17T17:48:04","date_gmt":"2025-08-17T15:48:04","guid":{"rendered":"https:\/\/footdavant.fr\/actualites\/pourquoi-andre-onana-manque-vs-arsenal-maintenant-revele-man-united-news-and-transfer-news\/"},"modified":"2025-08-17T17:48:06","modified_gmt":"2025-08-17T15:48:06","slug":"pourquoi-andre-onana-manque-vs-arsenal-maintenant-revele-man-united-news-and-transfer-news","status":"publish","type":"post","link":"https:\/\/footdavant.fr\/actualites\/pourquoi-andre-onana-manque-vs-arsenal-maintenant-revele-man-united-news-and-transfer-news\/","title":{"rendered":"Pourquoi Andre Onana manque VS Arsenal maintenant r\u00e9v\u00e9l\u00e9 &#8211; Man United News and Transfer News"},"content":{"rendered":"<div id=\"penci-post-entry-inner\">\n<p>\t\t\t<i class=\"penci-post-countview-number-check\" style=\"display:none\">2<\/i><\/p>\n<p><!--Article Start--><br \/>Ruben Amorim a \u00e9t\u00e9 contraint \u00e0 une autre modification avant le premier affrontement de la Premier League de Manchester United contre Arsenal.<\/p>\n<p>Il a \u00e9t\u00e9 relay\u00e9 par le fait que Rasmus Hojlund avait \u00e9t\u00e9 abandonn\u00e9 de l&#39;\u00e9quipe de match, indiquant une sortie probable avec l&#39;AC Milan en pole position.<\/p>\n<p>Maintenant, comme l&#39;ont r\u00e9v\u00e9l\u00e9 l&#39;athl\u00e9tisme, Andre Onana ne fera pas non plus partie du match dimanche, avec Altay Bayindir qui commence dans le but.<\/p>\n<p>Le Camerounien avait subi une blessure aux ischio-jambiers et avait rat\u00e9 toute la pr\u00e9-saison du club. Mais il \u00e9tait retourn\u00e9 \u00e0 la formation en \u00e9quipe et avait exprim\u00e9 son espoir qu&#39;il serait en forme pour le match contre les Gunners.<\/p>\n<h5>Andre Onana manque<\/h5>\n<p>\u00abAndre Onana ne fait pas partie de l&#39;\u00e9quipe de match de Manchester United pour la visite d&#39;aujourd&#39;hui d&#39;Arsenal. Altay Bayindir commencera dans le but.<\/p>\n<p>\u00abOnana a subi une blessure aux ischio-jambiers d\u00e9but juillet et a rat\u00e9 les matchs de pr\u00e9-saison de United, mais avait vis\u00e9 \u00e0 revenir pour la forme physique pour son premier match comp\u00e9titif de la saison.<\/p>\n<p>\u00abDepuis son retour de cette mise \u00e0 pied, le joueur de 29 ans ne s&#39;est entra\u00een\u00e9 que trois fois et travaille seul sur le terrain d&#39;entra\u00eenement de Carrington du club aujourd&#39;hui.\u00bb<\/p>\n<p>Le tacticien portugais esp\u00e8re que son n \u00b0 1 pourra reprendre le fitness avant le prochain match de championnat de United contre Fulham dimanche prochain.<\/p>\n<h5>Bayindir s\u00e9lectionn\u00e9<\/h5>\n<p>Quant \u00e0 Bayindir, il a sembl\u00e9 loin d&#39;\u00eatre confortable lorsqu&#39;il est pouss\u00e9 en action, et il sera int\u00e9ressant de voir comment il se produit.<\/p>\n<p>Hormis ses h\u00e9ro\u00efques de la FA Cup, il a l&#39;air tremblant avec le ballon \u00e0 ses pieds et a commis plusieurs erreurs.<\/p>\n<p>Il est clair de voir dans les deux options \u00e0 la disposition de l&#39;entra\u00eeneur-chef, que les Red Devils pourraient faire avec le renforcement du but.<\/p>\n<p>Il y avait des liens avec Emiliano Martinez d&#39;Aston Villa, Gianluigi Donnarumma de Paris Saint-Germain ainsi que Senne Lammens de Royal Anvers.<\/p>\n<p>Que le gardien soit achet\u00e9 avant que la fen\u00eatre de transfert ne soit ferm\u00e9e sera int\u00e9ressante \u00e0 voir. Tom Heaton est sur le banc pour le match \u00e0 Old Trafford.<\/p>\n<\/p>\n<hr>\n<p>Suivez-nous sur bluesky: @ PeopleSerson.bsky.social<br \/><!--Article End--><\/p>\n<p><!-- CONTENT END 2 --><\/p><\/div>\n","protected":false},"excerpt":{"rendered":"<p>2 Ruben Amorim a \u00e9t\u00e9 contraint \u00e0 une autre modification avant le premier affrontement de la Premier League de Manchester United contre Arsenal. Il a<\/p>\n","protected":false},"author":1,"featured_media":27429,"comment_status":"closed","ping_status":"","sticky":false,"template":"","format":"standard","meta":{"footnotes":""},"categories":[3],"tags":[194,67,579,24,476,409,195,610,415,2732,13],"yoast_head":"<!-- This site is optimized with the Yoast SEO plugin v21.0 - https:\/\/yoast.com\/wordpress\/plugins\/seo\/ -->\n<title>Pourquoi Andre Onana manque VS Arsenal maintenant r\u00e9v\u00e9l\u00e9 - Man United News and Transfer News<\/title>\n<meta name=\"robots\" content=\"index, follow, max-snippet:-1, max-image-preview:large, max-video-preview:-1\" \/>\n<link rel=\"canonical\" href=\"https:\/\/footdavant.fr\/actualites\/pourquoi-andre-onana-manque-vs-arsenal-maintenant-revele-man-united-news-and-transfer-news\/\" \/>\n<meta property=\"og:locale\" content=\"fr_FR\" \/>\n<meta property=\"og:type\" content=\"article\" \/>\n<meta property=\"og:title\" content=\"Pourquoi Andre Onana manque VS Arsenal maintenant r\u00e9v\u00e9l\u00e9 - Man United News and Transfer News\" \/>\n<meta property=\"og:description\" content=\"2 Ruben Amorim a \u00e9t\u00e9 contraint \u00e0 une autre modification avant le premier affrontement de la Premier League de Manchester United contre Arsenal. Il a\" \/>\n<meta property=\"og:url\" content=\"https:\/\/footdavant.fr\/actualites\/pourquoi-andre-onana-manque-vs-arsenal-maintenant-revele-man-united-news-and-transfer-news\/\" \/>\n<meta property=\"og:site_name\" content=\"Foot d&#039;avant\" \/>\n<meta property=\"article:publisher\" content=\"https:\/\/www.facebook.com\/Footdavant\/\" \/>\n<meta property=\"article:published_time\" content=\"2025-08-17T15:48:04+00:00\" \/>\n<meta property=\"article:modified_time\" content=\"2025-08-17T15:48:06+00:00\" \/>\n<meta property=\"og:image\" content=\"https:\/\/footdavant.fr\/actualites\/wp-content\/uploads\/2025\/08\/Pourquoi-Andre-Onana-manque-VS-Arsenal-maintenant-revele-Man.jpg\" \/>\n\t<meta property=\"og:image:width\" content=\"1600\" \/>\n\t<meta property=\"og:image:height\" content=\"712\" \/>\n\t<meta property=\"og:image:type\" content=\"image\/jpeg\" \/>\n<meta name=\"author\" content=\"Cl\u00e9ment\" \/>\n<meta name=\"twitter:card\" content=\"summary_large_image\" \/>\n<meta name=\"twitter:creator\" content=\"@FootdavantFr\" \/>\n<meta name=\"twitter:site\" content=\"@FootdavantFr\" \/>\n<meta name=\"twitter:label1\" content=\"\u00c9crit par\" \/>\n\t<meta name=\"twitter:data1\" content=\"Cl\u00e9ment\" \/>\n\t<meta name=\"twitter:label2\" content=\"Dur\u00e9e de lecture estim\u00e9e\" \/>\n\t<meta name=\"twitter:data2\" content=\"2 minutes\" \/>\n<script type=\"application\/ld+json\" class=\"yoast-schema-graph\">{\"@context\":\"https:\/\/schema.org\",\"@graph\":[{\"@type\":\"Article\",\"@id\":\"https:\/\/footdavant.fr\/actualites\/pourquoi-andre-onana-manque-vs-arsenal-maintenant-revele-man-united-news-and-transfer-news\/#article\",\"isPartOf\":{\"@id\":\"https:\/\/footdavant.fr\/actualites\/pourquoi-andre-onana-manque-vs-arsenal-maintenant-revele-man-united-news-and-transfer-news\/\"},\"author\":{\"name\":\"Cl\u00e9ment\",\"@id\":\"https:\/\/footdavant.fr\/actualites\/#\/schema\/person\/bc222566d95871b37e597b3ed3ba5e1d\"},\"headline\":\"Pourquoi Andre Onana manque VS Arsenal maintenant r\u00e9v\u00e9l\u00e9 &#8211; Man United News and Transfer News\",\"datePublished\":\"2025-08-17T15:48:04+00:00\",\"dateModified\":\"2025-08-17T15:48:06+00:00\",\"mainEntityOfPage\":{\"@id\":\"https:\/\/footdavant.fr\/actualites\/pourquoi-andre-onana-manque-vs-arsenal-maintenant-revele-man-united-news-and-transfer-news\/\"},\"wordCount\":402,\"publisher\":{\"@id\":\"https:\/\/footdavant.fr\/actualites\/#organization\"},\"keywords\":[\"Andre\",\"Arsenal\",\"maintenant\",\"Man\",\"manque\",\"News\",\"Onana\",\"Pourquoi\",\"r\u00e9v\u00e8le\",\"Transfer\",\"United\"],\"articleSection\":[\"Football\"],\"inLanguage\":\"fr-FR\"},{\"@type\":\"WebPage\",\"@id\":\"https:\/\/footdavant.fr\/actualites\/pourquoi-andre-onana-manque-vs-arsenal-maintenant-revele-man-united-news-and-transfer-news\/\",\"url\":\"https:\/\/footdavant.fr\/actualites\/pourquoi-andre-onana-manque-vs-arsenal-maintenant-revele-man-united-news-and-transfer-news\/\",\"name\":\"Pourquoi Andre Onana manque VS Arsenal maintenant r\u00e9v\u00e9l\u00e9 - Man United News and Transfer News\",\"isPartOf\":{\"@id\":\"https:\/\/footdavant.fr\/actualites\/#website\"},\"datePublished\":\"2025-08-17T15:48:04+00:00\",\"dateModified\":\"2025-08-17T15:48:06+00:00\",\"breadcrumb\":{\"@id\":\"https:\/\/footdavant.fr\/actualites\/pourquoi-andre-onana-manque-vs-arsenal-maintenant-revele-man-united-news-and-transfer-news\/#breadcrumb\"},\"inLanguage\":\"fr-FR\",\"potentialAction\":[{\"@type\":\"ReadAction\",\"target\":[\"https:\/\/footdavant.fr\/actualites\/pourquoi-andre-onana-manque-vs-arsenal-maintenant-revele-man-united-news-and-transfer-news\/\"]}]},{\"@type\":\"BreadcrumbList\",\"@id\":\"https:\/\/footdavant.fr\/actualites\/pourquoi-andre-onana-manque-vs-arsenal-maintenant-revele-man-united-news-and-transfer-news\/#breadcrumb\",\"itemListElement\":[{\"@type\":\"ListItem\",\"position\":1,\"name\":\"Accueil\",\"item\":\"https:\/\/footdavant.fr\/actualites\/\"},{\"@type\":\"ListItem\",\"position\":2,\"name\":\"Pourquoi Andre Onana manque VS Arsenal maintenant r\u00e9v\u00e9l\u00e9 &#8211; Man United News and Transfer News\"}]},{\"@type\":\"WebSite\",\"@id\":\"https:\/\/footdavant.fr\/actualites\/#website\",\"url\":\"https:\/\/footdavant.fr\/actualites\/\",\"name\":\"Foot d'avant\",\"description\":\"\",\"publisher\":{\"@id\":\"https:\/\/footdavant.fr\/actualites\/#organization\"},\"potentialAction\":[{\"@type\":\"SearchAction\",\"target\":{\"@type\":\"EntryPoint\",\"urlTemplate\":\"https:\/\/footdavant.fr\/actualites\/?s={search_term_string}\"},\"query-input\":\"required name=search_term_string\"}],\"inLanguage\":\"fr-FR\"},{\"@type\":\"Organization\",\"@id\":\"https:\/\/footdavant.fr\/actualites\/#organization\",\"name\":\"Foot d'avant\",\"url\":\"https:\/\/footdavant.fr\/actualites\/\",\"logo\":{\"@type\":\"ImageObject\",\"inLanguage\":\"fr-FR\",\"@id\":\"https:\/\/footdavant.fr\/actualites\/#\/schema\/logo\/image\/\",\"url\":\"https:\/\/footdavant.fr\/actualites\/wp-content\/uploads\/2023\/09\/Copy-of-FootDavant-Logo.png\",\"contentUrl\":\"https:\/\/footdavant.fr\/actualites\/wp-content\/uploads\/2023\/09\/Copy-of-FootDavant-Logo.png\",\"width\":936,\"height\":549,\"caption\":\"Foot d'avant\"},\"image\":{\"@id\":\"https:\/\/footdavant.fr\/actualites\/#\/schema\/logo\/image\/\"},\"sameAs\":[\"https:\/\/www.facebook.com\/Footdavant\/\",\"https:\/\/twitter.com\/FootdavantFr\",\"https:\/\/www.instagram.com\/footdavant.fr\/\"]},{\"@type\":\"Person\",\"@id\":\"https:\/\/footdavant.fr\/actualites\/#\/schema\/person\/bc222566d95871b37e597b3ed3ba5e1d\",\"name\":\"Cl\u00e9ment\",\"image\":{\"@type\":\"ImageObject\",\"inLanguage\":\"fr-FR\",\"@id\":\"https:\/\/footdavant.fr\/actualites\/#\/schema\/person\/image\/\",\"url\":\"https:\/\/secure.gravatar.com\/avatar\/7728b29aac2719421e1a9159b2254c44?s=96&d=mm&r=g\",\"contentUrl\":\"https:\/\/secure.gravatar.com\/avatar\/7728b29aac2719421e1a9159b2254c44?s=96&d=mm&r=g\",\"caption\":\"Cl\u00e9ment\"},\"sameAs\":[\"https:\/\/footdavant.fr\/\"]}]}<\/script>\n<!-- \/ Yoast SEO plugin. -->","yoast_head_json":{"title":"Pourquoi Andre Onana manque VS Arsenal maintenant r\u00e9v\u00e9l\u00e9 - Man United News and Transfer News","robots":{"index":"index","follow":"follow","max-snippet":"max-snippet:-1","max-image-preview":"max-image-preview:large","max-video-preview":"max-video-preview:-1"},"canonical":"https:\/\/footdavant.fr\/actualites\/pourquoi-andre-onana-manque-vs-arsenal-maintenant-revele-man-united-news-and-transfer-news\/","og_locale":"fr_FR","og_type":"article","og_title":"Pourquoi Andre Onana manque VS Arsenal maintenant r\u00e9v\u00e9l\u00e9 - Man United News and Transfer News","og_description":"2 Ruben Amorim a \u00e9t\u00e9 contraint \u00e0 une autre modification avant le premier affrontement de la Premier League de Manchester United contre Arsenal. Il a","og_url":"https:\/\/footdavant.fr\/actualites\/pourquoi-andre-onana-manque-vs-arsenal-maintenant-revele-man-united-news-and-transfer-news\/","og_site_name":"Foot d&#039;avant","article_publisher":"https:\/\/www.facebook.com\/Footdavant\/","article_published_time":"2025-08-17T15:48:04+00:00","article_modified_time":"2025-08-17T15:48:06+00:00","og_image":[{"width":1600,"height":712,"url":"https:\/\/footdavant.fr\/actualites\/wp-content\/uploads\/2025\/08\/Pourquoi-Andre-Onana-manque-VS-Arsenal-maintenant-revele-Man.jpg","type":"image\/jpeg"}],"author":"Cl\u00e9ment","twitter_card":"summary_large_image","twitter_creator":"@FootdavantFr","twitter_site":"@FootdavantFr","twitter_misc":{"\u00c9crit par":"Cl\u00e9ment","Dur\u00e9e de lecture estim\u00e9e":"2 minutes"},"schema":{"@context":"https:\/\/schema.org","@graph":[{"@type":"Article","@id":"https:\/\/footdavant.fr\/actualites\/pourquoi-andre-onana-manque-vs-arsenal-maintenant-revele-man-united-news-and-transfer-news\/#article","isPartOf":{"@id":"https:\/\/footdavant.fr\/actualites\/pourquoi-andre-onana-manque-vs-arsenal-maintenant-revele-man-united-news-and-transfer-news\/"},"author":{"name":"Cl\u00e9ment","@id":"https:\/\/footdavant.fr\/actualites\/#\/schema\/person\/bc222566d95871b37e597b3ed3ba5e1d"},"headline":"Pourquoi Andre Onana manque VS Arsenal maintenant r\u00e9v\u00e9l\u00e9 &#8211; Man United News and Transfer News","datePublished":"2025-08-17T15:48:04+00:00","dateModified":"2025-08-17T15:48:06+00:00","mainEntityOfPage":{"@id":"https:\/\/footdavant.fr\/actualites\/pourquoi-andre-onana-manque-vs-arsenal-maintenant-revele-man-united-news-and-transfer-news\/"},"wordCount":402,"publisher":{"@id":"https:\/\/footdavant.fr\/actualites\/#organization"},"keywords":["Andre","Arsenal","maintenant","Man","manque","News","Onana","Pourquoi","r\u00e9v\u00e8le","Transfer","United"],"articleSection":["Football"],"inLanguage":"fr-FR"},{"@type":"WebPage","@id":"https:\/\/footdavant.fr\/actualites\/pourquoi-andre-onana-manque-vs-arsenal-maintenant-revele-man-united-news-and-transfer-news\/","url":"https:\/\/footdavant.fr\/actualites\/pourquoi-andre-onana-manque-vs-arsenal-maintenant-revele-man-united-news-and-transfer-news\/","name":"Pourquoi Andre Onana manque VS Arsenal maintenant r\u00e9v\u00e9l\u00e9 - Man United News and Transfer News","isPartOf":{"@id":"https:\/\/footdavant.fr\/actualites\/#website"},"datePublished":"2025-08-17T15:48:04+00:00","dateModified":"2025-08-17T15:48:06+00:00","breadcrumb":{"@id":"https:\/\/footdavant.fr\/actualites\/pourquoi-andre-onana-manque-vs-arsenal-maintenant-revele-man-united-news-and-transfer-news\/#breadcrumb"},"inLanguage":"fr-FR","potentialAction":[{"@type":"ReadAction","target":["https:\/\/footdavant.fr\/actualites\/pourquoi-andre-onana-manque-vs-arsenal-maintenant-revele-man-united-news-and-transfer-news\/"]}]},{"@type":"BreadcrumbList","@id":"https:\/\/footdavant.fr\/actualites\/pourquoi-andre-onana-manque-vs-arsenal-maintenant-revele-man-united-news-and-transfer-news\/#breadcrumb","itemListElement":[{"@type":"ListItem","position":1,"name":"Accueil","item":"https:\/\/footdavant.fr\/actualites\/"},{"@type":"ListItem","position":2,"name":"Pourquoi Andre Onana manque VS Arsenal maintenant r\u00e9v\u00e9l\u00e9 &#8211; Man United News and Transfer News"}]},{"@type":"WebSite","@id":"https:\/\/footdavant.fr\/actualites\/#website","url":"https:\/\/footdavant.fr\/actualites\/","name":"Foot d'avant","description":"","publisher":{"@id":"https:\/\/footdavant.fr\/actualites\/#organization"},"potentialAction":[{"@type":"SearchAction","target":{"@type":"EntryPoint","urlTemplate":"https:\/\/footdavant.fr\/actualites\/?s={search_term_string}"},"query-input":"required name=search_term_string"}],"inLanguage":"fr-FR"},{"@type":"Organization","@id":"https:\/\/footdavant.fr\/actualites\/#organization","name":"Foot d'avant","url":"https:\/\/footdavant.fr\/actualites\/","logo":{"@type":"ImageObject","inLanguage":"fr-FR","@id":"https:\/\/footdavant.fr\/actualites\/#\/schema\/logo\/image\/","url":"https:\/\/footdavant.fr\/actualites\/wp-content\/uploads\/2023\/09\/Copy-of-FootDavant-Logo.png","contentUrl":"https:\/\/footdavant.fr\/actualites\/wp-content\/uploads\/2023\/09\/Copy-of-FootDavant-Logo.png","width":936,"height":549,"caption":"Foot d'avant"},"image":{"@id":"https:\/\/footdavant.fr\/actualites\/#\/schema\/logo\/image\/"},"sameAs":["https:\/\/www.facebook.com\/Footdavant\/","https:\/\/twitter.com\/FootdavantFr","https:\/\/www.instagram.com\/footdavant.fr\/"]},{"@type":"Person","@id":"https:\/\/footdavant.fr\/actualites\/#\/schema\/person\/bc222566d95871b37e597b3ed3ba5e1d","name":"Cl\u00e9ment","image":{"@type":"ImageObject","inLanguage":"fr-FR","@id":"https:\/\/footdavant.fr\/actualites\/#\/schema\/person\/image\/","url":"https:\/\/secure.gravatar.com\/avatar\/7728b29aac2719421e1a9159b2254c44?s=96&d=mm&r=g","contentUrl":"https:\/\/secure.gravatar.com\/avatar\/7728b29aac2719421e1a9159b2254c44?s=96&d=mm&r=g","caption":"Cl\u00e9ment"},"sameAs":["https:\/\/footdavant.fr\/"]}]}},"_links":{"self":[{"href":"https:\/\/footdavant.fr\/actualites\/wp-json\/wp\/v2\/posts\/27428"}],"collection":[{"href":"https:\/\/footdavant.fr\/actualites\/wp-json\/wp\/v2\/posts"}],"about":[{"href":"https:\/\/footdavant.fr\/actualites\/wp-json\/wp\/v2\/types\/post"}],"author":[{"embeddable":true,"href":"https:\/\/footdavant.fr\/actualites\/wp-json\/wp\/v2\/users\/1"}],"replies":[{"embeddable":true,"href":"https:\/\/footdavant.fr\/actualites\/wp-json\/wp\/v2\/comments?post=27428"}],"version-history":[{"count":1,"href":"https:\/\/footdavant.fr\/actualites\/wp-json\/wp\/v2\/posts\/27428\/revisions"}],"predecessor-version":[{"id":27430,"href":"https:\/\/footdavant.fr\/actualites\/wp-json\/wp\/v2\/posts\/27428\/revisions\/27430"}],"wp:featuredmedia":[{"embeddable":true,"href":"https:\/\/footdavant.fr\/actualites\/wp-json\/wp\/v2\/media\/27429"}],"wp:attachment":[{"href":"https:\/\/footdavant.fr\/actualites\/wp-json\/wp\/v2\/media?parent=27428"}],"wp:term":[{"taxonomy":"category","embeddable":true,"href":"https:\/\/footdavant.fr\/actualites\/wp-json\/wp\/v2\/categories?post=27428"},{"taxonomy":"post_tag","embeddable":true,"href":"https:\/\/footdavant.fr\/actualites\/wp-json\/wp\/v2\/tags?post=27428"}],"curies":[{"name":"wp","href":"https:\/\/api.w.org\/{rel}","templated":true}]}}