{"id":27433,"date":"2025-08-17T19:48:22","date_gmt":"2025-08-17T17:48:22","guid":{"rendered":"https:\/\/footdavant.fr\/actualites\/benjamin-sesko-signing-le-double-vainqueur-de-la-ligue-des-champions-prononce-un-verdict-sur-la-nouvelle-star-de-man-united-centro-forward\/"},"modified":"2025-08-17T19:48:23","modified_gmt":"2025-08-17T17:48:23","slug":"benjamin-sesko-signing-le-double-vainqueur-de-la-ligue-des-champions-prononce-un-verdict-sur-la-nouvelle-star-de-man-united-centro-forward","status":"publish","type":"post","link":"https:\/\/footdavant.fr\/actualites\/benjamin-sesko-signing-le-double-vainqueur-de-la-ligue-des-champions-prononce-un-verdict-sur-la-nouvelle-star-de-man-united-centro-forward\/","title":{"rendered":"Benjamin Sesko Signing: le double vainqueur de la Ligue des champions prononce un verdict sur la nouvelle star de Man United Centro-Forward"},"content":{"rendered":"<p>L&#39;ancien d\u00e9fenseur de Manchester United Wes Brown dit que Benjamin Sesko \u00ab\u00a0a tous les attributs pour marquer de nombreux buts\u00a0\u00bb pour les Red Devils.<\/p>\n<div id=\"article_body\" itemprop=\"articleBody\">\n<h3 class=\"firstPara\"><\/h3>\n<p>Ancien <strong class=\"autotag\">D\u00e9fenseur de Manchester United <strong class=\"autotag\">Wes Brown a dit que <strong class=\"autotag\">Benjamin Sesko \u00ab\u00a0a tous les attributs pour marquer de nombreux buts\u00a0\u00bb pour les Red Devils apr\u00e8s son arriv\u00e9e de RB Leipzig.<\/p>\n<p>Les champions anglaises de 20 fois se sont affront\u00e9s avec Newcastle United pour la signature de l&#39;international slov\u00e9nie, et son passage \u00e0 Old Trafford a \u00e9t\u00e9 confirm\u00e9 le week-end dernier.<\/p>\n<p>Sesko est en ligne pour faire ses d\u00e9buts pour Man United dans le blockbuster de la Premier League de dimanche contre Arsenal.<\/p>\n<p>Le joueur de 22 ans est arriv\u00e9 \u00e0 Old Trafford \u00e0 l&#39;arri\u00e8re de la marque 39 fois et d&#39;enregistrer huit passes d\u00e9cisives en 87 apparitions pour Leipzig, et Brown, qui a parl\u00e9 exclusivement \u00e0 Sports Mole, est convaincu que l&#39;attaquant sera un \u00e9norme succ\u00e8s \u00e0 Old Trafford.<\/p>\n<p>\u00ab\u00a0C&#39;est une excellente signature pour Manchester United. Le type de signature que le club cherche \u00e0 r\u00e9aliser depuis plusieurs ann\u00e9es\u00a0\u00bb, a d\u00e9clar\u00e9 Brown, qui a jou\u00e9 pour les Red Devils entre 1996 et 2011, remportant cinq titres de Premier League, deux coupes en FA et deux troph\u00e9es de la Ligue des champions.<\/p>\n<p class=\"imgI\">\n<h2>Brown soutient \u00ab\u00a0la grande signature\u00a0\u00bb Sesko pour \u00eatre un \u00e9norme succ\u00e8s \u00e0 Man United<\/h2>\n<p>\u00ab\u00a0C&#39;est aussi le bon moment pour Sesko, avec tout le respect qu&#39;il jouait pour Leipzig en Allemagne, mais a maintenant son d\u00e9m\u00e9nagement dans un grand club \u00e0 Manchester United o\u00f9 il veut montrer sur une grande sc\u00e8ne ce qu&#39;il peut faire.<\/p>\n<p>\u00ab\u00a0C&#39;est \u00e9galement g\u00e9nial pour le club d&#39;avoir deux attaquants \u00e0 Sesko et (Rasmus) Hojlund qui peuvent rivaliser ensemble et jouer en paire ou avec l&#39;un commen\u00e7ant et poussant l&#39;autre.<\/p>\n<p>\u00ab\u00a0Manchester United a besoin de comp\u00e9tition et de signature de Sesko peut donner un nouvel ascenseur au club dans ce qui a \u00e9t\u00e9 une note de la saison de la saison (Matheus) Cunha et (Bryan) MBEUMO \u00e9galement.<\/p>\n<p>\u00ab\u00a0La signature de Sesko est id\u00e9ale pour les joueurs cr\u00e9atifs que nous avons \u00e9galement, en particulier Amad (Diallo) et Bruno (Fernandes) qui cr\u00e9eront beaucoup de chances pour Sesko de marquer.<\/p>\n<p>\u00ab\u00a0La qualit\u00e9 dans les zones larges est tr\u00e8s bonne maintenant, donc cette saison peut \u00eatre positive pour Manchester United. Je pense que Sesko a tous les attributs pour marquer de nombreux buts pour Manchester United. Il est mobile, bon dans les airs et avec ses pieds, donc tout est tr\u00e8s bien pour le club.\u00a0\u00bb<\/p>\n<p class=\"imgI\"><img decoding=\"async\" alt=\"Manchester United Manager Ruben Amorim le 30 mai 2025\" class=\"vanilla-lazyload article-image\" src=\"https:\/\/footdavant.fr\/actualites\/wp-content\/uploads\/2025\/07\/Man-United-Transfer-News-Red-Devils-Regnite-Interet-dans-l39attaquant.jpg\"><\/p>\n<h2>Sesko commencera-t-il pour Man United contre Arsenal?<\/h2>\n<p>L&#39;entra\u00eeneur-chef de Man United, Ruben Amorim, a une d\u00e9cision majeure entre ses mains en ce qui concerne Sesko pour l&#39;ouverture de la Premier League de ce week-end contre Arsenal \u00e0 Old Trafford.<\/p>\n<p>Pendant la pr\u00e9-saison, Fernandes, Cunha et Mbeumo ont \u00e9t\u00e9 utilis\u00e9s comme trois frontaux, et il ne serait pas surprenant de voir la fonctionnalit\u00e9 du trio du premier coup de sifflet contre Arsenal, avec Sesko potentiellement utilis\u00e9 sur le banc.<\/p>\n<p>Cependant, Amorim sera certainement tent\u00e9 de jeter Sesko directement dans le XI \u00e9tant donn\u00e9 que le Slov\u00e8ne aura eu une semaine compl\u00e8te de formation \u00e0 son actif avant l&#39;ouverture de la campagne.<\/p>\n<p>L&#39;attaquant \u00e9tait fortement li\u00e9 \u00e0 un d\u00e9m\u00e9nagement \u00e0 Arsenal plus t\u00f4t dans la fen\u00eatre de transfert, mais les Gunners se sont finalement install\u00e9s sur Viktor Gyokerres comme objectif num\u00e9ro un avant-centre, signant le Su\u00e9dois de Sporting Lisbonne.<\/p>\n<p><em>Wes Brown parlait \u00e0 Sports Mole au nom de William Hill.<\/em><\/p>\n<div class=\"author_box\">\n<div class=\"author_box_banner\"> <img decoding=\"async\" class=\"author_img\" src=\"https:\/\/footdavant.fr\/actualites\/wp-content\/uploads\/2025\/06\/1749851283_714_Man-United-Transfer-News-Antony-Dernier-revele-apres-le-spectaculaire.jpg\"><\/div>\n<\/div>\n<\/div>\n","protected":false},"excerpt":{"rendered":"<p>L&#39;ancien d\u00e9fenseur de Manchester United Wes Brown dit que Benjamin Sesko \u00ab\u00a0a tous les attributs pour marquer de nombreux buts\u00a0\u00bb pour les Red Devils. Ancien<\/p>\n","protected":false},"author":1,"featured_media":27434,"comment_status":"closed","ping_status":"","sticky":false,"template":"","format":"standard","meta":{"footnotes":""},"categories":[5],"tags":[4643,10235,31,12,317,30,24,1850,3817,4644,3312,1621,103,13,387,2764],"yoast_head":"<!-- This site is optimized with the Yoast SEO plugin v21.0 - https:\/\/yoast.com\/wordpress\/plugins\/seo\/ -->\n<title>Benjamin Sesko Signing: le double vainqueur de la Ligue des champions prononce un verdict sur la nouvelle star de Man United Centro-Forward<\/title>\n<meta name=\"robots\" content=\"index, follow, max-snippet:-1, max-image-preview:large, max-video-preview:-1\" \/>\n<link rel=\"canonical\" href=\"https:\/\/footdavant.fr\/actualites\/benjamin-sesko-signing-le-double-vainqueur-de-la-ligue-des-champions-prononce-un-verdict-sur-la-nouvelle-star-de-man-united-centro-forward\/\" \/>\n<meta property=\"og:locale\" content=\"fr_FR\" \/>\n<meta property=\"og:type\" content=\"article\" \/>\n<meta property=\"og:title\" content=\"Benjamin Sesko Signing: le double vainqueur de la Ligue des champions prononce un verdict sur la nouvelle star de Man United Centro-Forward\" \/>\n<meta property=\"og:description\" content=\"L&#039;ancien d\u00e9fenseur de Manchester United Wes Brown dit que Benjamin Sesko \u00ab\u00a0a tous les attributs pour marquer de nombreux buts\u00a0\u00bb pour les Red Devils. Ancien\" \/>\n<meta property=\"og:url\" content=\"https:\/\/footdavant.fr\/actualites\/benjamin-sesko-signing-le-double-vainqueur-de-la-ligue-des-champions-prononce-un-verdict-sur-la-nouvelle-star-de-man-united-centro-forward\/\" \/>\n<meta property=\"og:site_name\" content=\"Foot d&#039;avant\" \/>\n<meta property=\"article:publisher\" content=\"https:\/\/www.facebook.com\/Footdavant\/\" \/>\n<meta property=\"article:published_time\" content=\"2025-08-17T17:48:22+00:00\" \/>\n<meta property=\"article:modified_time\" content=\"2025-08-17T17:48:23+00:00\" \/>\n<meta property=\"og:image\" content=\"https:\/\/footdavant.fr\/actualites\/wp-content\/uploads\/2025\/08\/Benjamin-Sesko-Signing-le-double-vainqueur-de-la-Ligue-des.jpg\" \/>\n\t<meta property=\"og:image:width\" content=\"640\" \/>\n\t<meta property=\"og:image:height\" content=\"480\" \/>\n\t<meta property=\"og:image:type\" content=\"image\/jpeg\" \/>\n<meta name=\"author\" content=\"Cl\u00e9ment\" \/>\n<meta name=\"twitter:card\" content=\"summary_large_image\" \/>\n<meta name=\"twitter:creator\" content=\"@FootdavantFr\" \/>\n<meta name=\"twitter:site\" content=\"@FootdavantFr\" \/>\n<meta name=\"twitter:label1\" content=\"\u00c9crit par\" \/>\n\t<meta name=\"twitter:data1\" content=\"Cl\u00e9ment\" \/>\n\t<meta name=\"twitter:label2\" content=\"Dur\u00e9e de lecture estim\u00e9e\" \/>\n\t<meta name=\"twitter:data2\" content=\"3 minutes\" \/>\n<script type=\"application\/ld+json\" class=\"yoast-schema-graph\">{\"@context\":\"https:\/\/schema.org\",\"@graph\":[{\"@type\":\"Article\",\"@id\":\"https:\/\/footdavant.fr\/actualites\/benjamin-sesko-signing-le-double-vainqueur-de-la-ligue-des-champions-prononce-un-verdict-sur-la-nouvelle-star-de-man-united-centro-forward\/#article\",\"isPartOf\":{\"@id\":\"https:\/\/footdavant.fr\/actualites\/benjamin-sesko-signing-le-double-vainqueur-de-la-ligue-des-champions-prononce-un-verdict-sur-la-nouvelle-star-de-man-united-centro-forward\/\"},\"author\":{\"name\":\"Cl\u00e9ment\",\"@id\":\"https:\/\/footdavant.fr\/actualites\/#\/schema\/person\/bc222566d95871b37e597b3ed3ba5e1d\"},\"headline\":\"Benjamin Sesko Signing: le double vainqueur de la Ligue des champions prononce un verdict sur la nouvelle star de Man United Centro-Forward\",\"datePublished\":\"2025-08-17T17:48:22+00:00\",\"dateModified\":\"2025-08-17T17:48:23+00:00\",\"mainEntityOfPage\":{\"@id\":\"https:\/\/footdavant.fr\/actualites\/benjamin-sesko-signing-le-double-vainqueur-de-la-ligue-des-champions-prononce-un-verdict-sur-la-nouvelle-star-de-man-united-centro-forward\/\"},\"wordCount\":627,\"publisher\":{\"@id\":\"https:\/\/footdavant.fr\/actualites\/#organization\"},\"keywords\":[\"Benjamin\",\"CentroForward\",\"champions\",\"des\",\"doubl\u00e9\",\"Ligue\",\"Man\",\"nouvelle\",\"prononce\",\"Sesko\",\"signing\",\"Star\",\"sur\",\"United\",\"vainqueur\",\"verdict\"],\"articleSection\":[\"Premier League\"],\"inLanguage\":\"fr-FR\"},{\"@type\":\"WebPage\",\"@id\":\"https:\/\/footdavant.fr\/actualites\/benjamin-sesko-signing-le-double-vainqueur-de-la-ligue-des-champions-prononce-un-verdict-sur-la-nouvelle-star-de-man-united-centro-forward\/\",\"url\":\"https:\/\/footdavant.fr\/actualites\/benjamin-sesko-signing-le-double-vainqueur-de-la-ligue-des-champions-prononce-un-verdict-sur-la-nouvelle-star-de-man-united-centro-forward\/\",\"name\":\"Benjamin Sesko Signing: le double vainqueur de la Ligue des champions prononce un verdict sur la nouvelle star de Man United Centro-Forward\",\"isPartOf\":{\"@id\":\"https:\/\/footdavant.fr\/actualites\/#website\"},\"datePublished\":\"2025-08-17T17:48:22+00:00\",\"dateModified\":\"2025-08-17T17:48:23+00:00\",\"breadcrumb\":{\"@id\":\"https:\/\/footdavant.fr\/actualites\/benjamin-sesko-signing-le-double-vainqueur-de-la-ligue-des-champions-prononce-un-verdict-sur-la-nouvelle-star-de-man-united-centro-forward\/#breadcrumb\"},\"inLanguage\":\"fr-FR\",\"potentialAction\":[{\"@type\":\"ReadAction\",\"target\":[\"https:\/\/footdavant.fr\/actualites\/benjamin-sesko-signing-le-double-vainqueur-de-la-ligue-des-champions-prononce-un-verdict-sur-la-nouvelle-star-de-man-united-centro-forward\/\"]}]},{\"@type\":\"BreadcrumbList\",\"@id\":\"https:\/\/footdavant.fr\/actualites\/benjamin-sesko-signing-le-double-vainqueur-de-la-ligue-des-champions-prononce-un-verdict-sur-la-nouvelle-star-de-man-united-centro-forward\/#breadcrumb\",\"itemListElement\":[{\"@type\":\"ListItem\",\"position\":1,\"name\":\"Accueil\",\"item\":\"https:\/\/footdavant.fr\/actualites\/\"},{\"@type\":\"ListItem\",\"position\":2,\"name\":\"Benjamin Sesko Signing: le double vainqueur de la Ligue des champions prononce un verdict sur la nouvelle star de Man United Centro-Forward\"}]},{\"@type\":\"WebSite\",\"@id\":\"https:\/\/footdavant.fr\/actualites\/#website\",\"url\":\"https:\/\/footdavant.fr\/actualites\/\",\"name\":\"Foot d'avant\",\"description\":\"\",\"publisher\":{\"@id\":\"https:\/\/footdavant.fr\/actualites\/#organization\"},\"potentialAction\":[{\"@type\":\"SearchAction\",\"target\":{\"@type\":\"EntryPoint\",\"urlTemplate\":\"https:\/\/footdavant.fr\/actualites\/?s={search_term_string}\"},\"query-input\":\"required name=search_term_string\"}],\"inLanguage\":\"fr-FR\"},{\"@type\":\"Organization\",\"@id\":\"https:\/\/footdavant.fr\/actualites\/#organization\",\"name\":\"Foot d'avant\",\"url\":\"https:\/\/footdavant.fr\/actualites\/\",\"logo\":{\"@type\":\"ImageObject\",\"inLanguage\":\"fr-FR\",\"@id\":\"https:\/\/footdavant.fr\/actualites\/#\/schema\/logo\/image\/\",\"url\":\"https:\/\/footdavant.fr\/actualites\/wp-content\/uploads\/2023\/09\/Copy-of-FootDavant-Logo.png\",\"contentUrl\":\"https:\/\/footdavant.fr\/actualites\/wp-content\/uploads\/2023\/09\/Copy-of-FootDavant-Logo.png\",\"width\":936,\"height\":549,\"caption\":\"Foot d'avant\"},\"image\":{\"@id\":\"https:\/\/footdavant.fr\/actualites\/#\/schema\/logo\/image\/\"},\"sameAs\":[\"https:\/\/www.facebook.com\/Footdavant\/\",\"https:\/\/twitter.com\/FootdavantFr\",\"https:\/\/www.instagram.com\/footdavant.fr\/\"]},{\"@type\":\"Person\",\"@id\":\"https:\/\/footdavant.fr\/actualites\/#\/schema\/person\/bc222566d95871b37e597b3ed3ba5e1d\",\"name\":\"Cl\u00e9ment\",\"image\":{\"@type\":\"ImageObject\",\"inLanguage\":\"fr-FR\",\"@id\":\"https:\/\/footdavant.fr\/actualites\/#\/schema\/person\/image\/\",\"url\":\"https:\/\/secure.gravatar.com\/avatar\/7728b29aac2719421e1a9159b2254c44?s=96&d=mm&r=g\",\"contentUrl\":\"https:\/\/secure.gravatar.com\/avatar\/7728b29aac2719421e1a9159b2254c44?s=96&d=mm&r=g\",\"caption\":\"Cl\u00e9ment\"},\"sameAs\":[\"https:\/\/footdavant.fr\/\"]}]}<\/script>\n<!-- \/ Yoast SEO plugin. -->","yoast_head_json":{"title":"Benjamin Sesko Signing: le double vainqueur de la Ligue des champions prononce un verdict sur la nouvelle star de Man United Centro-Forward","robots":{"index":"index","follow":"follow","max-snippet":"max-snippet:-1","max-image-preview":"max-image-preview:large","max-video-preview":"max-video-preview:-1"},"canonical":"https:\/\/footdavant.fr\/actualites\/benjamin-sesko-signing-le-double-vainqueur-de-la-ligue-des-champions-prononce-un-verdict-sur-la-nouvelle-star-de-man-united-centro-forward\/","og_locale":"fr_FR","og_type":"article","og_title":"Benjamin Sesko Signing: le double vainqueur de la Ligue des champions prononce un verdict sur la nouvelle star de Man United Centro-Forward","og_description":"L&#39;ancien d\u00e9fenseur de Manchester United Wes Brown dit que Benjamin Sesko \u00ab\u00a0a tous les attributs pour marquer de nombreux buts\u00a0\u00bb pour les Red Devils. Ancien","og_url":"https:\/\/footdavant.fr\/actualites\/benjamin-sesko-signing-le-double-vainqueur-de-la-ligue-des-champions-prononce-un-verdict-sur-la-nouvelle-star-de-man-united-centro-forward\/","og_site_name":"Foot d&#039;avant","article_publisher":"https:\/\/www.facebook.com\/Footdavant\/","article_published_time":"2025-08-17T17:48:22+00:00","article_modified_time":"2025-08-17T17:48:23+00:00","og_image":[{"width":640,"height":480,"url":"https:\/\/footdavant.fr\/actualites\/wp-content\/uploads\/2025\/08\/Benjamin-Sesko-Signing-le-double-vainqueur-de-la-Ligue-des.jpg","type":"image\/jpeg"}],"author":"Cl\u00e9ment","twitter_card":"summary_large_image","twitter_creator":"@FootdavantFr","twitter_site":"@FootdavantFr","twitter_misc":{"\u00c9crit par":"Cl\u00e9ment","Dur\u00e9e de lecture estim\u00e9e":"3 minutes"},"schema":{"@context":"https:\/\/schema.org","@graph":[{"@type":"Article","@id":"https:\/\/footdavant.fr\/actualites\/benjamin-sesko-signing-le-double-vainqueur-de-la-ligue-des-champions-prononce-un-verdict-sur-la-nouvelle-star-de-man-united-centro-forward\/#article","isPartOf":{"@id":"https:\/\/footdavant.fr\/actualites\/benjamin-sesko-signing-le-double-vainqueur-de-la-ligue-des-champions-prononce-un-verdict-sur-la-nouvelle-star-de-man-united-centro-forward\/"},"author":{"name":"Cl\u00e9ment","@id":"https:\/\/footdavant.fr\/actualites\/#\/schema\/person\/bc222566d95871b37e597b3ed3ba5e1d"},"headline":"Benjamin Sesko Signing: le double vainqueur de la Ligue des champions prononce un verdict sur la nouvelle star de Man United Centro-Forward","datePublished":"2025-08-17T17:48:22+00:00","dateModified":"2025-08-17T17:48:23+00:00","mainEntityOfPage":{"@id":"https:\/\/footdavant.fr\/actualites\/benjamin-sesko-signing-le-double-vainqueur-de-la-ligue-des-champions-prononce-un-verdict-sur-la-nouvelle-star-de-man-united-centro-forward\/"},"wordCount":627,"publisher":{"@id":"https:\/\/footdavant.fr\/actualites\/#organization"},"keywords":["Benjamin","CentroForward","champions","des","doubl\u00e9","Ligue","Man","nouvelle","prononce","Sesko","signing","Star","sur","United","vainqueur","verdict"],"articleSection":["Premier League"],"inLanguage":"fr-FR"},{"@type":"WebPage","@id":"https:\/\/footdavant.fr\/actualites\/benjamin-sesko-signing-le-double-vainqueur-de-la-ligue-des-champions-prononce-un-verdict-sur-la-nouvelle-star-de-man-united-centro-forward\/","url":"https:\/\/footdavant.fr\/actualites\/benjamin-sesko-signing-le-double-vainqueur-de-la-ligue-des-champions-prononce-un-verdict-sur-la-nouvelle-star-de-man-united-centro-forward\/","name":"Benjamin Sesko Signing: le double vainqueur de la Ligue des champions prononce un verdict sur la nouvelle star de Man United Centro-Forward","isPartOf":{"@id":"https:\/\/footdavant.fr\/actualites\/#website"},"datePublished":"2025-08-17T17:48:22+00:00","dateModified":"2025-08-17T17:48:23+00:00","breadcrumb":{"@id":"https:\/\/footdavant.fr\/actualites\/benjamin-sesko-signing-le-double-vainqueur-de-la-ligue-des-champions-prononce-un-verdict-sur-la-nouvelle-star-de-man-united-centro-forward\/#breadcrumb"},"inLanguage":"fr-FR","potentialAction":[{"@type":"ReadAction","target":["https:\/\/footdavant.fr\/actualites\/benjamin-sesko-signing-le-double-vainqueur-de-la-ligue-des-champions-prononce-un-verdict-sur-la-nouvelle-star-de-man-united-centro-forward\/"]}]},{"@type":"BreadcrumbList","@id":"https:\/\/footdavant.fr\/actualites\/benjamin-sesko-signing-le-double-vainqueur-de-la-ligue-des-champions-prononce-un-verdict-sur-la-nouvelle-star-de-man-united-centro-forward\/#breadcrumb","itemListElement":[{"@type":"ListItem","position":1,"name":"Accueil","item":"https:\/\/footdavant.fr\/actualites\/"},{"@type":"ListItem","position":2,"name":"Benjamin Sesko Signing: le double vainqueur de la Ligue des champions prononce un verdict sur la nouvelle star de Man United Centro-Forward"}]},{"@type":"WebSite","@id":"https:\/\/footdavant.fr\/actualites\/#website","url":"https:\/\/footdavant.fr\/actualites\/","name":"Foot d'avant","description":"","publisher":{"@id":"https:\/\/footdavant.fr\/actualites\/#organization"},"potentialAction":[{"@type":"SearchAction","target":{"@type":"EntryPoint","urlTemplate":"https:\/\/footdavant.fr\/actualites\/?s={search_term_string}"},"query-input":"required name=search_term_string"}],"inLanguage":"fr-FR"},{"@type":"Organization","@id":"https:\/\/footdavant.fr\/actualites\/#organization","name":"Foot d'avant","url":"https:\/\/footdavant.fr\/actualites\/","logo":{"@type":"ImageObject","inLanguage":"fr-FR","@id":"https:\/\/footdavant.fr\/actualites\/#\/schema\/logo\/image\/","url":"https:\/\/footdavant.fr\/actualites\/wp-content\/uploads\/2023\/09\/Copy-of-FootDavant-Logo.png","contentUrl":"https:\/\/footdavant.fr\/actualites\/wp-content\/uploads\/2023\/09\/Copy-of-FootDavant-Logo.png","width":936,"height":549,"caption":"Foot d'avant"},"image":{"@id":"https:\/\/footdavant.fr\/actualites\/#\/schema\/logo\/image\/"},"sameAs":["https:\/\/www.facebook.com\/Footdavant\/","https:\/\/twitter.com\/FootdavantFr","https:\/\/www.instagram.com\/footdavant.fr\/"]},{"@type":"Person","@id":"https:\/\/footdavant.fr\/actualites\/#\/schema\/person\/bc222566d95871b37e597b3ed3ba5e1d","name":"Cl\u00e9ment","image":{"@type":"ImageObject","inLanguage":"fr-FR","@id":"https:\/\/footdavant.fr\/actualites\/#\/schema\/person\/image\/","url":"https:\/\/secure.gravatar.com\/avatar\/7728b29aac2719421e1a9159b2254c44?s=96&d=mm&r=g","contentUrl":"https:\/\/secure.gravatar.com\/avatar\/7728b29aac2719421e1a9159b2254c44?s=96&d=mm&r=g","caption":"Cl\u00e9ment"},"sameAs":["https:\/\/footdavant.fr\/"]}]}},"_links":{"self":[{"href":"https:\/\/footdavant.fr\/actualites\/wp-json\/wp\/v2\/posts\/27433"}],"collection":[{"href":"https:\/\/footdavant.fr\/actualites\/wp-json\/wp\/v2\/posts"}],"about":[{"href":"https:\/\/footdavant.fr\/actualites\/wp-json\/wp\/v2\/types\/post"}],"author":[{"embeddable":true,"href":"https:\/\/footdavant.fr\/actualites\/wp-json\/wp\/v2\/users\/1"}],"replies":[{"embeddable":true,"href":"https:\/\/footdavant.fr\/actualites\/wp-json\/wp\/v2\/comments?post=27433"}],"version-history":[{"count":1,"href":"https:\/\/footdavant.fr\/actualites\/wp-json\/wp\/v2\/posts\/27433\/revisions"}],"predecessor-version":[{"id":27435,"href":"https:\/\/footdavant.fr\/actualites\/wp-json\/wp\/v2\/posts\/27433\/revisions\/27435"}],"wp:featuredmedia":[{"embeddable":true,"href":"https:\/\/footdavant.fr\/actualites\/wp-json\/wp\/v2\/media\/27434"}],"wp:attachment":[{"href":"https:\/\/footdavant.fr\/actualites\/wp-json\/wp\/v2\/media?parent=27433"}],"wp:term":[{"taxonomy":"category","embeddable":true,"href":"https:\/\/footdavant.fr\/actualites\/wp-json\/wp\/v2\/categories?post=27433"},{"taxonomy":"post_tag","embeddable":true,"href":"https:\/\/footdavant.fr\/actualites\/wp-json\/wp\/v2\/tags?post=27433"}],"curies":[{"name":"wp","href":"https:\/\/api.w.org\/{rel}","templated":true}]}}