{"id":27440,"date":"2025-08-18T01:48:10","date_gmt":"2025-08-17T23:48:10","guid":{"rendered":"https:\/\/footdavant.fr\/actualites\/les-decisions-de-selection-en-tant-que-nouvelle-saison-demarre\/"},"modified":"2025-08-18T01:48:12","modified_gmt":"2025-08-17T23:48:12","slug":"les-decisions-de-selection-en-tant-que-nouvelle-saison-demarre","status":"publish","type":"post","link":"https:\/\/footdavant.fr\/actualites\/les-decisions-de-selection-en-tant-que-nouvelle-saison-demarre\/","title":{"rendered":"Les d\u00e9cisions de s\u00e9lection en tant que nouvelle saison d\u00e9marre"},"content":{"rendered":"<div>\n<p>Matin tout.<\/p>\n<p>Eh bien, c&#39;est reparti. La nouvelle saison d\u00e9marre plus tard cet apr\u00e8s-midi avec un voyage \u00e0 Old Trafford, et Mikel Arteta a une ou deux d\u00e9cisions en ce qui concerne son xi de d\u00e9part. L&#39;\u00e9vident est qui commence \u00e0 l&#39;avance entre Kai Havertz et Viktor Gyokerres. De toute \u00e9vidence, la responsabilit\u00e9 d&#39;un manager est de choisir une \u00e9quipe qui, selon lui, a la meilleure chance de gagner le jeu et de ne pas \u00e9couter trop de bruit externe.<\/p>\n<p>Cependant, dans ce cas, apr\u00e8s une telle clameur pour Arsenal d&#39;acheter un attaquant, j&#39;ai l&#39;impression qu&#39;il y aurait beaucoup trop de r\u00e9cits si l&#39;arriv\u00e9e d&#39;\u00e9t\u00e9 de Sporting ne commen\u00e7ait pas. Je pense que ce sera probablement un appel assez proche entre les deux dans l&#39;esprit d&#39;Arteta. Havertz a \u00e9t\u00e9 un peu de blessure en pr\u00e9-saison, mais Gyokerres est arriv\u00e9 tard et n&#39;avait fait une formation individuelle que depuis quelques semaines. Nous savons qu&#39;il aime l&#39;allemand, mais je pense que ce doit \u00eatre le nouvel homme aujourd&#39;hui avec une assurance \/ assurance que sur le banc, il a quelqu&#39;un qui peut vraiment aider l&#39;\u00e9quipe.<\/p>\n<p>Au-del\u00e0 de cela, le seul autre probl\u00e8me de s\u00e9lection auquel je peux penser est l&#39;arri\u00e8re gauche. Dans notre podcast d&#39;aper\u00e7u sur Patreon, nous avons choisi l&#39;\u00e9quipe et le banc, et finalement nous avons fini par laisser de c\u00f4t\u00e9 deux de Jakub Kiwior, Cristhian Mosquera et Leandro Trossard &#8211; qui auraient encore \u00e9t\u00e9 adapt\u00e9. J&#39;ai vu une vid\u00e9o qui montre que Max Dowman a \u00e9galement voyag\u00e9 avec l&#39;\u00e9quipe, ce que nous n&#39;avons pas consid\u00e9r\u00e9 dans notre conversation. Il est possible qu&#39;il soit l\u00e0 en tant qu&#39;homme de rechange (gar\u00e7on) et cela fait partie de lui donner l&#39;exp\u00e9rience du jour du match senior, mais peu importe qu&#39;il y aura des joueurs laiss\u00e9s de c\u00f4t\u00e9 aujourd&#39;hui.<\/p>\n<p>J&#39;ai eu une tr\u00e8s l\u00e9g\u00e8re pr\u00e9f\u00e9rence pour Riccardo Calafiori pour commencer celui-ci, mais si c&#39;est Myles Lewis-Skelly, je serais bien avec cela, et cela pourrait \u00eatre logique d&#39;avoir l&#39;italien comme profondeur d\u00e9fensive. Je vais supposer que Gabriel commence, mais apr\u00e8s une grosse blessure et pas beaucoup de temps de jeu en pr\u00e9-saison, Arteta pourrait devoir consid\u00e9rer la possibilit\u00e9 que le 90 complet pourrait \u00eatre un d\u00e9fi pour lui. D&#39;o\u00f9 Calafiori sur le banc. J&#39;ai vu Mosquera dans la vid\u00e9o et je n&#39;ai pas vu Gabriel (qui n&#39;est pas concluant BTW), alors peut-\u00eatre que c&#39;est Saliba \/ Calafiori \u00e0 l&#39;arri\u00e8re, mais sinon je pr\u00e9dirais ceci:<\/p>\n<\/p>\n<p>Le bois vous donne une couverture d\u00e9fensive \u00e0 travers la ligne arri\u00e8re, et Calafiori peut arriver \u00e0 l&#39;arri\u00e8re gauche ou au demi-centre gauche. Apr\u00e8s cela, je veux voir un banc avec des joueurs qui peuvent faire une diff\u00e9rence. La saison derni\u00e8re, la blague en cours d&#39;ex\u00e9cution \u00e9tait que nous avions une pl\u00e9thore d&#39;arri\u00e8re gauche \u00e0 notre disposition, mais ce n&#39;\u00e9tait pas vraiment dr\u00f4le quand vous aviez besoin d&#39;un but et que vous avez vu tr\u00e8s peu d&#39;options d&#39;attaque. Arteta a ceux \u00e0 sa disposition aujourd&#39;hui et j&#39;ai vraiment besoin de voir le banc empil\u00e9 de cette fa\u00e7on.<\/p>\n<p>Le milieu de terrain sera vraiment important, et c&#39;est tout \u00e0 fait le lieu de faire ses d\u00e9buts comp\u00e9titifs. Je ne pense pas qu&#39;il sera d\u00e9c\u00e9d\u00e9, et j&#39;esp\u00e8re que nous verrons plus de ce jeu de combinaison prometteur du jeu de Bilbao athl\u00e9tique qui l&#39;a vu \u00e9changer beaucoup avec Declan Rice et a permis \u00e0 Martin Odegaard de jouer plus haut sur le terrain. D\u00e9placer le ballon plus rapidement des zones profondes \u00e0 notre ligne avant sera l&#39;un des d\u00e9veloppements que nous voyons de l&#39;\u00e9quipe cette saison, et j&#39;esp\u00e8re que cela commencera s\u00e9rieusement aujourd&#39;hui.<\/p>\n<p>Quant \u00e0 United, ils ont manifestement investi massivement dans leur ligne vers l&#39;avant, ce qui a \u00e9t\u00e9 un point d&#39;\u00e9chec la saison derni\u00e8re. Il ne fait aucun doute que Bryan Mbeumo, Mattheus Cunha et Benjamin Sesko les am\u00e9liorent \u00e0 cet \u00e9gard, mais je me demande s&#39;ils auraient pu mieux investir une partie de cet argent au milieu de terrain, au centre de leur d\u00e9fense et dans un gardien de but. Donc, en ce sens, vous esp\u00e9rez qu&#39;un arsenal am\u00e9lior\u00e9 pourra trouver de la joie contre une \u00e9quipe qui a eu du mal dans ces r\u00e9gions la saison derni\u00e8re, tout en mettant en valeur la solidit\u00e9 de notre d\u00e9fense pour compenser leur plus grande force \u00e0 l&#39;avance.<\/p>\n<p>Old Trafford n&#39;a pas \u00e9t\u00e9 un terrain de chasse heureux pour nous au fil des ans. Quelques victoires occasionnelles, mais trop de matchs o\u00f9 nous avions l&#39;impression d&#39;avoir jou\u00e9 l&#39;histoire de Man Utd plut\u00f4t que des 11 hommes sur le terrain. C&#39;est un d\u00e9but de saison difficile, mais \u00e0 ce sujet, Arteta dit:<\/p>\n<blockquote>\n<p>Nous devons jouer les uns les autres \u00e0 un moment donn\u00e9, et nous commencerons dans un stade incroyable avec tant d&#39;histoire et une belle fa\u00e7on de commencer la saison. Nous allons aller match par jeu et faire les meilleurs pr\u00e9paratifs, puis jouerons pour gagner le droit de gagner le match.<\/p>\n<\/blockquote>\n<p>Les enjeux se sentent \u00e9lev\u00e9s, non seulement \u00e0 cause de l&#39;opposition d&#39;aujourd&#39;hui, mais \u00e0 cause de ce qui est attendu d&#39;Arsenal cette saison. Nous avons fait des affaires solides cet \u00e9t\u00e9, augmentant l&#39;\u00e9quipe et l&#39;\u00e9quipe o\u00f9 nous devions le faire, et s&#39;il y avait des raisons compr\u00e9hensibles pour que notre football soit moins excitant et agr\u00e9able la saison derni\u00e8re, ce n&#39;est pas le cas cette fois-ci. Je ne me soucie pas vraiment de la fa\u00e7on dont nous gagnons aujourd&#39;hui, une fois que nous le faisons, mais au cours de la campagne, j&#39;esp\u00e8re que nous pourrons aligner les r\u00e9sultats et les performances d&#39;une mani\u00e8re qui rappelle aux gens que nous sommes une tr\u00e8s bonne \u00e9quipe et qui devrait avoir tout requis pour d\u00e9fier le titre.<\/p>\n<p>Alors, voil\u00e0. Une nouvelle saison commence, et comme toujours, nous aurons une couverture de blog en direct du jeu pour vous, et tous les trucs d&#39;apr\u00e8s-match &#8211; y compris les cotes et la r\u00e9action des joueurs &#8211; sur les nouvelles du blog Arse.<\/p>\n<p>Pour l&#39;instant, passez un bon dimanche et allez les artilleurs!<\/p>\n<\/div>\n","protected":false},"excerpt":{"rendered":"<p>Matin tout. Eh bien, c&#39;est reparti. La nouvelle saison d\u00e9marre plus tard cet apr\u00e8s-midi avec un voyage \u00e0 Old Trafford, et Mikel Arteta a une<\/p>\n","protected":false},"author":1,"featured_media":27441,"comment_status":"closed","ping_status":"","sticky":false,"template":"","format":"standard","meta":{"footnotes":""},"categories":[3],"tags":[3408,10237,93,1850,482,1457,1124],"yoast_head":"<!-- This site is optimized with the Yoast SEO plugin v21.0 - https:\/\/yoast.com\/wordpress\/plugins\/seo\/ -->\n<title>Les d\u00e9cisions de s\u00e9lection en tant que nouvelle saison d\u00e9marre<\/title>\n<meta name=\"robots\" content=\"index, follow, max-snippet:-1, max-image-preview:large, max-video-preview:-1\" \/>\n<link rel=\"canonical\" href=\"https:\/\/footdavant.fr\/actualites\/les-decisions-de-selection-en-tant-que-nouvelle-saison-demarre\/\" \/>\n<meta property=\"og:locale\" content=\"fr_FR\" \/>\n<meta property=\"og:type\" content=\"article\" \/>\n<meta property=\"og:title\" content=\"Les d\u00e9cisions de s\u00e9lection en tant que nouvelle saison d\u00e9marre\" \/>\n<meta property=\"og:description\" content=\"Matin tout. Eh bien, c&#039;est reparti. La nouvelle saison d\u00e9marre plus tard cet apr\u00e8s-midi avec un voyage \u00e0 Old Trafford, et Mikel Arteta a une\" \/>\n<meta property=\"og:url\" content=\"https:\/\/footdavant.fr\/actualites\/les-decisions-de-selection-en-tant-que-nouvelle-saison-demarre\/\" \/>\n<meta property=\"og:site_name\" content=\"Foot d&#039;avant\" \/>\n<meta property=\"article:publisher\" content=\"https:\/\/www.facebook.com\/Footdavant\/\" \/>\n<meta property=\"article:published_time\" content=\"2025-08-17T23:48:10+00:00\" \/>\n<meta property=\"article:modified_time\" content=\"2025-08-17T23:48:12+00:00\" \/>\n<meta property=\"og:image\" content=\"https:\/\/footdavant.fr\/actualites\/wp-content\/uploads\/2025\/08\/Les-decisions-de-selection-en-tant-que-nouvelle-saison-demarre.jpg\" \/>\n\t<meta property=\"og:image:width\" content=\"1500\" \/>\n\t<meta property=\"og:image:height\" content=\"750\" \/>\n\t<meta property=\"og:image:type\" content=\"image\/jpeg\" \/>\n<meta name=\"author\" content=\"Cl\u00e9ment\" \/>\n<meta name=\"twitter:card\" content=\"summary_large_image\" \/>\n<meta name=\"twitter:creator\" content=\"@FootdavantFr\" \/>\n<meta name=\"twitter:site\" content=\"@FootdavantFr\" \/>\n<meta name=\"twitter:label1\" content=\"\u00c9crit par\" \/>\n\t<meta name=\"twitter:data1\" content=\"Cl\u00e9ment\" \/>\n\t<meta name=\"twitter:label2\" content=\"Dur\u00e9e de lecture estim\u00e9e\" \/>\n\t<meta name=\"twitter:data2\" content=\"6 minutes\" \/>\n<script type=\"application\/ld+json\" class=\"yoast-schema-graph\">{\"@context\":\"https:\/\/schema.org\",\"@graph\":[{\"@type\":\"Article\",\"@id\":\"https:\/\/footdavant.fr\/actualites\/les-decisions-de-selection-en-tant-que-nouvelle-saison-demarre\/#article\",\"isPartOf\":{\"@id\":\"https:\/\/footdavant.fr\/actualites\/les-decisions-de-selection-en-tant-que-nouvelle-saison-demarre\/\"},\"author\":{\"name\":\"Cl\u00e9ment\",\"@id\":\"https:\/\/footdavant.fr\/actualites\/#\/schema\/person\/bc222566d95871b37e597b3ed3ba5e1d\"},\"headline\":\"Les d\u00e9cisions de s\u00e9lection en tant que nouvelle saison d\u00e9marre\",\"datePublished\":\"2025-08-17T23:48:10+00:00\",\"dateModified\":\"2025-08-17T23:48:12+00:00\",\"mainEntityOfPage\":{\"@id\":\"https:\/\/footdavant.fr\/actualites\/les-decisions-de-selection-en-tant-que-nouvelle-saison-demarre\/\"},\"wordCount\":1139,\"publisher\":{\"@id\":\"https:\/\/footdavant.fr\/actualites\/#organization\"},\"keywords\":[\"d\u00e9cisions\",\"d\u00e9marre\",\"les\",\"nouvelle\",\"saison\",\"s\u00e9lection\",\"tant\"],\"articleSection\":[\"Football\"],\"inLanguage\":\"fr-FR\"},{\"@type\":\"WebPage\",\"@id\":\"https:\/\/footdavant.fr\/actualites\/les-decisions-de-selection-en-tant-que-nouvelle-saison-demarre\/\",\"url\":\"https:\/\/footdavant.fr\/actualites\/les-decisions-de-selection-en-tant-que-nouvelle-saison-demarre\/\",\"name\":\"Les d\u00e9cisions de s\u00e9lection en tant que nouvelle saison d\u00e9marre\",\"isPartOf\":{\"@id\":\"https:\/\/footdavant.fr\/actualites\/#website\"},\"datePublished\":\"2025-08-17T23:48:10+00:00\",\"dateModified\":\"2025-08-17T23:48:12+00:00\",\"breadcrumb\":{\"@id\":\"https:\/\/footdavant.fr\/actualites\/les-decisions-de-selection-en-tant-que-nouvelle-saison-demarre\/#breadcrumb\"},\"inLanguage\":\"fr-FR\",\"potentialAction\":[{\"@type\":\"ReadAction\",\"target\":[\"https:\/\/footdavant.fr\/actualites\/les-decisions-de-selection-en-tant-que-nouvelle-saison-demarre\/\"]}]},{\"@type\":\"BreadcrumbList\",\"@id\":\"https:\/\/footdavant.fr\/actualites\/les-decisions-de-selection-en-tant-que-nouvelle-saison-demarre\/#breadcrumb\",\"itemListElement\":[{\"@type\":\"ListItem\",\"position\":1,\"name\":\"Accueil\",\"item\":\"https:\/\/footdavant.fr\/actualites\/\"},{\"@type\":\"ListItem\",\"position\":2,\"name\":\"Les d\u00e9cisions de s\u00e9lection en tant que nouvelle saison d\u00e9marre\"}]},{\"@type\":\"WebSite\",\"@id\":\"https:\/\/footdavant.fr\/actualites\/#website\",\"url\":\"https:\/\/footdavant.fr\/actualites\/\",\"name\":\"Foot d'avant\",\"description\":\"\",\"publisher\":{\"@id\":\"https:\/\/footdavant.fr\/actualites\/#organization\"},\"potentialAction\":[{\"@type\":\"SearchAction\",\"target\":{\"@type\":\"EntryPoint\",\"urlTemplate\":\"https:\/\/footdavant.fr\/actualites\/?s={search_term_string}\"},\"query-input\":\"required name=search_term_string\"}],\"inLanguage\":\"fr-FR\"},{\"@type\":\"Organization\",\"@id\":\"https:\/\/footdavant.fr\/actualites\/#organization\",\"name\":\"Foot d'avant\",\"url\":\"https:\/\/footdavant.fr\/actualites\/\",\"logo\":{\"@type\":\"ImageObject\",\"inLanguage\":\"fr-FR\",\"@id\":\"https:\/\/footdavant.fr\/actualites\/#\/schema\/logo\/image\/\",\"url\":\"https:\/\/footdavant.fr\/actualites\/wp-content\/uploads\/2023\/09\/Copy-of-FootDavant-Logo.png\",\"contentUrl\":\"https:\/\/footdavant.fr\/actualites\/wp-content\/uploads\/2023\/09\/Copy-of-FootDavant-Logo.png\",\"width\":936,\"height\":549,\"caption\":\"Foot d'avant\"},\"image\":{\"@id\":\"https:\/\/footdavant.fr\/actualites\/#\/schema\/logo\/image\/\"},\"sameAs\":[\"https:\/\/www.facebook.com\/Footdavant\/\",\"https:\/\/twitter.com\/FootdavantFr\",\"https:\/\/www.instagram.com\/footdavant.fr\/\"]},{\"@type\":\"Person\",\"@id\":\"https:\/\/footdavant.fr\/actualites\/#\/schema\/person\/bc222566d95871b37e597b3ed3ba5e1d\",\"name\":\"Cl\u00e9ment\",\"image\":{\"@type\":\"ImageObject\",\"inLanguage\":\"fr-FR\",\"@id\":\"https:\/\/footdavant.fr\/actualites\/#\/schema\/person\/image\/\",\"url\":\"https:\/\/secure.gravatar.com\/avatar\/7728b29aac2719421e1a9159b2254c44?s=96&d=mm&r=g\",\"contentUrl\":\"https:\/\/secure.gravatar.com\/avatar\/7728b29aac2719421e1a9159b2254c44?s=96&d=mm&r=g\",\"caption\":\"Cl\u00e9ment\"},\"sameAs\":[\"https:\/\/footdavant.fr\/\"]}]}<\/script>\n<!-- \/ Yoast SEO plugin. -->","yoast_head_json":{"title":"Les d\u00e9cisions de s\u00e9lection en tant que nouvelle saison d\u00e9marre","robots":{"index":"index","follow":"follow","max-snippet":"max-snippet:-1","max-image-preview":"max-image-preview:large","max-video-preview":"max-video-preview:-1"},"canonical":"https:\/\/footdavant.fr\/actualites\/les-decisions-de-selection-en-tant-que-nouvelle-saison-demarre\/","og_locale":"fr_FR","og_type":"article","og_title":"Les d\u00e9cisions de s\u00e9lection en tant que nouvelle saison d\u00e9marre","og_description":"Matin tout. Eh bien, c&#39;est reparti. La nouvelle saison d\u00e9marre plus tard cet apr\u00e8s-midi avec un voyage \u00e0 Old Trafford, et Mikel Arteta a une","og_url":"https:\/\/footdavant.fr\/actualites\/les-decisions-de-selection-en-tant-que-nouvelle-saison-demarre\/","og_site_name":"Foot d&#039;avant","article_publisher":"https:\/\/www.facebook.com\/Footdavant\/","article_published_time":"2025-08-17T23:48:10+00:00","article_modified_time":"2025-08-17T23:48:12+00:00","og_image":[{"width":1500,"height":750,"url":"https:\/\/footdavant.fr\/actualites\/wp-content\/uploads\/2025\/08\/Les-decisions-de-selection-en-tant-que-nouvelle-saison-demarre.jpg","type":"image\/jpeg"}],"author":"Cl\u00e9ment","twitter_card":"summary_large_image","twitter_creator":"@FootdavantFr","twitter_site":"@FootdavantFr","twitter_misc":{"\u00c9crit par":"Cl\u00e9ment","Dur\u00e9e de lecture estim\u00e9e":"6 minutes"},"schema":{"@context":"https:\/\/schema.org","@graph":[{"@type":"Article","@id":"https:\/\/footdavant.fr\/actualites\/les-decisions-de-selection-en-tant-que-nouvelle-saison-demarre\/#article","isPartOf":{"@id":"https:\/\/footdavant.fr\/actualites\/les-decisions-de-selection-en-tant-que-nouvelle-saison-demarre\/"},"author":{"name":"Cl\u00e9ment","@id":"https:\/\/footdavant.fr\/actualites\/#\/schema\/person\/bc222566d95871b37e597b3ed3ba5e1d"},"headline":"Les d\u00e9cisions de s\u00e9lection en tant que nouvelle saison d\u00e9marre","datePublished":"2025-08-17T23:48:10+00:00","dateModified":"2025-08-17T23:48:12+00:00","mainEntityOfPage":{"@id":"https:\/\/footdavant.fr\/actualites\/les-decisions-de-selection-en-tant-que-nouvelle-saison-demarre\/"},"wordCount":1139,"publisher":{"@id":"https:\/\/footdavant.fr\/actualites\/#organization"},"keywords":["d\u00e9cisions","d\u00e9marre","les","nouvelle","saison","s\u00e9lection","tant"],"articleSection":["Football"],"inLanguage":"fr-FR"},{"@type":"WebPage","@id":"https:\/\/footdavant.fr\/actualites\/les-decisions-de-selection-en-tant-que-nouvelle-saison-demarre\/","url":"https:\/\/footdavant.fr\/actualites\/les-decisions-de-selection-en-tant-que-nouvelle-saison-demarre\/","name":"Les d\u00e9cisions de s\u00e9lection en tant que nouvelle saison d\u00e9marre","isPartOf":{"@id":"https:\/\/footdavant.fr\/actualites\/#website"},"datePublished":"2025-08-17T23:48:10+00:00","dateModified":"2025-08-17T23:48:12+00:00","breadcrumb":{"@id":"https:\/\/footdavant.fr\/actualites\/les-decisions-de-selection-en-tant-que-nouvelle-saison-demarre\/#breadcrumb"},"inLanguage":"fr-FR","potentialAction":[{"@type":"ReadAction","target":["https:\/\/footdavant.fr\/actualites\/les-decisions-de-selection-en-tant-que-nouvelle-saison-demarre\/"]}]},{"@type":"BreadcrumbList","@id":"https:\/\/footdavant.fr\/actualites\/les-decisions-de-selection-en-tant-que-nouvelle-saison-demarre\/#breadcrumb","itemListElement":[{"@type":"ListItem","position":1,"name":"Accueil","item":"https:\/\/footdavant.fr\/actualites\/"},{"@type":"ListItem","position":2,"name":"Les d\u00e9cisions de s\u00e9lection en tant que nouvelle saison d\u00e9marre"}]},{"@type":"WebSite","@id":"https:\/\/footdavant.fr\/actualites\/#website","url":"https:\/\/footdavant.fr\/actualites\/","name":"Foot d'avant","description":"","publisher":{"@id":"https:\/\/footdavant.fr\/actualites\/#organization"},"potentialAction":[{"@type":"SearchAction","target":{"@type":"EntryPoint","urlTemplate":"https:\/\/footdavant.fr\/actualites\/?s={search_term_string}"},"query-input":"required name=search_term_string"}],"inLanguage":"fr-FR"},{"@type":"Organization","@id":"https:\/\/footdavant.fr\/actualites\/#organization","name":"Foot d'avant","url":"https:\/\/footdavant.fr\/actualites\/","logo":{"@type":"ImageObject","inLanguage":"fr-FR","@id":"https:\/\/footdavant.fr\/actualites\/#\/schema\/logo\/image\/","url":"https:\/\/footdavant.fr\/actualites\/wp-content\/uploads\/2023\/09\/Copy-of-FootDavant-Logo.png","contentUrl":"https:\/\/footdavant.fr\/actualites\/wp-content\/uploads\/2023\/09\/Copy-of-FootDavant-Logo.png","width":936,"height":549,"caption":"Foot d'avant"},"image":{"@id":"https:\/\/footdavant.fr\/actualites\/#\/schema\/logo\/image\/"},"sameAs":["https:\/\/www.facebook.com\/Footdavant\/","https:\/\/twitter.com\/FootdavantFr","https:\/\/www.instagram.com\/footdavant.fr\/"]},{"@type":"Person","@id":"https:\/\/footdavant.fr\/actualites\/#\/schema\/person\/bc222566d95871b37e597b3ed3ba5e1d","name":"Cl\u00e9ment","image":{"@type":"ImageObject","inLanguage":"fr-FR","@id":"https:\/\/footdavant.fr\/actualites\/#\/schema\/person\/image\/","url":"https:\/\/secure.gravatar.com\/avatar\/7728b29aac2719421e1a9159b2254c44?s=96&d=mm&r=g","contentUrl":"https:\/\/secure.gravatar.com\/avatar\/7728b29aac2719421e1a9159b2254c44?s=96&d=mm&r=g","caption":"Cl\u00e9ment"},"sameAs":["https:\/\/footdavant.fr\/"]}]}},"_links":{"self":[{"href":"https:\/\/footdavant.fr\/actualites\/wp-json\/wp\/v2\/posts\/27440"}],"collection":[{"href":"https:\/\/footdavant.fr\/actualites\/wp-json\/wp\/v2\/posts"}],"about":[{"href":"https:\/\/footdavant.fr\/actualites\/wp-json\/wp\/v2\/types\/post"}],"author":[{"embeddable":true,"href":"https:\/\/footdavant.fr\/actualites\/wp-json\/wp\/v2\/users\/1"}],"replies":[{"embeddable":true,"href":"https:\/\/footdavant.fr\/actualites\/wp-json\/wp\/v2\/comments?post=27440"}],"version-history":[{"count":1,"href":"https:\/\/footdavant.fr\/actualites\/wp-json\/wp\/v2\/posts\/27440\/revisions"}],"predecessor-version":[{"id":27442,"href":"https:\/\/footdavant.fr\/actualites\/wp-json\/wp\/v2\/posts\/27440\/revisions\/27442"}],"wp:featuredmedia":[{"embeddable":true,"href":"https:\/\/footdavant.fr\/actualites\/wp-json\/wp\/v2\/media\/27441"}],"wp:attachment":[{"href":"https:\/\/footdavant.fr\/actualites\/wp-json\/wp\/v2\/media?parent=27440"}],"wp:term":[{"taxonomy":"category","embeddable":true,"href":"https:\/\/footdavant.fr\/actualites\/wp-json\/wp\/v2\/categories?post=27440"},{"taxonomy":"post_tag","embeddable":true,"href":"https:\/\/footdavant.fr\/actualites\/wp-json\/wp\/v2\/tags?post=27440"}],"curies":[{"name":"wp","href":"https:\/\/api.w.org\/{rel}","templated":true}]}}