{"id":275,"date":"2023-11-04T11:58:56","date_gmt":"2023-11-04T10:58:56","guid":{"rendered":"https:\/\/footdavant.fr\/actualites\/oneil-espere-que-la-blessure-aux-ischio-jambiers-de-neto-nest-pas-grave\/"},"modified":"2023-11-04T11:58:57","modified_gmt":"2023-11-04T10:58:57","slug":"oneil-espere-que-la-blessure-aux-ischio-jambiers-de-neto-nest-pas-grave","status":"publish","type":"post","link":"https:\/\/footdavant.fr\/actualites\/oneil-espere-que-la-blessure-aux-ischio-jambiers-de-neto-nest-pas-grave\/","title":{"rendered":"O&rsquo;Neil esp\u00e8re que la blessure aux ischio-jambiers de Neto n&rsquo;est \u00ab\u00a0pas grave\u00a0\u00bb"},"content":{"rendered":"<p>L&rsquo;entra\u00eeneur-chef des Wolverhampton Wanderers, Gary O&rsquo;Neil, esp\u00e8re que la blessure aux ischio-jambiers subie par Pedro Neto contre Newcastle United n&rsquo;est \u00ab\u00a0pas grave\u00a0\u00bb.<\/p>\n<div id=\"article_body\" itemprop=\"articleBody\">\n<h3 class=\"firstPara\">\n<strong class=\"autotag\">Wanderers de Wolverhampton<\/strong> l&rsquo;entra\u00eeneur-chef <strong class=\"autotag\">Gary O&rsquo;Neil<\/strong> j&rsquo;esp\u00e8re que <strong class=\"autotag\">Pedro Neto<\/strong> n&rsquo;a pas subi de blessure aux ischio-jambiers \u00e0 long terme contre Newcastle United.<\/h3>\n<p>Samedi soir, les Wolves sont revenus par derri\u00e8re \u00e0 deux reprises pour remporter un match nul 2-2 m\u00e9rit\u00e9 contre les Magpies lors d&rsquo;une rencontre divertissante de Premier League \u00e0 Molineux.<\/p>\n<p>Cependant, \u00e0 un moment o\u00f9 l&rsquo;\u00e9quipe locale prenait l&rsquo;ascendant et cherchait un troisi\u00e8me but, Neto se relevait brusquement en raison d&rsquo;une blessure \u00e9vidente aux ischio-jambiers, qui lui a valu d&rsquo;\u00eatre \u00e9tir\u00e9 sur une civi\u00e8re.<\/p>\n<p>L&rsquo;international portugais \u00e9tant visiblement d\u00e9sempar\u00e9, on craint que l&rsquo;ailier en forme ne soit mis \u00e0 l&rsquo;\u00e9cart \u00e0 long terme, plut\u00f4t que quelques semaines seulement.<\/p>\n<p>Cela ne sera pas d\u00e9termin\u00e9 avant la semaine prochaine, lorsque la question sera r\u00e9gl\u00e9e et \u00e9valu\u00e9e, mais O&rsquo;Neil a laiss\u00e9 entendre qu&rsquo;il restait optimiste lorsqu&rsquo;il s&rsquo;adressait aux m\u00e9dias apr\u00e8s le match.<\/p>\n<p class=\"imgI\">\n<p>S&rsquo;adressant aux journalistes, cit\u00e9 par le <em>Courrier de Birmingham<\/em>l&rsquo;Anglais a d\u00e9clar\u00e9 : \u00ab\u00a0Il bouge. De toute \u00e9vidence, les blessures aux ischio-jambiers ont des niveaux de gravit\u00e9 tr\u00e8s diff\u00e9rents, nous esp\u00e9rons donc qu&rsquo;elles seront plus petites.<\/p>\n<p>\u00ab\u00a0Hodgey (<strong class=\"autotag\">Joe Hodge<\/strong>) en a eu un similaire lors du match de coupe et n&rsquo;a pas \u00e9t\u00e9 absent trop longtemps, nous esp\u00e9rons donc que Pedro ne manquera pas longtemps. <\/p>\n<p>\u00ab\u00a0Il a jou\u00e9 un r\u00f4le important dans ce que nous avons r\u00e9ussi \u00e0 faire jusqu&rsquo;\u00e0 pr\u00e9sent, mais aussi longtemps qu&rsquo;il sera absent, le groupe est pr\u00eat \u00e0 s&rsquo;assurer que nous continuons \u00e0 produire des performances et \u00e0 marquer des points.\u00a0\u00bb<\/p>\n<p>Plus t\u00f4t dans la comp\u00e9tition, le joueur de 23 ans avait d\u00e9livr\u00e9 sa septi\u00e8me passe d\u00e9cisive de la campagne de Premier League en seulement 10 titularisations, la plus \u00e9lev\u00e9e de l&rsquo;\u00e9lite anglaise.<\/p>\n<p class=\"imgI\"><img decoding=\"async\" loading=\"lazy\" class=\"l\" src=\"https:\/\/footdavant.fr\/actualites\/wp-content\/uploads\/2023\/11\/1699095536_183_ONeil-espere-que-la-blessure-aux-ischio-jambiers-de-Neto-nest.JPG\" title=\"Pedro Neto de Wolverhampton Wanderers c\u00e9l\u00e8bre son premier but le 21 septembre 2023\" alt=\"Pedro Neto de Wolverhampton Wanderers c\u00e9l\u00e8bre son premier but le 21 septembre 2023\" width=\"640\" height=\"480\"><\/p>\n<p>Neto a \u00e9galement \u00e9t\u00e9 omnipr\u00e9sent dans la formation de d\u00e9part des Wolves, mais il risque d\u00e9sormais de rater un certain nombre de matches.<\/p>\n<p>Avant la tr\u00eave internationale, les Wolves se rendront \u00e0 Sheffield United le 4 novembre avant d&rsquo;accueillir le leader de la ligue Tottenham Hotspur le 11 novembre.<\/p>\n<p>Il reste ensuite 16 jours d&rsquo;\u00e9cart jusqu&rsquo;au d\u00e9placement face \u00e0 Fulham \u00e0 Londres le 27 novembre, avant un deuxi\u00e8me d\u00e9placement dans la capitale la m\u00eame semaine pour affronter Arsenal \u00e0 l&rsquo;Emirates Stadium le 2 d\u00e9cembre.<\/p>\n<p>A sa place, O&rsquo;Neil a la possibilit\u00e9 de d\u00e9m\u00e9nager <strong class=\"autotag\">Matheus Cunha<\/strong> \u00e0 l&rsquo;\u00e9chelle mondiale et en d\u00e9ploiement <strong class=\"autotag\">Fabio Silva<\/strong> ou <strong class=\"autotag\">Sasa Kalajdzic<\/strong> au milieu, ou en utilisant <strong class=\"autotag\">Pablo Sarabia<\/strong> comme alternative directe.<\/p>\n<\/div>\n","protected":false},"excerpt":{"rendered":"<p>L&rsquo;entra\u00eeneur-chef des Wolverhampton Wanderers, Gary O&rsquo;Neil, esp\u00e8re que la blessure aux ischio-jambiers subie par Pedro Neto contre Newcastle United n&rsquo;est \u00ab\u00a0pas grave\u00a0\u00bb. Wanderers de Wolverhampton<\/p>\n","protected":false},"author":1,"featured_media":276,"comment_status":"closed","ping_status":"","sticky":false,"template":"","format":"standard","meta":{"footnotes":""},"categories":[5],"tags":[305,15,445,447,395,446,397,444,71],"yoast_head":"<!-- This site is optimized with the Yoast SEO plugin v21.0 - https:\/\/yoast.com\/wordpress\/plugins\/seo\/ -->\n<title>O&#039;Neil esp\u00e8re que la blessure aux ischio-jambiers de Neto n&#039;est &quot;pas grave&quot;<\/title>\n<meta name=\"robots\" content=\"index, follow, max-snippet:-1, max-image-preview:large, max-video-preview:-1\" \/>\n<link rel=\"canonical\" href=\"https:\/\/footdavant.fr\/actualites\/oneil-espere-que-la-blessure-aux-ischio-jambiers-de-neto-nest-pas-grave\/\" \/>\n<meta property=\"og:locale\" content=\"fr_FR\" \/>\n<meta property=\"og:type\" content=\"article\" \/>\n<meta property=\"og:title\" content=\"O&#039;Neil esp\u00e8re que la blessure aux ischio-jambiers de Neto n&#039;est &quot;pas grave&quot;\" \/>\n<meta property=\"og:description\" content=\"L&rsquo;entra\u00eeneur-chef des Wolverhampton Wanderers, Gary O&rsquo;Neil, esp\u00e8re que la blessure aux ischio-jambiers subie par Pedro Neto contre Newcastle United n&rsquo;est \u00ab\u00a0pas grave\u00a0\u00bb. Wanderers de Wolverhampton\" \/>\n<meta property=\"og:url\" content=\"https:\/\/footdavant.fr\/actualites\/oneil-espere-que-la-blessure-aux-ischio-jambiers-de-neto-nest-pas-grave\/\" \/>\n<meta property=\"og:site_name\" content=\"Foot d&#039;avant\" \/>\n<meta property=\"article:publisher\" content=\"https:\/\/www.facebook.com\/Footdavant\/\" \/>\n<meta property=\"article:published_time\" content=\"2023-11-04T10:58:56+00:00\" \/>\n<meta property=\"article:modified_time\" content=\"2023-11-04T10:58:57+00:00\" \/>\n<meta property=\"og:image\" content=\"https:\/\/footdavant.fr\/actualites\/wp-content\/uploads\/2023\/11\/ONeil-espere-que-la-blessure-aux-ischio-jambiers-de-Neto-nest.JPG\" \/>\n\t<meta property=\"og:image:width\" content=\"640\" \/>\n\t<meta property=\"og:image:height\" content=\"480\" \/>\n\t<meta property=\"og:image:type\" content=\"image\/jpeg\" \/>\n<meta name=\"author\" content=\"Cl\u00e9ment\" \/>\n<meta name=\"twitter:card\" content=\"summary_large_image\" \/>\n<meta name=\"twitter:creator\" content=\"@FootdavantFr\" \/>\n<meta name=\"twitter:site\" content=\"@FootdavantFr\" \/>\n<meta name=\"twitter:label1\" content=\"\u00c9crit par\" \/>\n\t<meta name=\"twitter:data1\" content=\"Cl\u00e9ment\" \/>\n\t<meta name=\"twitter:label2\" content=\"Dur\u00e9e de lecture estim\u00e9e\" \/>\n\t<meta name=\"twitter:data2\" content=\"2 minutes\" \/>\n<script type=\"application\/ld+json\" class=\"yoast-schema-graph\">{\"@context\":\"https:\/\/schema.org\",\"@graph\":[{\"@type\":\"Article\",\"@id\":\"https:\/\/footdavant.fr\/actualites\/oneil-espere-que-la-blessure-aux-ischio-jambiers-de-neto-nest-pas-grave\/#article\",\"isPartOf\":{\"@id\":\"https:\/\/footdavant.fr\/actualites\/oneil-espere-que-la-blessure-aux-ischio-jambiers-de-neto-nest-pas-grave\/\"},\"author\":{\"name\":\"Cl\u00e9ment\",\"@id\":\"https:\/\/footdavant.fr\/actualites\/#\/schema\/person\/bc222566d95871b37e597b3ed3ba5e1d\"},\"headline\":\"O&rsquo;Neil esp\u00e8re que la blessure aux ischio-jambiers de Neto n&rsquo;est \u00ab\u00a0pas grave\u00a0\u00bb\",\"datePublished\":\"2023-11-04T10:58:56+00:00\",\"dateModified\":\"2023-11-04T10:58:57+00:00\",\"mainEntityOfPage\":{\"@id\":\"https:\/\/footdavant.fr\/actualites\/oneil-espere-que-la-blessure-aux-ischio-jambiers-de-neto-nest-pas-grave\/\"},\"wordCount\":455,\"publisher\":{\"@id\":\"https:\/\/footdavant.fr\/actualites\/#organization\"},\"keywords\":[\"aux\",\"Blessure\",\"esp\u00e8re\",\"grave\",\"ischiojambiers\",\"nest\",\"Neto\",\"ONeil\",\"pas\"],\"articleSection\":[\"Premier League\"],\"inLanguage\":\"fr-FR\"},{\"@type\":\"WebPage\",\"@id\":\"https:\/\/footdavant.fr\/actualites\/oneil-espere-que-la-blessure-aux-ischio-jambiers-de-neto-nest-pas-grave\/\",\"url\":\"https:\/\/footdavant.fr\/actualites\/oneil-espere-que-la-blessure-aux-ischio-jambiers-de-neto-nest-pas-grave\/\",\"name\":\"O'Neil esp\u00e8re que la blessure aux ischio-jambiers de Neto n'est \\\"pas grave\\\"\",\"isPartOf\":{\"@id\":\"https:\/\/footdavant.fr\/actualites\/#website\"},\"datePublished\":\"2023-11-04T10:58:56+00:00\",\"dateModified\":\"2023-11-04T10:58:57+00:00\",\"breadcrumb\":{\"@id\":\"https:\/\/footdavant.fr\/actualites\/oneil-espere-que-la-blessure-aux-ischio-jambiers-de-neto-nest-pas-grave\/#breadcrumb\"},\"inLanguage\":\"fr-FR\",\"potentialAction\":[{\"@type\":\"ReadAction\",\"target\":[\"https:\/\/footdavant.fr\/actualites\/oneil-espere-que-la-blessure-aux-ischio-jambiers-de-neto-nest-pas-grave\/\"]}]},{\"@type\":\"BreadcrumbList\",\"@id\":\"https:\/\/footdavant.fr\/actualites\/oneil-espere-que-la-blessure-aux-ischio-jambiers-de-neto-nest-pas-grave\/#breadcrumb\",\"itemListElement\":[{\"@type\":\"ListItem\",\"position\":1,\"name\":\"Accueil\",\"item\":\"https:\/\/footdavant.fr\/actualites\/\"},{\"@type\":\"ListItem\",\"position\":2,\"name\":\"O&rsquo;Neil esp\u00e8re que la blessure aux ischio-jambiers de Neto n&rsquo;est \u00ab\u00a0pas grave\u00a0\u00bb\"}]},{\"@type\":\"WebSite\",\"@id\":\"https:\/\/footdavant.fr\/actualites\/#website\",\"url\":\"https:\/\/footdavant.fr\/actualites\/\",\"name\":\"Foot d'avant\",\"description\":\"\",\"publisher\":{\"@id\":\"https:\/\/footdavant.fr\/actualites\/#organization\"},\"potentialAction\":[{\"@type\":\"SearchAction\",\"target\":{\"@type\":\"EntryPoint\",\"urlTemplate\":\"https:\/\/footdavant.fr\/actualites\/?s={search_term_string}\"},\"query-input\":\"required name=search_term_string\"}],\"inLanguage\":\"fr-FR\"},{\"@type\":\"Organization\",\"@id\":\"https:\/\/footdavant.fr\/actualites\/#organization\",\"name\":\"Foot d'avant\",\"url\":\"https:\/\/footdavant.fr\/actualites\/\",\"logo\":{\"@type\":\"ImageObject\",\"inLanguage\":\"fr-FR\",\"@id\":\"https:\/\/footdavant.fr\/actualites\/#\/schema\/logo\/image\/\",\"url\":\"https:\/\/footdavant.fr\/actualites\/wp-content\/uploads\/2023\/09\/Copy-of-FootDavant-Logo.png\",\"contentUrl\":\"https:\/\/footdavant.fr\/actualites\/wp-content\/uploads\/2023\/09\/Copy-of-FootDavant-Logo.png\",\"width\":936,\"height\":549,\"caption\":\"Foot d'avant\"},\"image\":{\"@id\":\"https:\/\/footdavant.fr\/actualites\/#\/schema\/logo\/image\/\"},\"sameAs\":[\"https:\/\/www.facebook.com\/Footdavant\/\",\"https:\/\/twitter.com\/FootdavantFr\",\"https:\/\/www.instagram.com\/footdavant.fr\/\"]},{\"@type\":\"Person\",\"@id\":\"https:\/\/footdavant.fr\/actualites\/#\/schema\/person\/bc222566d95871b37e597b3ed3ba5e1d\",\"name\":\"Cl\u00e9ment\",\"image\":{\"@type\":\"ImageObject\",\"inLanguage\":\"fr-FR\",\"@id\":\"https:\/\/footdavant.fr\/actualites\/#\/schema\/person\/image\/\",\"url\":\"https:\/\/secure.gravatar.com\/avatar\/7728b29aac2719421e1a9159b2254c44?s=96&d=mm&r=g\",\"contentUrl\":\"https:\/\/secure.gravatar.com\/avatar\/7728b29aac2719421e1a9159b2254c44?s=96&d=mm&r=g\",\"caption\":\"Cl\u00e9ment\"},\"sameAs\":[\"https:\/\/footdavant.fr\/\"]}]}<\/script>\n<!-- \/ Yoast SEO plugin. -->","yoast_head_json":{"title":"O'Neil esp\u00e8re que la blessure aux ischio-jambiers de Neto n'est \"pas grave\"","robots":{"index":"index","follow":"follow","max-snippet":"max-snippet:-1","max-image-preview":"max-image-preview:large","max-video-preview":"max-video-preview:-1"},"canonical":"https:\/\/footdavant.fr\/actualites\/oneil-espere-que-la-blessure-aux-ischio-jambiers-de-neto-nest-pas-grave\/","og_locale":"fr_FR","og_type":"article","og_title":"O'Neil esp\u00e8re que la blessure aux ischio-jambiers de Neto n'est \"pas grave\"","og_description":"L&rsquo;entra\u00eeneur-chef des Wolverhampton Wanderers, Gary O&rsquo;Neil, esp\u00e8re que la blessure aux ischio-jambiers subie par Pedro Neto contre Newcastle United n&rsquo;est \u00ab\u00a0pas grave\u00a0\u00bb. Wanderers de Wolverhampton","og_url":"https:\/\/footdavant.fr\/actualites\/oneil-espere-que-la-blessure-aux-ischio-jambiers-de-neto-nest-pas-grave\/","og_site_name":"Foot d&#039;avant","article_publisher":"https:\/\/www.facebook.com\/Footdavant\/","article_published_time":"2023-11-04T10:58:56+00:00","article_modified_time":"2023-11-04T10:58:57+00:00","og_image":[{"width":640,"height":480,"url":"https:\/\/footdavant.fr\/actualites\/wp-content\/uploads\/2023\/11\/ONeil-espere-que-la-blessure-aux-ischio-jambiers-de-Neto-nest.JPG","type":"image\/jpeg"}],"author":"Cl\u00e9ment","twitter_card":"summary_large_image","twitter_creator":"@FootdavantFr","twitter_site":"@FootdavantFr","twitter_misc":{"\u00c9crit par":"Cl\u00e9ment","Dur\u00e9e de lecture estim\u00e9e":"2 minutes"},"schema":{"@context":"https:\/\/schema.org","@graph":[{"@type":"Article","@id":"https:\/\/footdavant.fr\/actualites\/oneil-espere-que-la-blessure-aux-ischio-jambiers-de-neto-nest-pas-grave\/#article","isPartOf":{"@id":"https:\/\/footdavant.fr\/actualites\/oneil-espere-que-la-blessure-aux-ischio-jambiers-de-neto-nest-pas-grave\/"},"author":{"name":"Cl\u00e9ment","@id":"https:\/\/footdavant.fr\/actualites\/#\/schema\/person\/bc222566d95871b37e597b3ed3ba5e1d"},"headline":"O&rsquo;Neil esp\u00e8re que la blessure aux ischio-jambiers de Neto n&rsquo;est \u00ab\u00a0pas grave\u00a0\u00bb","datePublished":"2023-11-04T10:58:56+00:00","dateModified":"2023-11-04T10:58:57+00:00","mainEntityOfPage":{"@id":"https:\/\/footdavant.fr\/actualites\/oneil-espere-que-la-blessure-aux-ischio-jambiers-de-neto-nest-pas-grave\/"},"wordCount":455,"publisher":{"@id":"https:\/\/footdavant.fr\/actualites\/#organization"},"keywords":["aux","Blessure","esp\u00e8re","grave","ischiojambiers","nest","Neto","ONeil","pas"],"articleSection":["Premier League"],"inLanguage":"fr-FR"},{"@type":"WebPage","@id":"https:\/\/footdavant.fr\/actualites\/oneil-espere-que-la-blessure-aux-ischio-jambiers-de-neto-nest-pas-grave\/","url":"https:\/\/footdavant.fr\/actualites\/oneil-espere-que-la-blessure-aux-ischio-jambiers-de-neto-nest-pas-grave\/","name":"O'Neil esp\u00e8re que la blessure aux ischio-jambiers de Neto n'est \"pas grave\"","isPartOf":{"@id":"https:\/\/footdavant.fr\/actualites\/#website"},"datePublished":"2023-11-04T10:58:56+00:00","dateModified":"2023-11-04T10:58:57+00:00","breadcrumb":{"@id":"https:\/\/footdavant.fr\/actualites\/oneil-espere-que-la-blessure-aux-ischio-jambiers-de-neto-nest-pas-grave\/#breadcrumb"},"inLanguage":"fr-FR","potentialAction":[{"@type":"ReadAction","target":["https:\/\/footdavant.fr\/actualites\/oneil-espere-que-la-blessure-aux-ischio-jambiers-de-neto-nest-pas-grave\/"]}]},{"@type":"BreadcrumbList","@id":"https:\/\/footdavant.fr\/actualites\/oneil-espere-que-la-blessure-aux-ischio-jambiers-de-neto-nest-pas-grave\/#breadcrumb","itemListElement":[{"@type":"ListItem","position":1,"name":"Accueil","item":"https:\/\/footdavant.fr\/actualites\/"},{"@type":"ListItem","position":2,"name":"O&rsquo;Neil esp\u00e8re que la blessure aux ischio-jambiers de Neto n&rsquo;est \u00ab\u00a0pas grave\u00a0\u00bb"}]},{"@type":"WebSite","@id":"https:\/\/footdavant.fr\/actualites\/#website","url":"https:\/\/footdavant.fr\/actualites\/","name":"Foot d'avant","description":"","publisher":{"@id":"https:\/\/footdavant.fr\/actualites\/#organization"},"potentialAction":[{"@type":"SearchAction","target":{"@type":"EntryPoint","urlTemplate":"https:\/\/footdavant.fr\/actualites\/?s={search_term_string}"},"query-input":"required name=search_term_string"}],"inLanguage":"fr-FR"},{"@type":"Organization","@id":"https:\/\/footdavant.fr\/actualites\/#organization","name":"Foot d'avant","url":"https:\/\/footdavant.fr\/actualites\/","logo":{"@type":"ImageObject","inLanguage":"fr-FR","@id":"https:\/\/footdavant.fr\/actualites\/#\/schema\/logo\/image\/","url":"https:\/\/footdavant.fr\/actualites\/wp-content\/uploads\/2023\/09\/Copy-of-FootDavant-Logo.png","contentUrl":"https:\/\/footdavant.fr\/actualites\/wp-content\/uploads\/2023\/09\/Copy-of-FootDavant-Logo.png","width":936,"height":549,"caption":"Foot d'avant"},"image":{"@id":"https:\/\/footdavant.fr\/actualites\/#\/schema\/logo\/image\/"},"sameAs":["https:\/\/www.facebook.com\/Footdavant\/","https:\/\/twitter.com\/FootdavantFr","https:\/\/www.instagram.com\/footdavant.fr\/"]},{"@type":"Person","@id":"https:\/\/footdavant.fr\/actualites\/#\/schema\/person\/bc222566d95871b37e597b3ed3ba5e1d","name":"Cl\u00e9ment","image":{"@type":"ImageObject","inLanguage":"fr-FR","@id":"https:\/\/footdavant.fr\/actualites\/#\/schema\/person\/image\/","url":"https:\/\/secure.gravatar.com\/avatar\/7728b29aac2719421e1a9159b2254c44?s=96&d=mm&r=g","contentUrl":"https:\/\/secure.gravatar.com\/avatar\/7728b29aac2719421e1a9159b2254c44?s=96&d=mm&r=g","caption":"Cl\u00e9ment"},"sameAs":["https:\/\/footdavant.fr\/"]}]}},"_links":{"self":[{"href":"https:\/\/footdavant.fr\/actualites\/wp-json\/wp\/v2\/posts\/275"}],"collection":[{"href":"https:\/\/footdavant.fr\/actualites\/wp-json\/wp\/v2\/posts"}],"about":[{"href":"https:\/\/footdavant.fr\/actualites\/wp-json\/wp\/v2\/types\/post"}],"author":[{"embeddable":true,"href":"https:\/\/footdavant.fr\/actualites\/wp-json\/wp\/v2\/users\/1"}],"replies":[{"embeddable":true,"href":"https:\/\/footdavant.fr\/actualites\/wp-json\/wp\/v2\/comments?post=275"}],"version-history":[{"count":1,"href":"https:\/\/footdavant.fr\/actualites\/wp-json\/wp\/v2\/posts\/275\/revisions"}],"predecessor-version":[{"id":277,"href":"https:\/\/footdavant.fr\/actualites\/wp-json\/wp\/v2\/posts\/275\/revisions\/277"}],"wp:featuredmedia":[{"embeddable":true,"href":"https:\/\/footdavant.fr\/actualites\/wp-json\/wp\/v2\/media\/276"}],"wp:attachment":[{"href":"https:\/\/footdavant.fr\/actualites\/wp-json\/wp\/v2\/media?parent=275"}],"wp:term":[{"taxonomy":"category","embeddable":true,"href":"https:\/\/footdavant.fr\/actualites\/wp-json\/wp\/v2\/categories?post=275"},{"taxonomy":"post_tag","embeddable":true,"href":"https:\/\/footdavant.fr\/actualites\/wp-json\/wp\/v2\/tags?post=275"}],"curies":[{"name":"wp","href":"https:\/\/api.w.org\/{rel}","templated":true}]}}