{"id":27517,"date":"2025-08-20T01:48:03","date_gmt":"2025-08-19T23:48:03","guid":{"rendered":"https:\/\/footdavant.fr\/actualites\/reflexions-sur-le-week-end-douverture-de-premier-league\/"},"modified":"2025-08-20T01:48:06","modified_gmt":"2025-08-19T23:48:06","slug":"reflexions-sur-le-week-end-douverture-de-premier-league","status":"publish","type":"post","link":"https:\/\/footdavant.fr\/actualites\/reflexions-sur-le-week-end-douverture-de-premier-league\/","title":{"rendered":"R\u00e9flexions sur le week-end d&#39;ouverture de Premier League"},"content":{"rendered":"<div>\n<p>Matin tout.<\/p>\n<p>Ainsi, le premier week-end de la Premier League est termin\u00e9 et d\u00e9poussi\u00e9r\u00e9. Arsenal, avec Man City et Liverpool, a pris trois points. La n\u00f4tre \u00e9tait la t\u00e2che la plus difficile des trois, je dirais. Loin \u00e0 Old Trafford n&#39;est jamais amusant, et nous avons bien pass\u00e9 ce test. Pas avec des couleurs volantes, mais marchant \u00e0 un rythme rapide. Liverpool a eu un joli match \u00e0 domicile contre une \u00e9quipe de Bournemouth qui a pass\u00e9 l&#39;\u00e9t\u00e9 \u00e0 vendre la majeure partie de sa d\u00e9fense, tandis que City a jou\u00e9 un c\u00f4t\u00e9 des Wolves qui a regard\u00e9 vivant pour commencer, mais qui finalement s&#39;autod\u00e9truit.<\/p>\n<p>Hier soir, j&#39;ai regard\u00e9 Leeds contre Everton, et je suis vraiment d\u00e9sol\u00e9 pour cela. Si vous esp\u00e9riez un football du lundi soir avec un avantage, ce n&#39;\u00e9tait pas tout. Le jeu a \u00e9t\u00e9 d\u00e9cid\u00e9 par une p\u00e9nalit\u00e9 tard sur laquelle, pour certains, est controvers\u00e9. Pas pour moi. Je pense que James Tarkowski sait exactement ce qu&#39;il fait. Il baise son bras \u00e0 ses c\u00f4t\u00e9s, puis se penche sur le coup pour essayer de le bloquer avec sa poitrine mais sait qu&#39;il y a de fortes chances que \u00e7a va sortir de son bras. Si Arsenal n&#39;a pas obtenu cela comme p\u00e9nalit\u00e9, je serais boulevers\u00e9. Je veux dire, je suis plus contrari\u00e9 que nous ne semblions plus avoir de p\u00e9nalit\u00e9s, mais quand m\u00eame.<\/p>\n<p>Je pensais que c&#39;\u00e9tait assez dr\u00f4le que les joueurs de Manchester United, le manager et, je suppose que les fans (mais je n&#39;ai vraiment aucune exposition \u00e0 eux ces jours-ci parce que je ne suis pas sur Twitter), je me plaignais d&#39;une \u00e9ventuelle faute sur le gardien de but pour notre objectif. Je pense que nous savons tous quand l&#39;un de nos joueurs joue d\u00e9lib\u00e9r\u00e9ment le r\u00f4le de blocage de style NFL. Ceci est connu comme l&#39;\u00e9chelle Ben White, et sur la base de ce que nous avons vu auparavant, William Saliba \u00e9tait 0,5 sur le BWS.<\/p>\n<p>Fondamentalement, cela se r\u00e9sumait \u00e0 leur gardien de but n&#39;\u00e9tant pas assez fort. Pendant ce temps, alors qu&#39;ils se plaignent du moindre contact de la bo\u00eete sur leur faible bouton-gant, ils ignorent ce qui a \u00e9t\u00e9 une faute tr\u00e8s \u00e9vidente par Matheus Cunha sur Martin Zubimenddi. Alors que l&#39;Espagnol courut dans la bo\u00eete, l&#39;homme unis le saisit litt\u00e9ralement dans une prise de lutte, entravant son chemin et sa capacit\u00e9 \u00e0 d\u00e9fier le ballon. C&#39;est essentiellement un 10 sur le BWS.<\/p>\n<\/p>\n<p>S&#39;adressant \u00e0 Sky Sports apr\u00e8s le match, Bruno Fernandes a d\u00e9clar\u00e9 \u00e0 propos de l&#39;incident avec leur gardien de but, <\/p>\n<p>Oooops. Je soup\u00e7onne fortement que si nous n&#39;avions pas marqu\u00e9 de ce coin, il n&#39;y a aucun moyen que nous ayons re\u00e7u une p\u00e9nalit\u00e9, malgr\u00e9 l&#39;\u00e9vidence de la faute et malgr\u00e9 toutes les discussions sur la fa\u00e7on dont les arbitres vont r\u00e9primer les d\u00e9tention \/ les grappins dans la bo\u00eete. Comme je l&#39;ai dit la semaine derni\u00e8re, je pense que cela va ouvrir quelque chose d&#39;une bo\u00eete de Pandora, et je me demande comment cela va \u00eatre mis en \u0153uvre. Sera-ce uniquement pour les choses que l&#39;arbitre voit en temps r\u00e9el, ou les gens Var regarderont-ils chaque coin, etc. pour voir s&#39;il y a quelque chose qu&#39;il manque? J&#39;esp\u00e8re vraiment que ce n&#39;est pas ce dernier, car chaque d\u00e9m\u00e9nagement sera examin\u00e9 au ni\u00e8me degr\u00e9, et il y aura toujours une sorte de faute en cours. Ensuite, il devient une question de jugement quant \u00e0 savoir s&#39;il s&#39;agit d&#39;un libre ou d&#39;une p\u00e9nalit\u00e9.<\/p>\n<p>Si nous commen\u00e7ons sur cette route, il y aura de longs retards avec les arbitres conseill\u00e9s d&#39;aller \u00e0 l&#39;\u00e9cran pour revoir les choses qu&#39;ils n&#39;ont pas vues en temps r\u00e9el, et je parie que l&#39;incoh\u00e9rence d&#39;un jeu \u00e0 la suivante conduira les gens absolument fous. Quoi qu&#39;il en soit, le point principal est que peut-\u00eatre United aurait d\u00fb utiliser une partie de leurs d\u00e9penses de 200 millions de livres sterling cet \u00e9t\u00e9 sur un gardien de but qui n&#39;est pas fait de bois de balsa et de larmes.<\/p>\n<p>Pour en savoir plus le premier week-end de l&#39;action en Premier League, vous pouvez nous rejoindre sur Patreon plus tard dans la journ\u00e9e pour le 30, notre tour d&#39;horizon de tous les matchs, buts et incidents. Il y a un peu de poussi\u00e8re qui s&#39;installe apr\u00e8s le voyage \u00e0 Old Trafford, mais je me demande si nous pourrions voir un mouvement vers l&#39;ext\u00e9rieur de l&#39;\u00e9quipe cette semaine. Nous sommes all\u00e9s \u00e0 Manchester et avons quitt\u00e9 Jakub Kiwior, Fabio Vieira, Reiss Nelson, Oleksandr Zinchenko et Albert Sambi Lokonga derri\u00e8re, ce qui devrait d\u00e9montrer \u00e0 ces gars la n\u00e9cessit\u00e9 de bouger s&#39;ils veulent jouer r\u00e9guli\u00e8rement cette saison. Je ne pense pas qu&#39;Andrea Berta ait un travail facile en ce qui concerne la vente, mais c&#39;est aussi une grande partie du travail d&#39;un directeur sportif, et jusqu&#39;\u00e0 pr\u00e9sent, nous n&#39;avons litt\u00e9ralement rien pour le juger en ce sens. Voyons comment se passe la semaine.<\/p>\n<p>Je vais le laisser l\u00e0 maintenant, il y a l&#39;arsecast suppl\u00e9mentaire ci-dessous si vous n&#39;avez pas eu la chance d&#39;\u00e9couter. Plus ici demain, et vous trouverez toutes les histoires de rupture sur les nouvelles d&#39;Arseblog.<\/p>\n<p><iframe loading=\"lazy\" src=\"https:\/\/embed.acast.com\/a1a58121-6fb4-43cf-8156-8d6df6fc312f\/68a30a2426699148a751c6dc\" width=\"100%\" height=\"300px\" frameborder=\"0\"><\/iframe><\/p>\n<h4>T\u00e9l\u00e9charger &#8211; iTunes &#8211; Spotify &#8211; ACast &#8211; RSS <\/h4>\n<\/div>\n","protected":false},"excerpt":{"rendered":"<p>Matin tout. Ainsi, le premier week-end de la Premier League est termin\u00e9 et d\u00e9poussi\u00e9r\u00e9. Arsenal, avec Man City et Liverpool, a pris trois points. La<\/p>\n","protected":false},"author":1,"featured_media":27518,"comment_status":"closed","ping_status":"","sticky":false,"template":"","format":"standard","meta":{"footnotes":""},"categories":[3],"tags":[5407,202,201,4048,103,2125],"yoast_head":"<!-- This site is optimized with the Yoast SEO plugin v21.0 - https:\/\/yoast.com\/wordpress\/plugins\/seo\/ -->\n<title>R\u00e9flexions sur le week-end d&#039;ouverture de Premier League<\/title>\n<meta name=\"robots\" content=\"index, follow, max-snippet:-1, max-image-preview:large, max-video-preview:-1\" \/>\n<link rel=\"canonical\" href=\"https:\/\/footdavant.fr\/actualites\/reflexions-sur-le-week-end-douverture-de-premier-league\/\" \/>\n<meta property=\"og:locale\" content=\"fr_FR\" \/>\n<meta property=\"og:type\" content=\"article\" \/>\n<meta property=\"og:title\" content=\"R\u00e9flexions sur le week-end d&#039;ouverture de Premier League\" \/>\n<meta property=\"og:description\" content=\"Matin tout. Ainsi, le premier week-end de la Premier League est termin\u00e9 et d\u00e9poussi\u00e9r\u00e9. Arsenal, avec Man City et Liverpool, a pris trois points. La\" \/>\n<meta property=\"og:url\" content=\"https:\/\/footdavant.fr\/actualites\/reflexions-sur-le-week-end-douverture-de-premier-league\/\" \/>\n<meta property=\"og:site_name\" content=\"Foot d&#039;avant\" \/>\n<meta property=\"article:publisher\" content=\"https:\/\/www.facebook.com\/Footdavant\/\" \/>\n<meta property=\"article:published_time\" content=\"2025-08-19T23:48:03+00:00\" \/>\n<meta property=\"article:modified_time\" content=\"2025-08-19T23:48:06+00:00\" \/>\n<meta property=\"og:image\" content=\"https:\/\/footdavant.fr\/actualites\/wp-content\/uploads\/2025\/08\/1755647284_Reflexions-sur-le-week-end-d39ouverture-de-Premier-League.jpg\" \/>\n\t<meta property=\"og:image:width\" content=\"1500\" \/>\n\t<meta property=\"og:image:height\" content=\"750\" \/>\n\t<meta property=\"og:image:type\" content=\"image\/jpeg\" \/>\n<meta name=\"author\" content=\"Cl\u00e9ment\" \/>\n<meta name=\"twitter:card\" content=\"summary_large_image\" \/>\n<meta name=\"twitter:creator\" content=\"@FootdavantFr\" \/>\n<meta name=\"twitter:site\" content=\"@FootdavantFr\" \/>\n<meta name=\"twitter:label1\" content=\"\u00c9crit par\" \/>\n\t<meta name=\"twitter:data1\" content=\"Cl\u00e9ment\" \/>\n\t<meta name=\"twitter:label2\" content=\"Dur\u00e9e de lecture estim\u00e9e\" \/>\n\t<meta name=\"twitter:data2\" content=\"5 minutes\" \/>\n<script type=\"application\/ld+json\" class=\"yoast-schema-graph\">{\"@context\":\"https:\/\/schema.org\",\"@graph\":[{\"@type\":\"Article\",\"@id\":\"https:\/\/footdavant.fr\/actualites\/reflexions-sur-le-week-end-douverture-de-premier-league\/#article\",\"isPartOf\":{\"@id\":\"https:\/\/footdavant.fr\/actualites\/reflexions-sur-le-week-end-douverture-de-premier-league\/\"},\"author\":{\"name\":\"Cl\u00e9ment\",\"@id\":\"https:\/\/footdavant.fr\/actualites\/#\/schema\/person\/bc222566d95871b37e597b3ed3ba5e1d\"},\"headline\":\"R\u00e9flexions sur le week-end d&#39;ouverture de Premier League\",\"datePublished\":\"2025-08-19T23:48:03+00:00\",\"dateModified\":\"2025-08-19T23:48:06+00:00\",\"mainEntityOfPage\":{\"@id\":\"https:\/\/footdavant.fr\/actualites\/reflexions-sur-le-week-end-douverture-de-premier-league\/\"},\"wordCount\":970,\"publisher\":{\"@id\":\"https:\/\/footdavant.fr\/actualites\/#organization\"},\"keywords\":[\"d39ouverture\",\"League\",\"Premier\",\"r\u00e9flexions\",\"sur\",\"weekend\"],\"articleSection\":[\"Football\"],\"inLanguage\":\"fr-FR\"},{\"@type\":\"WebPage\",\"@id\":\"https:\/\/footdavant.fr\/actualites\/reflexions-sur-le-week-end-douverture-de-premier-league\/\",\"url\":\"https:\/\/footdavant.fr\/actualites\/reflexions-sur-le-week-end-douverture-de-premier-league\/\",\"name\":\"R\u00e9flexions sur le week-end d&#39;ouverture de Premier League\",\"isPartOf\":{\"@id\":\"https:\/\/footdavant.fr\/actualites\/#website\"},\"datePublished\":\"2025-08-19T23:48:03+00:00\",\"dateModified\":\"2025-08-19T23:48:06+00:00\",\"breadcrumb\":{\"@id\":\"https:\/\/footdavant.fr\/actualites\/reflexions-sur-le-week-end-douverture-de-premier-league\/#breadcrumb\"},\"inLanguage\":\"fr-FR\",\"potentialAction\":[{\"@type\":\"ReadAction\",\"target\":[\"https:\/\/footdavant.fr\/actualites\/reflexions-sur-le-week-end-douverture-de-premier-league\/\"]}]},{\"@type\":\"BreadcrumbList\",\"@id\":\"https:\/\/footdavant.fr\/actualites\/reflexions-sur-le-week-end-douverture-de-premier-league\/#breadcrumb\",\"itemListElement\":[{\"@type\":\"ListItem\",\"position\":1,\"name\":\"Accueil\",\"item\":\"https:\/\/footdavant.fr\/actualites\/\"},{\"@type\":\"ListItem\",\"position\":2,\"name\":\"R\u00e9flexions sur le week-end d&#39;ouverture de Premier League\"}]},{\"@type\":\"WebSite\",\"@id\":\"https:\/\/footdavant.fr\/actualites\/#website\",\"url\":\"https:\/\/footdavant.fr\/actualites\/\",\"name\":\"Foot d'avant\",\"description\":\"\",\"publisher\":{\"@id\":\"https:\/\/footdavant.fr\/actualites\/#organization\"},\"potentialAction\":[{\"@type\":\"SearchAction\",\"target\":{\"@type\":\"EntryPoint\",\"urlTemplate\":\"https:\/\/footdavant.fr\/actualites\/?s={search_term_string}\"},\"query-input\":\"required name=search_term_string\"}],\"inLanguage\":\"fr-FR\"},{\"@type\":\"Organization\",\"@id\":\"https:\/\/footdavant.fr\/actualites\/#organization\",\"name\":\"Foot d'avant\",\"url\":\"https:\/\/footdavant.fr\/actualites\/\",\"logo\":{\"@type\":\"ImageObject\",\"inLanguage\":\"fr-FR\",\"@id\":\"https:\/\/footdavant.fr\/actualites\/#\/schema\/logo\/image\/\",\"url\":\"https:\/\/footdavant.fr\/actualites\/wp-content\/uploads\/2023\/09\/Copy-of-FootDavant-Logo.png\",\"contentUrl\":\"https:\/\/footdavant.fr\/actualites\/wp-content\/uploads\/2023\/09\/Copy-of-FootDavant-Logo.png\",\"width\":936,\"height\":549,\"caption\":\"Foot d'avant\"},\"image\":{\"@id\":\"https:\/\/footdavant.fr\/actualites\/#\/schema\/logo\/image\/\"},\"sameAs\":[\"https:\/\/www.facebook.com\/Footdavant\/\",\"https:\/\/twitter.com\/FootdavantFr\",\"https:\/\/www.instagram.com\/footdavant.fr\/\"]},{\"@type\":\"Person\",\"@id\":\"https:\/\/footdavant.fr\/actualites\/#\/schema\/person\/bc222566d95871b37e597b3ed3ba5e1d\",\"name\":\"Cl\u00e9ment\",\"image\":{\"@type\":\"ImageObject\",\"inLanguage\":\"fr-FR\",\"@id\":\"https:\/\/footdavant.fr\/actualites\/#\/schema\/person\/image\/\",\"url\":\"https:\/\/secure.gravatar.com\/avatar\/7728b29aac2719421e1a9159b2254c44?s=96&d=mm&r=g\",\"contentUrl\":\"https:\/\/secure.gravatar.com\/avatar\/7728b29aac2719421e1a9159b2254c44?s=96&d=mm&r=g\",\"caption\":\"Cl\u00e9ment\"},\"sameAs\":[\"https:\/\/footdavant.fr\/\"]}]}<\/script>\n<!-- \/ Yoast SEO plugin. -->","yoast_head_json":{"title":"R\u00e9flexions sur le week-end d&#39;ouverture de Premier League","robots":{"index":"index","follow":"follow","max-snippet":"max-snippet:-1","max-image-preview":"max-image-preview:large","max-video-preview":"max-video-preview:-1"},"canonical":"https:\/\/footdavant.fr\/actualites\/reflexions-sur-le-week-end-douverture-de-premier-league\/","og_locale":"fr_FR","og_type":"article","og_title":"R\u00e9flexions sur le week-end d&#39;ouverture de Premier League","og_description":"Matin tout. Ainsi, le premier week-end de la Premier League est termin\u00e9 et d\u00e9poussi\u00e9r\u00e9. Arsenal, avec Man City et Liverpool, a pris trois points. La","og_url":"https:\/\/footdavant.fr\/actualites\/reflexions-sur-le-week-end-douverture-de-premier-league\/","og_site_name":"Foot d&#039;avant","article_publisher":"https:\/\/www.facebook.com\/Footdavant\/","article_published_time":"2025-08-19T23:48:03+00:00","article_modified_time":"2025-08-19T23:48:06+00:00","og_image":[{"width":1500,"height":750,"url":"https:\/\/footdavant.fr\/actualites\/wp-content\/uploads\/2025\/08\/1755647284_Reflexions-sur-le-week-end-d39ouverture-de-Premier-League.jpg","type":"image\/jpeg"}],"author":"Cl\u00e9ment","twitter_card":"summary_large_image","twitter_creator":"@FootdavantFr","twitter_site":"@FootdavantFr","twitter_misc":{"\u00c9crit par":"Cl\u00e9ment","Dur\u00e9e de lecture estim\u00e9e":"5 minutes"},"schema":{"@context":"https:\/\/schema.org","@graph":[{"@type":"Article","@id":"https:\/\/footdavant.fr\/actualites\/reflexions-sur-le-week-end-douverture-de-premier-league\/#article","isPartOf":{"@id":"https:\/\/footdavant.fr\/actualites\/reflexions-sur-le-week-end-douverture-de-premier-league\/"},"author":{"name":"Cl\u00e9ment","@id":"https:\/\/footdavant.fr\/actualites\/#\/schema\/person\/bc222566d95871b37e597b3ed3ba5e1d"},"headline":"R\u00e9flexions sur le week-end d&#39;ouverture de Premier League","datePublished":"2025-08-19T23:48:03+00:00","dateModified":"2025-08-19T23:48:06+00:00","mainEntityOfPage":{"@id":"https:\/\/footdavant.fr\/actualites\/reflexions-sur-le-week-end-douverture-de-premier-league\/"},"wordCount":970,"publisher":{"@id":"https:\/\/footdavant.fr\/actualites\/#organization"},"keywords":["d39ouverture","League","Premier","r\u00e9flexions","sur","weekend"],"articleSection":["Football"],"inLanguage":"fr-FR"},{"@type":"WebPage","@id":"https:\/\/footdavant.fr\/actualites\/reflexions-sur-le-week-end-douverture-de-premier-league\/","url":"https:\/\/footdavant.fr\/actualites\/reflexions-sur-le-week-end-douverture-de-premier-league\/","name":"R\u00e9flexions sur le week-end d&#39;ouverture de Premier League","isPartOf":{"@id":"https:\/\/footdavant.fr\/actualites\/#website"},"datePublished":"2025-08-19T23:48:03+00:00","dateModified":"2025-08-19T23:48:06+00:00","breadcrumb":{"@id":"https:\/\/footdavant.fr\/actualites\/reflexions-sur-le-week-end-douverture-de-premier-league\/#breadcrumb"},"inLanguage":"fr-FR","potentialAction":[{"@type":"ReadAction","target":["https:\/\/footdavant.fr\/actualites\/reflexions-sur-le-week-end-douverture-de-premier-league\/"]}]},{"@type":"BreadcrumbList","@id":"https:\/\/footdavant.fr\/actualites\/reflexions-sur-le-week-end-douverture-de-premier-league\/#breadcrumb","itemListElement":[{"@type":"ListItem","position":1,"name":"Accueil","item":"https:\/\/footdavant.fr\/actualites\/"},{"@type":"ListItem","position":2,"name":"R\u00e9flexions sur le week-end d&#39;ouverture de Premier League"}]},{"@type":"WebSite","@id":"https:\/\/footdavant.fr\/actualites\/#website","url":"https:\/\/footdavant.fr\/actualites\/","name":"Foot d'avant","description":"","publisher":{"@id":"https:\/\/footdavant.fr\/actualites\/#organization"},"potentialAction":[{"@type":"SearchAction","target":{"@type":"EntryPoint","urlTemplate":"https:\/\/footdavant.fr\/actualites\/?s={search_term_string}"},"query-input":"required name=search_term_string"}],"inLanguage":"fr-FR"},{"@type":"Organization","@id":"https:\/\/footdavant.fr\/actualites\/#organization","name":"Foot d'avant","url":"https:\/\/footdavant.fr\/actualites\/","logo":{"@type":"ImageObject","inLanguage":"fr-FR","@id":"https:\/\/footdavant.fr\/actualites\/#\/schema\/logo\/image\/","url":"https:\/\/footdavant.fr\/actualites\/wp-content\/uploads\/2023\/09\/Copy-of-FootDavant-Logo.png","contentUrl":"https:\/\/footdavant.fr\/actualites\/wp-content\/uploads\/2023\/09\/Copy-of-FootDavant-Logo.png","width":936,"height":549,"caption":"Foot d'avant"},"image":{"@id":"https:\/\/footdavant.fr\/actualites\/#\/schema\/logo\/image\/"},"sameAs":["https:\/\/www.facebook.com\/Footdavant\/","https:\/\/twitter.com\/FootdavantFr","https:\/\/www.instagram.com\/footdavant.fr\/"]},{"@type":"Person","@id":"https:\/\/footdavant.fr\/actualites\/#\/schema\/person\/bc222566d95871b37e597b3ed3ba5e1d","name":"Cl\u00e9ment","image":{"@type":"ImageObject","inLanguage":"fr-FR","@id":"https:\/\/footdavant.fr\/actualites\/#\/schema\/person\/image\/","url":"https:\/\/secure.gravatar.com\/avatar\/7728b29aac2719421e1a9159b2254c44?s=96&d=mm&r=g","contentUrl":"https:\/\/secure.gravatar.com\/avatar\/7728b29aac2719421e1a9159b2254c44?s=96&d=mm&r=g","caption":"Cl\u00e9ment"},"sameAs":["https:\/\/footdavant.fr\/"]}]}},"_links":{"self":[{"href":"https:\/\/footdavant.fr\/actualites\/wp-json\/wp\/v2\/posts\/27517"}],"collection":[{"href":"https:\/\/footdavant.fr\/actualites\/wp-json\/wp\/v2\/posts"}],"about":[{"href":"https:\/\/footdavant.fr\/actualites\/wp-json\/wp\/v2\/types\/post"}],"author":[{"embeddable":true,"href":"https:\/\/footdavant.fr\/actualites\/wp-json\/wp\/v2\/users\/1"}],"replies":[{"embeddable":true,"href":"https:\/\/footdavant.fr\/actualites\/wp-json\/wp\/v2\/comments?post=27517"}],"version-history":[{"count":1,"href":"https:\/\/footdavant.fr\/actualites\/wp-json\/wp\/v2\/posts\/27517\/revisions"}],"predecessor-version":[{"id":27519,"href":"https:\/\/footdavant.fr\/actualites\/wp-json\/wp\/v2\/posts\/27517\/revisions\/27519"}],"wp:featuredmedia":[{"embeddable":true,"href":"https:\/\/footdavant.fr\/actualites\/wp-json\/wp\/v2\/media\/27518"}],"wp:attachment":[{"href":"https:\/\/footdavant.fr\/actualites\/wp-json\/wp\/v2\/media?parent=27517"}],"wp:term":[{"taxonomy":"category","embeddable":true,"href":"https:\/\/footdavant.fr\/actualites\/wp-json\/wp\/v2\/categories?post=27517"},{"taxonomy":"post_tag","embeddable":true,"href":"https:\/\/footdavant.fr\/actualites\/wp-json\/wp\/v2\/tags?post=27517"}],"curies":[{"name":"wp","href":"https:\/\/api.w.org\/{rel}","templated":true}]}}