{"id":27520,"date":"2025-08-20T03:48:22","date_gmt":"2025-08-20T01:48:22","guid":{"rendered":"https:\/\/footdavant.fr\/actualites\/real-madrid-transfer-news-xabi-alonso-explique-la-selection-de-la-selection-de-rodrygo-au-milieu-de-la-speculation-de-transfert-de-premier-league\/"},"modified":"2025-08-20T03:48:26","modified_gmt":"2025-08-20T01:48:26","slug":"real-madrid-transfer-news-xabi-alonso-explique-la-selection-de-la-selection-de-rodrygo-au-milieu-de-la-speculation-de-transfert-de-premier-league","status":"publish","type":"post","link":"https:\/\/footdavant.fr\/actualites\/real-madrid-transfer-news-xabi-alonso-explique-la-selection-de-la-selection-de-rodrygo-au-milieu-de-la-speculation-de-transfert-de-premier-league\/","title":{"rendered":"Real Madrid Transfer News: Xabi Alonso explique la s\u00e9lection de la s\u00e9lection de Rodrygo au milieu de la sp\u00e9culation de transfert de Premier League"},"content":{"rendered":"<p>L&#39;entra\u00eeneur-chef du Real Madrid, Xabi Alonso, explique sa d\u00e9cision de snober Rodrygo pour la victoire 1-0 de mardi sur Osasuna, au milieu des sp\u00e9culations entourant l&#39;avenir du joueur au club.<\/p>\n<div id=\"article_body\" itemprop=\"articleBody\">\n<h3 class=\"firstPara\"><\/h3>\n<p><strong class=\"autotag\">Real Madrid Boss <strong class=\"autotag\">Xabi Alonso a expliqu\u00e9 que c&#39;\u00e9tait sa \u00ab\u00a0d\u00e9cision\u00a0\u00bb de partir <strong class=\"autotag\">Rodrygo sur le banc pour la victoire 1-0 contre Osasuna.<\/p>\n<p>Apr\u00e8s avoir remplac\u00e9 <strong class=\"autotag\">Carlo Ancelotti \u00c0 la fin de la saison derni\u00e8re, Alonso a pris en charge son premier match de La Liga en tant qu&#39;entra\u00eeneur-chef du Real Madrid lors de la r\u00e9union de mardi avec Osasuna au Santiago Bernabeu.<\/p>\n<p><strong class=\"autotag\">Kylian MBAPPE a marqu\u00e9 le seul but du match, envoyant une p\u00e9nalit\u00e9 en deuxi\u00e8me mi-temps pour faire passer Alonso \u00e0 un d\u00e9part gagnant en Liga. <\/p>\n<p>Alonso a commenc\u00e9 <strong class=\"autotag\">Brahim Diaz, <strong class=\"autotag\">Vinicius Junior et Mbappe comme ses trois frontaux, avant de pr\u00e9senter deux attaquants du banc en <strong class=\"autotag\">Franco Mastantuono et <strong class=\"autotag\">Gonzalo Garcia. <\/p>\n<p class=\"imgI\">\n<h2>Alonso d\u00e9livre la mise \u00e0 jour de Rodrygo<\/h2>\n<p>Cependant, l&#39;homme de 43 ans a opt\u00e9 pour l&#39;utilisation de Rodrygo, qui a d\u00fb surveiller le banc pour toute la dur\u00e9e du concours. <\/p>\n<p>La d\u00e9cision de quitter Rodrygo sur la touche n&#39;a fait qu&#39;ajouter aux sp\u00e9culations entourant son avenir avec les g\u00e9ants espagnols, ayant \u00e9t\u00e9 li\u00e9 \u00e0 des gens comme <strong class=\"autotag\">Arsenal, <strong class=\"autotag\">Liverpool et <strong class=\"autotag\">Manchester City. <\/p>\n<p>S&#39;exprimant apr\u00e8s le match, Alonso a pris possession de sa d\u00e9cision lorsqu&#39;on lui a demand\u00e9 pourquoi il avait d\u00e9cid\u00e9 de ne pas utiliser Rodrygo dans l&#39;ouverture de la ligue.<\/p>\n<p>\u00ab\u00a0Rodrygo? Rien ne se passe\u00a0\u00bb, a d\u00e9clar\u00e9 Alonso aux journalistes. \u00ab\u00a0Je compte sur Rodrygo bien s\u00fbr. C&#39;est juste un match, c&#39;\u00e9tait ma d\u00e9cision.\u00a0\u00bb<\/p>\n<p class=\"imgI\"><img decoding=\"async\" alt=\"Rodrygo du Real Madrid\" class=\"vanilla-lazyload article-image\" src=\"https:\/\/footdavant.fr\/actualites\/wp-content\/uploads\/2025\/07\/1752198510_Arsenal-Face-Fresh-Concours-39de-deux-geants-europeens-pour.jpg\"><\/p>\n<h2>Quel est le dernier sur l&#39;int\u00e9r\u00eat de Rodrygo de Man City?<\/h2>\n<p>Man City fait partie des pr\u00e9tendants potentiels de Rodrygo, mais comme les choses se trouvent, ils sont peu susceptibles de susciter leur int\u00e9r\u00eat avant la fermeture du 1er septembre.<\/p>\n<p>\u00c0 propos de <em>Fabrizio Romano<\/em>Man City tentera de signer Rodrygo que si Savinho termine un d\u00e9m\u00e9nagement \u00e0 Tottenham Hotspur.<\/p>\n<p>La mise \u00e0 jour affirme que la hi\u00e9rarchie de Man City h\u00e9site \u00e0 sanctionner le d\u00e9part du br\u00e9silien dans la fen\u00eatre de transfert actuelle. <\/p>\n<p>Savinho a un contrat \u00e0 long terme jusqu&#39;\u00e0 l&#39;\u00e9t\u00e9 2029 apr\u00e8s avoir seulement rejoint les citoyens du club s\u0153ur Troyes l&#39;\u00e9t\u00e9 dernier. <\/p>\n<\/div>\n","protected":false},"excerpt":{"rendered":"<p>L&#39;entra\u00eeneur-chef du Real Madrid, Xabi Alonso, explique sa d\u00e9cision de snober Rodrygo pour la victoire 1-0 de mardi sur Osasuna, au milieu des sp\u00e9culations entourant<\/p>\n","protected":false},"author":1,"featured_media":27521,"comment_status":"closed","ping_status":"","sticky":false,"template":"","format":"standard","meta":{"footnotes":""},"categories":[5],"tags":[3450,577,202,303,441,409,201,302,1811,1457,9485,2732,700,3608],"yoast_head":"<!-- This site is optimized with the Yoast SEO plugin v21.0 - https:\/\/yoast.com\/wordpress\/plugins\/seo\/ -->\n<title>Real Madrid Transfer News: Xabi Alonso explique la s\u00e9lection de la s\u00e9lection de Rodrygo au milieu de la sp\u00e9culation de transfert de Premier League<\/title>\n<meta name=\"robots\" content=\"index, follow, max-snippet:-1, max-image-preview:large, max-video-preview:-1\" \/>\n<link rel=\"canonical\" href=\"https:\/\/footdavant.fr\/actualites\/real-madrid-transfer-news-xabi-alonso-explique-la-selection-de-la-selection-de-rodrygo-au-milieu-de-la-speculation-de-transfert-de-premier-league\/\" \/>\n<meta property=\"og:locale\" content=\"fr_FR\" \/>\n<meta property=\"og:type\" content=\"article\" \/>\n<meta property=\"og:title\" content=\"Real Madrid Transfer News: Xabi Alonso explique la s\u00e9lection de la s\u00e9lection de Rodrygo au milieu de la sp\u00e9culation de transfert de Premier League\" \/>\n<meta property=\"og:description\" content=\"L&#039;entra\u00eeneur-chef du Real Madrid, Xabi Alonso, explique sa d\u00e9cision de snober Rodrygo pour la victoire 1-0 de mardi sur Osasuna, au milieu des sp\u00e9culations entourant\" \/>\n<meta property=\"og:url\" content=\"https:\/\/footdavant.fr\/actualites\/real-madrid-transfer-news-xabi-alonso-explique-la-selection-de-la-selection-de-rodrygo-au-milieu-de-la-speculation-de-transfert-de-premier-league\/\" \/>\n<meta property=\"og:site_name\" content=\"Foot d&#039;avant\" \/>\n<meta property=\"article:publisher\" content=\"https:\/\/www.facebook.com\/Footdavant\/\" \/>\n<meta property=\"article:published_time\" content=\"2025-08-20T01:48:22+00:00\" \/>\n<meta property=\"article:modified_time\" content=\"2025-08-20T01:48:26+00:00\" \/>\n<meta property=\"og:image\" content=\"https:\/\/footdavant.fr\/actualites\/wp-content\/uploads\/2025\/08\/Real-Madrid-Transfer-News-Xabi-Alonso-explique-la-selection-de.jpg\" \/>\n\t<meta property=\"og:image:width\" content=\"640\" \/>\n\t<meta property=\"og:image:height\" content=\"480\" \/>\n\t<meta property=\"og:image:type\" content=\"image\/jpeg\" \/>\n<meta name=\"author\" content=\"Cl\u00e9ment\" \/>\n<meta name=\"twitter:card\" content=\"summary_large_image\" \/>\n<meta name=\"twitter:creator\" content=\"@FootdavantFr\" \/>\n<meta name=\"twitter:site\" content=\"@FootdavantFr\" \/>\n<meta name=\"twitter:label1\" content=\"\u00c9crit par\" \/>\n\t<meta name=\"twitter:data1\" content=\"Cl\u00e9ment\" \/>\n\t<meta name=\"twitter:label2\" content=\"Dur\u00e9e de lecture estim\u00e9e\" \/>\n\t<meta name=\"twitter:data2\" content=\"2 minutes\" \/>\n<script type=\"application\/ld+json\" class=\"yoast-schema-graph\">{\"@context\":\"https:\/\/schema.org\",\"@graph\":[{\"@type\":\"Article\",\"@id\":\"https:\/\/footdavant.fr\/actualites\/real-madrid-transfer-news-xabi-alonso-explique-la-selection-de-la-selection-de-rodrygo-au-milieu-de-la-speculation-de-transfert-de-premier-league\/#article\",\"isPartOf\":{\"@id\":\"https:\/\/footdavant.fr\/actualites\/real-madrid-transfer-news-xabi-alonso-explique-la-selection-de-la-selection-de-rodrygo-au-milieu-de-la-speculation-de-transfert-de-premier-league\/\"},\"author\":{\"name\":\"Cl\u00e9ment\",\"@id\":\"https:\/\/footdavant.fr\/actualites\/#\/schema\/person\/bc222566d95871b37e597b3ed3ba5e1d\"},\"headline\":\"Real Madrid Transfer News: Xabi Alonso explique la s\u00e9lection de la s\u00e9lection de Rodrygo au milieu de la sp\u00e9culation de transfert de Premier League\",\"datePublished\":\"2025-08-20T01:48:22+00:00\",\"dateModified\":\"2025-08-20T01:48:26+00:00\",\"mainEntityOfPage\":{\"@id\":\"https:\/\/footdavant.fr\/actualites\/real-madrid-transfer-news-xabi-alonso-explique-la-selection-de-la-selection-de-rodrygo-au-milieu-de-la-speculation-de-transfert-de-premier-league\/\"},\"wordCount\":433,\"publisher\":{\"@id\":\"https:\/\/footdavant.fr\/actualites\/#organization\"},\"keywords\":[\"Alonso\",\"explique\",\"League\",\"Madrid\",\"milieu\",\"News\",\"Premier\",\"Real\",\"Rodrygo\",\"s\u00e9lection\",\"sp\u00e9culation\",\"Transfer\",\"transfert\",\"Xabi\"],\"articleSection\":[\"Premier League\"],\"inLanguage\":\"fr-FR\"},{\"@type\":\"WebPage\",\"@id\":\"https:\/\/footdavant.fr\/actualites\/real-madrid-transfer-news-xabi-alonso-explique-la-selection-de-la-selection-de-rodrygo-au-milieu-de-la-speculation-de-transfert-de-premier-league\/\",\"url\":\"https:\/\/footdavant.fr\/actualites\/real-madrid-transfer-news-xabi-alonso-explique-la-selection-de-la-selection-de-rodrygo-au-milieu-de-la-speculation-de-transfert-de-premier-league\/\",\"name\":\"Real Madrid Transfer News: Xabi Alonso explique la s\u00e9lection de la s\u00e9lection de Rodrygo au milieu de la sp\u00e9culation de transfert de Premier League\",\"isPartOf\":{\"@id\":\"https:\/\/footdavant.fr\/actualites\/#website\"},\"datePublished\":\"2025-08-20T01:48:22+00:00\",\"dateModified\":\"2025-08-20T01:48:26+00:00\",\"breadcrumb\":{\"@id\":\"https:\/\/footdavant.fr\/actualites\/real-madrid-transfer-news-xabi-alonso-explique-la-selection-de-la-selection-de-rodrygo-au-milieu-de-la-speculation-de-transfert-de-premier-league\/#breadcrumb\"},\"inLanguage\":\"fr-FR\",\"potentialAction\":[{\"@type\":\"ReadAction\",\"target\":[\"https:\/\/footdavant.fr\/actualites\/real-madrid-transfer-news-xabi-alonso-explique-la-selection-de-la-selection-de-rodrygo-au-milieu-de-la-speculation-de-transfert-de-premier-league\/\"]}]},{\"@type\":\"BreadcrumbList\",\"@id\":\"https:\/\/footdavant.fr\/actualites\/real-madrid-transfer-news-xabi-alonso-explique-la-selection-de-la-selection-de-rodrygo-au-milieu-de-la-speculation-de-transfert-de-premier-league\/#breadcrumb\",\"itemListElement\":[{\"@type\":\"ListItem\",\"position\":1,\"name\":\"Accueil\",\"item\":\"https:\/\/footdavant.fr\/actualites\/\"},{\"@type\":\"ListItem\",\"position\":2,\"name\":\"Real Madrid Transfer News: Xabi Alonso explique la s\u00e9lection de la s\u00e9lection de Rodrygo au milieu de la sp\u00e9culation de transfert de Premier League\"}]},{\"@type\":\"WebSite\",\"@id\":\"https:\/\/footdavant.fr\/actualites\/#website\",\"url\":\"https:\/\/footdavant.fr\/actualites\/\",\"name\":\"Foot d'avant\",\"description\":\"\",\"publisher\":{\"@id\":\"https:\/\/footdavant.fr\/actualites\/#organization\"},\"potentialAction\":[{\"@type\":\"SearchAction\",\"target\":{\"@type\":\"EntryPoint\",\"urlTemplate\":\"https:\/\/footdavant.fr\/actualites\/?s={search_term_string}\"},\"query-input\":\"required name=search_term_string\"}],\"inLanguage\":\"fr-FR\"},{\"@type\":\"Organization\",\"@id\":\"https:\/\/footdavant.fr\/actualites\/#organization\",\"name\":\"Foot d'avant\",\"url\":\"https:\/\/footdavant.fr\/actualites\/\",\"logo\":{\"@type\":\"ImageObject\",\"inLanguage\":\"fr-FR\",\"@id\":\"https:\/\/footdavant.fr\/actualites\/#\/schema\/logo\/image\/\",\"url\":\"https:\/\/footdavant.fr\/actualites\/wp-content\/uploads\/2023\/09\/Copy-of-FootDavant-Logo.png\",\"contentUrl\":\"https:\/\/footdavant.fr\/actualites\/wp-content\/uploads\/2023\/09\/Copy-of-FootDavant-Logo.png\",\"width\":936,\"height\":549,\"caption\":\"Foot d'avant\"},\"image\":{\"@id\":\"https:\/\/footdavant.fr\/actualites\/#\/schema\/logo\/image\/\"},\"sameAs\":[\"https:\/\/www.facebook.com\/Footdavant\/\",\"https:\/\/twitter.com\/FootdavantFr\",\"https:\/\/www.instagram.com\/footdavant.fr\/\"]},{\"@type\":\"Person\",\"@id\":\"https:\/\/footdavant.fr\/actualites\/#\/schema\/person\/bc222566d95871b37e597b3ed3ba5e1d\",\"name\":\"Cl\u00e9ment\",\"image\":{\"@type\":\"ImageObject\",\"inLanguage\":\"fr-FR\",\"@id\":\"https:\/\/footdavant.fr\/actualites\/#\/schema\/person\/image\/\",\"url\":\"https:\/\/secure.gravatar.com\/avatar\/7728b29aac2719421e1a9159b2254c44?s=96&d=mm&r=g\",\"contentUrl\":\"https:\/\/secure.gravatar.com\/avatar\/7728b29aac2719421e1a9159b2254c44?s=96&d=mm&r=g\",\"caption\":\"Cl\u00e9ment\"},\"sameAs\":[\"https:\/\/footdavant.fr\/\"]}]}<\/script>\n<!-- \/ Yoast SEO plugin. -->","yoast_head_json":{"title":"Real Madrid Transfer News: Xabi Alonso explique la s\u00e9lection de la s\u00e9lection de Rodrygo au milieu de la sp\u00e9culation de transfert de Premier League","robots":{"index":"index","follow":"follow","max-snippet":"max-snippet:-1","max-image-preview":"max-image-preview:large","max-video-preview":"max-video-preview:-1"},"canonical":"https:\/\/footdavant.fr\/actualites\/real-madrid-transfer-news-xabi-alonso-explique-la-selection-de-la-selection-de-rodrygo-au-milieu-de-la-speculation-de-transfert-de-premier-league\/","og_locale":"fr_FR","og_type":"article","og_title":"Real Madrid Transfer News: Xabi Alonso explique la s\u00e9lection de la s\u00e9lection de Rodrygo au milieu de la sp\u00e9culation de transfert de Premier League","og_description":"L&#39;entra\u00eeneur-chef du Real Madrid, Xabi Alonso, explique sa d\u00e9cision de snober Rodrygo pour la victoire 1-0 de mardi sur Osasuna, au milieu des sp\u00e9culations entourant","og_url":"https:\/\/footdavant.fr\/actualites\/real-madrid-transfer-news-xabi-alonso-explique-la-selection-de-la-selection-de-rodrygo-au-milieu-de-la-speculation-de-transfert-de-premier-league\/","og_site_name":"Foot d&#039;avant","article_publisher":"https:\/\/www.facebook.com\/Footdavant\/","article_published_time":"2025-08-20T01:48:22+00:00","article_modified_time":"2025-08-20T01:48:26+00:00","og_image":[{"width":640,"height":480,"url":"https:\/\/footdavant.fr\/actualites\/wp-content\/uploads\/2025\/08\/Real-Madrid-Transfer-News-Xabi-Alonso-explique-la-selection-de.jpg","type":"image\/jpeg"}],"author":"Cl\u00e9ment","twitter_card":"summary_large_image","twitter_creator":"@FootdavantFr","twitter_site":"@FootdavantFr","twitter_misc":{"\u00c9crit par":"Cl\u00e9ment","Dur\u00e9e de lecture estim\u00e9e":"2 minutes"},"schema":{"@context":"https:\/\/schema.org","@graph":[{"@type":"Article","@id":"https:\/\/footdavant.fr\/actualites\/real-madrid-transfer-news-xabi-alonso-explique-la-selection-de-la-selection-de-rodrygo-au-milieu-de-la-speculation-de-transfert-de-premier-league\/#article","isPartOf":{"@id":"https:\/\/footdavant.fr\/actualites\/real-madrid-transfer-news-xabi-alonso-explique-la-selection-de-la-selection-de-rodrygo-au-milieu-de-la-speculation-de-transfert-de-premier-league\/"},"author":{"name":"Cl\u00e9ment","@id":"https:\/\/footdavant.fr\/actualites\/#\/schema\/person\/bc222566d95871b37e597b3ed3ba5e1d"},"headline":"Real Madrid Transfer News: Xabi Alonso explique la s\u00e9lection de la s\u00e9lection de Rodrygo au milieu de la sp\u00e9culation de transfert de Premier League","datePublished":"2025-08-20T01:48:22+00:00","dateModified":"2025-08-20T01:48:26+00:00","mainEntityOfPage":{"@id":"https:\/\/footdavant.fr\/actualites\/real-madrid-transfer-news-xabi-alonso-explique-la-selection-de-la-selection-de-rodrygo-au-milieu-de-la-speculation-de-transfert-de-premier-league\/"},"wordCount":433,"publisher":{"@id":"https:\/\/footdavant.fr\/actualites\/#organization"},"keywords":["Alonso","explique","League","Madrid","milieu","News","Premier","Real","Rodrygo","s\u00e9lection","sp\u00e9culation","Transfer","transfert","Xabi"],"articleSection":["Premier League"],"inLanguage":"fr-FR"},{"@type":"WebPage","@id":"https:\/\/footdavant.fr\/actualites\/real-madrid-transfer-news-xabi-alonso-explique-la-selection-de-la-selection-de-rodrygo-au-milieu-de-la-speculation-de-transfert-de-premier-league\/","url":"https:\/\/footdavant.fr\/actualites\/real-madrid-transfer-news-xabi-alonso-explique-la-selection-de-la-selection-de-rodrygo-au-milieu-de-la-speculation-de-transfert-de-premier-league\/","name":"Real Madrid Transfer News: Xabi Alonso explique la s\u00e9lection de la s\u00e9lection de Rodrygo au milieu de la sp\u00e9culation de transfert de Premier League","isPartOf":{"@id":"https:\/\/footdavant.fr\/actualites\/#website"},"datePublished":"2025-08-20T01:48:22+00:00","dateModified":"2025-08-20T01:48:26+00:00","breadcrumb":{"@id":"https:\/\/footdavant.fr\/actualites\/real-madrid-transfer-news-xabi-alonso-explique-la-selection-de-la-selection-de-rodrygo-au-milieu-de-la-speculation-de-transfert-de-premier-league\/#breadcrumb"},"inLanguage":"fr-FR","potentialAction":[{"@type":"ReadAction","target":["https:\/\/footdavant.fr\/actualites\/real-madrid-transfer-news-xabi-alonso-explique-la-selection-de-la-selection-de-rodrygo-au-milieu-de-la-speculation-de-transfert-de-premier-league\/"]}]},{"@type":"BreadcrumbList","@id":"https:\/\/footdavant.fr\/actualites\/real-madrid-transfer-news-xabi-alonso-explique-la-selection-de-la-selection-de-rodrygo-au-milieu-de-la-speculation-de-transfert-de-premier-league\/#breadcrumb","itemListElement":[{"@type":"ListItem","position":1,"name":"Accueil","item":"https:\/\/footdavant.fr\/actualites\/"},{"@type":"ListItem","position":2,"name":"Real Madrid Transfer News: Xabi Alonso explique la s\u00e9lection de la s\u00e9lection de Rodrygo au milieu de la sp\u00e9culation de transfert de Premier League"}]},{"@type":"WebSite","@id":"https:\/\/footdavant.fr\/actualites\/#website","url":"https:\/\/footdavant.fr\/actualites\/","name":"Foot d'avant","description":"","publisher":{"@id":"https:\/\/footdavant.fr\/actualites\/#organization"},"potentialAction":[{"@type":"SearchAction","target":{"@type":"EntryPoint","urlTemplate":"https:\/\/footdavant.fr\/actualites\/?s={search_term_string}"},"query-input":"required name=search_term_string"}],"inLanguage":"fr-FR"},{"@type":"Organization","@id":"https:\/\/footdavant.fr\/actualites\/#organization","name":"Foot d'avant","url":"https:\/\/footdavant.fr\/actualites\/","logo":{"@type":"ImageObject","inLanguage":"fr-FR","@id":"https:\/\/footdavant.fr\/actualites\/#\/schema\/logo\/image\/","url":"https:\/\/footdavant.fr\/actualites\/wp-content\/uploads\/2023\/09\/Copy-of-FootDavant-Logo.png","contentUrl":"https:\/\/footdavant.fr\/actualites\/wp-content\/uploads\/2023\/09\/Copy-of-FootDavant-Logo.png","width":936,"height":549,"caption":"Foot d'avant"},"image":{"@id":"https:\/\/footdavant.fr\/actualites\/#\/schema\/logo\/image\/"},"sameAs":["https:\/\/www.facebook.com\/Footdavant\/","https:\/\/twitter.com\/FootdavantFr","https:\/\/www.instagram.com\/footdavant.fr\/"]},{"@type":"Person","@id":"https:\/\/footdavant.fr\/actualites\/#\/schema\/person\/bc222566d95871b37e597b3ed3ba5e1d","name":"Cl\u00e9ment","image":{"@type":"ImageObject","inLanguage":"fr-FR","@id":"https:\/\/footdavant.fr\/actualites\/#\/schema\/person\/image\/","url":"https:\/\/secure.gravatar.com\/avatar\/7728b29aac2719421e1a9159b2254c44?s=96&d=mm&r=g","contentUrl":"https:\/\/secure.gravatar.com\/avatar\/7728b29aac2719421e1a9159b2254c44?s=96&d=mm&r=g","caption":"Cl\u00e9ment"},"sameAs":["https:\/\/footdavant.fr\/"]}]}},"_links":{"self":[{"href":"https:\/\/footdavant.fr\/actualites\/wp-json\/wp\/v2\/posts\/27520"}],"collection":[{"href":"https:\/\/footdavant.fr\/actualites\/wp-json\/wp\/v2\/posts"}],"about":[{"href":"https:\/\/footdavant.fr\/actualites\/wp-json\/wp\/v2\/types\/post"}],"author":[{"embeddable":true,"href":"https:\/\/footdavant.fr\/actualites\/wp-json\/wp\/v2\/users\/1"}],"replies":[{"embeddable":true,"href":"https:\/\/footdavant.fr\/actualites\/wp-json\/wp\/v2\/comments?post=27520"}],"version-history":[{"count":1,"href":"https:\/\/footdavant.fr\/actualites\/wp-json\/wp\/v2\/posts\/27520\/revisions"}],"predecessor-version":[{"id":27522,"href":"https:\/\/footdavant.fr\/actualites\/wp-json\/wp\/v2\/posts\/27520\/revisions\/27522"}],"wp:featuredmedia":[{"embeddable":true,"href":"https:\/\/footdavant.fr\/actualites\/wp-json\/wp\/v2\/media\/27521"}],"wp:attachment":[{"href":"https:\/\/footdavant.fr\/actualites\/wp-json\/wp\/v2\/media?parent=27520"}],"wp:term":[{"taxonomy":"category","embeddable":true,"href":"https:\/\/footdavant.fr\/actualites\/wp-json\/wp\/v2\/categories?post=27520"},{"taxonomy":"post_tag","embeddable":true,"href":"https:\/\/footdavant.fr\/actualites\/wp-json\/wp\/v2\/tags?post=27520"}],"curies":[{"name":"wp","href":"https:\/\/api.w.org\/{rel}","templated":true}]}}