{"id":27544,"date":"2025-08-20T19:48:01","date_gmt":"2025-08-20T17:48:01","guid":{"rendered":"https:\/\/footdavant.fr\/actualites\/bournemouth-strike-29-m-e-deal-pour-bayer-leverkusen-attagateur-avec-plan-medical-revele\/"},"modified":"2025-08-20T19:48:03","modified_gmt":"2025-08-20T17:48:03","slug":"bournemouth-strike-29-m-e-deal-pour-bayer-leverkusen-attagateur-avec-plan-medical-revele","status":"publish","type":"post","link":"https:\/\/footdavant.fr\/actualites\/bournemouth-strike-29-m-e-deal-pour-bayer-leverkusen-attagateur-avec-plan-medical-revele\/","title":{"rendered":"Bournemouth Strike &#39;29 M \u20ac Deal&#39; pour Bayer Leverkusen Attagateur avec plan m\u00e9dical r\u00e9v\u00e9l\u00e9"},"content":{"rendered":"<p>Bournemouth serait sur le point de signer un attaquant de Bayer Leverkusen, quelques jours seulement apr\u00e8s avoir recrut\u00e9 Ben Doak \u00e0 Liverpool.<\/p>\n<div id=\"article_body\" itemprop=\"articleBody\">\n<h3 class=\"firstPara\"><\/h3>\n<p><strong class=\"autotag\">Bournemouth aurait conclu un accord avec <strong class=\"autotag\">Bayer Leverkusen sur le transfert de <strong class=\"autotag\">Amine adli.<\/p>\n<p>Les cerises r\u00e9cemment vendues <strong class=\"autotag\">Dango Ouattara \u00e0 son coll\u00e8gue de Premier League Brentford, tandis que <strong class=\"autotag\">Luis Sinisterra se rendrait \u00e0 Cruzeiro au Br\u00e9sil.<\/p>\n<p>En cons\u00e9quence, Bournemouth a travaill\u00e9 sur le renforcement de ses rangs d&#39;attaque avant la fermeture du vitre de transfert d&#39;\u00e9t\u00e9 le 1er septembre.<\/p>\n<p>Lundi, ils ont termin\u00e9 la signature de 25 millions de livres sterling d&#39;un ailier \u00e9cossais, <strong class=\"autotag\">Ben Doak, des champions de Premier League Liverpool. <\/p>\n<p>Les cerises sont maintenant au bord de l&#39;ajout d&#39;un autre attaquant \u00e0 <strong class=\"autotag\">L&#39;\u00e9quipe d&#39;Andoni Iraola avant la r\u00e9union \u00e0 domicile de samedi en Premier League avec Wolverhampton Wanderers.<\/p>\n<p class=\"imgI\">\n<h2>Bournemouth sur verge de la signature d&#39;Adli<\/h2>\n<p>Selon un expert en transfert <em>Fabrizio Romano<\/em>Bournemouth a conclu un accord pour recruter Adli du c\u00f4t\u00e9 allemand Bayer Leverkusen.<\/p>\n<p>La mise \u00e0 jour affirme que les deux clubs ont n\u00e9goci\u00e9 un package de 29 millions d&#39;euros (25 millions de livres sterling) pour un joueur qui a un contrat avec Leverkusen jusqu&#39;\u00e0 l&#39;\u00e9t\u00e9 2028.<\/p>\n<p>Leverkusen est heureux de sanctionner le d\u00e9part d&#39;Adli apr\u00e8s avoir conclu un accord avec Manchester City pour une d\u00e9cision de pr\u00eat pour <strong class=\"autotag\">Claudio Echeverri. <\/p>\n<p>Adli devrait subir son m\u00e9decin dans les 24 prochaines heures avant de pouvoir \u00eatre annonc\u00e9 comme le nouveau membre de l&#39;\u00e9quipe d&#39;Iraola.<\/p>\n<p class=\"imgI\"><img decoding=\"async\" alt=\"Amine Adli de Bayer Leverkusen le 15 ao\u00fbt 2025\" class=\"vanilla-lazyload article-image\" src=\"https:\/\/footdavant.fr\/actualites\/wp-content\/uploads\/2025\/08\/1755712081_461_Bournemouth-Strike-3929-M-E-Deal39-pour-Bayer-Leverkusen-Attagateur.webp\"><\/p>\n<h2>Qui est amine Adli?<\/h2>\n<p>Le joueur de 25 ans a commenc\u00e9 sa carri\u00e8re avec le c\u00f4t\u00e9 fran\u00e7ais Toulouse, o\u00f9 il a fait 43 apparitions en comp\u00e9tition avant de rejoindre Leverkusen en 2021.<\/p>\n<p>Adli a continu\u00e9 \u00e0 figurer en 143 matchs toutes les comp\u00e9titions, marquant 23 buts et fournissant 25 passes d\u00e9cisives. <\/p>\n<p>Cependant, il n&#39;a fait que 14 d\u00e9parts de Bundesliga au cours des deux derni\u00e8res saisons, il sera donc d\u00e9sireux de gagner du temps de jeu r\u00e9gulier avec Bournemouth.<\/p>\n<p>Adli apportera la polyvalence du c\u00f4t\u00e9 sud de la c\u00f4te sud, apr\u00e8s avoir prouv\u00e9 qu&#39;il peut jouer en tant qu&#39;ailier, un num\u00e9ro 10 et comme un centre central au cours de sa carri\u00e8re.<\/p>\n<\/div>\n","protected":false},"excerpt":{"rendered":"<p>Bournemouth serait sur le point de signer un attaquant de Bayer Leverkusen, quelques jours seulement apr\u00e8s avoir recrut\u00e9 Ben Doak \u00e0 Liverpool. Bournemouth aurait conclu<\/p>\n","protected":false},"author":1,"featured_media":27545,"comment_status":"closed","ping_status":"","sticky":false,"template":"","format":"standard","meta":{"footnotes":""},"categories":[5],"tags":[10266,91,981,54,9235,982,2462,2904,51,415,8863],"yoast_head":"<!-- This site is optimized with the Yoast SEO plugin v21.0 - https:\/\/yoast.com\/wordpress\/plugins\/seo\/ -->\n<title>Bournemouth Strike &#039;29 M \u20ac Deal&#039; pour Bayer Leverkusen Attagateur avec plan m\u00e9dical r\u00e9v\u00e9l\u00e9<\/title>\n<meta name=\"robots\" content=\"index, follow, max-snippet:-1, max-image-preview:large, max-video-preview:-1\" \/>\n<link rel=\"canonical\" href=\"https:\/\/footdavant.fr\/actualites\/bournemouth-strike-29-m-e-deal-pour-bayer-leverkusen-attagateur-avec-plan-medical-revele\/\" \/>\n<meta property=\"og:locale\" content=\"fr_FR\" \/>\n<meta property=\"og:type\" content=\"article\" \/>\n<meta property=\"og:title\" content=\"Bournemouth Strike &#039;29 M \u20ac Deal&#039; pour Bayer Leverkusen Attagateur avec plan m\u00e9dical r\u00e9v\u00e9l\u00e9\" \/>\n<meta property=\"og:description\" content=\"Bournemouth serait sur le point de signer un attaquant de Bayer Leverkusen, quelques jours seulement apr\u00e8s avoir recrut\u00e9 Ben Doak \u00e0 Liverpool. Bournemouth aurait conclu\" \/>\n<meta property=\"og:url\" content=\"https:\/\/footdavant.fr\/actualites\/bournemouth-strike-29-m-e-deal-pour-bayer-leverkusen-attagateur-avec-plan-medical-revele\/\" \/>\n<meta property=\"og:site_name\" content=\"Foot d&#039;avant\" \/>\n<meta property=\"article:publisher\" content=\"https:\/\/www.facebook.com\/Footdavant\/\" \/>\n<meta property=\"article:published_time\" content=\"2025-08-20T17:48:01+00:00\" \/>\n<meta property=\"article:modified_time\" content=\"2025-08-20T17:48:03+00:00\" \/>\n<meta property=\"og:image\" content=\"https:\/\/footdavant.fr\/actualites\/wp-content\/uploads\/2025\/08\/Bournemouth-Strike-3929-M-E-Deal39-pour-Bayer-Leverkusen-Attagateur.jpg\" \/>\n\t<meta property=\"og:image:width\" content=\"640\" \/>\n\t<meta property=\"og:image:height\" content=\"480\" \/>\n\t<meta property=\"og:image:type\" content=\"image\/jpeg\" \/>\n<meta name=\"author\" content=\"Cl\u00e9ment\" \/>\n<meta name=\"twitter:card\" content=\"summary_large_image\" \/>\n<meta name=\"twitter:creator\" content=\"@FootdavantFr\" \/>\n<meta name=\"twitter:site\" content=\"@FootdavantFr\" \/>\n<meta name=\"twitter:label1\" content=\"\u00c9crit par\" \/>\n\t<meta name=\"twitter:data1\" content=\"Cl\u00e9ment\" \/>\n\t<meta name=\"twitter:label2\" content=\"Dur\u00e9e de lecture estim\u00e9e\" \/>\n\t<meta name=\"twitter:data2\" content=\"2 minutes\" \/>\n<script type=\"application\/ld+json\" class=\"yoast-schema-graph\">{\"@context\":\"https:\/\/schema.org\",\"@graph\":[{\"@type\":\"Article\",\"@id\":\"https:\/\/footdavant.fr\/actualites\/bournemouth-strike-29-m-e-deal-pour-bayer-leverkusen-attagateur-avec-plan-medical-revele\/#article\",\"isPartOf\":{\"@id\":\"https:\/\/footdavant.fr\/actualites\/bournemouth-strike-29-m-e-deal-pour-bayer-leverkusen-attagateur-avec-plan-medical-revele\/\"},\"author\":{\"name\":\"Cl\u00e9ment\",\"@id\":\"https:\/\/footdavant.fr\/actualites\/#\/schema\/person\/bc222566d95871b37e597b3ed3ba5e1d\"},\"headline\":\"Bournemouth Strike &#39;29 M \u20ac Deal&#39; pour Bayer Leverkusen Attagateur avec plan m\u00e9dical r\u00e9v\u00e9l\u00e9\",\"datePublished\":\"2025-08-20T17:48:01+00:00\",\"dateModified\":\"2025-08-20T17:48:03+00:00\",\"mainEntityOfPage\":{\"@id\":\"https:\/\/footdavant.fr\/actualites\/bournemouth-strike-29-m-e-deal-pour-bayer-leverkusen-attagateur-avec-plan-medical-revele\/\"},\"wordCount\":390,\"publisher\":{\"@id\":\"https:\/\/footdavant.fr\/actualites\/#organization\"},\"keywords\":[\"Attagateur\",\"avec\",\"Bayer\",\"Bournemouth\",\"Deal39\",\"Leverkusen\",\"m\u00e9dical\",\"plan\",\"pour\",\"r\u00e9v\u00e8le\",\"Strike\"],\"articleSection\":[\"Premier League\"],\"inLanguage\":\"fr-FR\"},{\"@type\":\"WebPage\",\"@id\":\"https:\/\/footdavant.fr\/actualites\/bournemouth-strike-29-m-e-deal-pour-bayer-leverkusen-attagateur-avec-plan-medical-revele\/\",\"url\":\"https:\/\/footdavant.fr\/actualites\/bournemouth-strike-29-m-e-deal-pour-bayer-leverkusen-attagateur-avec-plan-medical-revele\/\",\"name\":\"Bournemouth Strike &#39;29 M \u20ac Deal&#39; pour Bayer Leverkusen Attagateur avec plan m\u00e9dical r\u00e9v\u00e9l\u00e9\",\"isPartOf\":{\"@id\":\"https:\/\/footdavant.fr\/actualites\/#website\"},\"datePublished\":\"2025-08-20T17:48:01+00:00\",\"dateModified\":\"2025-08-20T17:48:03+00:00\",\"breadcrumb\":{\"@id\":\"https:\/\/footdavant.fr\/actualites\/bournemouth-strike-29-m-e-deal-pour-bayer-leverkusen-attagateur-avec-plan-medical-revele\/#breadcrumb\"},\"inLanguage\":\"fr-FR\",\"potentialAction\":[{\"@type\":\"ReadAction\",\"target\":[\"https:\/\/footdavant.fr\/actualites\/bournemouth-strike-29-m-e-deal-pour-bayer-leverkusen-attagateur-avec-plan-medical-revele\/\"]}]},{\"@type\":\"BreadcrumbList\",\"@id\":\"https:\/\/footdavant.fr\/actualites\/bournemouth-strike-29-m-e-deal-pour-bayer-leverkusen-attagateur-avec-plan-medical-revele\/#breadcrumb\",\"itemListElement\":[{\"@type\":\"ListItem\",\"position\":1,\"name\":\"Accueil\",\"item\":\"https:\/\/footdavant.fr\/actualites\/\"},{\"@type\":\"ListItem\",\"position\":2,\"name\":\"Bournemouth Strike &#39;29 M \u20ac Deal&#39; pour Bayer Leverkusen Attagateur avec plan m\u00e9dical r\u00e9v\u00e9l\u00e9\"}]},{\"@type\":\"WebSite\",\"@id\":\"https:\/\/footdavant.fr\/actualites\/#website\",\"url\":\"https:\/\/footdavant.fr\/actualites\/\",\"name\":\"Foot d'avant\",\"description\":\"\",\"publisher\":{\"@id\":\"https:\/\/footdavant.fr\/actualites\/#organization\"},\"potentialAction\":[{\"@type\":\"SearchAction\",\"target\":{\"@type\":\"EntryPoint\",\"urlTemplate\":\"https:\/\/footdavant.fr\/actualites\/?s={search_term_string}\"},\"query-input\":\"required name=search_term_string\"}],\"inLanguage\":\"fr-FR\"},{\"@type\":\"Organization\",\"@id\":\"https:\/\/footdavant.fr\/actualites\/#organization\",\"name\":\"Foot d'avant\",\"url\":\"https:\/\/footdavant.fr\/actualites\/\",\"logo\":{\"@type\":\"ImageObject\",\"inLanguage\":\"fr-FR\",\"@id\":\"https:\/\/footdavant.fr\/actualites\/#\/schema\/logo\/image\/\",\"url\":\"https:\/\/footdavant.fr\/actualites\/wp-content\/uploads\/2023\/09\/Copy-of-FootDavant-Logo.png\",\"contentUrl\":\"https:\/\/footdavant.fr\/actualites\/wp-content\/uploads\/2023\/09\/Copy-of-FootDavant-Logo.png\",\"width\":936,\"height\":549,\"caption\":\"Foot d'avant\"},\"image\":{\"@id\":\"https:\/\/footdavant.fr\/actualites\/#\/schema\/logo\/image\/\"},\"sameAs\":[\"https:\/\/www.facebook.com\/Footdavant\/\",\"https:\/\/twitter.com\/FootdavantFr\",\"https:\/\/www.instagram.com\/footdavant.fr\/\"]},{\"@type\":\"Person\",\"@id\":\"https:\/\/footdavant.fr\/actualites\/#\/schema\/person\/bc222566d95871b37e597b3ed3ba5e1d\",\"name\":\"Cl\u00e9ment\",\"image\":{\"@type\":\"ImageObject\",\"inLanguage\":\"fr-FR\",\"@id\":\"https:\/\/footdavant.fr\/actualites\/#\/schema\/person\/image\/\",\"url\":\"https:\/\/secure.gravatar.com\/avatar\/7728b29aac2719421e1a9159b2254c44?s=96&d=mm&r=g\",\"contentUrl\":\"https:\/\/secure.gravatar.com\/avatar\/7728b29aac2719421e1a9159b2254c44?s=96&d=mm&r=g\",\"caption\":\"Cl\u00e9ment\"},\"sameAs\":[\"https:\/\/footdavant.fr\/\"]}]}<\/script>\n<!-- \/ Yoast SEO plugin. -->","yoast_head_json":{"title":"Bournemouth Strike &#39;29 M \u20ac Deal&#39; pour Bayer Leverkusen Attagateur avec plan m\u00e9dical r\u00e9v\u00e9l\u00e9","robots":{"index":"index","follow":"follow","max-snippet":"max-snippet:-1","max-image-preview":"max-image-preview:large","max-video-preview":"max-video-preview:-1"},"canonical":"https:\/\/footdavant.fr\/actualites\/bournemouth-strike-29-m-e-deal-pour-bayer-leverkusen-attagateur-avec-plan-medical-revele\/","og_locale":"fr_FR","og_type":"article","og_title":"Bournemouth Strike &#39;29 M \u20ac Deal&#39; pour Bayer Leverkusen Attagateur avec plan m\u00e9dical r\u00e9v\u00e9l\u00e9","og_description":"Bournemouth serait sur le point de signer un attaquant de Bayer Leverkusen, quelques jours seulement apr\u00e8s avoir recrut\u00e9 Ben Doak \u00e0 Liverpool. Bournemouth aurait conclu","og_url":"https:\/\/footdavant.fr\/actualites\/bournemouth-strike-29-m-e-deal-pour-bayer-leverkusen-attagateur-avec-plan-medical-revele\/","og_site_name":"Foot d&#039;avant","article_publisher":"https:\/\/www.facebook.com\/Footdavant\/","article_published_time":"2025-08-20T17:48:01+00:00","article_modified_time":"2025-08-20T17:48:03+00:00","og_image":[{"width":640,"height":480,"url":"https:\/\/footdavant.fr\/actualites\/wp-content\/uploads\/2025\/08\/Bournemouth-Strike-3929-M-E-Deal39-pour-Bayer-Leverkusen-Attagateur.jpg","type":"image\/jpeg"}],"author":"Cl\u00e9ment","twitter_card":"summary_large_image","twitter_creator":"@FootdavantFr","twitter_site":"@FootdavantFr","twitter_misc":{"\u00c9crit par":"Cl\u00e9ment","Dur\u00e9e de lecture estim\u00e9e":"2 minutes"},"schema":{"@context":"https:\/\/schema.org","@graph":[{"@type":"Article","@id":"https:\/\/footdavant.fr\/actualites\/bournemouth-strike-29-m-e-deal-pour-bayer-leverkusen-attagateur-avec-plan-medical-revele\/#article","isPartOf":{"@id":"https:\/\/footdavant.fr\/actualites\/bournemouth-strike-29-m-e-deal-pour-bayer-leverkusen-attagateur-avec-plan-medical-revele\/"},"author":{"name":"Cl\u00e9ment","@id":"https:\/\/footdavant.fr\/actualites\/#\/schema\/person\/bc222566d95871b37e597b3ed3ba5e1d"},"headline":"Bournemouth Strike &#39;29 M \u20ac Deal&#39; pour Bayer Leverkusen Attagateur avec plan m\u00e9dical r\u00e9v\u00e9l\u00e9","datePublished":"2025-08-20T17:48:01+00:00","dateModified":"2025-08-20T17:48:03+00:00","mainEntityOfPage":{"@id":"https:\/\/footdavant.fr\/actualites\/bournemouth-strike-29-m-e-deal-pour-bayer-leverkusen-attagateur-avec-plan-medical-revele\/"},"wordCount":390,"publisher":{"@id":"https:\/\/footdavant.fr\/actualites\/#organization"},"keywords":["Attagateur","avec","Bayer","Bournemouth","Deal39","Leverkusen","m\u00e9dical","plan","pour","r\u00e9v\u00e8le","Strike"],"articleSection":["Premier League"],"inLanguage":"fr-FR"},{"@type":"WebPage","@id":"https:\/\/footdavant.fr\/actualites\/bournemouth-strike-29-m-e-deal-pour-bayer-leverkusen-attagateur-avec-plan-medical-revele\/","url":"https:\/\/footdavant.fr\/actualites\/bournemouth-strike-29-m-e-deal-pour-bayer-leverkusen-attagateur-avec-plan-medical-revele\/","name":"Bournemouth Strike &#39;29 M \u20ac Deal&#39; pour Bayer Leverkusen Attagateur avec plan m\u00e9dical r\u00e9v\u00e9l\u00e9","isPartOf":{"@id":"https:\/\/footdavant.fr\/actualites\/#website"},"datePublished":"2025-08-20T17:48:01+00:00","dateModified":"2025-08-20T17:48:03+00:00","breadcrumb":{"@id":"https:\/\/footdavant.fr\/actualites\/bournemouth-strike-29-m-e-deal-pour-bayer-leverkusen-attagateur-avec-plan-medical-revele\/#breadcrumb"},"inLanguage":"fr-FR","potentialAction":[{"@type":"ReadAction","target":["https:\/\/footdavant.fr\/actualites\/bournemouth-strike-29-m-e-deal-pour-bayer-leverkusen-attagateur-avec-plan-medical-revele\/"]}]},{"@type":"BreadcrumbList","@id":"https:\/\/footdavant.fr\/actualites\/bournemouth-strike-29-m-e-deal-pour-bayer-leverkusen-attagateur-avec-plan-medical-revele\/#breadcrumb","itemListElement":[{"@type":"ListItem","position":1,"name":"Accueil","item":"https:\/\/footdavant.fr\/actualites\/"},{"@type":"ListItem","position":2,"name":"Bournemouth Strike &#39;29 M \u20ac Deal&#39; pour Bayer Leverkusen Attagateur avec plan m\u00e9dical r\u00e9v\u00e9l\u00e9"}]},{"@type":"WebSite","@id":"https:\/\/footdavant.fr\/actualites\/#website","url":"https:\/\/footdavant.fr\/actualites\/","name":"Foot d'avant","description":"","publisher":{"@id":"https:\/\/footdavant.fr\/actualites\/#organization"},"potentialAction":[{"@type":"SearchAction","target":{"@type":"EntryPoint","urlTemplate":"https:\/\/footdavant.fr\/actualites\/?s={search_term_string}"},"query-input":"required name=search_term_string"}],"inLanguage":"fr-FR"},{"@type":"Organization","@id":"https:\/\/footdavant.fr\/actualites\/#organization","name":"Foot d'avant","url":"https:\/\/footdavant.fr\/actualites\/","logo":{"@type":"ImageObject","inLanguage":"fr-FR","@id":"https:\/\/footdavant.fr\/actualites\/#\/schema\/logo\/image\/","url":"https:\/\/footdavant.fr\/actualites\/wp-content\/uploads\/2023\/09\/Copy-of-FootDavant-Logo.png","contentUrl":"https:\/\/footdavant.fr\/actualites\/wp-content\/uploads\/2023\/09\/Copy-of-FootDavant-Logo.png","width":936,"height":549,"caption":"Foot d'avant"},"image":{"@id":"https:\/\/footdavant.fr\/actualites\/#\/schema\/logo\/image\/"},"sameAs":["https:\/\/www.facebook.com\/Footdavant\/","https:\/\/twitter.com\/FootdavantFr","https:\/\/www.instagram.com\/footdavant.fr\/"]},{"@type":"Person","@id":"https:\/\/footdavant.fr\/actualites\/#\/schema\/person\/bc222566d95871b37e597b3ed3ba5e1d","name":"Cl\u00e9ment","image":{"@type":"ImageObject","inLanguage":"fr-FR","@id":"https:\/\/footdavant.fr\/actualites\/#\/schema\/person\/image\/","url":"https:\/\/secure.gravatar.com\/avatar\/7728b29aac2719421e1a9159b2254c44?s=96&d=mm&r=g","contentUrl":"https:\/\/secure.gravatar.com\/avatar\/7728b29aac2719421e1a9159b2254c44?s=96&d=mm&r=g","caption":"Cl\u00e9ment"},"sameAs":["https:\/\/footdavant.fr\/"]}]}},"_links":{"self":[{"href":"https:\/\/footdavant.fr\/actualites\/wp-json\/wp\/v2\/posts\/27544"}],"collection":[{"href":"https:\/\/footdavant.fr\/actualites\/wp-json\/wp\/v2\/posts"}],"about":[{"href":"https:\/\/footdavant.fr\/actualites\/wp-json\/wp\/v2\/types\/post"}],"author":[{"embeddable":true,"href":"https:\/\/footdavant.fr\/actualites\/wp-json\/wp\/v2\/users\/1"}],"replies":[{"embeddable":true,"href":"https:\/\/footdavant.fr\/actualites\/wp-json\/wp\/v2\/comments?post=27544"}],"version-history":[{"count":1,"href":"https:\/\/footdavant.fr\/actualites\/wp-json\/wp\/v2\/posts\/27544\/revisions"}],"predecessor-version":[{"id":27546,"href":"https:\/\/footdavant.fr\/actualites\/wp-json\/wp\/v2\/posts\/27544\/revisions\/27546"}],"wp:featuredmedia":[{"embeddable":true,"href":"https:\/\/footdavant.fr\/actualites\/wp-json\/wp\/v2\/media\/27545"}],"wp:attachment":[{"href":"https:\/\/footdavant.fr\/actualites\/wp-json\/wp\/v2\/media?parent=27544"}],"wp:term":[{"taxonomy":"category","embeddable":true,"href":"https:\/\/footdavant.fr\/actualites\/wp-json\/wp\/v2\/categories?post=27544"},{"taxonomy":"post_tag","embeddable":true,"href":"https:\/\/footdavant.fr\/actualites\/wp-json\/wp\/v2\/tags?post=27544"}],"curies":[{"name":"wp","href":"https:\/\/api.w.org\/{rel}","templated":true}]}}