{"id":2755,"date":"2023-12-19T17:00:09","date_gmt":"2023-12-19T16:00:09","guid":{"rendered":"https:\/\/footdavant.fr\/actualites\/lac-milan-prend-contact-avec-barcelone-au-sujet-de-la-situation-de-clement-lenglet\/"},"modified":"2023-12-19T17:00:09","modified_gmt":"2023-12-19T16:00:09","slug":"lac-milan-prend-contact-avec-barcelone-au-sujet-de-la-situation-de-clement-lenglet","status":"publish","type":"post","link":"https:\/\/footdavant.fr\/actualites\/lac-milan-prend-contact-avec-barcelone-au-sujet-de-la-situation-de-clement-lenglet\/","title":{"rendered":"L&rsquo;AC Milan \u00ab\u00a0prend contact avec Barcelone au sujet de la situation de Cl\u00e9ment Lenglet\u00a0\u00bb"},"content":{"rendered":"<p>L&rsquo;AC Milan aurait contact\u00e9 Barcelone pour demander des informations sur le d\u00e9fenseur fran\u00e7ais Cl\u00e9ment Lenglet, qui peine actuellement \u00e0 obtenir des minutes en pr\u00eat \u00e0 Aston Villa.<\/p>\n<div id=\"article_body\" itemprop=\"articleBody\">\n<h3 class=\"firstPara\">\n<strong class=\"autotag\">AC Milan<\/strong> auraient pris contact avec <strong class=\"autotag\">Barcelone<\/strong> pour se renseigner sur la disponibilit\u00e9 du d\u00e9fenseur fran\u00e7ais <strong class=\"autotag\">Cl\u00e9ment Lenglet<\/strong>.<\/h3>\n<p>L&rsquo;ancien joueur de S\u00e9ville a gliss\u00e9 dans la hi\u00e9rarchie des Blaugrana au cours des deux derni\u00e8res ann\u00e9es, voyant <strong class=\"autotag\">Xavi<\/strong> et la hi\u00e9rarchie du Bar\u00e7a autorise deux pr\u00eats \u00e0 la Premier League.<\/p>\n<p>Lenglet a pass\u00e9 la saison 2022-23 sous l&rsquo;aile de <strong class=\"autotag\">Antonio Cont\u00e9<\/strong>, <strong class=\"autotag\">Ryan Mason<\/strong> et <strong class=\"autotag\">Cristian Stellini<\/strong> \u00e0 Tottenham Hotspur, o\u00f9 il \u00e9tait un habitu\u00e9 de la ligne arri\u00e8re \u00e0 trois du premier, disputant 35 matchs tous tournois confondus.<\/p>\n<p>Les sp\u00e9culations sur un \u00e9ventuel accord permanent ont commenc\u00e9 \u00e0 s&rsquo;intensifier \u00e0 la fin de la saison, mais le chapitre de Lenglet au nord de Londres s&rsquo;est ferm\u00e9 avec la signature de Tottenham. <strong class=\"autotag\">Micky van de Ven<\/strong> et <strong class=\"autotag\">Ashley Phillips<\/strong> plut\u00f4t.<\/p>\n<p>N\u00e9anmoins, le joueur de 28 ans reviendrait pour un deuxi\u00e8me passage dans l&rsquo;\u00e9lite anglaise avec <strong class=\"autotag\">Unai Emery<\/strong>c&rsquo;est <strong class=\"autotag\">Aston Villa<\/strong>rejoignant un accord de pr\u00eat direct jusqu&rsquo;\u00e0 la fin de la saison 2023-24 apr\u00e8s <strong class=\"autotag\">Tyrone Mings<\/strong> a \u00e9t\u00e9 gri\u00e8vement bless\u00e9 au genou.<\/p>\n<p class=\"imgI\">\n<p>Cependant, Lenglet se retrouve en retrait <strong class=\"autotag\">Paul Torres<\/strong>, <strong class=\"autotag\">Ezri Konsa<\/strong> et <strong class=\"autotag\">Diego Carlos<\/strong> dans l\u2019ordre hi\u00e9rarchique de Villa Park, et il n\u2019a pas jou\u00e9 une seule minute pour les Lions en Premier League cette saison.<\/p>\n<p>Lenglet a obtenu cinq titularisations en phase de groupes de la Ligue Europa Conf\u00e9rence, aidant l&rsquo;\u00e9quipe d&rsquo;Emery \u00e0 atteindre les huiti\u00e8mes de finale du tournoi europ\u00e9en de troisi\u00e8me division, mais il devrait \u00eatre au mieux sur le banc lorsque Villa reviendra en Premier League contre Brentford le Dimanche.<\/p>\n<p>Alors que le pr\u00eat\u00e9 de Barcelone continue de lutter pour les minutes nationales dans les West Midlands, <em>Pris hors jeu<\/em> journaliste <strong class=\"autotag\">Fabrizio Romano<\/strong> affirme que Milan est d\u00e9sormais en contact avec Barcelone pour en savoir plus sur la situation de Lenglet.<\/p>\n<p>La d\u00e9fense des Rossoneri a \u00e9t\u00e9 ravag\u00e9e par les blessures cette saison, comme <strong class=\"autotag\">Pierre Kalulu<\/strong> et <strong class=\"autotag\">Malick Thiaw<\/strong> devraient tous deux \u00eatre absents jusqu&rsquo;au Nouvel An avec des probl\u00e8mes aux tendons et aux ischio-jambiers respectivement, tandis que <strong class=\"autotag\">Marco Pellegrino<\/strong> et <strong class=\"autotag\">Mattia Caldara<\/strong> sont des probl\u00e8mes de cheville qui allaitent.<\/p>\n<p>De plus, le v\u00e9t\u00e9ran danois <strong class=\"autotag\">Simon Kjaer<\/strong> n&rsquo;a pas jou\u00e9 depuis octobre en raison d&rsquo;un souci musculaire, laissant <strong class=\"autotag\">Fikayo Tomori<\/strong> comme <strong class=\"autotag\">Stefano Pioli<\/strong>est le seul d\u00e9fenseur central senior reconnu.<\/p>\n<p class=\"imgI\"><img decoding=\"async\" loading=\"lazy\" class=\"l\" src=\"https:\/\/footdavant.fr\/actualites\/wp-content\/uploads\/2023\/12\/1703001609_840_LAC-Milan-prend-contact-avec-Barcelone-au-sujet-de-la.jpg\" title=\"Olivier Giroud de l'AC Milan c\u00e9l\u00e8bre son premier but avec Tijjani Reijnders, Marco Pellegrino et ses co\u00e9quipiers le 29 octobre 2023\" alt=\"Olivier Giroud de l'AC Milan c\u00e9l\u00e8bre son premier but avec Tijjani Reijnders, Marco Pellegrino et ses co\u00e9quipiers le 29 octobre 2023\" width=\"640\" height=\"480\"><\/p>\n<p>Laisser derriere <strong class=\"autotag\">Th\u00e9o Hern\u00e1ndez<\/strong> a \u00e9t\u00e9 contraint de remplacer Tomori ces derni\u00e8res semaines, tandis que <strong class=\"autotag\">Clinton Nsiala<\/strong> a \u00e9t\u00e9 appel\u00e9 dans l&rsquo;\u00e9quipe pour sa victoire en Ligue des champions contre Newcastle United mercredi.<\/p>\n<p>Kjaer est d\u00e9sormais de retour \u00e0 l&rsquo;entra\u00eenement avec l&rsquo;AC Milan et pourrait faire son retour lors du choc de Serie A dimanche contre Monza, mais le joueur de 34 ans entrera dans les six derniers mois de son contrat en janvier, et on ne sait pas s&rsquo;il sera accord\u00e9. une extension.<\/p>\n<p>Romano d\u00e9clare que rien n&rsquo;a \u00e9t\u00e9 avanc\u00e9 entre Milan et Barcelone au sujet des discussions avec Lenglet, car la partie italienne a simplement demand\u00e9 des informations sur l&rsquo;international fran\u00e7ais, et la d\u00e9cision reviendrait au Bar\u00e7a plut\u00f4t qu&rsquo;\u00e0 Villa.<\/p>\n<p>Lenglet a inscrit sept buts et trois passes d\u00e9cisives en 160 apparitions pour Barcelone depuis sa signature de S\u00e9ville en 2018, et son contrat au Camp Nou ne devrait expirer qu&rsquo;en 2026.<\/p>\n<p>L&rsquo;ancien jeune nanc\u00e9ien a remport\u00e9 15 s\u00e9lections en \u00e9quipe de France, repr\u00e9sentant les Bleus \u00e0 l&rsquo;Euro 2020, mais il n&rsquo;a plus jou\u00e9 pour son pays depuis novembre 2021.<\/p>\n<\/div>\n","protected":false},"excerpt":{"rendered":"<p>L&rsquo;AC Milan aurait contact\u00e9 Barcelone pour demander des informations sur le d\u00e9fenseur fran\u00e7ais Cl\u00e9ment Lenglet, qui peine actuellement \u00e0 obtenir des minutes en pr\u00eat \u00e0<\/p>\n","protected":false},"author":1,"featured_media":2756,"comment_status":"closed","ping_status":"","sticky":false,"template":"","format":"standard","meta":{"footnotes":""},"categories":[5],"tags":[91,130,2371,2370,1054,2372,250,88,520,1976],"yoast_head":"<!-- This site is optimized with the Yoast SEO plugin v21.0 - https:\/\/yoast.com\/wordpress\/plugins\/seo\/ -->\n<title>L&#039;AC Milan &quot;prend contact avec Barcelone au sujet de la situation de Cl\u00e9ment Lenglet&quot;<\/title>\n<meta name=\"robots\" content=\"index, follow, max-snippet:-1, max-image-preview:large, max-video-preview:-1\" \/>\n<link rel=\"canonical\" href=\"https:\/\/footdavant.fr\/actualites\/lac-milan-prend-contact-avec-barcelone-au-sujet-de-la-situation-de-clement-lenglet\/\" \/>\n<meta property=\"og:locale\" content=\"fr_FR\" \/>\n<meta property=\"og:type\" content=\"article\" \/>\n<meta property=\"og:title\" content=\"L&#039;AC Milan &quot;prend contact avec Barcelone au sujet de la situation de Cl\u00e9ment Lenglet&quot;\" \/>\n<meta property=\"og:description\" content=\"L&rsquo;AC Milan aurait contact\u00e9 Barcelone pour demander des informations sur le d\u00e9fenseur fran\u00e7ais Cl\u00e9ment Lenglet, qui peine actuellement \u00e0 obtenir des minutes en pr\u00eat \u00e0\" \/>\n<meta property=\"og:url\" content=\"https:\/\/footdavant.fr\/actualites\/lac-milan-prend-contact-avec-barcelone-au-sujet-de-la-situation-de-clement-lenglet\/\" \/>\n<meta property=\"og:site_name\" content=\"Foot d&#039;avant\" \/>\n<meta property=\"article:publisher\" content=\"https:\/\/www.facebook.com\/Footdavant\/\" \/>\n<meta property=\"article:published_time\" content=\"2023-12-19T16:00:09+00:00\" \/>\n<meta property=\"og:image\" content=\"https:\/\/footdavant.fr\/actualites\/wp-content\/uploads\/2023\/12\/LAC-Milan-prend-contact-avec-Barcelone-au-sujet-de-la.jpg\" \/>\n\t<meta property=\"og:image:width\" content=\"640\" \/>\n\t<meta property=\"og:image:height\" content=\"480\" \/>\n\t<meta property=\"og:image:type\" content=\"image\/jpeg\" \/>\n<meta name=\"author\" content=\"Cl\u00e9ment\" \/>\n<meta name=\"twitter:card\" content=\"summary_large_image\" \/>\n<meta name=\"twitter:creator\" content=\"@FootdavantFr\" \/>\n<meta name=\"twitter:site\" content=\"@FootdavantFr\" \/>\n<meta name=\"twitter:label1\" content=\"\u00c9crit par\" \/>\n\t<meta name=\"twitter:data1\" content=\"Cl\u00e9ment\" \/>\n\t<meta name=\"twitter:label2\" content=\"Dur\u00e9e de lecture estim\u00e9e\" \/>\n\t<meta name=\"twitter:data2\" content=\"3 minutes\" \/>\n<script type=\"application\/ld+json\" class=\"yoast-schema-graph\">{\"@context\":\"https:\/\/schema.org\",\"@graph\":[{\"@type\":\"Article\",\"@id\":\"https:\/\/footdavant.fr\/actualites\/lac-milan-prend-contact-avec-barcelone-au-sujet-de-la-situation-de-clement-lenglet\/#article\",\"isPartOf\":{\"@id\":\"https:\/\/footdavant.fr\/actualites\/lac-milan-prend-contact-avec-barcelone-au-sujet-de-la-situation-de-clement-lenglet\/\"},\"author\":{\"name\":\"Cl\u00e9ment\",\"@id\":\"https:\/\/footdavant.fr\/actualites\/#\/schema\/person\/bc222566d95871b37e597b3ed3ba5e1d\"},\"headline\":\"L&rsquo;AC Milan \u00ab\u00a0prend contact avec Barcelone au sujet de la situation de Cl\u00e9ment Lenglet\u00a0\u00bb\",\"datePublished\":\"2023-12-19T16:00:09+00:00\",\"dateModified\":\"2023-12-19T16:00:09+00:00\",\"mainEntityOfPage\":{\"@id\":\"https:\/\/footdavant.fr\/actualites\/lac-milan-prend-contact-avec-barcelone-au-sujet-de-la-situation-de-clement-lenglet\/\"},\"wordCount\":631,\"publisher\":{\"@id\":\"https:\/\/footdavant.fr\/actualites\/#organization\"},\"keywords\":[\"avec\",\"Barcelone\",\"Cl\u00e9ment\",\"contact\",\"lAC\",\"Lenglet\",\"Milan\",\"prend\",\"situation\",\"sujet\"],\"articleSection\":[\"Premier League\"],\"inLanguage\":\"fr-FR\"},{\"@type\":\"WebPage\",\"@id\":\"https:\/\/footdavant.fr\/actualites\/lac-milan-prend-contact-avec-barcelone-au-sujet-de-la-situation-de-clement-lenglet\/\",\"url\":\"https:\/\/footdavant.fr\/actualites\/lac-milan-prend-contact-avec-barcelone-au-sujet-de-la-situation-de-clement-lenglet\/\",\"name\":\"L'AC Milan \\\"prend contact avec Barcelone au sujet de la situation de Cl\u00e9ment Lenglet\\\"\",\"isPartOf\":{\"@id\":\"https:\/\/footdavant.fr\/actualites\/#website\"},\"datePublished\":\"2023-12-19T16:00:09+00:00\",\"dateModified\":\"2023-12-19T16:00:09+00:00\",\"breadcrumb\":{\"@id\":\"https:\/\/footdavant.fr\/actualites\/lac-milan-prend-contact-avec-barcelone-au-sujet-de-la-situation-de-clement-lenglet\/#breadcrumb\"},\"inLanguage\":\"fr-FR\",\"potentialAction\":[{\"@type\":\"ReadAction\",\"target\":[\"https:\/\/footdavant.fr\/actualites\/lac-milan-prend-contact-avec-barcelone-au-sujet-de-la-situation-de-clement-lenglet\/\"]}]},{\"@type\":\"BreadcrumbList\",\"@id\":\"https:\/\/footdavant.fr\/actualites\/lac-milan-prend-contact-avec-barcelone-au-sujet-de-la-situation-de-clement-lenglet\/#breadcrumb\",\"itemListElement\":[{\"@type\":\"ListItem\",\"position\":1,\"name\":\"Accueil\",\"item\":\"https:\/\/footdavant.fr\/actualites\/\"},{\"@type\":\"ListItem\",\"position\":2,\"name\":\"L&rsquo;AC Milan \u00ab\u00a0prend contact avec Barcelone au sujet de la situation de Cl\u00e9ment Lenglet\u00a0\u00bb\"}]},{\"@type\":\"WebSite\",\"@id\":\"https:\/\/footdavant.fr\/actualites\/#website\",\"url\":\"https:\/\/footdavant.fr\/actualites\/\",\"name\":\"Foot d'avant\",\"description\":\"\",\"publisher\":{\"@id\":\"https:\/\/footdavant.fr\/actualites\/#organization\"},\"potentialAction\":[{\"@type\":\"SearchAction\",\"target\":{\"@type\":\"EntryPoint\",\"urlTemplate\":\"https:\/\/footdavant.fr\/actualites\/?s={search_term_string}\"},\"query-input\":\"required name=search_term_string\"}],\"inLanguage\":\"fr-FR\"},{\"@type\":\"Organization\",\"@id\":\"https:\/\/footdavant.fr\/actualites\/#organization\",\"name\":\"Foot d'avant\",\"url\":\"https:\/\/footdavant.fr\/actualites\/\",\"logo\":{\"@type\":\"ImageObject\",\"inLanguage\":\"fr-FR\",\"@id\":\"https:\/\/footdavant.fr\/actualites\/#\/schema\/logo\/image\/\",\"url\":\"https:\/\/footdavant.fr\/actualites\/wp-content\/uploads\/2023\/09\/Copy-of-FootDavant-Logo.png\",\"contentUrl\":\"https:\/\/footdavant.fr\/actualites\/wp-content\/uploads\/2023\/09\/Copy-of-FootDavant-Logo.png\",\"width\":936,\"height\":549,\"caption\":\"Foot d'avant\"},\"image\":{\"@id\":\"https:\/\/footdavant.fr\/actualites\/#\/schema\/logo\/image\/\"},\"sameAs\":[\"https:\/\/www.facebook.com\/Footdavant\/\",\"https:\/\/twitter.com\/FootdavantFr\",\"https:\/\/www.instagram.com\/footdavant.fr\/\"]},{\"@type\":\"Person\",\"@id\":\"https:\/\/footdavant.fr\/actualites\/#\/schema\/person\/bc222566d95871b37e597b3ed3ba5e1d\",\"name\":\"Cl\u00e9ment\",\"image\":{\"@type\":\"ImageObject\",\"inLanguage\":\"fr-FR\",\"@id\":\"https:\/\/footdavant.fr\/actualites\/#\/schema\/person\/image\/\",\"url\":\"https:\/\/secure.gravatar.com\/avatar\/7728b29aac2719421e1a9159b2254c44?s=96&d=mm&r=g\",\"contentUrl\":\"https:\/\/secure.gravatar.com\/avatar\/7728b29aac2719421e1a9159b2254c44?s=96&d=mm&r=g\",\"caption\":\"Cl\u00e9ment\"},\"sameAs\":[\"https:\/\/footdavant.fr\/\"]}]}<\/script>\n<!-- \/ Yoast SEO plugin. -->","yoast_head_json":{"title":"L'AC Milan \"prend contact avec Barcelone au sujet de la situation de Cl\u00e9ment Lenglet\"","robots":{"index":"index","follow":"follow","max-snippet":"max-snippet:-1","max-image-preview":"max-image-preview:large","max-video-preview":"max-video-preview:-1"},"canonical":"https:\/\/footdavant.fr\/actualites\/lac-milan-prend-contact-avec-barcelone-au-sujet-de-la-situation-de-clement-lenglet\/","og_locale":"fr_FR","og_type":"article","og_title":"L'AC Milan \"prend contact avec Barcelone au sujet de la situation de Cl\u00e9ment Lenglet\"","og_description":"L&rsquo;AC Milan aurait contact\u00e9 Barcelone pour demander des informations sur le d\u00e9fenseur fran\u00e7ais Cl\u00e9ment Lenglet, qui peine actuellement \u00e0 obtenir des minutes en pr\u00eat \u00e0","og_url":"https:\/\/footdavant.fr\/actualites\/lac-milan-prend-contact-avec-barcelone-au-sujet-de-la-situation-de-clement-lenglet\/","og_site_name":"Foot d&#039;avant","article_publisher":"https:\/\/www.facebook.com\/Footdavant\/","article_published_time":"2023-12-19T16:00:09+00:00","og_image":[{"width":640,"height":480,"url":"https:\/\/footdavant.fr\/actualites\/wp-content\/uploads\/2023\/12\/LAC-Milan-prend-contact-avec-Barcelone-au-sujet-de-la.jpg","type":"image\/jpeg"}],"author":"Cl\u00e9ment","twitter_card":"summary_large_image","twitter_creator":"@FootdavantFr","twitter_site":"@FootdavantFr","twitter_misc":{"\u00c9crit par":"Cl\u00e9ment","Dur\u00e9e de lecture estim\u00e9e":"3 minutes"},"schema":{"@context":"https:\/\/schema.org","@graph":[{"@type":"Article","@id":"https:\/\/footdavant.fr\/actualites\/lac-milan-prend-contact-avec-barcelone-au-sujet-de-la-situation-de-clement-lenglet\/#article","isPartOf":{"@id":"https:\/\/footdavant.fr\/actualites\/lac-milan-prend-contact-avec-barcelone-au-sujet-de-la-situation-de-clement-lenglet\/"},"author":{"name":"Cl\u00e9ment","@id":"https:\/\/footdavant.fr\/actualites\/#\/schema\/person\/bc222566d95871b37e597b3ed3ba5e1d"},"headline":"L&rsquo;AC Milan \u00ab\u00a0prend contact avec Barcelone au sujet de la situation de Cl\u00e9ment Lenglet\u00a0\u00bb","datePublished":"2023-12-19T16:00:09+00:00","dateModified":"2023-12-19T16:00:09+00:00","mainEntityOfPage":{"@id":"https:\/\/footdavant.fr\/actualites\/lac-milan-prend-contact-avec-barcelone-au-sujet-de-la-situation-de-clement-lenglet\/"},"wordCount":631,"publisher":{"@id":"https:\/\/footdavant.fr\/actualites\/#organization"},"keywords":["avec","Barcelone","Cl\u00e9ment","contact","lAC","Lenglet","Milan","prend","situation","sujet"],"articleSection":["Premier League"],"inLanguage":"fr-FR"},{"@type":"WebPage","@id":"https:\/\/footdavant.fr\/actualites\/lac-milan-prend-contact-avec-barcelone-au-sujet-de-la-situation-de-clement-lenglet\/","url":"https:\/\/footdavant.fr\/actualites\/lac-milan-prend-contact-avec-barcelone-au-sujet-de-la-situation-de-clement-lenglet\/","name":"L'AC Milan \"prend contact avec Barcelone au sujet de la situation de Cl\u00e9ment Lenglet\"","isPartOf":{"@id":"https:\/\/footdavant.fr\/actualites\/#website"},"datePublished":"2023-12-19T16:00:09+00:00","dateModified":"2023-12-19T16:00:09+00:00","breadcrumb":{"@id":"https:\/\/footdavant.fr\/actualites\/lac-milan-prend-contact-avec-barcelone-au-sujet-de-la-situation-de-clement-lenglet\/#breadcrumb"},"inLanguage":"fr-FR","potentialAction":[{"@type":"ReadAction","target":["https:\/\/footdavant.fr\/actualites\/lac-milan-prend-contact-avec-barcelone-au-sujet-de-la-situation-de-clement-lenglet\/"]}]},{"@type":"BreadcrumbList","@id":"https:\/\/footdavant.fr\/actualites\/lac-milan-prend-contact-avec-barcelone-au-sujet-de-la-situation-de-clement-lenglet\/#breadcrumb","itemListElement":[{"@type":"ListItem","position":1,"name":"Accueil","item":"https:\/\/footdavant.fr\/actualites\/"},{"@type":"ListItem","position":2,"name":"L&rsquo;AC Milan \u00ab\u00a0prend contact avec Barcelone au sujet de la situation de Cl\u00e9ment Lenglet\u00a0\u00bb"}]},{"@type":"WebSite","@id":"https:\/\/footdavant.fr\/actualites\/#website","url":"https:\/\/footdavant.fr\/actualites\/","name":"Foot d'avant","description":"","publisher":{"@id":"https:\/\/footdavant.fr\/actualites\/#organization"},"potentialAction":[{"@type":"SearchAction","target":{"@type":"EntryPoint","urlTemplate":"https:\/\/footdavant.fr\/actualites\/?s={search_term_string}"},"query-input":"required name=search_term_string"}],"inLanguage":"fr-FR"},{"@type":"Organization","@id":"https:\/\/footdavant.fr\/actualites\/#organization","name":"Foot d'avant","url":"https:\/\/footdavant.fr\/actualites\/","logo":{"@type":"ImageObject","inLanguage":"fr-FR","@id":"https:\/\/footdavant.fr\/actualites\/#\/schema\/logo\/image\/","url":"https:\/\/footdavant.fr\/actualites\/wp-content\/uploads\/2023\/09\/Copy-of-FootDavant-Logo.png","contentUrl":"https:\/\/footdavant.fr\/actualites\/wp-content\/uploads\/2023\/09\/Copy-of-FootDavant-Logo.png","width":936,"height":549,"caption":"Foot d'avant"},"image":{"@id":"https:\/\/footdavant.fr\/actualites\/#\/schema\/logo\/image\/"},"sameAs":["https:\/\/www.facebook.com\/Footdavant\/","https:\/\/twitter.com\/FootdavantFr","https:\/\/www.instagram.com\/footdavant.fr\/"]},{"@type":"Person","@id":"https:\/\/footdavant.fr\/actualites\/#\/schema\/person\/bc222566d95871b37e597b3ed3ba5e1d","name":"Cl\u00e9ment","image":{"@type":"ImageObject","inLanguage":"fr-FR","@id":"https:\/\/footdavant.fr\/actualites\/#\/schema\/person\/image\/","url":"https:\/\/secure.gravatar.com\/avatar\/7728b29aac2719421e1a9159b2254c44?s=96&d=mm&r=g","contentUrl":"https:\/\/secure.gravatar.com\/avatar\/7728b29aac2719421e1a9159b2254c44?s=96&d=mm&r=g","caption":"Cl\u00e9ment"},"sameAs":["https:\/\/footdavant.fr\/"]}]}},"_links":{"self":[{"href":"https:\/\/footdavant.fr\/actualites\/wp-json\/wp\/v2\/posts\/2755"}],"collection":[{"href":"https:\/\/footdavant.fr\/actualites\/wp-json\/wp\/v2\/posts"}],"about":[{"href":"https:\/\/footdavant.fr\/actualites\/wp-json\/wp\/v2\/types\/post"}],"author":[{"embeddable":true,"href":"https:\/\/footdavant.fr\/actualites\/wp-json\/wp\/v2\/users\/1"}],"replies":[{"embeddable":true,"href":"https:\/\/footdavant.fr\/actualites\/wp-json\/wp\/v2\/comments?post=2755"}],"version-history":[{"count":1,"href":"https:\/\/footdavant.fr\/actualites\/wp-json\/wp\/v2\/posts\/2755\/revisions"}],"predecessor-version":[{"id":2757,"href":"https:\/\/footdavant.fr\/actualites\/wp-json\/wp\/v2\/posts\/2755\/revisions\/2757"}],"wp:featuredmedia":[{"embeddable":true,"href":"https:\/\/footdavant.fr\/actualites\/wp-json\/wp\/v2\/media\/2756"}],"wp:attachment":[{"href":"https:\/\/footdavant.fr\/actualites\/wp-json\/wp\/v2\/media?parent=2755"}],"wp:term":[{"taxonomy":"category","embeddable":true,"href":"https:\/\/footdavant.fr\/actualites\/wp-json\/wp\/v2\/categories?post=2755"},{"taxonomy":"post_tag","embeddable":true,"href":"https:\/\/footdavant.fr\/actualites\/wp-json\/wp\/v2\/tags?post=2755"}],"curies":[{"name":"wp","href":"https:\/\/api.w.org\/{rel}","templated":true}]}}