{"id":27576,"date":"2025-08-21T17:48:03","date_gmt":"2025-08-21T15:48:03","guid":{"rendered":"https:\/\/footdavant.fr\/actualites\/harry-maguire-revele-ses-plans-pour-lavenir-souvre-sur-les-interets-du-transfert-cet-ete-man-united-news-and-transfer-news\/"},"modified":"2025-08-21T17:48:05","modified_gmt":"2025-08-21T15:48:05","slug":"harry-maguire-revele-ses-plans-pour-lavenir-souvre-sur-les-interets-du-transfert-cet-ete-man-united-news-and-transfer-news","status":"publish","type":"post","link":"https:\/\/footdavant.fr\/actualites\/harry-maguire-revele-ses-plans-pour-lavenir-souvre-sur-les-interets-du-transfert-cet-ete-man-united-news-and-transfer-news\/","title":{"rendered":"Harry Maguire r\u00e9v\u00e8le ses plans pour l&#39;avenir, s&#39;ouvre sur les int\u00e9r\u00eats du transfert cet \u00e9t\u00e9 &#8211; Man United News and Transfer News"},"content":{"rendered":"<div id=\"penci-post-entry-inner\">\n<p>\t\t\t<i class=\"penci-post-countview-number-check\" style=\"display:none\">1<\/i><\/p>\n<p><!--Article Start--><br \/>Manchester United a perdu Jonny Evans et Victor Lindelof en \u00e9t\u00e9, et il a \u00e9t\u00e9 rapport\u00e9 que Harry Maguire a \u00e9galement re\u00e7u plusieurs offres.<\/p>\n<p>Cependant, le club les a tous rejet\u00e9s, Ruben Amorim consid\u00e9rant l&#39;ancien skipper une partie cruciale de l&#39;\u00e9quipe. C&#39;est pourquoi il a \u00e9t\u00e9 nomm\u00e9 dans le cadre du nouveau groupe de leadership de Six-Man au sein de l&#39;\u00e9quipe.<\/p>\n<p>D&#39;\u00eatre presque vendu \u00e0 plusieurs reprises et d&#39;\u00eatre critiqu\u00e9 sans cesse de tous les quartiers, l&#39;Anglais a certainement parcouru un long chemin.<\/p>\n<p>Lors d&#39;une interaction m\u00e9diatique sur la touche d&#39;un \u00e9v\u00e9nement de la Manchester United Foundation, le d\u00e9fenseur central a ouvert ses portes plus confiantes qu&#39;il ressent actuellement et comment la r\u00e9ception des fans a ajout\u00e9 au facteur de bien-\u00eatre pour lui.<\/p>\n<h5>Forme am\u00e9lior\u00e9e<\/h5>\n<p>\u00abJe me sens dans un bon endroit. Cela fait maintenant quelques ann\u00e9es o\u00f9 j&#39;ai l&#39;impression d&#39;avoir tr\u00e8s bien jou\u00e9 pour ce club. Je n&#39;ai eu que six mois vraiment o\u00f9 j&#39;ai eu une mauvaise baisse de forme. Les deux ann\u00e9es pr\u00e9c\u00e9dentes ont \u00e9t\u00e9 excellentes. J&#39;ai \u00e9t\u00e9 beaucoup mieux au cours des deux derni\u00e8res ann\u00e9es et demie.<\/p>\n<p>\u00ab\u00a0Maintenant, je suis dans un bon endroit. Je suis dans un bon endroit avec le club et les fans. J&#39;ai un tr\u00e8s bon lien avec eux et c&#39;est un vrai endroit sp\u00e9cial pour jouer. C&#39;est un \u00e9norme privil\u00e8ge et honneur de jouer pour ce club et c&#39;est quelque chose dont je serai toujours reconnaissant pour toujours.\u00a0\u00bb<\/p>\n<p>L&#39;homme de 32 ans a r\u00e9v\u00e9l\u00e9 qu&#39;il y avait en effet un int\u00e9r\u00eat pour ses services d&#39;autres clubs, mais la nouvelle direction a donn\u00e9 \u00e0 ces propositions une courte dur\u00e9e.<\/p>\n<p>\u00abOui, je pense qu&#39;il y avait quelques clubs qui ont peut-\u00eatre demand\u00e9 ou parl\u00e9 avec eux et je pense qu&#39;ils ont eu une r\u00e9ponse rapide.<\/p>\n<p>\u00abComme je l&#39;ai dit, nous sommes dans un bon endroit, positif en tant que club et j&#39;ai l&#39;impression que la hi\u00e9rarchie est arriv\u00e9e et Jason [Wilcox] Et le manager, j&#39;ai l&#39;impression de le prendre dans la bonne direction.<\/p>\n<h5>Beaucoup de clubs int\u00e9ress\u00e9s<\/h5>\n<p>\u00abJe pense que c&#39;est le cas, depuis que j&#39;ai commenc\u00e9 il y a six ans l\u00e0 o\u00f9 il se trouve maintenant, c&#39;est dans un endroit compl\u00e8tement diff\u00e9rent en termes de structure derri\u00e8re le personnel de gestion.\u00bb<\/p>\n<p>L&#39;international anglais devait partir \u00e0 l&#39;expiration de son contrat, surtout quand Amorim est venu \u00e0 bord avec ses nouvelles id\u00e9es.<\/p>\n<p>Au lieu de cela, le d\u00e9fenseur a impressionn\u00e9 le tacticien portugais \u00e0 un point tel que le club a d\u00e9clench\u00e9 l&#39;option d&#39;extension d&#39;un an dans son accord.<\/p>\n<p>Et comme les choses se trouvent, Harry Maguire est convaincu que les deux parties se r\u00e9uniront cette ann\u00e9e pour repousser la voie \u00e0 suivre. Il adorerait rester et continuer \u00e0 jouer en rouge.<\/p>\n<h5>Sur son avenir<\/h5>\n<p>\u00abL&#39;ann\u00e9e derni\u00e8re, la clause \u00e9tait entre leurs mains, donc il n&#39;y avait pas d&#39;option pour moi l\u00e0-bas. Il n&#39;y avait pas de discussion. C&#39;\u00e9tait juste qu&#39;ils l&#39;ont activ\u00e9, et cela s&#39;est \u00e9tendu. Cette ann\u00e9e, je suis \u00e9videmment debout \u00e0 la fin de l&#39;ann\u00e9e.<\/p>\n<p>\u00abJe suis presque s\u00fbr que le club a fait conna\u00eetre cet \u00e9t\u00e9 que je ne peux pas laisser le club en termes de clubs qui se renseignent sur mes affaires et mon poste avec mon contrat.<\/p>\n<p>\u00abJe suis s\u00fbr qu&#39;au cours des prochains mois, ils s&#39;asseoiront et nous devrons avoir une conversation sur l&#39;endroit o\u00f9 nous voulons aller et s&#39;ils veulent s&#39;\u00e9tendre, ou \u00e9videmment la fen\u00eatre de transfert ouvrira \u00e0 nouveau en janvier.<\/p>\n<p>\u00ab\u00a0\u00c9videmment, j&#39;ai quelque chose dans mon esprit sur ce que je veux faire et ce que je veux \u00eatre. Je ne veux pas le mettre \u00e0 tout le monde, mais c&#39;est un club incroyable pour jouer et que vous seriez idiot si vous vouliez en sauter d\u00e8s que vous le pourriez.\u00a0\u00bb<\/p>\n<\/p>\n<hr>\n<p>Suivez-nous sur bluesky: @ PeopleSerson.bsky.social<br \/><!--Article End--><\/p>\n<p><!-- CONTENT END 2 --><\/p><\/div>\n","protected":false},"excerpt":{"rendered":"<p>1 Manchester United a perdu Jonny Evans et Victor Lindelof en \u00e9t\u00e9, et il a \u00e9t\u00e9 rapport\u00e9 que Harry Maguire a \u00e9galement re\u00e7u plusieurs offres.<\/p>\n","protected":false},"author":1,"featured_media":27577,"comment_status":"closed","ping_status":"","sticky":false,"template":"","format":"standard","meta":{"footnotes":""},"categories":[3],"tags":[775,776,32,1436,4309,93,33,24,409,398,51,415,6110,154,103,2732,700,13],"yoast_head":"<!-- This site is optimized with the Yoast SEO plugin v21.0 - https:\/\/yoast.com\/wordpress\/plugins\/seo\/ -->\n<title>Harry Maguire r\u00e9v\u00e8le ses plans pour l&#039;avenir, s&#039;ouvre sur les int\u00e9r\u00eats du transfert cet \u00e9t\u00e9 - Man United News and Transfer News<\/title>\n<meta name=\"robots\" content=\"index, follow, max-snippet:-1, max-image-preview:large, max-video-preview:-1\" \/>\n<link rel=\"canonical\" href=\"https:\/\/footdavant.fr\/actualites\/harry-maguire-revele-ses-plans-pour-lavenir-souvre-sur-les-interets-du-transfert-cet-ete-man-united-news-and-transfer-news\/\" \/>\n<meta property=\"og:locale\" content=\"fr_FR\" \/>\n<meta property=\"og:type\" content=\"article\" \/>\n<meta property=\"og:title\" content=\"Harry Maguire r\u00e9v\u00e8le ses plans pour l&#039;avenir, s&#039;ouvre sur les int\u00e9r\u00eats du transfert cet \u00e9t\u00e9 - Man United News and Transfer News\" \/>\n<meta property=\"og:description\" content=\"1 Manchester United a perdu Jonny Evans et Victor Lindelof en \u00e9t\u00e9, et il a \u00e9t\u00e9 rapport\u00e9 que Harry Maguire a \u00e9galement re\u00e7u plusieurs offres.\" \/>\n<meta property=\"og:url\" content=\"https:\/\/footdavant.fr\/actualites\/harry-maguire-revele-ses-plans-pour-lavenir-souvre-sur-les-interets-du-transfert-cet-ete-man-united-news-and-transfer-news\/\" \/>\n<meta property=\"og:site_name\" content=\"Foot d&#039;avant\" \/>\n<meta property=\"article:publisher\" content=\"https:\/\/www.facebook.com\/Footdavant\/\" \/>\n<meta property=\"article:published_time\" content=\"2025-08-21T15:48:03+00:00\" \/>\n<meta property=\"article:modified_time\" content=\"2025-08-21T15:48:05+00:00\" \/>\n<meta property=\"og:image\" content=\"https:\/\/footdavant.fr\/actualites\/wp-content\/uploads\/2025\/08\/Harry-Maguire-revele-ses-plans-pour-l39avenir-s39ouvre-sur-les.jpg\" \/>\n\t<meta property=\"og:image:width\" content=\"1600\" \/>\n\t<meta property=\"og:image:height\" content=\"710\" \/>\n\t<meta property=\"og:image:type\" content=\"image\/jpeg\" \/>\n<meta name=\"author\" content=\"Cl\u00e9ment\" \/>\n<meta name=\"twitter:card\" content=\"summary_large_image\" \/>\n<meta name=\"twitter:creator\" content=\"@FootdavantFr\" \/>\n<meta name=\"twitter:site\" content=\"@FootdavantFr\" \/>\n<meta name=\"twitter:label1\" content=\"\u00c9crit par\" \/>\n\t<meta name=\"twitter:data1\" content=\"Cl\u00e9ment\" \/>\n\t<meta name=\"twitter:label2\" content=\"Dur\u00e9e de lecture estim\u00e9e\" \/>\n\t<meta name=\"twitter:data2\" content=\"4 minutes\" \/>\n<script type=\"application\/ld+json\" class=\"yoast-schema-graph\">{\"@context\":\"https:\/\/schema.org\",\"@graph\":[{\"@type\":\"Article\",\"@id\":\"https:\/\/footdavant.fr\/actualites\/harry-maguire-revele-ses-plans-pour-lavenir-souvre-sur-les-interets-du-transfert-cet-ete-man-united-news-and-transfer-news\/#article\",\"isPartOf\":{\"@id\":\"https:\/\/footdavant.fr\/actualites\/harry-maguire-revele-ses-plans-pour-lavenir-souvre-sur-les-interets-du-transfert-cet-ete-man-united-news-and-transfer-news\/\"},\"author\":{\"name\":\"Cl\u00e9ment\",\"@id\":\"https:\/\/footdavant.fr\/actualites\/#\/schema\/person\/bc222566d95871b37e597b3ed3ba5e1d\"},\"headline\":\"Harry Maguire r\u00e9v\u00e8le ses plans pour l&#39;avenir, s&#39;ouvre sur les int\u00e9r\u00eats du transfert cet \u00e9t\u00e9 &#8211; Man United News and Transfer News\",\"datePublished\":\"2025-08-21T15:48:03+00:00\",\"dateModified\":\"2025-08-21T15:48:05+00:00\",\"mainEntityOfPage\":{\"@id\":\"https:\/\/footdavant.fr\/actualites\/harry-maguire-revele-ses-plans-pour-lavenir-souvre-sur-les-interets-du-transfert-cet-ete-man-united-news-and-transfer-news\/\"},\"wordCount\":746,\"publisher\":{\"@id\":\"https:\/\/footdavant.fr\/actualites\/#organization\"},\"keywords\":[\"cet\",\"\u00e9t\u00e9\",\"Harry\",\"int\u00e9r\u00eats\",\"l39avenir\",\"les\",\"Maguire\",\"Man\",\"News\",\"plans\",\"pour\",\"r\u00e9v\u00e8le\",\"s39ouvre\",\"ses\",\"sur\",\"Transfer\",\"transfert\",\"United\"],\"articleSection\":[\"Football\"],\"inLanguage\":\"fr-FR\"},{\"@type\":\"WebPage\",\"@id\":\"https:\/\/footdavant.fr\/actualites\/harry-maguire-revele-ses-plans-pour-lavenir-souvre-sur-les-interets-du-transfert-cet-ete-man-united-news-and-transfer-news\/\",\"url\":\"https:\/\/footdavant.fr\/actualites\/harry-maguire-revele-ses-plans-pour-lavenir-souvre-sur-les-interets-du-transfert-cet-ete-man-united-news-and-transfer-news\/\",\"name\":\"Harry Maguire r\u00e9v\u00e8le ses plans pour l&#39;avenir, s&#39;ouvre sur les int\u00e9r\u00eats du transfert cet \u00e9t\u00e9 - Man United News and Transfer News\",\"isPartOf\":{\"@id\":\"https:\/\/footdavant.fr\/actualites\/#website\"},\"datePublished\":\"2025-08-21T15:48:03+00:00\",\"dateModified\":\"2025-08-21T15:48:05+00:00\",\"breadcrumb\":{\"@id\":\"https:\/\/footdavant.fr\/actualites\/harry-maguire-revele-ses-plans-pour-lavenir-souvre-sur-les-interets-du-transfert-cet-ete-man-united-news-and-transfer-news\/#breadcrumb\"},\"inLanguage\":\"fr-FR\",\"potentialAction\":[{\"@type\":\"ReadAction\",\"target\":[\"https:\/\/footdavant.fr\/actualites\/harry-maguire-revele-ses-plans-pour-lavenir-souvre-sur-les-interets-du-transfert-cet-ete-man-united-news-and-transfer-news\/\"]}]},{\"@type\":\"BreadcrumbList\",\"@id\":\"https:\/\/footdavant.fr\/actualites\/harry-maguire-revele-ses-plans-pour-lavenir-souvre-sur-les-interets-du-transfert-cet-ete-man-united-news-and-transfer-news\/#breadcrumb\",\"itemListElement\":[{\"@type\":\"ListItem\",\"position\":1,\"name\":\"Accueil\",\"item\":\"https:\/\/footdavant.fr\/actualites\/\"},{\"@type\":\"ListItem\",\"position\":2,\"name\":\"Harry Maguire r\u00e9v\u00e8le ses plans pour l&#39;avenir, s&#39;ouvre sur les int\u00e9r\u00eats du transfert cet \u00e9t\u00e9 &#8211; Man United News and Transfer News\"}]},{\"@type\":\"WebSite\",\"@id\":\"https:\/\/footdavant.fr\/actualites\/#website\",\"url\":\"https:\/\/footdavant.fr\/actualites\/\",\"name\":\"Foot d'avant\",\"description\":\"\",\"publisher\":{\"@id\":\"https:\/\/footdavant.fr\/actualites\/#organization\"},\"potentialAction\":[{\"@type\":\"SearchAction\",\"target\":{\"@type\":\"EntryPoint\",\"urlTemplate\":\"https:\/\/footdavant.fr\/actualites\/?s={search_term_string}\"},\"query-input\":\"required name=search_term_string\"}],\"inLanguage\":\"fr-FR\"},{\"@type\":\"Organization\",\"@id\":\"https:\/\/footdavant.fr\/actualites\/#organization\",\"name\":\"Foot d'avant\",\"url\":\"https:\/\/footdavant.fr\/actualites\/\",\"logo\":{\"@type\":\"ImageObject\",\"inLanguage\":\"fr-FR\",\"@id\":\"https:\/\/footdavant.fr\/actualites\/#\/schema\/logo\/image\/\",\"url\":\"https:\/\/footdavant.fr\/actualites\/wp-content\/uploads\/2023\/09\/Copy-of-FootDavant-Logo.png\",\"contentUrl\":\"https:\/\/footdavant.fr\/actualites\/wp-content\/uploads\/2023\/09\/Copy-of-FootDavant-Logo.png\",\"width\":936,\"height\":549,\"caption\":\"Foot d'avant\"},\"image\":{\"@id\":\"https:\/\/footdavant.fr\/actualites\/#\/schema\/logo\/image\/\"},\"sameAs\":[\"https:\/\/www.facebook.com\/Footdavant\/\",\"https:\/\/twitter.com\/FootdavantFr\",\"https:\/\/www.instagram.com\/footdavant.fr\/\"]},{\"@type\":\"Person\",\"@id\":\"https:\/\/footdavant.fr\/actualites\/#\/schema\/person\/bc222566d95871b37e597b3ed3ba5e1d\",\"name\":\"Cl\u00e9ment\",\"image\":{\"@type\":\"ImageObject\",\"inLanguage\":\"fr-FR\",\"@id\":\"https:\/\/footdavant.fr\/actualites\/#\/schema\/person\/image\/\",\"url\":\"https:\/\/secure.gravatar.com\/avatar\/7728b29aac2719421e1a9159b2254c44?s=96&d=mm&r=g\",\"contentUrl\":\"https:\/\/secure.gravatar.com\/avatar\/7728b29aac2719421e1a9159b2254c44?s=96&d=mm&r=g\",\"caption\":\"Cl\u00e9ment\"},\"sameAs\":[\"https:\/\/footdavant.fr\/\"]}]}<\/script>\n<!-- \/ Yoast SEO plugin. -->","yoast_head_json":{"title":"Harry Maguire r\u00e9v\u00e8le ses plans pour l&#39;avenir, s&#39;ouvre sur les int\u00e9r\u00eats du transfert cet \u00e9t\u00e9 - Man United News and Transfer News","robots":{"index":"index","follow":"follow","max-snippet":"max-snippet:-1","max-image-preview":"max-image-preview:large","max-video-preview":"max-video-preview:-1"},"canonical":"https:\/\/footdavant.fr\/actualites\/harry-maguire-revele-ses-plans-pour-lavenir-souvre-sur-les-interets-du-transfert-cet-ete-man-united-news-and-transfer-news\/","og_locale":"fr_FR","og_type":"article","og_title":"Harry Maguire r\u00e9v\u00e8le ses plans pour l&#39;avenir, s&#39;ouvre sur les int\u00e9r\u00eats du transfert cet \u00e9t\u00e9 - Man United News and Transfer News","og_description":"1 Manchester United a perdu Jonny Evans et Victor Lindelof en \u00e9t\u00e9, et il a \u00e9t\u00e9 rapport\u00e9 que Harry Maguire a \u00e9galement re\u00e7u plusieurs offres.","og_url":"https:\/\/footdavant.fr\/actualites\/harry-maguire-revele-ses-plans-pour-lavenir-souvre-sur-les-interets-du-transfert-cet-ete-man-united-news-and-transfer-news\/","og_site_name":"Foot d&#039;avant","article_publisher":"https:\/\/www.facebook.com\/Footdavant\/","article_published_time":"2025-08-21T15:48:03+00:00","article_modified_time":"2025-08-21T15:48:05+00:00","og_image":[{"width":1600,"height":710,"url":"https:\/\/footdavant.fr\/actualites\/wp-content\/uploads\/2025\/08\/Harry-Maguire-revele-ses-plans-pour-l39avenir-s39ouvre-sur-les.jpg","type":"image\/jpeg"}],"author":"Cl\u00e9ment","twitter_card":"summary_large_image","twitter_creator":"@FootdavantFr","twitter_site":"@FootdavantFr","twitter_misc":{"\u00c9crit par":"Cl\u00e9ment","Dur\u00e9e de lecture estim\u00e9e":"4 minutes"},"schema":{"@context":"https:\/\/schema.org","@graph":[{"@type":"Article","@id":"https:\/\/footdavant.fr\/actualites\/harry-maguire-revele-ses-plans-pour-lavenir-souvre-sur-les-interets-du-transfert-cet-ete-man-united-news-and-transfer-news\/#article","isPartOf":{"@id":"https:\/\/footdavant.fr\/actualites\/harry-maguire-revele-ses-plans-pour-lavenir-souvre-sur-les-interets-du-transfert-cet-ete-man-united-news-and-transfer-news\/"},"author":{"name":"Cl\u00e9ment","@id":"https:\/\/footdavant.fr\/actualites\/#\/schema\/person\/bc222566d95871b37e597b3ed3ba5e1d"},"headline":"Harry Maguire r\u00e9v\u00e8le ses plans pour l&#39;avenir, s&#39;ouvre sur les int\u00e9r\u00eats du transfert cet \u00e9t\u00e9 &#8211; Man United News and Transfer News","datePublished":"2025-08-21T15:48:03+00:00","dateModified":"2025-08-21T15:48:05+00:00","mainEntityOfPage":{"@id":"https:\/\/footdavant.fr\/actualites\/harry-maguire-revele-ses-plans-pour-lavenir-souvre-sur-les-interets-du-transfert-cet-ete-man-united-news-and-transfer-news\/"},"wordCount":746,"publisher":{"@id":"https:\/\/footdavant.fr\/actualites\/#organization"},"keywords":["cet","\u00e9t\u00e9","Harry","int\u00e9r\u00eats","l39avenir","les","Maguire","Man","News","plans","pour","r\u00e9v\u00e8le","s39ouvre","ses","sur","Transfer","transfert","United"],"articleSection":["Football"],"inLanguage":"fr-FR"},{"@type":"WebPage","@id":"https:\/\/footdavant.fr\/actualites\/harry-maguire-revele-ses-plans-pour-lavenir-souvre-sur-les-interets-du-transfert-cet-ete-man-united-news-and-transfer-news\/","url":"https:\/\/footdavant.fr\/actualites\/harry-maguire-revele-ses-plans-pour-lavenir-souvre-sur-les-interets-du-transfert-cet-ete-man-united-news-and-transfer-news\/","name":"Harry Maguire r\u00e9v\u00e8le ses plans pour l&#39;avenir, s&#39;ouvre sur les int\u00e9r\u00eats du transfert cet \u00e9t\u00e9 - Man United News and Transfer News","isPartOf":{"@id":"https:\/\/footdavant.fr\/actualites\/#website"},"datePublished":"2025-08-21T15:48:03+00:00","dateModified":"2025-08-21T15:48:05+00:00","breadcrumb":{"@id":"https:\/\/footdavant.fr\/actualites\/harry-maguire-revele-ses-plans-pour-lavenir-souvre-sur-les-interets-du-transfert-cet-ete-man-united-news-and-transfer-news\/#breadcrumb"},"inLanguage":"fr-FR","potentialAction":[{"@type":"ReadAction","target":["https:\/\/footdavant.fr\/actualites\/harry-maguire-revele-ses-plans-pour-lavenir-souvre-sur-les-interets-du-transfert-cet-ete-man-united-news-and-transfer-news\/"]}]},{"@type":"BreadcrumbList","@id":"https:\/\/footdavant.fr\/actualites\/harry-maguire-revele-ses-plans-pour-lavenir-souvre-sur-les-interets-du-transfert-cet-ete-man-united-news-and-transfer-news\/#breadcrumb","itemListElement":[{"@type":"ListItem","position":1,"name":"Accueil","item":"https:\/\/footdavant.fr\/actualites\/"},{"@type":"ListItem","position":2,"name":"Harry Maguire r\u00e9v\u00e8le ses plans pour l&#39;avenir, s&#39;ouvre sur les int\u00e9r\u00eats du transfert cet \u00e9t\u00e9 &#8211; Man United News and Transfer News"}]},{"@type":"WebSite","@id":"https:\/\/footdavant.fr\/actualites\/#website","url":"https:\/\/footdavant.fr\/actualites\/","name":"Foot d'avant","description":"","publisher":{"@id":"https:\/\/footdavant.fr\/actualites\/#organization"},"potentialAction":[{"@type":"SearchAction","target":{"@type":"EntryPoint","urlTemplate":"https:\/\/footdavant.fr\/actualites\/?s={search_term_string}"},"query-input":"required name=search_term_string"}],"inLanguage":"fr-FR"},{"@type":"Organization","@id":"https:\/\/footdavant.fr\/actualites\/#organization","name":"Foot d'avant","url":"https:\/\/footdavant.fr\/actualites\/","logo":{"@type":"ImageObject","inLanguage":"fr-FR","@id":"https:\/\/footdavant.fr\/actualites\/#\/schema\/logo\/image\/","url":"https:\/\/footdavant.fr\/actualites\/wp-content\/uploads\/2023\/09\/Copy-of-FootDavant-Logo.png","contentUrl":"https:\/\/footdavant.fr\/actualites\/wp-content\/uploads\/2023\/09\/Copy-of-FootDavant-Logo.png","width":936,"height":549,"caption":"Foot d'avant"},"image":{"@id":"https:\/\/footdavant.fr\/actualites\/#\/schema\/logo\/image\/"},"sameAs":["https:\/\/www.facebook.com\/Footdavant\/","https:\/\/twitter.com\/FootdavantFr","https:\/\/www.instagram.com\/footdavant.fr\/"]},{"@type":"Person","@id":"https:\/\/footdavant.fr\/actualites\/#\/schema\/person\/bc222566d95871b37e597b3ed3ba5e1d","name":"Cl\u00e9ment","image":{"@type":"ImageObject","inLanguage":"fr-FR","@id":"https:\/\/footdavant.fr\/actualites\/#\/schema\/person\/image\/","url":"https:\/\/secure.gravatar.com\/avatar\/7728b29aac2719421e1a9159b2254c44?s=96&d=mm&r=g","contentUrl":"https:\/\/secure.gravatar.com\/avatar\/7728b29aac2719421e1a9159b2254c44?s=96&d=mm&r=g","caption":"Cl\u00e9ment"},"sameAs":["https:\/\/footdavant.fr\/"]}]}},"_links":{"self":[{"href":"https:\/\/footdavant.fr\/actualites\/wp-json\/wp\/v2\/posts\/27576"}],"collection":[{"href":"https:\/\/footdavant.fr\/actualites\/wp-json\/wp\/v2\/posts"}],"about":[{"href":"https:\/\/footdavant.fr\/actualites\/wp-json\/wp\/v2\/types\/post"}],"author":[{"embeddable":true,"href":"https:\/\/footdavant.fr\/actualites\/wp-json\/wp\/v2\/users\/1"}],"replies":[{"embeddable":true,"href":"https:\/\/footdavant.fr\/actualites\/wp-json\/wp\/v2\/comments?post=27576"}],"version-history":[{"count":1,"href":"https:\/\/footdavant.fr\/actualites\/wp-json\/wp\/v2\/posts\/27576\/revisions"}],"predecessor-version":[{"id":27578,"href":"https:\/\/footdavant.fr\/actualites\/wp-json\/wp\/v2\/posts\/27576\/revisions\/27578"}],"wp:featuredmedia":[{"embeddable":true,"href":"https:\/\/footdavant.fr\/actualites\/wp-json\/wp\/v2\/media\/27577"}],"wp:attachment":[{"href":"https:\/\/footdavant.fr\/actualites\/wp-json\/wp\/v2\/media?parent=27576"}],"wp:term":[{"taxonomy":"category","embeddable":true,"href":"https:\/\/footdavant.fr\/actualites\/wp-json\/wp\/v2\/categories?post=27576"},{"taxonomy":"post_tag","embeddable":true,"href":"https:\/\/footdavant.fr\/actualites\/wp-json\/wp\/v2\/tags?post=27576"}],"curies":[{"name":"wp","href":"https:\/\/api.w.org\/{rel}","templated":true}]}}