{"id":27589,"date":"2025-08-22T03:48:10","date_gmt":"2025-08-22T01:48:10","guid":{"rendered":"https:\/\/footdavant.fr\/actualites\/ebelechi-eze-pourquoi-arsenal-ne-perdra-pas-le-sommeil-sur-le-transfert-de-tottenham-en-tant-que-accord-verbal-parvenu-avec-crystal-palace\/"},"modified":"2025-08-22T03:48:11","modified_gmt":"2025-08-22T01:48:11","slug":"ebelechi-eze-pourquoi-arsenal-ne-perdra-pas-le-sommeil-sur-le-transfert-de-tottenham-en-tant-que-accord-verbal-parvenu-avec-crystal-palace","status":"publish","type":"post","link":"https:\/\/footdavant.fr\/actualites\/ebelechi-eze-pourquoi-arsenal-ne-perdra-pas-le-sommeil-sur-le-transfert-de-tottenham-en-tant-que-accord-verbal-parvenu-avec-crystal-palace\/","title":{"rendered":"Ebelechi Eze: Pourquoi Arsenal ne perdra pas le sommeil sur le transfert de Tottenham en tant que \u00abaccord verbal\u00bb parvenu avec Crystal Palace"},"content":{"rendered":"<p>Un ancien vainqueur d&#39;Arsenal FA Cup dit exclusivement \u00e0 Sports Mole que les Gunners ne perdront pas le sommeil sur Ebelechi Eze signer pour Tottenham Hotspur, car ils auraient pu \u00e9liminer son \u00ab\u00a0meilleur attribut\u00a0\u00bb.<\/p>\n<div id=\"article_body\" itemprop=\"articleBody\">\n<h3 class=\"firstPara\"><\/h3>\n<p><strong class=\"autotag\">Arsenal ne devrait pas vivre pour regretter de ne pas avoir fait un jeu s\u00e9rieux pour <strong class=\"autotag\">Tottenham Hotspur li\u00e9 <strong class=\"autotag\">Ebelechi Eze gr\u00e2ce \u00e0 leurs options existantes dans le r\u00f4le cr\u00e9atif au milieu de terrain, un ancien vainqueur de Gunners en FA Cup.<\/p>\n<p>Mardi, il y aurait eu une perc\u00e9e majeure dans les pourparlers entre les Spurs et <strong class=\"autotag\">Crystal Palace sur un accord pour Eze, et les Lilywhites sont maintenant parvenus \u00e0 un accord verbal pour signer l&#39;international anglais de leurs rivaux de Londres.<\/p>\n<p>Les Spurs ont initialement recul\u00e9 Eze plus t\u00f4t dans l&#39;\u00e9t\u00e9, mais Arsenal n&#39;a pas formalis\u00e9 leur int\u00e9r\u00eat pour leur ancien produit acad\u00e9mique, et Tottenham a rapidement raviv\u00e9 leur poursuite apr\u00e8s avoir perdu James Maddison \u00e0 cause d&#39;une grave blessure du LCA et du fils Heung-Min au Los Angeles FC.<\/p>\n<p>Cependant, Arsenal a tous Martin Odegaard, <strong class=\"autotag\">Ethan Nwaneri &#8211; qui vient de signer un nouveau contrat \u00e0 long terme &#8211; et 15 ans <strong class=\"autotag\">Max Dowman, l&#39;une des stars de la pr\u00e9-saison, capable de tirer les cordes en position de milieu de terrain la plus avanc\u00e9e.<\/p>\n<p>En cons\u00e9quence, l&#39;ancien attaquant des Gunners <strong class=\"autotag\">Jermaine Pennant croit que m\u00eame si Eze aurait \u00e9t\u00e9 une signature brillante, il ne peut pas voir Arsenal perdre le sommeil face \u00e0 sa d\u00e9cision de rejoindre les Spurs, disant \u00e0 Sports Mole: \u00abJe pense que tout le monde aimerait avoir Ebelechi Eze.<\/p>\n<h2>Arsenal rapprocherait le \u00ab\u00a0meilleur attribut\u00a0\u00bb d&#39;Eze \u00e0 mesure que les bords de transfert de Tottenham se rapprocher<\/h2>\n<p class=\"imgI\">\n<p>\u00ab\u00a0C&#39;est un joueur de qualit\u00e9 absolue. Je pense qu&#39;il s&#39;int\u00e9grera dans l&#39;\u00e9quipe de quiconque. Alors, oui, bien s\u00fbr, vous diriez que vous auriez besoin de lui. Mais vous allez vous manquer? Probablement pas.<\/p>\n<p>\u00abParce que vous avez de jeunes talents absolument fantastiques qui sortent du banc avec Dowman et Nwaneri. Et si vous avez demand\u00e9 \u00e0 le r\u00e9cup\u00e9rer maintenant, \u00e0 qui prend la position?<\/p>\n<p>\u00abSa meilleure position est le num\u00e9ro 10, il ne joue pas vraiment \u00e0 gauche. Il peut faire, mais ensuite vous enlevez le meilleur attribut de quelqu&#39;un et le mettant \u00e0 gauche. Quel est l&#39;int\u00e9r\u00eat de cela? Pour tirer le meilleur parti de lui, vous le voulez au num\u00e9ro 10.<\/p>\n<p>\u00ab\u00a0Et pour le moment, c&#39;est Odegaard. C&#39;est agr\u00e9able de penser \u00e0 l&#39;attraper, mais je ne pense pas que vous avez vraiment besoin de lui.\u00a0\u00bb<\/p>\n<p>Eze quittera Palace apr\u00e8s avoir marqu\u00e9 40 buts et 28 passes d\u00e9cisives en 169 apparitions pour les Eagles dans toutes les comp\u00e9titions, et il a fait sa derni\u00e8re apparition pour le club lors du match nul 0-0 de dimanche avec Chelsea, o\u00f9 il avait un coup franc venimeux contreprovers\u00e9.<\/p>\n<h2>Eze pour rejoindre Spurs: Arsenal fera-t-il des signatures avant le transfert de transfert?<\/h2>\n<p class=\"imgI\"><img decoding=\"async\" alt=\"Rodrygo le 9 juillet 2025\" class=\"vanilla-lazyload article-image\" src=\"https:\/\/footdavant.fr\/actualites\/wp-content\/uploads\/2025\/08\/Real-Madrid-Transfer-News-Xabi-Alonso-explique-la-selection-de.jpg\"><\/p>\n<p>Bien que l&#39;admiration d&#39;Arsenal pour Eze soit bien document\u00e9e, la seule fa\u00e7on dont ils auraient pu retrouver leur starlette Hale End unique auraient \u00e9t\u00e9 via une vente importante, dont il n&#39;y a rien dans le pipeline.<\/p>\n<p>Jusqu&#39;\u00e0 pr\u00e9sent cet \u00e9t\u00e9, les Gunners n&#39;ont collect\u00e9 un peu plus de 10 millions de livres sterling, d\u00e9chargeant Nuno Tavares au Lazio pour un peu plus de 7,5 millions de livres sterling et vendant l&#39;ailier br\u00e9silien Marquinhos \u00e0 Cruzeiro dans un accord de 3 millions de livres sterling.<\/p>\n<p>Thomas Partey, Jorginho et Takehiro Tomiyasu sont partis sur des transferts gratuits, en attendant, mais d&#39;autres se dirigeront presque certainement ailleurs avant la fermeture de la fen\u00eatre, y compris la plupart de ceux qui ont \u00e9t\u00e9 exclus de l&#39;\u00e9quipe pour la victoire 1-0 de dimanche sur Manchester United.<\/p>\n<p>Fabio Vieira, Albert Sambi Lokonga, Reiss Nelson, Karl Hein, Oleksandr Zinchenko et Jakub Kiwior pourraient tous \u00eatre vendus pour apporter de l&#39;argent, mais il peut \u00eatre trop peu trop tard pour r\u00e9investir ces fonds dans de nouvelles signatures.<\/p>\n<p>Rodrygo du Real Madrid peut d\u00e9sormais \u00eatre consid\u00e9r\u00e9 comme le plus probable pour arriver, mais comme Noni Madueke a principalement jou\u00e9 de gauche \u00e0 gauche pendant ses premiers jours en tant que joueur d&#39;Arsenal, il est difficile d&#39;envisager \u00e9galement les artilleurs de la signature du Br\u00e9silien.<\/p>\n<p>Ce sentiment a fait \u00e9cho par l&#39;un des invincibles d&#39;Arsenal, qui a \u00e9galement d\u00e9clar\u00e9 \u00e0 Sports Mole qu&#39;il ne s&#39;attend pas \u00e0 ce qu&#39;Arsenal fasse plus de signatures cet \u00e9t\u00e9.<\/p>\n<p><em>Jermaine Pennant s&#39;adressait \u00e0 Sports Mole au nom des paris de football 7Bet.<\/em><\/p>\n<div class=\"author_box\">\n<div class=\"author_box_banner\"> <img decoding=\"async\" class=\"author_img\" src=\"https:\/\/footdavant.fr\/actualites\/wp-content\/uploads\/2025\/06\/1749127685_316_Equipe-de-la-Ligue-des-champions-du-tournoi-Lamine-Yamal.jpg\"><\/div>\n<\/div>\n<\/div>\n","protected":false},"excerpt":{"rendered":"<p>Un ancien vainqueur d&#39;Arsenal FA Cup dit exclusivement \u00e0 Sports Mole que les Gunners ne perdront pas le sommeil sur Ebelechi Eze signer pour Tottenham<\/p>\n","protected":false},"author":1,"featured_media":27590,"comment_status":"closed","ping_status":"","sticky":false,"template":"","format":"standard","meta":{"footnotes":""},"categories":[5],"tags":[277,67,91,1008,9098,5266,815,4581,71,4134,610,10286,103,1124,68,700,4900],"yoast_head":"<!-- This site is optimized with the Yoast SEO plugin v21.0 - https:\/\/yoast.com\/wordpress\/plugins\/seo\/ -->\n<title>Ebelechi Eze: Pourquoi Arsenal ne perdra pas le sommeil sur le transfert de Tottenham en tant que \u00abaccord verbal\u00bb parvenu avec Crystal Palace<\/title>\n<meta name=\"robots\" content=\"index, follow, max-snippet:-1, max-image-preview:large, max-video-preview:-1\" \/>\n<link rel=\"canonical\" href=\"https:\/\/footdavant.fr\/actualites\/ebelechi-eze-pourquoi-arsenal-ne-perdra-pas-le-sommeil-sur-le-transfert-de-tottenham-en-tant-que-accord-verbal-parvenu-avec-crystal-palace\/\" \/>\n<meta property=\"og:locale\" content=\"fr_FR\" \/>\n<meta property=\"og:type\" content=\"article\" \/>\n<meta property=\"og:title\" content=\"Ebelechi Eze: Pourquoi Arsenal ne perdra pas le sommeil sur le transfert de Tottenham en tant que \u00abaccord verbal\u00bb parvenu avec Crystal Palace\" \/>\n<meta property=\"og:description\" content=\"Un ancien vainqueur d&#039;Arsenal FA Cup dit exclusivement \u00e0 Sports Mole que les Gunners ne perdront pas le sommeil sur Ebelechi Eze signer pour Tottenham\" \/>\n<meta property=\"og:url\" content=\"https:\/\/footdavant.fr\/actualites\/ebelechi-eze-pourquoi-arsenal-ne-perdra-pas-le-sommeil-sur-le-transfert-de-tottenham-en-tant-que-accord-verbal-parvenu-avec-crystal-palace\/\" \/>\n<meta property=\"og:site_name\" content=\"Foot d&#039;avant\" \/>\n<meta property=\"article:publisher\" content=\"https:\/\/www.facebook.com\/Footdavant\/\" \/>\n<meta property=\"article:published_time\" content=\"2025-08-22T01:48:10+00:00\" \/>\n<meta property=\"article:modified_time\" content=\"2025-08-22T01:48:11+00:00\" \/>\n<meta property=\"og:image\" content=\"https:\/\/footdavant.fr\/actualites\/wp-content\/uploads\/2025\/08\/Ebelechi-Eze-Pourquoi-Arsenal-ne-perdra-pas-le-sommeil-sur.jpg\" \/>\n\t<meta property=\"og:image:width\" content=\"640\" \/>\n\t<meta property=\"og:image:height\" content=\"480\" \/>\n\t<meta property=\"og:image:type\" content=\"image\/jpeg\" \/>\n<meta name=\"author\" content=\"Cl\u00e9ment\" \/>\n<meta name=\"twitter:card\" content=\"summary_large_image\" \/>\n<meta name=\"twitter:creator\" content=\"@FootdavantFr\" \/>\n<meta name=\"twitter:site\" content=\"@FootdavantFr\" \/>\n<meta name=\"twitter:label1\" content=\"\u00c9crit par\" \/>\n\t<meta name=\"twitter:data1\" content=\"Cl\u00e9ment\" \/>\n\t<meta name=\"twitter:label2\" content=\"Dur\u00e9e de lecture estim\u00e9e\" \/>\n\t<meta name=\"twitter:data2\" content=\"4 minutes\" \/>\n<script type=\"application\/ld+json\" class=\"yoast-schema-graph\">{\"@context\":\"https:\/\/schema.org\",\"@graph\":[{\"@type\":\"Article\",\"@id\":\"https:\/\/footdavant.fr\/actualites\/ebelechi-eze-pourquoi-arsenal-ne-perdra-pas-le-sommeil-sur-le-transfert-de-tottenham-en-tant-que-accord-verbal-parvenu-avec-crystal-palace\/#article\",\"isPartOf\":{\"@id\":\"https:\/\/footdavant.fr\/actualites\/ebelechi-eze-pourquoi-arsenal-ne-perdra-pas-le-sommeil-sur-le-transfert-de-tottenham-en-tant-que-accord-verbal-parvenu-avec-crystal-palace\/\"},\"author\":{\"name\":\"Cl\u00e9ment\",\"@id\":\"https:\/\/footdavant.fr\/actualites\/#\/schema\/person\/bc222566d95871b37e597b3ed3ba5e1d\"},\"headline\":\"Ebelechi Eze: Pourquoi Arsenal ne perdra pas le sommeil sur le transfert de Tottenham en tant que \u00abaccord verbal\u00bb parvenu avec Crystal Palace\",\"datePublished\":\"2025-08-22T01:48:10+00:00\",\"dateModified\":\"2025-08-22T01:48:11+00:00\",\"mainEntityOfPage\":{\"@id\":\"https:\/\/footdavant.fr\/actualites\/ebelechi-eze-pourquoi-arsenal-ne-perdra-pas-le-sommeil-sur-le-transfert-de-tottenham-en-tant-que-accord-verbal-parvenu-avec-crystal-palace\/\"},\"wordCount\":803,\"publisher\":{\"@id\":\"https:\/\/footdavant.fr\/actualites\/#organization\"},\"keywords\":[\"accord\",\"Arsenal\",\"avec\",\"Crystal\",\"Ebelechi\",\"Eze\",\"Palace\",\"parvenu\",\"pas\",\"perdra\",\"Pourquoi\",\"sommeil\",\"sur\",\"tant\",\"Tottenham\",\"transfert\",\"verbal\"],\"articleSection\":[\"Premier League\"],\"inLanguage\":\"fr-FR\"},{\"@type\":\"WebPage\",\"@id\":\"https:\/\/footdavant.fr\/actualites\/ebelechi-eze-pourquoi-arsenal-ne-perdra-pas-le-sommeil-sur-le-transfert-de-tottenham-en-tant-que-accord-verbal-parvenu-avec-crystal-palace\/\",\"url\":\"https:\/\/footdavant.fr\/actualites\/ebelechi-eze-pourquoi-arsenal-ne-perdra-pas-le-sommeil-sur-le-transfert-de-tottenham-en-tant-que-accord-verbal-parvenu-avec-crystal-palace\/\",\"name\":\"Ebelechi Eze: Pourquoi Arsenal ne perdra pas le sommeil sur le transfert de Tottenham en tant que \u00abaccord verbal\u00bb parvenu avec Crystal Palace\",\"isPartOf\":{\"@id\":\"https:\/\/footdavant.fr\/actualites\/#website\"},\"datePublished\":\"2025-08-22T01:48:10+00:00\",\"dateModified\":\"2025-08-22T01:48:11+00:00\",\"breadcrumb\":{\"@id\":\"https:\/\/footdavant.fr\/actualites\/ebelechi-eze-pourquoi-arsenal-ne-perdra-pas-le-sommeil-sur-le-transfert-de-tottenham-en-tant-que-accord-verbal-parvenu-avec-crystal-palace\/#breadcrumb\"},\"inLanguage\":\"fr-FR\",\"potentialAction\":[{\"@type\":\"ReadAction\",\"target\":[\"https:\/\/footdavant.fr\/actualites\/ebelechi-eze-pourquoi-arsenal-ne-perdra-pas-le-sommeil-sur-le-transfert-de-tottenham-en-tant-que-accord-verbal-parvenu-avec-crystal-palace\/\"]}]},{\"@type\":\"BreadcrumbList\",\"@id\":\"https:\/\/footdavant.fr\/actualites\/ebelechi-eze-pourquoi-arsenal-ne-perdra-pas-le-sommeil-sur-le-transfert-de-tottenham-en-tant-que-accord-verbal-parvenu-avec-crystal-palace\/#breadcrumb\",\"itemListElement\":[{\"@type\":\"ListItem\",\"position\":1,\"name\":\"Accueil\",\"item\":\"https:\/\/footdavant.fr\/actualites\/\"},{\"@type\":\"ListItem\",\"position\":2,\"name\":\"Ebelechi Eze: Pourquoi Arsenal ne perdra pas le sommeil sur le transfert de Tottenham en tant que \u00abaccord verbal\u00bb parvenu avec Crystal Palace\"}]},{\"@type\":\"WebSite\",\"@id\":\"https:\/\/footdavant.fr\/actualites\/#website\",\"url\":\"https:\/\/footdavant.fr\/actualites\/\",\"name\":\"Foot d'avant\",\"description\":\"\",\"publisher\":{\"@id\":\"https:\/\/footdavant.fr\/actualites\/#organization\"},\"potentialAction\":[{\"@type\":\"SearchAction\",\"target\":{\"@type\":\"EntryPoint\",\"urlTemplate\":\"https:\/\/footdavant.fr\/actualites\/?s={search_term_string}\"},\"query-input\":\"required name=search_term_string\"}],\"inLanguage\":\"fr-FR\"},{\"@type\":\"Organization\",\"@id\":\"https:\/\/footdavant.fr\/actualites\/#organization\",\"name\":\"Foot d'avant\",\"url\":\"https:\/\/footdavant.fr\/actualites\/\",\"logo\":{\"@type\":\"ImageObject\",\"inLanguage\":\"fr-FR\",\"@id\":\"https:\/\/footdavant.fr\/actualites\/#\/schema\/logo\/image\/\",\"url\":\"https:\/\/footdavant.fr\/actualites\/wp-content\/uploads\/2023\/09\/Copy-of-FootDavant-Logo.png\",\"contentUrl\":\"https:\/\/footdavant.fr\/actualites\/wp-content\/uploads\/2023\/09\/Copy-of-FootDavant-Logo.png\",\"width\":936,\"height\":549,\"caption\":\"Foot d'avant\"},\"image\":{\"@id\":\"https:\/\/footdavant.fr\/actualites\/#\/schema\/logo\/image\/\"},\"sameAs\":[\"https:\/\/www.facebook.com\/Footdavant\/\",\"https:\/\/twitter.com\/FootdavantFr\",\"https:\/\/www.instagram.com\/footdavant.fr\/\"]},{\"@type\":\"Person\",\"@id\":\"https:\/\/footdavant.fr\/actualites\/#\/schema\/person\/bc222566d95871b37e597b3ed3ba5e1d\",\"name\":\"Cl\u00e9ment\",\"image\":{\"@type\":\"ImageObject\",\"inLanguage\":\"fr-FR\",\"@id\":\"https:\/\/footdavant.fr\/actualites\/#\/schema\/person\/image\/\",\"url\":\"https:\/\/secure.gravatar.com\/avatar\/7728b29aac2719421e1a9159b2254c44?s=96&d=mm&r=g\",\"contentUrl\":\"https:\/\/secure.gravatar.com\/avatar\/7728b29aac2719421e1a9159b2254c44?s=96&d=mm&r=g\",\"caption\":\"Cl\u00e9ment\"},\"sameAs\":[\"https:\/\/footdavant.fr\/\"]}]}<\/script>\n<!-- \/ Yoast SEO plugin. -->","yoast_head_json":{"title":"Ebelechi Eze: Pourquoi Arsenal ne perdra pas le sommeil sur le transfert de Tottenham en tant que \u00abaccord verbal\u00bb parvenu avec Crystal Palace","robots":{"index":"index","follow":"follow","max-snippet":"max-snippet:-1","max-image-preview":"max-image-preview:large","max-video-preview":"max-video-preview:-1"},"canonical":"https:\/\/footdavant.fr\/actualites\/ebelechi-eze-pourquoi-arsenal-ne-perdra-pas-le-sommeil-sur-le-transfert-de-tottenham-en-tant-que-accord-verbal-parvenu-avec-crystal-palace\/","og_locale":"fr_FR","og_type":"article","og_title":"Ebelechi Eze: Pourquoi Arsenal ne perdra pas le sommeil sur le transfert de Tottenham en tant que \u00abaccord verbal\u00bb parvenu avec Crystal Palace","og_description":"Un ancien vainqueur d&#39;Arsenal FA Cup dit exclusivement \u00e0 Sports Mole que les Gunners ne perdront pas le sommeil sur Ebelechi Eze signer pour Tottenham","og_url":"https:\/\/footdavant.fr\/actualites\/ebelechi-eze-pourquoi-arsenal-ne-perdra-pas-le-sommeil-sur-le-transfert-de-tottenham-en-tant-que-accord-verbal-parvenu-avec-crystal-palace\/","og_site_name":"Foot d&#039;avant","article_publisher":"https:\/\/www.facebook.com\/Footdavant\/","article_published_time":"2025-08-22T01:48:10+00:00","article_modified_time":"2025-08-22T01:48:11+00:00","og_image":[{"width":640,"height":480,"url":"https:\/\/footdavant.fr\/actualites\/wp-content\/uploads\/2025\/08\/Ebelechi-Eze-Pourquoi-Arsenal-ne-perdra-pas-le-sommeil-sur.jpg","type":"image\/jpeg"}],"author":"Cl\u00e9ment","twitter_card":"summary_large_image","twitter_creator":"@FootdavantFr","twitter_site":"@FootdavantFr","twitter_misc":{"\u00c9crit par":"Cl\u00e9ment","Dur\u00e9e de lecture estim\u00e9e":"4 minutes"},"schema":{"@context":"https:\/\/schema.org","@graph":[{"@type":"Article","@id":"https:\/\/footdavant.fr\/actualites\/ebelechi-eze-pourquoi-arsenal-ne-perdra-pas-le-sommeil-sur-le-transfert-de-tottenham-en-tant-que-accord-verbal-parvenu-avec-crystal-palace\/#article","isPartOf":{"@id":"https:\/\/footdavant.fr\/actualites\/ebelechi-eze-pourquoi-arsenal-ne-perdra-pas-le-sommeil-sur-le-transfert-de-tottenham-en-tant-que-accord-verbal-parvenu-avec-crystal-palace\/"},"author":{"name":"Cl\u00e9ment","@id":"https:\/\/footdavant.fr\/actualites\/#\/schema\/person\/bc222566d95871b37e597b3ed3ba5e1d"},"headline":"Ebelechi Eze: Pourquoi Arsenal ne perdra pas le sommeil sur le transfert de Tottenham en tant que \u00abaccord verbal\u00bb parvenu avec Crystal Palace","datePublished":"2025-08-22T01:48:10+00:00","dateModified":"2025-08-22T01:48:11+00:00","mainEntityOfPage":{"@id":"https:\/\/footdavant.fr\/actualites\/ebelechi-eze-pourquoi-arsenal-ne-perdra-pas-le-sommeil-sur-le-transfert-de-tottenham-en-tant-que-accord-verbal-parvenu-avec-crystal-palace\/"},"wordCount":803,"publisher":{"@id":"https:\/\/footdavant.fr\/actualites\/#organization"},"keywords":["accord","Arsenal","avec","Crystal","Ebelechi","Eze","Palace","parvenu","pas","perdra","Pourquoi","sommeil","sur","tant","Tottenham","transfert","verbal"],"articleSection":["Premier League"],"inLanguage":"fr-FR"},{"@type":"WebPage","@id":"https:\/\/footdavant.fr\/actualites\/ebelechi-eze-pourquoi-arsenal-ne-perdra-pas-le-sommeil-sur-le-transfert-de-tottenham-en-tant-que-accord-verbal-parvenu-avec-crystal-palace\/","url":"https:\/\/footdavant.fr\/actualites\/ebelechi-eze-pourquoi-arsenal-ne-perdra-pas-le-sommeil-sur-le-transfert-de-tottenham-en-tant-que-accord-verbal-parvenu-avec-crystal-palace\/","name":"Ebelechi Eze: Pourquoi Arsenal ne perdra pas le sommeil sur le transfert de Tottenham en tant que \u00abaccord verbal\u00bb parvenu avec Crystal Palace","isPartOf":{"@id":"https:\/\/footdavant.fr\/actualites\/#website"},"datePublished":"2025-08-22T01:48:10+00:00","dateModified":"2025-08-22T01:48:11+00:00","breadcrumb":{"@id":"https:\/\/footdavant.fr\/actualites\/ebelechi-eze-pourquoi-arsenal-ne-perdra-pas-le-sommeil-sur-le-transfert-de-tottenham-en-tant-que-accord-verbal-parvenu-avec-crystal-palace\/#breadcrumb"},"inLanguage":"fr-FR","potentialAction":[{"@type":"ReadAction","target":["https:\/\/footdavant.fr\/actualites\/ebelechi-eze-pourquoi-arsenal-ne-perdra-pas-le-sommeil-sur-le-transfert-de-tottenham-en-tant-que-accord-verbal-parvenu-avec-crystal-palace\/"]}]},{"@type":"BreadcrumbList","@id":"https:\/\/footdavant.fr\/actualites\/ebelechi-eze-pourquoi-arsenal-ne-perdra-pas-le-sommeil-sur-le-transfert-de-tottenham-en-tant-que-accord-verbal-parvenu-avec-crystal-palace\/#breadcrumb","itemListElement":[{"@type":"ListItem","position":1,"name":"Accueil","item":"https:\/\/footdavant.fr\/actualites\/"},{"@type":"ListItem","position":2,"name":"Ebelechi Eze: Pourquoi Arsenal ne perdra pas le sommeil sur le transfert de Tottenham en tant que \u00abaccord verbal\u00bb parvenu avec Crystal Palace"}]},{"@type":"WebSite","@id":"https:\/\/footdavant.fr\/actualites\/#website","url":"https:\/\/footdavant.fr\/actualites\/","name":"Foot d'avant","description":"","publisher":{"@id":"https:\/\/footdavant.fr\/actualites\/#organization"},"potentialAction":[{"@type":"SearchAction","target":{"@type":"EntryPoint","urlTemplate":"https:\/\/footdavant.fr\/actualites\/?s={search_term_string}"},"query-input":"required name=search_term_string"}],"inLanguage":"fr-FR"},{"@type":"Organization","@id":"https:\/\/footdavant.fr\/actualites\/#organization","name":"Foot d'avant","url":"https:\/\/footdavant.fr\/actualites\/","logo":{"@type":"ImageObject","inLanguage":"fr-FR","@id":"https:\/\/footdavant.fr\/actualites\/#\/schema\/logo\/image\/","url":"https:\/\/footdavant.fr\/actualites\/wp-content\/uploads\/2023\/09\/Copy-of-FootDavant-Logo.png","contentUrl":"https:\/\/footdavant.fr\/actualites\/wp-content\/uploads\/2023\/09\/Copy-of-FootDavant-Logo.png","width":936,"height":549,"caption":"Foot d'avant"},"image":{"@id":"https:\/\/footdavant.fr\/actualites\/#\/schema\/logo\/image\/"},"sameAs":["https:\/\/www.facebook.com\/Footdavant\/","https:\/\/twitter.com\/FootdavantFr","https:\/\/www.instagram.com\/footdavant.fr\/"]},{"@type":"Person","@id":"https:\/\/footdavant.fr\/actualites\/#\/schema\/person\/bc222566d95871b37e597b3ed3ba5e1d","name":"Cl\u00e9ment","image":{"@type":"ImageObject","inLanguage":"fr-FR","@id":"https:\/\/footdavant.fr\/actualites\/#\/schema\/person\/image\/","url":"https:\/\/secure.gravatar.com\/avatar\/7728b29aac2719421e1a9159b2254c44?s=96&d=mm&r=g","contentUrl":"https:\/\/secure.gravatar.com\/avatar\/7728b29aac2719421e1a9159b2254c44?s=96&d=mm&r=g","caption":"Cl\u00e9ment"},"sameAs":["https:\/\/footdavant.fr\/"]}]}},"_links":{"self":[{"href":"https:\/\/footdavant.fr\/actualites\/wp-json\/wp\/v2\/posts\/27589"}],"collection":[{"href":"https:\/\/footdavant.fr\/actualites\/wp-json\/wp\/v2\/posts"}],"about":[{"href":"https:\/\/footdavant.fr\/actualites\/wp-json\/wp\/v2\/types\/post"}],"author":[{"embeddable":true,"href":"https:\/\/footdavant.fr\/actualites\/wp-json\/wp\/v2\/users\/1"}],"replies":[{"embeddable":true,"href":"https:\/\/footdavant.fr\/actualites\/wp-json\/wp\/v2\/comments?post=27589"}],"version-history":[{"count":1,"href":"https:\/\/footdavant.fr\/actualites\/wp-json\/wp\/v2\/posts\/27589\/revisions"}],"predecessor-version":[{"id":27591,"href":"https:\/\/footdavant.fr\/actualites\/wp-json\/wp\/v2\/posts\/27589\/revisions\/27591"}],"wp:featuredmedia":[{"embeddable":true,"href":"https:\/\/footdavant.fr\/actualites\/wp-json\/wp\/v2\/media\/27590"}],"wp:attachment":[{"href":"https:\/\/footdavant.fr\/actualites\/wp-json\/wp\/v2\/media?parent=27589"}],"wp:term":[{"taxonomy":"category","embeddable":true,"href":"https:\/\/footdavant.fr\/actualites\/wp-json\/wp\/v2\/categories?post=27589"},{"taxonomy":"post_tag","embeddable":true,"href":"https:\/\/footdavant.fr\/actualites\/wp-json\/wp\/v2\/tags?post=27589"}],"curies":[{"name":"wp","href":"https:\/\/api.w.org\/{rel}","templated":true}]}}