{"id":27622,"date":"2025-08-23T01:48:01","date_gmt":"2025-08-22T23:48:01","guid":{"rendered":"https:\/\/footdavant.fr\/actualites\/ce-que-fabrizio-romano-a-entendu-parler-de-nicolas-jackson-pourrait-aider-isak-a-affaire\/"},"modified":"2025-08-23T01:48:09","modified_gmt":"2025-08-22T23:48:09","slug":"ce-que-fabrizio-romano-a-entendu-parler-de-nicolas-jackson-pourrait-aider-isak-a-affaire","status":"publish","type":"post","link":"https:\/\/footdavant.fr\/actualites\/ce-que-fabrizio-romano-a-entendu-parler-de-nicolas-jackson-pourrait-aider-isak-a-affaire\/","title":{"rendered":"Ce que Fabrizio Romano a entendu parler de Nicolas Jackson pourrait aider Isak \u00e0 affaire"},"content":{"rendered":"<div id=\"article-body\">\n<!-- Article Start --><\/p>\n<p>L&#39;attaquant de Chelsea ext\u00e9rieur a \u00e9t\u00e9 inclin\u00e9 pour une sortie d&#39;\u00e9t\u00e9, les Blues ayant \u00e9pingl\u00e9 leur m\u00e2t aux signatures d&#39;\u00e9t\u00e9 Liam Delap et Joao Pedro.<\/p>\n<p>Newcastle est parmi les parties signal\u00e9es qui suscitent toujours l&#39;int\u00e9r\u00eat pour le tueur \u00e0 gages s\u00e9n\u00e9galais.<\/p>\n<h2>Newcastle et Aston Villa sont en comp\u00e9tition pour Nicolas Jackson<\/h2>\n<figure class=\"wp-caption alignnone\"><picture><source type=\"image\/webp\" data- data-><\/source><\/picture><\/figure>\n<p>Romano a rapport\u00e9 que Jackson est \u00abgaranti\u00bb de quitter Stamford Bridge dans la fen\u00eatre actuelle.<\/p>\n<p>Il y a un int\u00e9r\u00eat distinct des g\u00e9ants europ\u00e9ens du Bayern Munich. Cependant, les Bavarois se retrouvent paralys\u00e9s par un nouvel engagement envers les arriv\u00e9es de pr\u00eats.<\/p>\n<p>Chelsea est cens\u00e9 vouloir recevoir des frais pour un accord permanent, ce qui devrait en faire une course de deux chevaux entre Villa et Newcastle pour la signature du joueur de 24 ans.<\/p>\n<p>Le journaliste italien a parl\u00e9 de X (anciennement Twitter).<\/p>\n<\/p>\n<blockquote class=\"twitter-lazy tweet-img lazyload\" data-width=\"500\" data-dnt=\"true\">\n<p lang=\"en\" dir=\"ltr\">La saga de Nicolas Jackson se r\u00e9chauffe alors qu&#39;il approche d&#39;une sortie de Chelsea\u2026 \ud83d\udc4b<\/p>\n<p>\ud83e\udd81 Aston Villa<br \/>\u26ab\ufe0f Newcastle<br \/>\ud83d\udd34 Bayern Munich<\/p>\n<p>Qui rejoindra-t-il? D\u00e9cision \u00e0 venir\u2026 \ud83d\udd1c<a rel=\"nofollow\" href=\"https:\/\/twitter.com\/gamdom?ref_src=twsrc%5Etfw\">@Gamdom<\/a> x <a rel=\"nofollow\" href=\"https:\/\/twitter.com\/FabrizioRomano?ref_src=twsrc%5Etfw\">@Fabrizioromano<\/a> <a rel=\"nofollow\" href=\"https:\/\/t.co\/HWKWnpB9ay\">pic.twitter.com\/hwkwnpb9ay<\/a><\/p>\n<p>&#8211; Gamdom Sport (@gamdomsport) <a rel=\"nofollow\" href=\"https:\/\/twitter.com\/gamdomsport\/status\/1958878919848788256?ref_src=twsrc%5Etfw\">22 ao\u00fbt 2025<\/a><\/p>\n<\/blockquote>\n<h2>Qu&#39;est-ce que cela signifie pour Liverpool et Alexander Isak Transfer?<\/h2>\n<p>Th\u00e9oriquement, c&#39;est une bonne nouvelle pour Arne Slot et l&#39;\u00e9quipe de recrutement de Liverpool.<\/p>\n<p>La chasse \u00e0 Alexander Isak se poursuivrait, les Merseysiders compris comme un Hellbent en remportant leur objectif num\u00e9ro un.<\/p>\n<p>En supposant que Newcastle peut battre Aston Villa \u00e0 la signature de Jackson &#8211; ce qui devrait \u00eatre une garantie presque \u00e9tant donn\u00e9 que les Magpies peuvent offrir au Striker Champions League Football &#8211; cela ouvrirait alors la voie \u00e0 l&#39;international su\u00e9doise de se d\u00e9placer vers Anfield.<\/p>\n<p>Bien s\u00fbr, il reste \u00e0 voir si cette \u00e9ventualit\u00e9 sera r\u00e9v\u00e9l\u00e9e, \u00e9tant donn\u00e9 que l&#39;\u00e9quipe d&#39;Eddie Howe refuse actuellement de respecter l&#39;\u00e9valuation de Brentford pour Yoane Wissa.<\/p>\n<h3>Combien Jackson co\u00fbtera-t-il \u00e0 Newcastle?<\/h3>\n<p>Le Daily Mail rapporte que Chelsea recherche jusqu&#39;\u00e0 60 millions de livres sterling pour Nicolas Jackson.<\/p>\n<p>\u00c9tant donn\u00e9 que les abeilles sont apr\u00e8s un chiffre similaire pour leur \u00e9toile restante en avant, il est tout \u00e0 fait possible que ce chiffre s&#39;av\u00e9rera \u00e9galement une pierre d&#39;achoppement pour Newcastle.<\/p>\n<p>Mais en fin de compte, si l&#39;argument des Magpies est que Liverpool rencontre leur propre \u00e9valuation lourde pour Alexander Isak (comprise comme 150 millions de livres sterling), alors ils sont s\u00fbrement pr\u00eats \u00e0 satisfaire la m\u00eame logique avec les nouveaux nouveaux?<\/p>\n<p><!-- Article End -->\t\t\t\t<\/div>\n<p><script async src=\"https:\/\/platform.twitter.com\/widgets.js\" charset=\"utf-8\"><\/script><\/p>\n","protected":false},"excerpt":{"rendered":"<p>L&#39;attaquant de Chelsea ext\u00e9rieur a \u00e9t\u00e9 inclin\u00e9 pour une sortie d&#39;\u00e9t\u00e9, les Blues ayant \u00e9pingl\u00e9 leur m\u00e2t aux signatures d&#39;\u00e9t\u00e9 Liam Delap et Joao Pedro.<\/p>\n","protected":false},"author":1,"featured_media":27623,"comment_status":"closed","ping_status":"","sticky":false,"template":"","format":"standard","meta":{"footnotes":""},"categories":[3],"tags":[1524,3126,1374,1113,42,363,1028,1375,269,1114],"yoast_head":"<!-- This site is optimized with the Yoast SEO plugin v21.0 - https:\/\/yoast.com\/wordpress\/plugins\/seo\/ -->\n<title>Ce que Fabrizio Romano a entendu parler de Nicolas Jackson pourrait aider Isak \u00e0 affaire<\/title>\n<meta name=\"robots\" content=\"index, follow, max-snippet:-1, max-image-preview:large, max-video-preview:-1\" \/>\n<link rel=\"canonical\" href=\"https:\/\/footdavant.fr\/actualites\/ce-que-fabrizio-romano-a-entendu-parler-de-nicolas-jackson-pourrait-aider-isak-a-affaire\/\" \/>\n<meta property=\"og:locale\" content=\"fr_FR\" \/>\n<meta property=\"og:type\" content=\"article\" \/>\n<meta property=\"og:title\" content=\"Ce que Fabrizio Romano a entendu parler de Nicolas Jackson pourrait aider Isak \u00e0 affaire\" \/>\n<meta property=\"og:description\" content=\"L&#039;attaquant de Chelsea ext\u00e9rieur a \u00e9t\u00e9 inclin\u00e9 pour une sortie d&#039;\u00e9t\u00e9, les Blues ayant \u00e9pingl\u00e9 leur m\u00e2t aux signatures d&#039;\u00e9t\u00e9 Liam Delap et Joao Pedro.\" \/>\n<meta property=\"og:url\" content=\"https:\/\/footdavant.fr\/actualites\/ce-que-fabrizio-romano-a-entendu-parler-de-nicolas-jackson-pourrait-aider-isak-a-affaire\/\" \/>\n<meta property=\"og:site_name\" content=\"Foot d&#039;avant\" \/>\n<meta property=\"article:publisher\" content=\"https:\/\/www.facebook.com\/Footdavant\/\" \/>\n<meta property=\"article:published_time\" content=\"2025-08-22T23:48:01+00:00\" \/>\n<meta property=\"article:modified_time\" content=\"2025-08-22T23:48:09+00:00\" \/>\n<meta property=\"og:image\" content=\"https:\/\/footdavant.fr\/actualites\/wp-content\/uploads\/2025\/08\/1755906484_Ce-que-Fabrizio-Romano-a-entendu-parler-de-Nicolas-Jackson.jpg\" \/>\n\t<meta property=\"og:image:width\" content=\"1200\" \/>\n\t<meta property=\"og:image:height\" content=\"675\" \/>\n\t<meta property=\"og:image:type\" content=\"image\/jpeg\" \/>\n<meta name=\"author\" content=\"Cl\u00e9ment\" \/>\n<meta name=\"twitter:card\" content=\"summary_large_image\" \/>\n<meta name=\"twitter:creator\" content=\"@FootdavantFr\" \/>\n<meta name=\"twitter:site\" content=\"@FootdavantFr\" \/>\n<meta name=\"twitter:label1\" content=\"\u00c9crit par\" \/>\n\t<meta name=\"twitter:data1\" content=\"Cl\u00e9ment\" \/>\n\t<meta name=\"twitter:label2\" content=\"Dur\u00e9e de lecture estim\u00e9e\" \/>\n\t<meta name=\"twitter:data2\" content=\"2 minutes\" \/>\n<script type=\"application\/ld+json\" class=\"yoast-schema-graph\">{\"@context\":\"https:\/\/schema.org\",\"@graph\":[{\"@type\":\"Article\",\"@id\":\"https:\/\/footdavant.fr\/actualites\/ce-que-fabrizio-romano-a-entendu-parler-de-nicolas-jackson-pourrait-aider-isak-a-affaire\/#article\",\"isPartOf\":{\"@id\":\"https:\/\/footdavant.fr\/actualites\/ce-que-fabrizio-romano-a-entendu-parler-de-nicolas-jackson-pourrait-aider-isak-a-affaire\/\"},\"author\":{\"name\":\"Cl\u00e9ment\",\"@id\":\"https:\/\/footdavant.fr\/actualites\/#\/schema\/person\/bc222566d95871b37e597b3ed3ba5e1d\"},\"headline\":\"Ce que Fabrizio Romano a entendu parler de Nicolas Jackson pourrait aider Isak \u00e0 affaire\",\"datePublished\":\"2025-08-22T23:48:01+00:00\",\"dateModified\":\"2025-08-22T23:48:09+00:00\",\"mainEntityOfPage\":{\"@id\":\"https:\/\/footdavant.fr\/actualites\/ce-que-fabrizio-romano-a-entendu-parler-de-nicolas-jackson-pourrait-aider-isak-a-affaire\/\"},\"wordCount\":434,\"publisher\":{\"@id\":\"https:\/\/footdavant.fr\/actualites\/#organization\"},\"keywords\":[\"affaire\",\"aider\",\"entendu\",\"Fabrizio\",\"Isak\",\"Jackson\",\"Nicolas\",\"parler\",\"pourrait\",\"Romano\"],\"articleSection\":[\"Football\"],\"inLanguage\":\"fr-FR\"},{\"@type\":\"WebPage\",\"@id\":\"https:\/\/footdavant.fr\/actualites\/ce-que-fabrizio-romano-a-entendu-parler-de-nicolas-jackson-pourrait-aider-isak-a-affaire\/\",\"url\":\"https:\/\/footdavant.fr\/actualites\/ce-que-fabrizio-romano-a-entendu-parler-de-nicolas-jackson-pourrait-aider-isak-a-affaire\/\",\"name\":\"Ce que Fabrizio Romano a entendu parler de Nicolas Jackson pourrait aider Isak \u00e0 affaire\",\"isPartOf\":{\"@id\":\"https:\/\/footdavant.fr\/actualites\/#website\"},\"datePublished\":\"2025-08-22T23:48:01+00:00\",\"dateModified\":\"2025-08-22T23:48:09+00:00\",\"breadcrumb\":{\"@id\":\"https:\/\/footdavant.fr\/actualites\/ce-que-fabrizio-romano-a-entendu-parler-de-nicolas-jackson-pourrait-aider-isak-a-affaire\/#breadcrumb\"},\"inLanguage\":\"fr-FR\",\"potentialAction\":[{\"@type\":\"ReadAction\",\"target\":[\"https:\/\/footdavant.fr\/actualites\/ce-que-fabrizio-romano-a-entendu-parler-de-nicolas-jackson-pourrait-aider-isak-a-affaire\/\"]}]},{\"@type\":\"BreadcrumbList\",\"@id\":\"https:\/\/footdavant.fr\/actualites\/ce-que-fabrizio-romano-a-entendu-parler-de-nicolas-jackson-pourrait-aider-isak-a-affaire\/#breadcrumb\",\"itemListElement\":[{\"@type\":\"ListItem\",\"position\":1,\"name\":\"Accueil\",\"item\":\"https:\/\/footdavant.fr\/actualites\/\"},{\"@type\":\"ListItem\",\"position\":2,\"name\":\"Ce que Fabrizio Romano a entendu parler de Nicolas Jackson pourrait aider Isak \u00e0 affaire\"}]},{\"@type\":\"WebSite\",\"@id\":\"https:\/\/footdavant.fr\/actualites\/#website\",\"url\":\"https:\/\/footdavant.fr\/actualites\/\",\"name\":\"Foot d'avant\",\"description\":\"\",\"publisher\":{\"@id\":\"https:\/\/footdavant.fr\/actualites\/#organization\"},\"potentialAction\":[{\"@type\":\"SearchAction\",\"target\":{\"@type\":\"EntryPoint\",\"urlTemplate\":\"https:\/\/footdavant.fr\/actualites\/?s={search_term_string}\"},\"query-input\":\"required name=search_term_string\"}],\"inLanguage\":\"fr-FR\"},{\"@type\":\"Organization\",\"@id\":\"https:\/\/footdavant.fr\/actualites\/#organization\",\"name\":\"Foot d'avant\",\"url\":\"https:\/\/footdavant.fr\/actualites\/\",\"logo\":{\"@type\":\"ImageObject\",\"inLanguage\":\"fr-FR\",\"@id\":\"https:\/\/footdavant.fr\/actualites\/#\/schema\/logo\/image\/\",\"url\":\"https:\/\/footdavant.fr\/actualites\/wp-content\/uploads\/2023\/09\/Copy-of-FootDavant-Logo.png\",\"contentUrl\":\"https:\/\/footdavant.fr\/actualites\/wp-content\/uploads\/2023\/09\/Copy-of-FootDavant-Logo.png\",\"width\":936,\"height\":549,\"caption\":\"Foot d'avant\"},\"image\":{\"@id\":\"https:\/\/footdavant.fr\/actualites\/#\/schema\/logo\/image\/\"},\"sameAs\":[\"https:\/\/www.facebook.com\/Footdavant\/\",\"https:\/\/twitter.com\/FootdavantFr\",\"https:\/\/www.instagram.com\/footdavant.fr\/\"]},{\"@type\":\"Person\",\"@id\":\"https:\/\/footdavant.fr\/actualites\/#\/schema\/person\/bc222566d95871b37e597b3ed3ba5e1d\",\"name\":\"Cl\u00e9ment\",\"image\":{\"@type\":\"ImageObject\",\"inLanguage\":\"fr-FR\",\"@id\":\"https:\/\/footdavant.fr\/actualites\/#\/schema\/person\/image\/\",\"url\":\"https:\/\/secure.gravatar.com\/avatar\/7728b29aac2719421e1a9159b2254c44?s=96&d=mm&r=g\",\"contentUrl\":\"https:\/\/secure.gravatar.com\/avatar\/7728b29aac2719421e1a9159b2254c44?s=96&d=mm&r=g\",\"caption\":\"Cl\u00e9ment\"},\"sameAs\":[\"https:\/\/footdavant.fr\/\"]}]}<\/script>\n<!-- \/ Yoast SEO plugin. -->","yoast_head_json":{"title":"Ce que Fabrizio Romano a entendu parler de Nicolas Jackson pourrait aider Isak \u00e0 affaire","robots":{"index":"index","follow":"follow","max-snippet":"max-snippet:-1","max-image-preview":"max-image-preview:large","max-video-preview":"max-video-preview:-1"},"canonical":"https:\/\/footdavant.fr\/actualites\/ce-que-fabrizio-romano-a-entendu-parler-de-nicolas-jackson-pourrait-aider-isak-a-affaire\/","og_locale":"fr_FR","og_type":"article","og_title":"Ce que Fabrizio Romano a entendu parler de Nicolas Jackson pourrait aider Isak \u00e0 affaire","og_description":"L&#39;attaquant de Chelsea ext\u00e9rieur a \u00e9t\u00e9 inclin\u00e9 pour une sortie d&#39;\u00e9t\u00e9, les Blues ayant \u00e9pingl\u00e9 leur m\u00e2t aux signatures d&#39;\u00e9t\u00e9 Liam Delap et Joao Pedro.","og_url":"https:\/\/footdavant.fr\/actualites\/ce-que-fabrizio-romano-a-entendu-parler-de-nicolas-jackson-pourrait-aider-isak-a-affaire\/","og_site_name":"Foot d&#039;avant","article_publisher":"https:\/\/www.facebook.com\/Footdavant\/","article_published_time":"2025-08-22T23:48:01+00:00","article_modified_time":"2025-08-22T23:48:09+00:00","og_image":[{"width":1200,"height":675,"url":"https:\/\/footdavant.fr\/actualites\/wp-content\/uploads\/2025\/08\/1755906484_Ce-que-Fabrizio-Romano-a-entendu-parler-de-Nicolas-Jackson.jpg","type":"image\/jpeg"}],"author":"Cl\u00e9ment","twitter_card":"summary_large_image","twitter_creator":"@FootdavantFr","twitter_site":"@FootdavantFr","twitter_misc":{"\u00c9crit par":"Cl\u00e9ment","Dur\u00e9e de lecture estim\u00e9e":"2 minutes"},"schema":{"@context":"https:\/\/schema.org","@graph":[{"@type":"Article","@id":"https:\/\/footdavant.fr\/actualites\/ce-que-fabrizio-romano-a-entendu-parler-de-nicolas-jackson-pourrait-aider-isak-a-affaire\/#article","isPartOf":{"@id":"https:\/\/footdavant.fr\/actualites\/ce-que-fabrizio-romano-a-entendu-parler-de-nicolas-jackson-pourrait-aider-isak-a-affaire\/"},"author":{"name":"Cl\u00e9ment","@id":"https:\/\/footdavant.fr\/actualites\/#\/schema\/person\/bc222566d95871b37e597b3ed3ba5e1d"},"headline":"Ce que Fabrizio Romano a entendu parler de Nicolas Jackson pourrait aider Isak \u00e0 affaire","datePublished":"2025-08-22T23:48:01+00:00","dateModified":"2025-08-22T23:48:09+00:00","mainEntityOfPage":{"@id":"https:\/\/footdavant.fr\/actualites\/ce-que-fabrizio-romano-a-entendu-parler-de-nicolas-jackson-pourrait-aider-isak-a-affaire\/"},"wordCount":434,"publisher":{"@id":"https:\/\/footdavant.fr\/actualites\/#organization"},"keywords":["affaire","aider","entendu","Fabrizio","Isak","Jackson","Nicolas","parler","pourrait","Romano"],"articleSection":["Football"],"inLanguage":"fr-FR"},{"@type":"WebPage","@id":"https:\/\/footdavant.fr\/actualites\/ce-que-fabrizio-romano-a-entendu-parler-de-nicolas-jackson-pourrait-aider-isak-a-affaire\/","url":"https:\/\/footdavant.fr\/actualites\/ce-que-fabrizio-romano-a-entendu-parler-de-nicolas-jackson-pourrait-aider-isak-a-affaire\/","name":"Ce que Fabrizio Romano a entendu parler de Nicolas Jackson pourrait aider Isak \u00e0 affaire","isPartOf":{"@id":"https:\/\/footdavant.fr\/actualites\/#website"},"datePublished":"2025-08-22T23:48:01+00:00","dateModified":"2025-08-22T23:48:09+00:00","breadcrumb":{"@id":"https:\/\/footdavant.fr\/actualites\/ce-que-fabrizio-romano-a-entendu-parler-de-nicolas-jackson-pourrait-aider-isak-a-affaire\/#breadcrumb"},"inLanguage":"fr-FR","potentialAction":[{"@type":"ReadAction","target":["https:\/\/footdavant.fr\/actualites\/ce-que-fabrizio-romano-a-entendu-parler-de-nicolas-jackson-pourrait-aider-isak-a-affaire\/"]}]},{"@type":"BreadcrumbList","@id":"https:\/\/footdavant.fr\/actualites\/ce-que-fabrizio-romano-a-entendu-parler-de-nicolas-jackson-pourrait-aider-isak-a-affaire\/#breadcrumb","itemListElement":[{"@type":"ListItem","position":1,"name":"Accueil","item":"https:\/\/footdavant.fr\/actualites\/"},{"@type":"ListItem","position":2,"name":"Ce que Fabrizio Romano a entendu parler de Nicolas Jackson pourrait aider Isak \u00e0 affaire"}]},{"@type":"WebSite","@id":"https:\/\/footdavant.fr\/actualites\/#website","url":"https:\/\/footdavant.fr\/actualites\/","name":"Foot d'avant","description":"","publisher":{"@id":"https:\/\/footdavant.fr\/actualites\/#organization"},"potentialAction":[{"@type":"SearchAction","target":{"@type":"EntryPoint","urlTemplate":"https:\/\/footdavant.fr\/actualites\/?s={search_term_string}"},"query-input":"required name=search_term_string"}],"inLanguage":"fr-FR"},{"@type":"Organization","@id":"https:\/\/footdavant.fr\/actualites\/#organization","name":"Foot d'avant","url":"https:\/\/footdavant.fr\/actualites\/","logo":{"@type":"ImageObject","inLanguage":"fr-FR","@id":"https:\/\/footdavant.fr\/actualites\/#\/schema\/logo\/image\/","url":"https:\/\/footdavant.fr\/actualites\/wp-content\/uploads\/2023\/09\/Copy-of-FootDavant-Logo.png","contentUrl":"https:\/\/footdavant.fr\/actualites\/wp-content\/uploads\/2023\/09\/Copy-of-FootDavant-Logo.png","width":936,"height":549,"caption":"Foot d'avant"},"image":{"@id":"https:\/\/footdavant.fr\/actualites\/#\/schema\/logo\/image\/"},"sameAs":["https:\/\/www.facebook.com\/Footdavant\/","https:\/\/twitter.com\/FootdavantFr","https:\/\/www.instagram.com\/footdavant.fr\/"]},{"@type":"Person","@id":"https:\/\/footdavant.fr\/actualites\/#\/schema\/person\/bc222566d95871b37e597b3ed3ba5e1d","name":"Cl\u00e9ment","image":{"@type":"ImageObject","inLanguage":"fr-FR","@id":"https:\/\/footdavant.fr\/actualites\/#\/schema\/person\/image\/","url":"https:\/\/secure.gravatar.com\/avatar\/7728b29aac2719421e1a9159b2254c44?s=96&d=mm&r=g","contentUrl":"https:\/\/secure.gravatar.com\/avatar\/7728b29aac2719421e1a9159b2254c44?s=96&d=mm&r=g","caption":"Cl\u00e9ment"},"sameAs":["https:\/\/footdavant.fr\/"]}]}},"_links":{"self":[{"href":"https:\/\/footdavant.fr\/actualites\/wp-json\/wp\/v2\/posts\/27622"}],"collection":[{"href":"https:\/\/footdavant.fr\/actualites\/wp-json\/wp\/v2\/posts"}],"about":[{"href":"https:\/\/footdavant.fr\/actualites\/wp-json\/wp\/v2\/types\/post"}],"author":[{"embeddable":true,"href":"https:\/\/footdavant.fr\/actualites\/wp-json\/wp\/v2\/users\/1"}],"replies":[{"embeddable":true,"href":"https:\/\/footdavant.fr\/actualites\/wp-json\/wp\/v2\/comments?post=27622"}],"version-history":[{"count":1,"href":"https:\/\/footdavant.fr\/actualites\/wp-json\/wp\/v2\/posts\/27622\/revisions"}],"predecessor-version":[{"id":27624,"href":"https:\/\/footdavant.fr\/actualites\/wp-json\/wp\/v2\/posts\/27622\/revisions\/27624"}],"wp:featuredmedia":[{"embeddable":true,"href":"https:\/\/footdavant.fr\/actualites\/wp-json\/wp\/v2\/media\/27623"}],"wp:attachment":[{"href":"https:\/\/footdavant.fr\/actualites\/wp-json\/wp\/v2\/media?parent=27622"}],"wp:term":[{"taxonomy":"category","embeddable":true,"href":"https:\/\/footdavant.fr\/actualites\/wp-json\/wp\/v2\/categories?post=27622"},{"taxonomy":"post_tag","embeddable":true,"href":"https:\/\/footdavant.fr\/actualites\/wp-json\/wp\/v2\/tags?post=27622"}],"curies":[{"name":"wp","href":"https:\/\/api.w.org\/{rel}","templated":true}]}}