{"id":27800,"date":"2025-08-27T17:48:06","date_gmt":"2025-08-27T15:48:06","guid":{"rendered":"https:\/\/footdavant.fr\/actualites\/kiwior-lie-a-porto-le-pret-de-berta-drive-dobligation\/"},"modified":"2025-08-27T17:48:08","modified_gmt":"2025-08-27T15:48:08","slug":"kiwior-lie-a-porto-le-pret-de-berta-drive-dobligation","status":"publish","type":"post","link":"https:\/\/footdavant.fr\/actualites\/kiwior-lie-a-porto-le-pret-de-berta-drive-dobligation\/","title":{"rendered":"Kiwior li\u00e9 \u00e0 Porto, le pr\u00eat de Berta + Drive d&#39;obligation"},"content":{"rendered":"<div>\n<p>Matin.<\/p>\n<p>Je sais qu&#39;il y a probablement un point de coupure en ce qui concerne le contenu Ebelechi Eze, mais je ne suis pas encore tout \u00e0 fait l\u00e0. La vid\u00e9o dans les coulisses de son premier jour a chut\u00e9 hier, et sa r\u00e9action \u00e0 voir la chemise rouge et blanche avec Eze 10 \u00e0 l&#39;arri\u00e8re est tout simplement parfaite.<\/p>\n<p><a href=\"https:\/\/www.youtube.com\/watch?v=RSEZSV3DCPK\">https:\/\/www.youtube.com\/watch?v=RSEZSV3DCPK<\/a><\/p>\n<p>J&#39;essaie juste d&#39;imaginer dimanche, une passe \u00e0 travers les lignes de Martin Zubimendi et il y a \u00abEze 10\u00bb juste \u00e0 l&#39;ext\u00e9rieur, la zone fant\u00f4me d&#39;o\u00f9 peu de joueurs d&#39;Arsenal ont jamais tir\u00e9. Cette fois cependant, cette fois, il laisse voler avec son pied droit, et de la m\u00eame mani\u00e8re que Robert Pires en a \u00e9t\u00e9 enroul\u00e9 de Robert Pires contre les Mugsmashers en 2003-2004, celui-ci est magnifiquement dans le filet pour assurer trois points aux Gunners.<\/p>\n<p>J&#39;imagine bien. Plus plus beau que moi anglais.<\/p>\n<p>Retour au \u00abmonde r\u00e9el\u00bb, et il semble que notre premier accord sortant de l&#39;\u00e9t\u00e9 verra Jakub Kiwior rejoindre Porto. Le rapport autour de lui indique que ce sera un accord avec une obligation, d&#39;une valeur d&#39;environ 26 millions d&#39;euros au total. J&#39;ai vu une discussion sur les frais et les suggestions, c&#39;est un peu faible, mais je n&#39;en suis pas s\u00fbr. S&#39;il allait dans un autre club de Premier League, je dirais que c&#39;est trop bas. Cependant, Kiwior ne veut apparemment pas aller dans un autre club anglais, que ce soit par \u00abloyaut\u00e9\u00bb \u00e0 Arsenal ou le d\u00e9sir de vivre dans un endroit nouveau que je ne sais pas, donc cela signifie que les options sont limit\u00e9es.<\/p>\n<p>Lorsque vous vendez au continent, et en particulier lorsque vous vendez un d\u00e9fenseur, cela aura un impact sur les frais. Lorsque le monde sait que vous essayez activement de vendre ce joueur afin que vous puissiez faire venir quelqu&#39;un d&#39;autre, cela jouera \u00e9galement un r\u00f4le. Selon, nous avons pay\u00e9 Spezia 19,5 millions d&#39;euros pour l&#39;international polonais en janvier 2022, donc il y a un b\u00e9n\u00e9fice dans cette offre, m\u00eame si ce n&#39;est pas spectaculaire.<\/p>\n<p>Je pense que c&#39;est un sens pour le joueur, avant tout. Il a connu une bonne course dans l&#39;\u00e9quipe \u00e0 la fin de la saison derni\u00e8re, en d\u00e9pla\u00e7ant bien apr\u00e8s que Gabriel s&#39;est bless\u00e9, mais tout au long de son s\u00e9jour \u00e0 Arsenal, il a essentiellement \u00e9t\u00e9 une option de secours. Il a d\u00e9montr\u00e9 avec ses affichages contre des gens comme le Real Madrid, etc., qu&#39;il \u00e9tait plus capable que cela, mais il a \u00e9galement \u00e9t\u00e9 clair de la pr\u00e9-saison que sa place dans l&#39;ordre hi\u00e9rarchique n&#39;a pas chang\u00e9. Riccardo Calafiori a commenc\u00e9 au demi-centre devant lui quand il \u00e9tait en forme, et maintenant que Gabriel est de retour, ses chances auraient \u00e9t\u00e9 encore plus limit\u00e9es.<\/p>\n<p>Donc, \u00e0 25 ans, pourquoi ne devrait-il pas aller jouer un football r\u00e9gulier de premi\u00e8re \u00e9quipe quelque part? Vous imaginez que la Pologne souhaite qu&#39;il le fasse aussi. Il est essentiellement un joueur de premier choix pour eux, donc cela profiterait \u00e0 l&#39;\u00e9quipe nationale s&#39;il obtenait des minutes semaine apr\u00e8s semaine. \u00c0 moins qu&#39;il y ait une complication de dernier recours, je m&#39;attendais \u00e0 ce que celui-ci passe bient\u00f4t et la bonne chance \u00e0 Jakub \u00e0 Porto.<\/p>\n<p>En parlant d&#39;obligation de pr\u00eat +, il y a une suggestion qui est le probl\u00e8me qu&#39;Andrea Berta essaie de faire avec Bayer Leverkusen pour Piero Hincapie. Je suppose que c&#39;est pour des raisons financi\u00e8res \/ comptables, mais la mani\u00e8re de plus en plus compliqu\u00e9e des clubs de football g\u00e8rent ses finances signifie que vous avez besoin de quelqu&#39;un comme Swiss Ramble pour comprendre comment tout fonctionne ces jours-ci. Je n&#39;ai pas de chiffres qui tournoient dans ma t\u00eate et me faisant du sens comme lui. Les chiffres se transforment en chiots qui cassent autour d&#39;un champ et je me tiens l\u00e0 avec un regard vacant sur mon visage sans rien comprendre alors que je lis des feuilles de calcul et des graphiques et des trucs. J&#39;aime les chiots plus que l&#39;amortissement, donc je vais bien. Je vais laisser les experts en randonn\u00e9e, et je vais hocher la t\u00eate \u00e0 la t\u00eate comme Emmanuel Eboue recevoir des instructions de l&#39;entra\u00eeneur nord-cor\u00e9en quand j&#39;ai lu.<\/p>\n<p>Arsenal Money Good. Plus plus riche que Croesus.<\/p>\n<p>Je pense que nous avons fait une affaire similaire lorsque nous avons sign\u00e9 David Raya de Brentford. C&#39;\u00e9tait un pr\u00eat + obligation parce que nous avions d\u00e9j\u00e0 d\u00e9pens\u00e9 beaucoup cet \u00e9t\u00e9 et cela signifiait que nous pouvions pousser le co\u00fbt de cette transaction \u00e0 l&#39;exercice suivant. Vous savez ce qu&#39;ils disent, un gardien de 30 millions de livres sterling ne se pr\u00e9sente pas chaque ann\u00e9e\u2026 \u00e0 moins qu&#39;Inaki Cana ne soit votre entra\u00eeneur de gardien parce que ce mec aime un gardien de but de 30 millions de livres sterling.<\/p>\n<p>C&#39;est ce qu&#39;ils disent. Je les ai entendus. D&#39;accord, je vais le laisser l\u00e0 pour aujourd&#39;hui. Il pleut ici pour la premi\u00e8re fois depuis des lustres, et je m&#39;en fiche du tout.<\/p>\n<p>Jusqu&#39;\u00e0 demain.<\/p>\n<\/div>\n<p><script async src=\"\/\/www.instagram.com\/embed.js\"><\/script><\/p>\n","protected":false},"excerpt":{"rendered":"<p>Matin. Je sais qu&#39;il y a probablement un point de coupure en ce qui concerne le contenu Ebelechi Eze, mais je ne suis pas encore<\/p>\n","protected":false},"author":1,"featured_media":27801,"comment_status":"closed","ping_status":"","sticky":false,"template":"","format":"standard","meta":{"footnotes":""},"categories":[3],"tags":[8405,10335,10334,1056,301,381,165],"yoast_head":"<!-- This site is optimized with the Yoast SEO plugin v21.0 - https:\/\/yoast.com\/wordpress\/plugins\/seo\/ -->\n<title>Kiwior li\u00e9 \u00e0 Porto, le pr\u00eat de Berta + Drive d&#039;obligation<\/title>\n<meta name=\"robots\" content=\"index, follow, max-snippet:-1, max-image-preview:large, max-video-preview:-1\" \/>\n<link rel=\"canonical\" href=\"https:\/\/footdavant.fr\/actualites\/kiwior-lie-a-porto-le-pret-de-berta-drive-dobligation\/\" \/>\n<meta property=\"og:locale\" content=\"fr_FR\" \/>\n<meta property=\"og:type\" content=\"article\" \/>\n<meta property=\"og:title\" content=\"Kiwior li\u00e9 \u00e0 Porto, le pr\u00eat de Berta + Drive d&#039;obligation\" \/>\n<meta property=\"og:description\" content=\"Matin. Je sais qu&#039;il y a probablement un point de coupure en ce qui concerne le contenu Ebelechi Eze, mais je ne suis pas encore\" \/>\n<meta property=\"og:url\" content=\"https:\/\/footdavant.fr\/actualites\/kiwior-lie-a-porto-le-pret-de-berta-drive-dobligation\/\" \/>\n<meta property=\"og:site_name\" content=\"Foot d&#039;avant\" \/>\n<meta property=\"article:publisher\" content=\"https:\/\/www.facebook.com\/Footdavant\/\" \/>\n<meta property=\"article:published_time\" content=\"2025-08-27T15:48:06+00:00\" \/>\n<meta property=\"article:modified_time\" content=\"2025-08-27T15:48:08+00:00\" \/>\n<meta property=\"og:image\" content=\"https:\/\/footdavant.fr\/actualites\/wp-content\/uploads\/2025\/08\/Kiwior-lie-a-Porto-le-pret-de-Berta-Drive.jpg\" \/>\n\t<meta property=\"og:image:width\" content=\"1500\" \/>\n\t<meta property=\"og:image:height\" content=\"750\" \/>\n\t<meta property=\"og:image:type\" content=\"image\/jpeg\" \/>\n<meta name=\"author\" content=\"Cl\u00e9ment\" \/>\n<meta name=\"twitter:card\" content=\"summary_large_image\" \/>\n<meta name=\"twitter:creator\" content=\"@FootdavantFr\" \/>\n<meta name=\"twitter:site\" content=\"@FootdavantFr\" \/>\n<meta name=\"twitter:label1\" content=\"\u00c9crit par\" \/>\n\t<meta name=\"twitter:data1\" content=\"Cl\u00e9ment\" \/>\n\t<meta name=\"twitter:label2\" content=\"Dur\u00e9e de lecture estim\u00e9e\" \/>\n\t<meta name=\"twitter:data2\" content=\"5 minutes\" \/>\n<script type=\"application\/ld+json\" class=\"yoast-schema-graph\">{\"@context\":\"https:\/\/schema.org\",\"@graph\":[{\"@type\":\"Article\",\"@id\":\"https:\/\/footdavant.fr\/actualites\/kiwior-lie-a-porto-le-pret-de-berta-drive-dobligation\/#article\",\"isPartOf\":{\"@id\":\"https:\/\/footdavant.fr\/actualites\/kiwior-lie-a-porto-le-pret-de-berta-drive-dobligation\/\"},\"author\":{\"name\":\"Cl\u00e9ment\",\"@id\":\"https:\/\/footdavant.fr\/actualites\/#\/schema\/person\/bc222566d95871b37e597b3ed3ba5e1d\"},\"headline\":\"Kiwior li\u00e9 \u00e0 Porto, le pr\u00eat de Berta + Drive d&#39;obligation\",\"datePublished\":\"2025-08-27T15:48:06+00:00\",\"dateModified\":\"2025-08-27T15:48:08+00:00\",\"mainEntityOfPage\":{\"@id\":\"https:\/\/footdavant.fr\/actualites\/kiwior-lie-a-porto-le-pret-de-berta-drive-dobligation\/\"},\"wordCount\":918,\"publisher\":{\"@id\":\"https:\/\/footdavant.fr\/actualites\/#organization\"},\"keywords\":[\"Berta\",\"d39obligation\",\"Drive\",\"Kiwior\",\"li\u00e9\",\"Porto\",\"pr\u00eat\"],\"articleSection\":[\"Football\"],\"inLanguage\":\"fr-FR\"},{\"@type\":\"WebPage\",\"@id\":\"https:\/\/footdavant.fr\/actualites\/kiwior-lie-a-porto-le-pret-de-berta-drive-dobligation\/\",\"url\":\"https:\/\/footdavant.fr\/actualites\/kiwior-lie-a-porto-le-pret-de-berta-drive-dobligation\/\",\"name\":\"Kiwior li\u00e9 \u00e0 Porto, le pr\u00eat de Berta + Drive d&#39;obligation\",\"isPartOf\":{\"@id\":\"https:\/\/footdavant.fr\/actualites\/#website\"},\"datePublished\":\"2025-08-27T15:48:06+00:00\",\"dateModified\":\"2025-08-27T15:48:08+00:00\",\"breadcrumb\":{\"@id\":\"https:\/\/footdavant.fr\/actualites\/kiwior-lie-a-porto-le-pret-de-berta-drive-dobligation\/#breadcrumb\"},\"inLanguage\":\"fr-FR\",\"potentialAction\":[{\"@type\":\"ReadAction\",\"target\":[\"https:\/\/footdavant.fr\/actualites\/kiwior-lie-a-porto-le-pret-de-berta-drive-dobligation\/\"]}]},{\"@type\":\"BreadcrumbList\",\"@id\":\"https:\/\/footdavant.fr\/actualites\/kiwior-lie-a-porto-le-pret-de-berta-drive-dobligation\/#breadcrumb\",\"itemListElement\":[{\"@type\":\"ListItem\",\"position\":1,\"name\":\"Accueil\",\"item\":\"https:\/\/footdavant.fr\/actualites\/\"},{\"@type\":\"ListItem\",\"position\":2,\"name\":\"Kiwior li\u00e9 \u00e0 Porto, le pr\u00eat de Berta + Drive d&#39;obligation\"}]},{\"@type\":\"WebSite\",\"@id\":\"https:\/\/footdavant.fr\/actualites\/#website\",\"url\":\"https:\/\/footdavant.fr\/actualites\/\",\"name\":\"Foot d'avant\",\"description\":\"\",\"publisher\":{\"@id\":\"https:\/\/footdavant.fr\/actualites\/#organization\"},\"potentialAction\":[{\"@type\":\"SearchAction\",\"target\":{\"@type\":\"EntryPoint\",\"urlTemplate\":\"https:\/\/footdavant.fr\/actualites\/?s={search_term_string}\"},\"query-input\":\"required name=search_term_string\"}],\"inLanguage\":\"fr-FR\"},{\"@type\":\"Organization\",\"@id\":\"https:\/\/footdavant.fr\/actualites\/#organization\",\"name\":\"Foot d'avant\",\"url\":\"https:\/\/footdavant.fr\/actualites\/\",\"logo\":{\"@type\":\"ImageObject\",\"inLanguage\":\"fr-FR\",\"@id\":\"https:\/\/footdavant.fr\/actualites\/#\/schema\/logo\/image\/\",\"url\":\"https:\/\/footdavant.fr\/actualites\/wp-content\/uploads\/2023\/09\/Copy-of-FootDavant-Logo.png\",\"contentUrl\":\"https:\/\/footdavant.fr\/actualites\/wp-content\/uploads\/2023\/09\/Copy-of-FootDavant-Logo.png\",\"width\":936,\"height\":549,\"caption\":\"Foot d'avant\"},\"image\":{\"@id\":\"https:\/\/footdavant.fr\/actualites\/#\/schema\/logo\/image\/\"},\"sameAs\":[\"https:\/\/www.facebook.com\/Footdavant\/\",\"https:\/\/twitter.com\/FootdavantFr\",\"https:\/\/www.instagram.com\/footdavant.fr\/\"]},{\"@type\":\"Person\",\"@id\":\"https:\/\/footdavant.fr\/actualites\/#\/schema\/person\/bc222566d95871b37e597b3ed3ba5e1d\",\"name\":\"Cl\u00e9ment\",\"image\":{\"@type\":\"ImageObject\",\"inLanguage\":\"fr-FR\",\"@id\":\"https:\/\/footdavant.fr\/actualites\/#\/schema\/person\/image\/\",\"url\":\"https:\/\/secure.gravatar.com\/avatar\/7728b29aac2719421e1a9159b2254c44?s=96&d=mm&r=g\",\"contentUrl\":\"https:\/\/secure.gravatar.com\/avatar\/7728b29aac2719421e1a9159b2254c44?s=96&d=mm&r=g\",\"caption\":\"Cl\u00e9ment\"},\"sameAs\":[\"https:\/\/footdavant.fr\/\"]}]}<\/script>\n<!-- \/ Yoast SEO plugin. -->","yoast_head_json":{"title":"Kiwior li\u00e9 \u00e0 Porto, le pr\u00eat de Berta + Drive d&#39;obligation","robots":{"index":"index","follow":"follow","max-snippet":"max-snippet:-1","max-image-preview":"max-image-preview:large","max-video-preview":"max-video-preview:-1"},"canonical":"https:\/\/footdavant.fr\/actualites\/kiwior-lie-a-porto-le-pret-de-berta-drive-dobligation\/","og_locale":"fr_FR","og_type":"article","og_title":"Kiwior li\u00e9 \u00e0 Porto, le pr\u00eat de Berta + Drive d&#39;obligation","og_description":"Matin. Je sais qu&#39;il y a probablement un point de coupure en ce qui concerne le contenu Ebelechi Eze, mais je ne suis pas encore","og_url":"https:\/\/footdavant.fr\/actualites\/kiwior-lie-a-porto-le-pret-de-berta-drive-dobligation\/","og_site_name":"Foot d&#039;avant","article_publisher":"https:\/\/www.facebook.com\/Footdavant\/","article_published_time":"2025-08-27T15:48:06+00:00","article_modified_time":"2025-08-27T15:48:08+00:00","og_image":[{"width":1500,"height":750,"url":"https:\/\/footdavant.fr\/actualites\/wp-content\/uploads\/2025\/08\/Kiwior-lie-a-Porto-le-pret-de-Berta-Drive.jpg","type":"image\/jpeg"}],"author":"Cl\u00e9ment","twitter_card":"summary_large_image","twitter_creator":"@FootdavantFr","twitter_site":"@FootdavantFr","twitter_misc":{"\u00c9crit par":"Cl\u00e9ment","Dur\u00e9e de lecture estim\u00e9e":"5 minutes"},"schema":{"@context":"https:\/\/schema.org","@graph":[{"@type":"Article","@id":"https:\/\/footdavant.fr\/actualites\/kiwior-lie-a-porto-le-pret-de-berta-drive-dobligation\/#article","isPartOf":{"@id":"https:\/\/footdavant.fr\/actualites\/kiwior-lie-a-porto-le-pret-de-berta-drive-dobligation\/"},"author":{"name":"Cl\u00e9ment","@id":"https:\/\/footdavant.fr\/actualites\/#\/schema\/person\/bc222566d95871b37e597b3ed3ba5e1d"},"headline":"Kiwior li\u00e9 \u00e0 Porto, le pr\u00eat de Berta + Drive d&#39;obligation","datePublished":"2025-08-27T15:48:06+00:00","dateModified":"2025-08-27T15:48:08+00:00","mainEntityOfPage":{"@id":"https:\/\/footdavant.fr\/actualites\/kiwior-lie-a-porto-le-pret-de-berta-drive-dobligation\/"},"wordCount":918,"publisher":{"@id":"https:\/\/footdavant.fr\/actualites\/#organization"},"keywords":["Berta","d39obligation","Drive","Kiwior","li\u00e9","Porto","pr\u00eat"],"articleSection":["Football"],"inLanguage":"fr-FR"},{"@type":"WebPage","@id":"https:\/\/footdavant.fr\/actualites\/kiwior-lie-a-porto-le-pret-de-berta-drive-dobligation\/","url":"https:\/\/footdavant.fr\/actualites\/kiwior-lie-a-porto-le-pret-de-berta-drive-dobligation\/","name":"Kiwior li\u00e9 \u00e0 Porto, le pr\u00eat de Berta + Drive d&#39;obligation","isPartOf":{"@id":"https:\/\/footdavant.fr\/actualites\/#website"},"datePublished":"2025-08-27T15:48:06+00:00","dateModified":"2025-08-27T15:48:08+00:00","breadcrumb":{"@id":"https:\/\/footdavant.fr\/actualites\/kiwior-lie-a-porto-le-pret-de-berta-drive-dobligation\/#breadcrumb"},"inLanguage":"fr-FR","potentialAction":[{"@type":"ReadAction","target":["https:\/\/footdavant.fr\/actualites\/kiwior-lie-a-porto-le-pret-de-berta-drive-dobligation\/"]}]},{"@type":"BreadcrumbList","@id":"https:\/\/footdavant.fr\/actualites\/kiwior-lie-a-porto-le-pret-de-berta-drive-dobligation\/#breadcrumb","itemListElement":[{"@type":"ListItem","position":1,"name":"Accueil","item":"https:\/\/footdavant.fr\/actualites\/"},{"@type":"ListItem","position":2,"name":"Kiwior li\u00e9 \u00e0 Porto, le pr\u00eat de Berta + Drive d&#39;obligation"}]},{"@type":"WebSite","@id":"https:\/\/footdavant.fr\/actualites\/#website","url":"https:\/\/footdavant.fr\/actualites\/","name":"Foot d'avant","description":"","publisher":{"@id":"https:\/\/footdavant.fr\/actualites\/#organization"},"potentialAction":[{"@type":"SearchAction","target":{"@type":"EntryPoint","urlTemplate":"https:\/\/footdavant.fr\/actualites\/?s={search_term_string}"},"query-input":"required name=search_term_string"}],"inLanguage":"fr-FR"},{"@type":"Organization","@id":"https:\/\/footdavant.fr\/actualites\/#organization","name":"Foot d'avant","url":"https:\/\/footdavant.fr\/actualites\/","logo":{"@type":"ImageObject","inLanguage":"fr-FR","@id":"https:\/\/footdavant.fr\/actualites\/#\/schema\/logo\/image\/","url":"https:\/\/footdavant.fr\/actualites\/wp-content\/uploads\/2023\/09\/Copy-of-FootDavant-Logo.png","contentUrl":"https:\/\/footdavant.fr\/actualites\/wp-content\/uploads\/2023\/09\/Copy-of-FootDavant-Logo.png","width":936,"height":549,"caption":"Foot d'avant"},"image":{"@id":"https:\/\/footdavant.fr\/actualites\/#\/schema\/logo\/image\/"},"sameAs":["https:\/\/www.facebook.com\/Footdavant\/","https:\/\/twitter.com\/FootdavantFr","https:\/\/www.instagram.com\/footdavant.fr\/"]},{"@type":"Person","@id":"https:\/\/footdavant.fr\/actualites\/#\/schema\/person\/bc222566d95871b37e597b3ed3ba5e1d","name":"Cl\u00e9ment","image":{"@type":"ImageObject","inLanguage":"fr-FR","@id":"https:\/\/footdavant.fr\/actualites\/#\/schema\/person\/image\/","url":"https:\/\/secure.gravatar.com\/avatar\/7728b29aac2719421e1a9159b2254c44?s=96&d=mm&r=g","contentUrl":"https:\/\/secure.gravatar.com\/avatar\/7728b29aac2719421e1a9159b2254c44?s=96&d=mm&r=g","caption":"Cl\u00e9ment"},"sameAs":["https:\/\/footdavant.fr\/"]}]}},"_links":{"self":[{"href":"https:\/\/footdavant.fr\/actualites\/wp-json\/wp\/v2\/posts\/27800"}],"collection":[{"href":"https:\/\/footdavant.fr\/actualites\/wp-json\/wp\/v2\/posts"}],"about":[{"href":"https:\/\/footdavant.fr\/actualites\/wp-json\/wp\/v2\/types\/post"}],"author":[{"embeddable":true,"href":"https:\/\/footdavant.fr\/actualites\/wp-json\/wp\/v2\/users\/1"}],"replies":[{"embeddable":true,"href":"https:\/\/footdavant.fr\/actualites\/wp-json\/wp\/v2\/comments?post=27800"}],"version-history":[{"count":1,"href":"https:\/\/footdavant.fr\/actualites\/wp-json\/wp\/v2\/posts\/27800\/revisions"}],"predecessor-version":[{"id":27802,"href":"https:\/\/footdavant.fr\/actualites\/wp-json\/wp\/v2\/posts\/27800\/revisions\/27802"}],"wp:featuredmedia":[{"embeddable":true,"href":"https:\/\/footdavant.fr\/actualites\/wp-json\/wp\/v2\/media\/27801"}],"wp:attachment":[{"href":"https:\/\/footdavant.fr\/actualites\/wp-json\/wp\/v2\/media?parent=27800"}],"wp:term":[{"taxonomy":"category","embeddable":true,"href":"https:\/\/footdavant.fr\/actualites\/wp-json\/wp\/v2\/categories?post=27800"},{"taxonomy":"post_tag","embeddable":true,"href":"https:\/\/footdavant.fr\/actualites\/wp-json\/wp\/v2\/tags?post=27800"}],"curies":[{"name":"wp","href":"https:\/\/api.w.org\/{rel}","templated":true}]}}