{"id":27803,"date":"2025-08-27T19:48:12","date_gmt":"2025-08-27T17:48:12","guid":{"rendered":"https:\/\/footdavant.fr\/actualites\/chelsea-prendrait-lappel-si-tottenham-hotspur-decidait-de-se-deplacer-pour-lattaquant-de-27-ans-o-cette-semaine\/"},"modified":"2025-08-27T19:48:13","modified_gmt":"2025-08-27T17:48:13","slug":"chelsea-prendrait-lappel-si-tottenham-hotspur-decidait-de-se-deplacer-pour-lattaquant-de-27-ans-o-cette-semaine","status":"publish","type":"post","link":"https:\/\/footdavant.fr\/actualites\/chelsea-prendrait-lappel-si-tottenham-hotspur-decidait-de-se-deplacer-pour-lattaquant-de-27-ans-o-cette-semaine\/","title":{"rendered":"Chelsea \u00abprendrait l&#39;appel\u00bb si Tottenham Hotspur d\u00e9cidait de se d\u00e9placer pour l&#39;attaquant de 27 ans \/ o cette semaine"},"content":{"rendered":"<p>Chelsea pourrait \u00eatre dispos\u00e9 \u00e0 vendre Christopher Nkunku \u00e0 Tottenham Hotspur s&#39;ils se d\u00e9placent vers la fin de la fen\u00eatre.<\/p>\n<div id=\"article_body\" itemprop=\"articleBody\">\n<h3 class=\"firstPara\"><\/h3>\n<p><strong class=\"autotag\">Tottenham Hotspur pourrait encore avoir une chance de signer <strong class=\"autotag\">Attaquant de Chelsea <strong class=\"autotag\">Christopher Nkunku s&#39;ils d\u00e9cident de faire une offre cette semaine, selon un rapport. <\/p>\n<p>Les Spurs sont d\u00e9sesp\u00e9r\u00e9s de renforcer leurs zones d&#39;attaque apr\u00e8s la blessure du LCA \u00e0 James Maddison, mais ils n&#39;ont pas r\u00e9ussi \u00e0 d\u00e9crocher certaines de leurs principales cibles.  <\/p>\n<p>Le club du nord de Londres \u00e9tait en pourparlers pour signer Ebelechi Eze, mais l&#39;international anglais a plut\u00f4t d\u00e9m\u00e9nag\u00e9 \u00e0 Arsenal. <\/p>\n<p>Les Spurs ont chang\u00e9 leur attention sur Nico Paz, mais <strong class=\"autotag\">Thomas Frank a de nouveau \u00e9t\u00e9 d\u00e9\u00e7u apr\u00e8s que le Como ait rejet\u00e9 une offre massive pour le joueur. <\/p>\n<p>Le d\u00e9fenseur de Bayer Leverkusen, Piero Hincapie, a \u00e9t\u00e9 consid\u00e9r\u00e9 comme une option, mais les Spurs pourraient affronter \u00e0 nouveau les rivaux du nord de Londres Arsenal dans la course pour le signer. <\/p>\n<h2>Chelsea pourrait d\u00e9tendre leur position de transfert <\/h2>\n<p class=\"imgI\">\n<p>Les Blues cherchent \u00e0 d\u00e9charger certains de leurs joueurs ind\u00e9sirables pour faire de la place pour de nouveaux ajouts, et Nkunku en fait partie. <\/p>\n<p>L&#39;attaquant fran\u00e7ais a \u00e9t\u00e9 exclu de l&#39;\u00e9quipe de match de Chelsea pour les deux premiers matchs, et il devrait quitter Stamford Bridge cet \u00e9t\u00e9, le Bayern Munich aurait \u00e9t\u00e9 d\u00e9sireux de ses services. <\/p>\n<p>Les Spurs auraient demand\u00e9 potentiellement amener Nkunku au nord de Londres, mais Chelsea a refus\u00e9 de faire des affaires avec leurs rivaux de Londres. <\/p>\n<p>Selon un rapport du <em>Courrier quotidien<\/em>alors que les Blues pr\u00e9f\u00e8rent ne pas vendre le joueur de 27 ans \u00e0 un rival direct, ils \u00abprendront un appel\u00bb si Tottenham faisait une offre officielle cette semaine. <\/p>\n<h2>Nkunku s&#39;est pr\u00e9par\u00e9 \u00e0 prendre une r\u00e9duction de salaire? <\/h2>\n<p class=\"imgI\"><img decoding=\"async\" alt=\"Christopher Nkunku de Chelsea c\u00e9l\u00e8bre le score contre Southampton le 4 d\u00e9cembre 2024\" class=\"vanilla-lazyload article-image\" src=\"https:\/\/footdavant.fr\/actualites\/wp-content\/uploads\/2025\/08\/Chelsea-prendrait-l39appel-si-Tottenham-Hotspur-decidait-de-se-deplacer.jpg\"><\/p>\n<p>Le Bayern n&#39;est dispos\u00e9 que de le signer en pr\u00eat, tandis que Chelsea veut d\u00e9charger d\u00e9finitivement l&#39;ancien ailier RB Leipzig, ce qui laisse les Spurs dans l&#39;espoir d&#39;atterrir l&#39;attaquant s&#39;ils sont vraiment int\u00e9ress\u00e9s. <\/p>\n<p>Selon un rapport du <em>T\u00e9l\u00e9graphe<\/em>le Fran\u00e7ais est pr\u00eat \u00e0 prendre une r\u00e9duction de salaire pour garantir le bon d\u00e9m\u00e9nagement, le club le valorisant \u00e0 environ 42 millions de livres sterling.<\/p>\n<p>NKUNKU a marqu\u00e9 15 buts et a fourni cinq passes d\u00e9cisives en 48 apparitions en comp\u00e9tition dernier, et il pourrait \u00eatre un ajout intelligent pour Tottenham.<\/p>\n<\/div>\n","protected":false},"excerpt":{"rendered":"<p>Chelsea pourrait \u00eatre dispos\u00e9 \u00e0 vendre Christopher Nkunku \u00e0 Tottenham Hotspur s&#39;ils se d\u00e9placent vers la fin de la fen\u00eatre. Tottenham Hotspur pourrait encore avoir<\/p>\n","protected":false},"author":1,"featured_media":25560,"comment_status":"closed","ping_status":"","sticky":false,"template":"","format":"standard","meta":{"footnotes":""},"categories":[5],"tags":[209,1222,171,10337,8202,69,5399,4304,51,10336,29,68],"yoast_head":"<!-- This site is optimized with the Yoast SEO plugin v21.0 - https:\/\/yoast.com\/wordpress\/plugins\/seo\/ -->\n<title>Chelsea \u00abprendrait l&#039;appel\u00bb si Tottenham Hotspur d\u00e9cidait de se d\u00e9placer pour l&#039;attaquant de 27 ans \/ o cette semaine<\/title>\n<meta name=\"robots\" content=\"index, follow, max-snippet:-1, max-image-preview:large, max-video-preview:-1\" \/>\n<link rel=\"canonical\" href=\"https:\/\/footdavant.fr\/actualites\/chelsea-prendrait-lappel-si-tottenham-hotspur-decidait-de-se-deplacer-pour-lattaquant-de-27-ans-o-cette-semaine\/\" \/>\n<meta property=\"og:locale\" content=\"fr_FR\" \/>\n<meta property=\"og:type\" content=\"article\" \/>\n<meta property=\"og:title\" content=\"Chelsea \u00abprendrait l&#039;appel\u00bb si Tottenham Hotspur d\u00e9cidait de se d\u00e9placer pour l&#039;attaquant de 27 ans \/ o cette semaine\" \/>\n<meta property=\"og:description\" content=\"Chelsea pourrait \u00eatre dispos\u00e9 \u00e0 vendre Christopher Nkunku \u00e0 Tottenham Hotspur s&#039;ils se d\u00e9placent vers la fin de la fen\u00eatre. Tottenham Hotspur pourrait encore avoir\" \/>\n<meta property=\"og:url\" content=\"https:\/\/footdavant.fr\/actualites\/chelsea-prendrait-lappel-si-tottenham-hotspur-decidait-de-se-deplacer-pour-lattaquant-de-27-ans-o-cette-semaine\/\" \/>\n<meta property=\"og:site_name\" content=\"Foot d&#039;avant\" \/>\n<meta property=\"article:publisher\" content=\"https:\/\/www.facebook.com\/Footdavant\/\" \/>\n<meta property=\"article:published_time\" content=\"2025-08-27T17:48:12+00:00\" \/>\n<meta property=\"article:modified_time\" content=\"2025-08-27T17:48:13+00:00\" \/>\n<meta property=\"og:image\" content=\"https:\/\/footdavant.fr\/actualites\/wp-content\/uploads\/2025\/06\/Chelsea-pret-a-vendre-dix-joueurs-apres-la-Coupe-du.jpg\" \/>\n\t<meta property=\"og:image:width\" content=\"640\" \/>\n\t<meta property=\"og:image:height\" content=\"480\" \/>\n\t<meta property=\"og:image:type\" content=\"image\/jpeg\" \/>\n<meta name=\"author\" content=\"Cl\u00e9ment\" \/>\n<meta name=\"twitter:card\" content=\"summary_large_image\" \/>\n<meta name=\"twitter:creator\" content=\"@FootdavantFr\" \/>\n<meta name=\"twitter:site\" content=\"@FootdavantFr\" \/>\n<meta name=\"twitter:label1\" content=\"\u00c9crit par\" \/>\n\t<meta name=\"twitter:data1\" content=\"Cl\u00e9ment\" \/>\n\t<meta name=\"twitter:label2\" content=\"Dur\u00e9e de lecture estim\u00e9e\" \/>\n\t<meta name=\"twitter:data2\" content=\"2 minutes\" \/>\n<script type=\"application\/ld+json\" class=\"yoast-schema-graph\">{\"@context\":\"https:\/\/schema.org\",\"@graph\":[{\"@type\":\"Article\",\"@id\":\"https:\/\/footdavant.fr\/actualites\/chelsea-prendrait-lappel-si-tottenham-hotspur-decidait-de-se-deplacer-pour-lattaquant-de-27-ans-o-cette-semaine\/#article\",\"isPartOf\":{\"@id\":\"https:\/\/footdavant.fr\/actualites\/chelsea-prendrait-lappel-si-tottenham-hotspur-decidait-de-se-deplacer-pour-lattaquant-de-27-ans-o-cette-semaine\/\"},\"author\":{\"name\":\"Cl\u00e9ment\",\"@id\":\"https:\/\/footdavant.fr\/actualites\/#\/schema\/person\/bc222566d95871b37e597b3ed3ba5e1d\"},\"headline\":\"Chelsea \u00abprendrait l&#39;appel\u00bb si Tottenham Hotspur d\u00e9cidait de se d\u00e9placer pour l&#39;attaquant de 27 ans \/ o cette semaine\",\"datePublished\":\"2025-08-27T17:48:12+00:00\",\"dateModified\":\"2025-08-27T17:48:13+00:00\",\"mainEntityOfPage\":{\"@id\":\"https:\/\/footdavant.fr\/actualites\/chelsea-prendrait-lappel-si-tottenham-hotspur-decidait-de-se-deplacer-pour-lattaquant-de-27-ans-o-cette-semaine\/\"},\"wordCount\":436,\"publisher\":{\"@id\":\"https:\/\/footdavant.fr\/actualites\/#organization\"},\"keywords\":[\"ans\",\"cette\",\"Chelsea\",\"d\u00e9cidait\",\"d\u00e9placer\",\"Hotspur\",\"l39appel\",\"l39attaquant\",\"pour\",\"prendrait\",\"semaine\",\"Tottenham\"],\"articleSection\":[\"Premier League\"],\"inLanguage\":\"fr-FR\"},{\"@type\":\"WebPage\",\"@id\":\"https:\/\/footdavant.fr\/actualites\/chelsea-prendrait-lappel-si-tottenham-hotspur-decidait-de-se-deplacer-pour-lattaquant-de-27-ans-o-cette-semaine\/\",\"url\":\"https:\/\/footdavant.fr\/actualites\/chelsea-prendrait-lappel-si-tottenham-hotspur-decidait-de-se-deplacer-pour-lattaquant-de-27-ans-o-cette-semaine\/\",\"name\":\"Chelsea \u00abprendrait l&#39;appel\u00bb si Tottenham Hotspur d\u00e9cidait de se d\u00e9placer pour l&#39;attaquant de 27 ans \/ o cette semaine\",\"isPartOf\":{\"@id\":\"https:\/\/footdavant.fr\/actualites\/#website\"},\"datePublished\":\"2025-08-27T17:48:12+00:00\",\"dateModified\":\"2025-08-27T17:48:13+00:00\",\"breadcrumb\":{\"@id\":\"https:\/\/footdavant.fr\/actualites\/chelsea-prendrait-lappel-si-tottenham-hotspur-decidait-de-se-deplacer-pour-lattaquant-de-27-ans-o-cette-semaine\/#breadcrumb\"},\"inLanguage\":\"fr-FR\",\"potentialAction\":[{\"@type\":\"ReadAction\",\"target\":[\"https:\/\/footdavant.fr\/actualites\/chelsea-prendrait-lappel-si-tottenham-hotspur-decidait-de-se-deplacer-pour-lattaquant-de-27-ans-o-cette-semaine\/\"]}]},{\"@type\":\"BreadcrumbList\",\"@id\":\"https:\/\/footdavant.fr\/actualites\/chelsea-prendrait-lappel-si-tottenham-hotspur-decidait-de-se-deplacer-pour-lattaquant-de-27-ans-o-cette-semaine\/#breadcrumb\",\"itemListElement\":[{\"@type\":\"ListItem\",\"position\":1,\"name\":\"Accueil\",\"item\":\"https:\/\/footdavant.fr\/actualites\/\"},{\"@type\":\"ListItem\",\"position\":2,\"name\":\"Chelsea \u00abprendrait l&#39;appel\u00bb si Tottenham Hotspur d\u00e9cidait de se d\u00e9placer pour l&#39;attaquant de 27 ans \/ o cette semaine\"}]},{\"@type\":\"WebSite\",\"@id\":\"https:\/\/footdavant.fr\/actualites\/#website\",\"url\":\"https:\/\/footdavant.fr\/actualites\/\",\"name\":\"Foot d'avant\",\"description\":\"\",\"publisher\":{\"@id\":\"https:\/\/footdavant.fr\/actualites\/#organization\"},\"potentialAction\":[{\"@type\":\"SearchAction\",\"target\":{\"@type\":\"EntryPoint\",\"urlTemplate\":\"https:\/\/footdavant.fr\/actualites\/?s={search_term_string}\"},\"query-input\":\"required name=search_term_string\"}],\"inLanguage\":\"fr-FR\"},{\"@type\":\"Organization\",\"@id\":\"https:\/\/footdavant.fr\/actualites\/#organization\",\"name\":\"Foot d'avant\",\"url\":\"https:\/\/footdavant.fr\/actualites\/\",\"logo\":{\"@type\":\"ImageObject\",\"inLanguage\":\"fr-FR\",\"@id\":\"https:\/\/footdavant.fr\/actualites\/#\/schema\/logo\/image\/\",\"url\":\"https:\/\/footdavant.fr\/actualites\/wp-content\/uploads\/2023\/09\/Copy-of-FootDavant-Logo.png\",\"contentUrl\":\"https:\/\/footdavant.fr\/actualites\/wp-content\/uploads\/2023\/09\/Copy-of-FootDavant-Logo.png\",\"width\":936,\"height\":549,\"caption\":\"Foot d'avant\"},\"image\":{\"@id\":\"https:\/\/footdavant.fr\/actualites\/#\/schema\/logo\/image\/\"},\"sameAs\":[\"https:\/\/www.facebook.com\/Footdavant\/\",\"https:\/\/twitter.com\/FootdavantFr\",\"https:\/\/www.instagram.com\/footdavant.fr\/\"]},{\"@type\":\"Person\",\"@id\":\"https:\/\/footdavant.fr\/actualites\/#\/schema\/person\/bc222566d95871b37e597b3ed3ba5e1d\",\"name\":\"Cl\u00e9ment\",\"image\":{\"@type\":\"ImageObject\",\"inLanguage\":\"fr-FR\",\"@id\":\"https:\/\/footdavant.fr\/actualites\/#\/schema\/person\/image\/\",\"url\":\"https:\/\/secure.gravatar.com\/avatar\/7728b29aac2719421e1a9159b2254c44?s=96&d=mm&r=g\",\"contentUrl\":\"https:\/\/secure.gravatar.com\/avatar\/7728b29aac2719421e1a9159b2254c44?s=96&d=mm&r=g\",\"caption\":\"Cl\u00e9ment\"},\"sameAs\":[\"https:\/\/footdavant.fr\/\"]}]}<\/script>\n<!-- \/ Yoast SEO plugin. -->","yoast_head_json":{"title":"Chelsea \u00abprendrait l&#39;appel\u00bb si Tottenham Hotspur d\u00e9cidait de se d\u00e9placer pour l&#39;attaquant de 27 ans \/ o cette semaine","robots":{"index":"index","follow":"follow","max-snippet":"max-snippet:-1","max-image-preview":"max-image-preview:large","max-video-preview":"max-video-preview:-1"},"canonical":"https:\/\/footdavant.fr\/actualites\/chelsea-prendrait-lappel-si-tottenham-hotspur-decidait-de-se-deplacer-pour-lattaquant-de-27-ans-o-cette-semaine\/","og_locale":"fr_FR","og_type":"article","og_title":"Chelsea \u00abprendrait l&#39;appel\u00bb si Tottenham Hotspur d\u00e9cidait de se d\u00e9placer pour l&#39;attaquant de 27 ans \/ o cette semaine","og_description":"Chelsea pourrait \u00eatre dispos\u00e9 \u00e0 vendre Christopher Nkunku \u00e0 Tottenham Hotspur s&#39;ils se d\u00e9placent vers la fin de la fen\u00eatre. Tottenham Hotspur pourrait encore avoir","og_url":"https:\/\/footdavant.fr\/actualites\/chelsea-prendrait-lappel-si-tottenham-hotspur-decidait-de-se-deplacer-pour-lattaquant-de-27-ans-o-cette-semaine\/","og_site_name":"Foot d&#039;avant","article_publisher":"https:\/\/www.facebook.com\/Footdavant\/","article_published_time":"2025-08-27T17:48:12+00:00","article_modified_time":"2025-08-27T17:48:13+00:00","og_image":[{"width":640,"height":480,"url":"https:\/\/footdavant.fr\/actualites\/wp-content\/uploads\/2025\/06\/Chelsea-pret-a-vendre-dix-joueurs-apres-la-Coupe-du.jpg","type":"image\/jpeg"}],"author":"Cl\u00e9ment","twitter_card":"summary_large_image","twitter_creator":"@FootdavantFr","twitter_site":"@FootdavantFr","twitter_misc":{"\u00c9crit par":"Cl\u00e9ment","Dur\u00e9e de lecture estim\u00e9e":"2 minutes"},"schema":{"@context":"https:\/\/schema.org","@graph":[{"@type":"Article","@id":"https:\/\/footdavant.fr\/actualites\/chelsea-prendrait-lappel-si-tottenham-hotspur-decidait-de-se-deplacer-pour-lattaquant-de-27-ans-o-cette-semaine\/#article","isPartOf":{"@id":"https:\/\/footdavant.fr\/actualites\/chelsea-prendrait-lappel-si-tottenham-hotspur-decidait-de-se-deplacer-pour-lattaquant-de-27-ans-o-cette-semaine\/"},"author":{"name":"Cl\u00e9ment","@id":"https:\/\/footdavant.fr\/actualites\/#\/schema\/person\/bc222566d95871b37e597b3ed3ba5e1d"},"headline":"Chelsea \u00abprendrait l&#39;appel\u00bb si Tottenham Hotspur d\u00e9cidait de se d\u00e9placer pour l&#39;attaquant de 27 ans \/ o cette semaine","datePublished":"2025-08-27T17:48:12+00:00","dateModified":"2025-08-27T17:48:13+00:00","mainEntityOfPage":{"@id":"https:\/\/footdavant.fr\/actualites\/chelsea-prendrait-lappel-si-tottenham-hotspur-decidait-de-se-deplacer-pour-lattaquant-de-27-ans-o-cette-semaine\/"},"wordCount":436,"publisher":{"@id":"https:\/\/footdavant.fr\/actualites\/#organization"},"keywords":["ans","cette","Chelsea","d\u00e9cidait","d\u00e9placer","Hotspur","l39appel","l39attaquant","pour","prendrait","semaine","Tottenham"],"articleSection":["Premier League"],"inLanguage":"fr-FR"},{"@type":"WebPage","@id":"https:\/\/footdavant.fr\/actualites\/chelsea-prendrait-lappel-si-tottenham-hotspur-decidait-de-se-deplacer-pour-lattaquant-de-27-ans-o-cette-semaine\/","url":"https:\/\/footdavant.fr\/actualites\/chelsea-prendrait-lappel-si-tottenham-hotspur-decidait-de-se-deplacer-pour-lattaquant-de-27-ans-o-cette-semaine\/","name":"Chelsea \u00abprendrait l&#39;appel\u00bb si Tottenham Hotspur d\u00e9cidait de se d\u00e9placer pour l&#39;attaquant de 27 ans \/ o cette semaine","isPartOf":{"@id":"https:\/\/footdavant.fr\/actualites\/#website"},"datePublished":"2025-08-27T17:48:12+00:00","dateModified":"2025-08-27T17:48:13+00:00","breadcrumb":{"@id":"https:\/\/footdavant.fr\/actualites\/chelsea-prendrait-lappel-si-tottenham-hotspur-decidait-de-se-deplacer-pour-lattaquant-de-27-ans-o-cette-semaine\/#breadcrumb"},"inLanguage":"fr-FR","potentialAction":[{"@type":"ReadAction","target":["https:\/\/footdavant.fr\/actualites\/chelsea-prendrait-lappel-si-tottenham-hotspur-decidait-de-se-deplacer-pour-lattaquant-de-27-ans-o-cette-semaine\/"]}]},{"@type":"BreadcrumbList","@id":"https:\/\/footdavant.fr\/actualites\/chelsea-prendrait-lappel-si-tottenham-hotspur-decidait-de-se-deplacer-pour-lattaquant-de-27-ans-o-cette-semaine\/#breadcrumb","itemListElement":[{"@type":"ListItem","position":1,"name":"Accueil","item":"https:\/\/footdavant.fr\/actualites\/"},{"@type":"ListItem","position":2,"name":"Chelsea \u00abprendrait l&#39;appel\u00bb si Tottenham Hotspur d\u00e9cidait de se d\u00e9placer pour l&#39;attaquant de 27 ans \/ o cette semaine"}]},{"@type":"WebSite","@id":"https:\/\/footdavant.fr\/actualites\/#website","url":"https:\/\/footdavant.fr\/actualites\/","name":"Foot d'avant","description":"","publisher":{"@id":"https:\/\/footdavant.fr\/actualites\/#organization"},"potentialAction":[{"@type":"SearchAction","target":{"@type":"EntryPoint","urlTemplate":"https:\/\/footdavant.fr\/actualites\/?s={search_term_string}"},"query-input":"required name=search_term_string"}],"inLanguage":"fr-FR"},{"@type":"Organization","@id":"https:\/\/footdavant.fr\/actualites\/#organization","name":"Foot d'avant","url":"https:\/\/footdavant.fr\/actualites\/","logo":{"@type":"ImageObject","inLanguage":"fr-FR","@id":"https:\/\/footdavant.fr\/actualites\/#\/schema\/logo\/image\/","url":"https:\/\/footdavant.fr\/actualites\/wp-content\/uploads\/2023\/09\/Copy-of-FootDavant-Logo.png","contentUrl":"https:\/\/footdavant.fr\/actualites\/wp-content\/uploads\/2023\/09\/Copy-of-FootDavant-Logo.png","width":936,"height":549,"caption":"Foot d'avant"},"image":{"@id":"https:\/\/footdavant.fr\/actualites\/#\/schema\/logo\/image\/"},"sameAs":["https:\/\/www.facebook.com\/Footdavant\/","https:\/\/twitter.com\/FootdavantFr","https:\/\/www.instagram.com\/footdavant.fr\/"]},{"@type":"Person","@id":"https:\/\/footdavant.fr\/actualites\/#\/schema\/person\/bc222566d95871b37e597b3ed3ba5e1d","name":"Cl\u00e9ment","image":{"@type":"ImageObject","inLanguage":"fr-FR","@id":"https:\/\/footdavant.fr\/actualites\/#\/schema\/person\/image\/","url":"https:\/\/secure.gravatar.com\/avatar\/7728b29aac2719421e1a9159b2254c44?s=96&d=mm&r=g","contentUrl":"https:\/\/secure.gravatar.com\/avatar\/7728b29aac2719421e1a9159b2254c44?s=96&d=mm&r=g","caption":"Cl\u00e9ment"},"sameAs":["https:\/\/footdavant.fr\/"]}]}},"_links":{"self":[{"href":"https:\/\/footdavant.fr\/actualites\/wp-json\/wp\/v2\/posts\/27803"}],"collection":[{"href":"https:\/\/footdavant.fr\/actualites\/wp-json\/wp\/v2\/posts"}],"about":[{"href":"https:\/\/footdavant.fr\/actualites\/wp-json\/wp\/v2\/types\/post"}],"author":[{"embeddable":true,"href":"https:\/\/footdavant.fr\/actualites\/wp-json\/wp\/v2\/users\/1"}],"replies":[{"embeddable":true,"href":"https:\/\/footdavant.fr\/actualites\/wp-json\/wp\/v2\/comments?post=27803"}],"version-history":[{"count":1,"href":"https:\/\/footdavant.fr\/actualites\/wp-json\/wp\/v2\/posts\/27803\/revisions"}],"predecessor-version":[{"id":27804,"href":"https:\/\/footdavant.fr\/actualites\/wp-json\/wp\/v2\/posts\/27803\/revisions\/27804"}],"wp:featuredmedia":[{"embeddable":true,"href":"https:\/\/footdavant.fr\/actualites\/wp-json\/wp\/v2\/media\/25560"}],"wp:attachment":[{"href":"https:\/\/footdavant.fr\/actualites\/wp-json\/wp\/v2\/media?parent=27803"}],"wp:term":[{"taxonomy":"category","embeddable":true,"href":"https:\/\/footdavant.fr\/actualites\/wp-json\/wp\/v2\/categories?post=27803"},{"taxonomy":"post_tag","embeddable":true,"href":"https:\/\/footdavant.fr\/actualites\/wp-json\/wp\/v2\/tags?post=27803"}],"curies":[{"name":"wp","href":"https:\/\/api.w.org\/{rel}","templated":true}]}}