{"id":27825,"date":"2025-08-28T10:48:02","date_gmt":"2025-08-28T08:48:02","guid":{"rendered":"https:\/\/footdavant.fr\/actualites\/apercu-qarabag-fk-vs-ferencvaros-prediction-nouvelles-dequipe-alignements\/"},"modified":"2025-08-28T10:48:03","modified_gmt":"2025-08-28T08:48:03","slug":"apercu-qarabag-fk-vs-ferencvaros-prediction-nouvelles-dequipe-alignements","status":"publish","type":"post","link":"https:\/\/footdavant.fr\/actualites\/apercu-qarabag-fk-vs-ferencvaros-prediction-nouvelles-dequipe-alignements\/","title":{"rendered":"Aper\u00e7u: Qarabag FK vs Ferencvaros &#8211; Pr\u00e9diction, nouvelles d&#39;\u00e9quipe, alignements"},"content":{"rendered":"<p>Sports Mole pr\u00e9visualise le conflit de la Ligue des champions de mercredi entre Qarabag FK et Ferencvaros, y compris les pr\u00e9dictions, les nouvelles de l&#39;\u00e9quipe et les alignements possibles.<\/p>\n<div id=\"article_body\" itemprop=\"articleBody\">\n<p>H\u00f4tes <strong class=\"autotag\">Qarabag FK se qualifiera pour le <strong class=\"autotag\">Phase de la Ligue des champions si elles conservent leur avance de 3-1 contre <strong class=\"autotag\">Ferencvaros mercredi au Tofiq Bahramov Republican Stadium.<\/p>\n<p>L&#39;\u00e9quipe locale a triomph\u00e9 le 19 ao\u00fbt malgr\u00e9 le suivi initial de 1-0 apr\u00e8s 29 minutes, mais trois buts en deuxi\u00e8me mi-temps ont mis les visiteurs hongrois au bord de l&#39;\u00e9limination de la sc\u00e8ne de qualification finale.<\/p>\n<p><\/p>\n<h2>Aper\u00e7u de correspondance<\/h2>\n<p>Qarabag n&#39;a produit qu&#39;un seul coup ouvert de l&#39;int\u00e9rieur de la bo\u00eete en premi\u00e8re mi-temps lors de la premi\u00e8re \u00e9tape, et ils n&#39;ont g\u00e9n\u00e9r\u00e9 que deux coups de feu \u00e0 l&#39;int\u00e9rieur de la surface de p\u00e9nalit\u00e9 en seconde p\u00e9riode, avec Musa Gurbanly et Marko Jankovic marquant \u00e0 distance.<\/p>\n<p>Les h\u00f4tes azerba\u00efdjanais ont commenc\u00e9 leur saison de ligue le 22 ao\u00fbt, perdant 1-0 contre Sumqayit, bien que ce ne soit que la premi\u00e8re fois en 16 sorties comp\u00e9titives qu&#39;ils n&#39;avaient pas marqu\u00e9.<\/p>\n<p>Atlilar a \u00e9t\u00e9 \u00e9limin\u00e9 lors des cycles de qualification de la Ligue des champions en 2024-25 au deuxi\u00e8me tour, et ils ont plut\u00f4t particip\u00e9 \u00e0 la phase de la ligue de la Ligue Europa avant d&#39;\u00eatre \u00e9limin\u00e9s en huiti\u00e8mes de finale.<\/p>\n<p>Directeur <strong class=\"autotag\">Qurban Qurbanov avait supervis\u00e9 cinq victoires ce mandat avant leur d\u00e9faite dans la ligue, tous ces victoires venant lors de leurs \u00e9liminatoires de la Ligue des champions, et ils ont gard\u00e9 trois feuilles propres \u00e0 cette \u00e9poque.<\/p>\n<p>La d\u00e9faite des h\u00f4tes contre Sumqayit \u00e9tait \u00e9galement la premi\u00e8re fois lors de leurs trois matchs \u00e0 domicile de 2025-2026 qu&#39;ils n&#39;ont pas gagn\u00e9, mais ils ont triomph\u00e9 lors de leurs sept derni\u00e8res sorties au stade r\u00e9publicain de Tofiq Bahramov en 2024-25.<\/p>\n<p class=\"imgI\">\n<p>Les ferencvaros n&#39;ont pas \u00e9t\u00e9 tracas <strong class=\"autotag\">Robbie Keane.<\/p>\n<p>L&#39;\u00e9quipe de Keane a remport\u00e9 deux buts ou plus \u00e0 deux reprises lors de leurs quatre derniers matches, notamment en battant Ludogorets 3-0 lors du deuxi\u00e8me \u00e9tage du match nul de la Ligue des champions le 12 ao\u00fbt.<\/p>\n<p>Les visiteurs avaient affront\u00e9 Qarabag trois fois avant d&#39;\u00eatre vaincus lors du match aller, bien qu&#39;ils aient \u00e9t\u00e9 sans victoire dans ces matchs, se contentant des impassements \u00e0 deux reprises.<\/p>\n<p>Fradi est quatri\u00e8me de leur ligue avec sept points apr\u00e8s quatre matchs de match, et ils se rendent au stade r\u00e9publicain de Tofiq Bahramov apr\u00e8s avoir perdu leurs deux derniers matchs dans toutes les comp\u00e9titions, mais ils ont remport\u00e9 cinq et ont tir\u00e9 deux de leurs sept sorties pr\u00e9c\u00e9dentes.<\/p>\n<p>Le record \u00e0 l&#39;ext\u00e9rieur de Ferencvaros est excellent \u00e9tant donn\u00e9 qu&#39;ils sont invaincus dans leurs 11 matchs les plus r\u00e9cents sur la route &#8211; ils ont triomph\u00e9 huit fois &#8211; mais ils n&#39;ont remport\u00e9 que deux matchs par deux buts ou plus.<\/p>\n<p class=\"bM8\">Formulaire de Ligue des champions Qarabag FK:<\/p>\n<p class=\"bM8\">Formulaire Qarabag FK (toutes les comp\u00e9titions):<\/p>\n<p class=\"bM8\">Formulaire Ferencvaros Champions League:<\/p>\n<p class=\"bM8\">Formulaire Ferencvaros (toutes les comp\u00e9titions):<\/p>\n<p><\/p>\n<h2>Nouvelles de l&#39;\u00e9quipe<\/h2>\n<p class=\"imgI\">\n<p>Qarabag est s\u00fbr de nommer un XI similaire \u00e0 celui qui a remport\u00e9 le match aller, avec <strong class=\"autotag\">Bahlul Mustafazada et <strong class=\"autotag\">Kevin Medina s&#39;est tenue pour conserver sa place au milieu d&#39;un dos quatre.<\/p>\n<p><strong class=\"autotag\">Pedro Bicalho et Marko Jankovic ont aid\u00e9 \u00e0 soutenir l&#39;attaque du milieu de terrain Kady Borges dans leur victoire \u00e0 la premi\u00e8re \u00e9tape, et le trio doit \u00eatre \u00e0 leur meilleur mercredi.<\/p>\n<p>Malgr\u00e9 son jeu \u00e0 la suite d&#39;une blessure, l&#39;attaquant Nariman Akhundzade \u00e9tait suffisamment en forme pour \u00eatre sur le banc contre Sumqayit, et il est certain d&#39;\u00eatre risqu\u00e9 \u00e0 la deuxi\u00e8me \u00e9tape.<\/p>\n<p>Ferencvaros devra \u00e9viter de jouer de mani\u00e8re imprudente s&#39;ils sont \u00e0 progresser, ils sont donc susceptibles de s&#39;aligner avec des attaquants r\u00e9guliers <strong class=\"autotag\">Barnabas Varga et <strong class=\"autotag\">Lenny Joseph avant de faire venir des joueurs plus offensifs en seconde p\u00e9riode.<\/p>\n<p>Les visiteurs peuvent commencer un milieu de terrain trois compos\u00e9 de <strong class=\"autotag\">Alex Toth, <strong class=\"autotag\">Bence otvos et <strong class=\"autotag\">Gabi Kanichowsky, et le trio pourrait jouer devant les d\u00e9fenseurs <strong class=\"autotag\">Gabor Szalai, <strong class=\"autotag\">Toon raemaekers et <strong class=\"autotag\">Stefan Gartenmann.<\/p>\n<p>Qarabag fk<\/p>\n<p>Kochalski; Silva, Mustafazada, Medina, CafarQuliyev; Bicalho, Jankovic; Andrade, Borges, Zoubir; Akhundzade<\/p>\n<p>Ferencvaros POSSIBLE DE D\u00c9MARRAGE:<\/p>\n<p>Dibusz; Gartenmann, Raemaekers, Szalai; Makreckis, Toth, Otvos, Kanichowsky, O&#39;Dowda; Varga, Joseph<\/p>\n<p class=\"sm_center\">\n<h2 class=\"sm_center\">Nous disons: Qarabag FK 1-1 Ferencvaros (Qarabag FK gagne 4-2 sur agr\u00e9gat)<\/h2>\n<p> <\/p>\n<p>\u00c9tant donn\u00e9 que Qarabag a le luxe d&#39;un avantage de deux buts, ils peuvent se permettre de d\u00e9fendre profond\u00e9ment et de s&#39;appuyer sur des contre-attaques.<\/p>\n<p>Alors que Ferencvaros poss\u00e8de un excellent record \u00e0 l&#39;ext\u00e9rieur, la forme des h\u00f4tes cette saison a \u00e9t\u00e9 exceptionnelle, et ils devraient progresser.<\/p>\n<p>Pour l&#39;analyse des donn\u00e9es des r\u00e9sultats les plus probables, les scores et plus encore pour cette correspondance, veuillez cliquer ici.<\/p>\n<p><\/p>\n<div class=\"author_box\">\n<div class=\"author_box_banner\"> <\/div>\n<\/div>\n<h2>Aper\u00e7u par e-mail<\/h2>\n<div>Cliquez ici pour recevoir les e-mails quotidiens de Sports Mole des aper\u00e7us et des pr\u00e9dictions pour chaque jeu majeur!<\/div>\n<p><\/div>\n","protected":false},"excerpt":{"rendered":"<p>Sports Mole pr\u00e9visualise le conflit de la Ligue des champions de mercredi entre Qarabag FK et Ferencvaros, y compris les pr\u00e9dictions, les nouvelles de l&#39;\u00e9quipe<\/p>\n","protected":false},"author":1,"featured_media":27826,"comment_status":"closed","ping_status":"","sticky":false,"template":"","format":"standard","meta":{"footnotes":""},"categories":[4],"tags":[7750,284,4628,5859,461,3917,5878],"yoast_head":"<!-- This site is optimized with the Yoast SEO plugin v21.0 - https:\/\/yoast.com\/wordpress\/plugins\/seo\/ -->\n<title>Aper\u00e7u: Qarabag FK vs Ferencvaros - Pr\u00e9diction, nouvelles d&#039;\u00e9quipe, alignements<\/title>\n<meta name=\"robots\" content=\"index, follow, max-snippet:-1, max-image-preview:large, max-video-preview:-1\" \/>\n<link rel=\"canonical\" href=\"https:\/\/footdavant.fr\/actualites\/apercu-qarabag-fk-vs-ferencvaros-prediction-nouvelles-dequipe-alignements\/\" \/>\n<meta property=\"og:locale\" content=\"fr_FR\" \/>\n<meta property=\"og:type\" content=\"article\" \/>\n<meta property=\"og:title\" content=\"Aper\u00e7u: Qarabag FK vs Ferencvaros - Pr\u00e9diction, nouvelles d&#039;\u00e9quipe, alignements\" \/>\n<meta property=\"og:description\" content=\"Sports Mole pr\u00e9visualise le conflit de la Ligue des champions de mercredi entre Qarabag FK et Ferencvaros, y compris les pr\u00e9dictions, les nouvelles de l&#039;\u00e9quipe\" \/>\n<meta property=\"og:url\" content=\"https:\/\/footdavant.fr\/actualites\/apercu-qarabag-fk-vs-ferencvaros-prediction-nouvelles-dequipe-alignements\/\" \/>\n<meta property=\"og:site_name\" content=\"Foot d&#039;avant\" \/>\n<meta property=\"article:publisher\" content=\"https:\/\/www.facebook.com\/Footdavant\/\" \/>\n<meta property=\"article:published_time\" content=\"2025-08-28T08:48:02+00:00\" \/>\n<meta property=\"article:modified_time\" content=\"2025-08-28T08:48:03+00:00\" \/>\n<meta property=\"og:image\" content=\"https:\/\/footdavant.fr\/actualites\/wp-content\/uploads\/2025\/08\/Apercu-Qarabag-FK-vs-Ferencvaros-Prediction-nouvelles-d39equipe-alignements.jpg\" \/>\n\t<meta property=\"og:image:width\" content=\"640\" \/>\n\t<meta property=\"og:image:height\" content=\"480\" \/>\n\t<meta property=\"og:image:type\" content=\"image\/jpeg\" \/>\n<meta name=\"author\" content=\"Cl\u00e9ment\" \/>\n<meta name=\"twitter:card\" content=\"summary_large_image\" \/>\n<meta name=\"twitter:creator\" content=\"@FootdavantFr\" \/>\n<meta name=\"twitter:site\" content=\"@FootdavantFr\" \/>\n<meta name=\"twitter:label1\" content=\"\u00c9crit par\" \/>\n\t<meta name=\"twitter:data1\" content=\"Cl\u00e9ment\" \/>\n\t<meta name=\"twitter:label2\" content=\"Dur\u00e9e de lecture estim\u00e9e\" \/>\n\t<meta name=\"twitter:data2\" content=\"4 minutes\" \/>\n<script type=\"application\/ld+json\" class=\"yoast-schema-graph\">{\"@context\":\"https:\/\/schema.org\",\"@graph\":[{\"@type\":\"Article\",\"@id\":\"https:\/\/footdavant.fr\/actualites\/apercu-qarabag-fk-vs-ferencvaros-prediction-nouvelles-dequipe-alignements\/#article\",\"isPartOf\":{\"@id\":\"https:\/\/footdavant.fr\/actualites\/apercu-qarabag-fk-vs-ferencvaros-prediction-nouvelles-dequipe-alignements\/\"},\"author\":{\"name\":\"Cl\u00e9ment\",\"@id\":\"https:\/\/footdavant.fr\/actualites\/#\/schema\/person\/bc222566d95871b37e597b3ed3ba5e1d\"},\"headline\":\"Aper\u00e7u: Qarabag FK vs Ferencvaros &#8211; Pr\u00e9diction, nouvelles d&#39;\u00e9quipe, alignements\",\"datePublished\":\"2025-08-28T08:48:02+00:00\",\"dateModified\":\"2025-08-28T08:48:03+00:00\",\"mainEntityOfPage\":{\"@id\":\"https:\/\/footdavant.fr\/actualites\/apercu-qarabag-fk-vs-ferencvaros-prediction-nouvelles-dequipe-alignements\/\"},\"wordCount\":877,\"publisher\":{\"@id\":\"https:\/\/footdavant.fr\/actualites\/#organization\"},\"keywords\":[\"alignements\",\"Aper\u00e7u\",\"d39\u00e9quipe\",\"Ferencvaros\",\"Nouvelles\",\"pr\u00e9diction\",\"Qarabag\"],\"articleSection\":[\"Champions League\"],\"inLanguage\":\"fr-FR\"},{\"@type\":\"WebPage\",\"@id\":\"https:\/\/footdavant.fr\/actualites\/apercu-qarabag-fk-vs-ferencvaros-prediction-nouvelles-dequipe-alignements\/\",\"url\":\"https:\/\/footdavant.fr\/actualites\/apercu-qarabag-fk-vs-ferencvaros-prediction-nouvelles-dequipe-alignements\/\",\"name\":\"Aper\u00e7u: Qarabag FK vs Ferencvaros - Pr\u00e9diction, nouvelles d&#39;\u00e9quipe, alignements\",\"isPartOf\":{\"@id\":\"https:\/\/footdavant.fr\/actualites\/#website\"},\"datePublished\":\"2025-08-28T08:48:02+00:00\",\"dateModified\":\"2025-08-28T08:48:03+00:00\",\"breadcrumb\":{\"@id\":\"https:\/\/footdavant.fr\/actualites\/apercu-qarabag-fk-vs-ferencvaros-prediction-nouvelles-dequipe-alignements\/#breadcrumb\"},\"inLanguage\":\"fr-FR\",\"potentialAction\":[{\"@type\":\"ReadAction\",\"target\":[\"https:\/\/footdavant.fr\/actualites\/apercu-qarabag-fk-vs-ferencvaros-prediction-nouvelles-dequipe-alignements\/\"]}]},{\"@type\":\"BreadcrumbList\",\"@id\":\"https:\/\/footdavant.fr\/actualites\/apercu-qarabag-fk-vs-ferencvaros-prediction-nouvelles-dequipe-alignements\/#breadcrumb\",\"itemListElement\":[{\"@type\":\"ListItem\",\"position\":1,\"name\":\"Accueil\",\"item\":\"https:\/\/footdavant.fr\/actualites\/\"},{\"@type\":\"ListItem\",\"position\":2,\"name\":\"Aper\u00e7u: Qarabag FK vs Ferencvaros &#8211; Pr\u00e9diction, nouvelles d&#39;\u00e9quipe, alignements\"}]},{\"@type\":\"WebSite\",\"@id\":\"https:\/\/footdavant.fr\/actualites\/#website\",\"url\":\"https:\/\/footdavant.fr\/actualites\/\",\"name\":\"Foot d'avant\",\"description\":\"\",\"publisher\":{\"@id\":\"https:\/\/footdavant.fr\/actualites\/#organization\"},\"potentialAction\":[{\"@type\":\"SearchAction\",\"target\":{\"@type\":\"EntryPoint\",\"urlTemplate\":\"https:\/\/footdavant.fr\/actualites\/?s={search_term_string}\"},\"query-input\":\"required name=search_term_string\"}],\"inLanguage\":\"fr-FR\"},{\"@type\":\"Organization\",\"@id\":\"https:\/\/footdavant.fr\/actualites\/#organization\",\"name\":\"Foot d'avant\",\"url\":\"https:\/\/footdavant.fr\/actualites\/\",\"logo\":{\"@type\":\"ImageObject\",\"inLanguage\":\"fr-FR\",\"@id\":\"https:\/\/footdavant.fr\/actualites\/#\/schema\/logo\/image\/\",\"url\":\"https:\/\/footdavant.fr\/actualites\/wp-content\/uploads\/2023\/09\/Copy-of-FootDavant-Logo.png\",\"contentUrl\":\"https:\/\/footdavant.fr\/actualites\/wp-content\/uploads\/2023\/09\/Copy-of-FootDavant-Logo.png\",\"width\":936,\"height\":549,\"caption\":\"Foot d'avant\"},\"image\":{\"@id\":\"https:\/\/footdavant.fr\/actualites\/#\/schema\/logo\/image\/\"},\"sameAs\":[\"https:\/\/www.facebook.com\/Footdavant\/\",\"https:\/\/twitter.com\/FootdavantFr\",\"https:\/\/www.instagram.com\/footdavant.fr\/\"]},{\"@type\":\"Person\",\"@id\":\"https:\/\/footdavant.fr\/actualites\/#\/schema\/person\/bc222566d95871b37e597b3ed3ba5e1d\",\"name\":\"Cl\u00e9ment\",\"image\":{\"@type\":\"ImageObject\",\"inLanguage\":\"fr-FR\",\"@id\":\"https:\/\/footdavant.fr\/actualites\/#\/schema\/person\/image\/\",\"url\":\"https:\/\/secure.gravatar.com\/avatar\/7728b29aac2719421e1a9159b2254c44?s=96&d=mm&r=g\",\"contentUrl\":\"https:\/\/secure.gravatar.com\/avatar\/7728b29aac2719421e1a9159b2254c44?s=96&d=mm&r=g\",\"caption\":\"Cl\u00e9ment\"},\"sameAs\":[\"https:\/\/footdavant.fr\/\"]}]}<\/script>\n<!-- \/ Yoast SEO plugin. -->","yoast_head_json":{"title":"Aper\u00e7u: Qarabag FK vs Ferencvaros - Pr\u00e9diction, nouvelles d&#39;\u00e9quipe, alignements","robots":{"index":"index","follow":"follow","max-snippet":"max-snippet:-1","max-image-preview":"max-image-preview:large","max-video-preview":"max-video-preview:-1"},"canonical":"https:\/\/footdavant.fr\/actualites\/apercu-qarabag-fk-vs-ferencvaros-prediction-nouvelles-dequipe-alignements\/","og_locale":"fr_FR","og_type":"article","og_title":"Aper\u00e7u: Qarabag FK vs Ferencvaros - Pr\u00e9diction, nouvelles d&#39;\u00e9quipe, alignements","og_description":"Sports Mole pr\u00e9visualise le conflit de la Ligue des champions de mercredi entre Qarabag FK et Ferencvaros, y compris les pr\u00e9dictions, les nouvelles de l&#39;\u00e9quipe","og_url":"https:\/\/footdavant.fr\/actualites\/apercu-qarabag-fk-vs-ferencvaros-prediction-nouvelles-dequipe-alignements\/","og_site_name":"Foot d&#039;avant","article_publisher":"https:\/\/www.facebook.com\/Footdavant\/","article_published_time":"2025-08-28T08:48:02+00:00","article_modified_time":"2025-08-28T08:48:03+00:00","og_image":[{"width":640,"height":480,"url":"https:\/\/footdavant.fr\/actualites\/wp-content\/uploads\/2025\/08\/Apercu-Qarabag-FK-vs-Ferencvaros-Prediction-nouvelles-d39equipe-alignements.jpg","type":"image\/jpeg"}],"author":"Cl\u00e9ment","twitter_card":"summary_large_image","twitter_creator":"@FootdavantFr","twitter_site":"@FootdavantFr","twitter_misc":{"\u00c9crit par":"Cl\u00e9ment","Dur\u00e9e de lecture estim\u00e9e":"4 minutes"},"schema":{"@context":"https:\/\/schema.org","@graph":[{"@type":"Article","@id":"https:\/\/footdavant.fr\/actualites\/apercu-qarabag-fk-vs-ferencvaros-prediction-nouvelles-dequipe-alignements\/#article","isPartOf":{"@id":"https:\/\/footdavant.fr\/actualites\/apercu-qarabag-fk-vs-ferencvaros-prediction-nouvelles-dequipe-alignements\/"},"author":{"name":"Cl\u00e9ment","@id":"https:\/\/footdavant.fr\/actualites\/#\/schema\/person\/bc222566d95871b37e597b3ed3ba5e1d"},"headline":"Aper\u00e7u: Qarabag FK vs Ferencvaros &#8211; Pr\u00e9diction, nouvelles d&#39;\u00e9quipe, alignements","datePublished":"2025-08-28T08:48:02+00:00","dateModified":"2025-08-28T08:48:03+00:00","mainEntityOfPage":{"@id":"https:\/\/footdavant.fr\/actualites\/apercu-qarabag-fk-vs-ferencvaros-prediction-nouvelles-dequipe-alignements\/"},"wordCount":877,"publisher":{"@id":"https:\/\/footdavant.fr\/actualites\/#organization"},"keywords":["alignements","Aper\u00e7u","d39\u00e9quipe","Ferencvaros","Nouvelles","pr\u00e9diction","Qarabag"],"articleSection":["Champions League"],"inLanguage":"fr-FR"},{"@type":"WebPage","@id":"https:\/\/footdavant.fr\/actualites\/apercu-qarabag-fk-vs-ferencvaros-prediction-nouvelles-dequipe-alignements\/","url":"https:\/\/footdavant.fr\/actualites\/apercu-qarabag-fk-vs-ferencvaros-prediction-nouvelles-dequipe-alignements\/","name":"Aper\u00e7u: Qarabag FK vs Ferencvaros - Pr\u00e9diction, nouvelles d&#39;\u00e9quipe, alignements","isPartOf":{"@id":"https:\/\/footdavant.fr\/actualites\/#website"},"datePublished":"2025-08-28T08:48:02+00:00","dateModified":"2025-08-28T08:48:03+00:00","breadcrumb":{"@id":"https:\/\/footdavant.fr\/actualites\/apercu-qarabag-fk-vs-ferencvaros-prediction-nouvelles-dequipe-alignements\/#breadcrumb"},"inLanguage":"fr-FR","potentialAction":[{"@type":"ReadAction","target":["https:\/\/footdavant.fr\/actualites\/apercu-qarabag-fk-vs-ferencvaros-prediction-nouvelles-dequipe-alignements\/"]}]},{"@type":"BreadcrumbList","@id":"https:\/\/footdavant.fr\/actualites\/apercu-qarabag-fk-vs-ferencvaros-prediction-nouvelles-dequipe-alignements\/#breadcrumb","itemListElement":[{"@type":"ListItem","position":1,"name":"Accueil","item":"https:\/\/footdavant.fr\/actualites\/"},{"@type":"ListItem","position":2,"name":"Aper\u00e7u: Qarabag FK vs Ferencvaros &#8211; Pr\u00e9diction, nouvelles d&#39;\u00e9quipe, alignements"}]},{"@type":"WebSite","@id":"https:\/\/footdavant.fr\/actualites\/#website","url":"https:\/\/footdavant.fr\/actualites\/","name":"Foot d'avant","description":"","publisher":{"@id":"https:\/\/footdavant.fr\/actualites\/#organization"},"potentialAction":[{"@type":"SearchAction","target":{"@type":"EntryPoint","urlTemplate":"https:\/\/footdavant.fr\/actualites\/?s={search_term_string}"},"query-input":"required name=search_term_string"}],"inLanguage":"fr-FR"},{"@type":"Organization","@id":"https:\/\/footdavant.fr\/actualites\/#organization","name":"Foot d'avant","url":"https:\/\/footdavant.fr\/actualites\/","logo":{"@type":"ImageObject","inLanguage":"fr-FR","@id":"https:\/\/footdavant.fr\/actualites\/#\/schema\/logo\/image\/","url":"https:\/\/footdavant.fr\/actualites\/wp-content\/uploads\/2023\/09\/Copy-of-FootDavant-Logo.png","contentUrl":"https:\/\/footdavant.fr\/actualites\/wp-content\/uploads\/2023\/09\/Copy-of-FootDavant-Logo.png","width":936,"height":549,"caption":"Foot d'avant"},"image":{"@id":"https:\/\/footdavant.fr\/actualites\/#\/schema\/logo\/image\/"},"sameAs":["https:\/\/www.facebook.com\/Footdavant\/","https:\/\/twitter.com\/FootdavantFr","https:\/\/www.instagram.com\/footdavant.fr\/"]},{"@type":"Person","@id":"https:\/\/footdavant.fr\/actualites\/#\/schema\/person\/bc222566d95871b37e597b3ed3ba5e1d","name":"Cl\u00e9ment","image":{"@type":"ImageObject","inLanguage":"fr-FR","@id":"https:\/\/footdavant.fr\/actualites\/#\/schema\/person\/image\/","url":"https:\/\/secure.gravatar.com\/avatar\/7728b29aac2719421e1a9159b2254c44?s=96&d=mm&r=g","contentUrl":"https:\/\/secure.gravatar.com\/avatar\/7728b29aac2719421e1a9159b2254c44?s=96&d=mm&r=g","caption":"Cl\u00e9ment"},"sameAs":["https:\/\/footdavant.fr\/"]}]}},"_links":{"self":[{"href":"https:\/\/footdavant.fr\/actualites\/wp-json\/wp\/v2\/posts\/27825"}],"collection":[{"href":"https:\/\/footdavant.fr\/actualites\/wp-json\/wp\/v2\/posts"}],"about":[{"href":"https:\/\/footdavant.fr\/actualites\/wp-json\/wp\/v2\/types\/post"}],"author":[{"embeddable":true,"href":"https:\/\/footdavant.fr\/actualites\/wp-json\/wp\/v2\/users\/1"}],"replies":[{"embeddable":true,"href":"https:\/\/footdavant.fr\/actualites\/wp-json\/wp\/v2\/comments?post=27825"}],"version-history":[{"count":1,"href":"https:\/\/footdavant.fr\/actualites\/wp-json\/wp\/v2\/posts\/27825\/revisions"}],"predecessor-version":[{"id":27827,"href":"https:\/\/footdavant.fr\/actualites\/wp-json\/wp\/v2\/posts\/27825\/revisions\/27827"}],"wp:featuredmedia":[{"embeddable":true,"href":"https:\/\/footdavant.fr\/actualites\/wp-json\/wp\/v2\/media\/27826"}],"wp:attachment":[{"href":"https:\/\/footdavant.fr\/actualites\/wp-json\/wp\/v2\/media?parent=27825"}],"wp:term":[{"taxonomy":"category","embeddable":true,"href":"https:\/\/footdavant.fr\/actualites\/wp-json\/wp\/v2\/categories?post=27825"},{"taxonomy":"post_tag","embeddable":true,"href":"https:\/\/footdavant.fr\/actualites\/wp-json\/wp\/v2\/tags?post=27825"}],"curies":[{"name":"wp","href":"https:\/\/api.w.org\/{rel}","templated":true}]}}