{"id":27857,"date":"2025-08-29T05:48:08","date_gmt":"2025-08-29T03:48:08","guid":{"rendered":"https:\/\/footdavant.fr\/actualites\/solskjaer-a-limoge-apres-que-besiktas-sortit\/"},"modified":"2025-08-29T05:48:09","modified_gmt":"2025-08-29T03:48:09","slug":"solskjaer-a-limoge-apres-que-besiktas-sortit","status":"publish","type":"post","link":"https:\/\/footdavant.fr\/actualites\/solskjaer-a-limoge-apres-que-besiktas-sortit\/","title":{"rendered":"Solskjaer a limog\u00e9 apr\u00e8s que Besiktas sortit"},"content":{"rendered":"<div>\n<p>L&#39;ancien manager de Manchester United, Ole Gunnar Solskjaer, a \u00e9t\u00e9 limog\u00e9 par le club turc Besiktas apr\u00e8s s&#39;\u00eatre \u00e9cras\u00e9 de la ligue de conf\u00e9rence.<\/p>\n<p>Solskjaer a pris le c\u00f4t\u00e9 d&#39;Istanbul \u00e0 une quatri\u00e8me place la saison derni\u00e8re.<\/p>\n<p>Mais une d\u00e9faite 1-0 \u00e0 domicile contre le c\u00f4t\u00e9 suisse Lausanne signifiait que le club ne jouerait pas au football europ\u00e9en cette saison, et le club a rejet\u00e9 le norv\u00e9gien apr\u00e8s le match.<\/p>\n<figure class=\"wp-block-embed is-type-rich is-provider-twitter wp-block-embed-twitter\">\n<div class=\"wp-block-embed__wrapper\">\n<blockquote class=\"twitter-tweet\" data-width=\"500\" data-dnt=\"true\">\n<p lang=\"en\" dir=\"ltr\">\ud83c\udde8\ud83c\udded L&#39;ancien homme d&#39;Arsenal fait tomber Besiktas d&#39;Europe! <\/p>\n<p>Nathan Butler-Oyedeji a marqu\u00e9 le vainqueur de Lausanne lors de leur qualificatif de ligue de conf\u00e9rence ce soir. C&#39;\u00e9tait le premier but du joueur de 22 ans depuis qu&#39;il a d\u00e9m\u00e9nag\u00e9 \u00e0 l&#39;\u00e9tranger <a rel=\"nofollow\" href=\"https:\/\/twitter.com\/hashtag\/uecl?src=hash&amp;ref_src=twsrc%5Etfw\" rel=\"nofollow noopener\">#UECL<\/a> <a rel=\"nofollow\" href=\"https:\/\/t.co\/5TTVzLa4yn\" rel=\"nofollow\">pic.twitter.com\/5ttvzla4yn<\/a><\/p>\n<p>&#8211; Joueurs anglais \u00e0 l&#39;\u00e9tranger (@ EnglishAbroad1) <a rel=\"nofollow\" href=\"https:\/\/twitter.com\/EnglishAbroad1\/status\/1961151551004672133?ref_src=twsrc%5Etfw\" rel=\"nofollow noopener\">28 ao\u00fbt 2025<\/a><\/p><\/blockquote>\n<\/div>\n<\/figure>\n<p>D&#39;autres favoris, notamment AZ Alkmaar, Fiorentina, Rayo Vallecano et Mainz ont tous travers\u00e9 tandis que Strasbourg s&#39;est tenu pour gagner \u00e0 Brondby.<\/p>\n<p>\u00c0 Istanbul, l&#39;attaquant anglais Nathan Butler -yedeji a marqu\u00e9 le seul but en premi\u00e8re mi-temps, alors que Lausanne a boulevers\u00e9 Besiktas.<\/p>\n<p>L&#39;\u00e9quipe \u00e0 domicile a jou\u00e9 la deuxi\u00e8me mi-temps avec 10 hommes apr\u00e8s que le d\u00e9fenseur Felix Uduokhai a \u00e9t\u00e9 envoy\u00e9 \u00e0 la 46e minute pour une faute sur Brandon Soppy.<\/p>\n<p>Le club a ensuite publi\u00e9 une d\u00e9claration disant qu&#39;ils avaient tenu une r\u00e9union d&#39;urgence.<\/p>\n<p>\u00abNotre contrat avec l&#39;entra\u00eeneur-chef Ole Gunnar Solskjaer a \u00e9t\u00e9 r\u00e9sili\u00e9 \u00e0 la suite de la d\u00e9cision prise lors de la r\u00e9union du conseil d&#39;administration. Notre pr\u00e9sident Serdal Adali a exprim\u00e9 sa gratitude \u00e0 Solskjaer pour ses services.\u00bb<\/p>\n<p>Solskjaer, l&#39;ancien patron de Manchester United, Cardiff City et Molde a \u00e9t\u00e9 embauch\u00e9 en janvier de cette ann\u00e9e et a port\u00e9 Besiktas de la sixi\u00e8me \u00e0 la quatri\u00e8me place du Super Lig. Son \u00e9quipe avait remport\u00e9 son seul match de championnat jusqu&#39;\u00e0 pr\u00e9sent cette saison.<\/p>\n<\/p><\/div>\n<p><script async src=\"https:\/\/platform.twitter.com\/widgets.js\" charset=\"utf-8\"><\/script><\/p>\n","protected":false},"excerpt":{"rendered":"<p>L&#39;ancien manager de Manchester United, Ole Gunnar Solskjaer, a \u00e9t\u00e9 limog\u00e9 par le club turc Besiktas apr\u00e8s s&#39;\u00eatre \u00e9cras\u00e9 de la ligue de conf\u00e9rence. Solskjaer<\/p>\n","protected":false},"author":1,"featured_media":27858,"comment_status":"closed","ping_status":"","sticky":false,"template":"","format":"standard","meta":{"footnotes":""},"categories":[3],"tags":[25,3201,1960,3659,10355],"yoast_head":"<!-- This site is optimized with the Yoast SEO plugin v21.0 - https:\/\/yoast.com\/wordpress\/plugins\/seo\/ -->\n<title>Solskjaer a limog\u00e9 apr\u00e8s que Besiktas sortit<\/title>\n<meta name=\"robots\" content=\"index, follow, max-snippet:-1, max-image-preview:large, max-video-preview:-1\" \/>\n<link rel=\"canonical\" href=\"https:\/\/footdavant.fr\/actualites\/solskjaer-a-limoge-apres-que-besiktas-sortit\/\" \/>\n<meta property=\"og:locale\" content=\"fr_FR\" \/>\n<meta property=\"og:type\" content=\"article\" \/>\n<meta property=\"og:title\" content=\"Solskjaer a limog\u00e9 apr\u00e8s que Besiktas sortit\" \/>\n<meta property=\"og:description\" content=\"L&#039;ancien manager de Manchester United, Ole Gunnar Solskjaer, a \u00e9t\u00e9 limog\u00e9 par le club turc Besiktas apr\u00e8s s&#039;\u00eatre \u00e9cras\u00e9 de la ligue de conf\u00e9rence. Solskjaer\" \/>\n<meta property=\"og:url\" content=\"https:\/\/footdavant.fr\/actualites\/solskjaer-a-limoge-apres-que-besiktas-sortit\/\" \/>\n<meta property=\"og:site_name\" content=\"Foot d&#039;avant\" \/>\n<meta property=\"article:publisher\" content=\"https:\/\/www.facebook.com\/Footdavant\/\" \/>\n<meta property=\"article:published_time\" content=\"2025-08-29T03:48:08+00:00\" \/>\n<meta property=\"article:modified_time\" content=\"2025-08-29T03:48:09+00:00\" \/>\n<meta property=\"og:image\" content=\"https:\/\/footdavant.fr\/actualites\/wp-content\/uploads\/2025\/08\/Solskjaer-a-limoge-apres-que-Besiktas-sortit.jpg\" \/>\n\t<meta property=\"og:image:width\" content=\"1200\" \/>\n\t<meta property=\"og:image:height\" content=\"675\" \/>\n\t<meta property=\"og:image:type\" content=\"image\/jpeg\" \/>\n<meta name=\"author\" content=\"Cl\u00e9ment\" \/>\n<meta name=\"twitter:card\" content=\"summary_large_image\" \/>\n<meta name=\"twitter:creator\" content=\"@FootdavantFr\" \/>\n<meta name=\"twitter:site\" content=\"@FootdavantFr\" \/>\n<meta name=\"twitter:label1\" content=\"\u00c9crit par\" \/>\n\t<meta name=\"twitter:data1\" content=\"Cl\u00e9ment\" \/>\n\t<meta name=\"twitter:label2\" content=\"Dur\u00e9e de lecture estim\u00e9e\" \/>\n\t<meta name=\"twitter:data2\" content=\"2 minutes\" \/>\n<script type=\"application\/ld+json\" class=\"yoast-schema-graph\">{\"@context\":\"https:\/\/schema.org\",\"@graph\":[{\"@type\":\"Article\",\"@id\":\"https:\/\/footdavant.fr\/actualites\/solskjaer-a-limoge-apres-que-besiktas-sortit\/#article\",\"isPartOf\":{\"@id\":\"https:\/\/footdavant.fr\/actualites\/solskjaer-a-limoge-apres-que-besiktas-sortit\/\"},\"author\":{\"name\":\"Cl\u00e9ment\",\"@id\":\"https:\/\/footdavant.fr\/actualites\/#\/schema\/person\/bc222566d95871b37e597b3ed3ba5e1d\"},\"headline\":\"Solskjaer a limog\u00e9 apr\u00e8s que Besiktas sortit\",\"datePublished\":\"2025-08-29T03:48:08+00:00\",\"dateModified\":\"2025-08-29T03:48:09+00:00\",\"mainEntityOfPage\":{\"@id\":\"https:\/\/footdavant.fr\/actualites\/solskjaer-a-limoge-apres-que-besiktas-sortit\/\"},\"wordCount\":335,\"publisher\":{\"@id\":\"https:\/\/footdavant.fr\/actualites\/#organization\"},\"keywords\":[\"apr\u00e8s\",\"Besiktas\",\"limoge\",\"Solskjaer\",\"sortit\"],\"articleSection\":[\"Football\"],\"inLanguage\":\"fr-FR\"},{\"@type\":\"WebPage\",\"@id\":\"https:\/\/footdavant.fr\/actualites\/solskjaer-a-limoge-apres-que-besiktas-sortit\/\",\"url\":\"https:\/\/footdavant.fr\/actualites\/solskjaer-a-limoge-apres-que-besiktas-sortit\/\",\"name\":\"Solskjaer a limog\u00e9 apr\u00e8s que Besiktas sortit\",\"isPartOf\":{\"@id\":\"https:\/\/footdavant.fr\/actualites\/#website\"},\"datePublished\":\"2025-08-29T03:48:08+00:00\",\"dateModified\":\"2025-08-29T03:48:09+00:00\",\"breadcrumb\":{\"@id\":\"https:\/\/footdavant.fr\/actualites\/solskjaer-a-limoge-apres-que-besiktas-sortit\/#breadcrumb\"},\"inLanguage\":\"fr-FR\",\"potentialAction\":[{\"@type\":\"ReadAction\",\"target\":[\"https:\/\/footdavant.fr\/actualites\/solskjaer-a-limoge-apres-que-besiktas-sortit\/\"]}]},{\"@type\":\"BreadcrumbList\",\"@id\":\"https:\/\/footdavant.fr\/actualites\/solskjaer-a-limoge-apres-que-besiktas-sortit\/#breadcrumb\",\"itemListElement\":[{\"@type\":\"ListItem\",\"position\":1,\"name\":\"Accueil\",\"item\":\"https:\/\/footdavant.fr\/actualites\/\"},{\"@type\":\"ListItem\",\"position\":2,\"name\":\"Solskjaer a limog\u00e9 apr\u00e8s que Besiktas sortit\"}]},{\"@type\":\"WebSite\",\"@id\":\"https:\/\/footdavant.fr\/actualites\/#website\",\"url\":\"https:\/\/footdavant.fr\/actualites\/\",\"name\":\"Foot d'avant\",\"description\":\"\",\"publisher\":{\"@id\":\"https:\/\/footdavant.fr\/actualites\/#organization\"},\"potentialAction\":[{\"@type\":\"SearchAction\",\"target\":{\"@type\":\"EntryPoint\",\"urlTemplate\":\"https:\/\/footdavant.fr\/actualites\/?s={search_term_string}\"},\"query-input\":\"required name=search_term_string\"}],\"inLanguage\":\"fr-FR\"},{\"@type\":\"Organization\",\"@id\":\"https:\/\/footdavant.fr\/actualites\/#organization\",\"name\":\"Foot d'avant\",\"url\":\"https:\/\/footdavant.fr\/actualites\/\",\"logo\":{\"@type\":\"ImageObject\",\"inLanguage\":\"fr-FR\",\"@id\":\"https:\/\/footdavant.fr\/actualites\/#\/schema\/logo\/image\/\",\"url\":\"https:\/\/footdavant.fr\/actualites\/wp-content\/uploads\/2023\/09\/Copy-of-FootDavant-Logo.png\",\"contentUrl\":\"https:\/\/footdavant.fr\/actualites\/wp-content\/uploads\/2023\/09\/Copy-of-FootDavant-Logo.png\",\"width\":936,\"height\":549,\"caption\":\"Foot d'avant\"},\"image\":{\"@id\":\"https:\/\/footdavant.fr\/actualites\/#\/schema\/logo\/image\/\"},\"sameAs\":[\"https:\/\/www.facebook.com\/Footdavant\/\",\"https:\/\/twitter.com\/FootdavantFr\",\"https:\/\/www.instagram.com\/footdavant.fr\/\"]},{\"@type\":\"Person\",\"@id\":\"https:\/\/footdavant.fr\/actualites\/#\/schema\/person\/bc222566d95871b37e597b3ed3ba5e1d\",\"name\":\"Cl\u00e9ment\",\"image\":{\"@type\":\"ImageObject\",\"inLanguage\":\"fr-FR\",\"@id\":\"https:\/\/footdavant.fr\/actualites\/#\/schema\/person\/image\/\",\"url\":\"https:\/\/secure.gravatar.com\/avatar\/7728b29aac2719421e1a9159b2254c44?s=96&d=mm&r=g\",\"contentUrl\":\"https:\/\/secure.gravatar.com\/avatar\/7728b29aac2719421e1a9159b2254c44?s=96&d=mm&r=g\",\"caption\":\"Cl\u00e9ment\"},\"sameAs\":[\"https:\/\/footdavant.fr\/\"]}]}<\/script>\n<!-- \/ Yoast SEO plugin. -->","yoast_head_json":{"title":"Solskjaer a limog\u00e9 apr\u00e8s que Besiktas sortit","robots":{"index":"index","follow":"follow","max-snippet":"max-snippet:-1","max-image-preview":"max-image-preview:large","max-video-preview":"max-video-preview:-1"},"canonical":"https:\/\/footdavant.fr\/actualites\/solskjaer-a-limoge-apres-que-besiktas-sortit\/","og_locale":"fr_FR","og_type":"article","og_title":"Solskjaer a limog\u00e9 apr\u00e8s que Besiktas sortit","og_description":"L&#39;ancien manager de Manchester United, Ole Gunnar Solskjaer, a \u00e9t\u00e9 limog\u00e9 par le club turc Besiktas apr\u00e8s s&#39;\u00eatre \u00e9cras\u00e9 de la ligue de conf\u00e9rence. Solskjaer","og_url":"https:\/\/footdavant.fr\/actualites\/solskjaer-a-limoge-apres-que-besiktas-sortit\/","og_site_name":"Foot d&#039;avant","article_publisher":"https:\/\/www.facebook.com\/Footdavant\/","article_published_time":"2025-08-29T03:48:08+00:00","article_modified_time":"2025-08-29T03:48:09+00:00","og_image":[{"width":1200,"height":675,"url":"https:\/\/footdavant.fr\/actualites\/wp-content\/uploads\/2025\/08\/Solskjaer-a-limoge-apres-que-Besiktas-sortit.jpg","type":"image\/jpeg"}],"author":"Cl\u00e9ment","twitter_card":"summary_large_image","twitter_creator":"@FootdavantFr","twitter_site":"@FootdavantFr","twitter_misc":{"\u00c9crit par":"Cl\u00e9ment","Dur\u00e9e de lecture estim\u00e9e":"2 minutes"},"schema":{"@context":"https:\/\/schema.org","@graph":[{"@type":"Article","@id":"https:\/\/footdavant.fr\/actualites\/solskjaer-a-limoge-apres-que-besiktas-sortit\/#article","isPartOf":{"@id":"https:\/\/footdavant.fr\/actualites\/solskjaer-a-limoge-apres-que-besiktas-sortit\/"},"author":{"name":"Cl\u00e9ment","@id":"https:\/\/footdavant.fr\/actualites\/#\/schema\/person\/bc222566d95871b37e597b3ed3ba5e1d"},"headline":"Solskjaer a limog\u00e9 apr\u00e8s que Besiktas sortit","datePublished":"2025-08-29T03:48:08+00:00","dateModified":"2025-08-29T03:48:09+00:00","mainEntityOfPage":{"@id":"https:\/\/footdavant.fr\/actualites\/solskjaer-a-limoge-apres-que-besiktas-sortit\/"},"wordCount":335,"publisher":{"@id":"https:\/\/footdavant.fr\/actualites\/#organization"},"keywords":["apr\u00e8s","Besiktas","limoge","Solskjaer","sortit"],"articleSection":["Football"],"inLanguage":"fr-FR"},{"@type":"WebPage","@id":"https:\/\/footdavant.fr\/actualites\/solskjaer-a-limoge-apres-que-besiktas-sortit\/","url":"https:\/\/footdavant.fr\/actualites\/solskjaer-a-limoge-apres-que-besiktas-sortit\/","name":"Solskjaer a limog\u00e9 apr\u00e8s que Besiktas sortit","isPartOf":{"@id":"https:\/\/footdavant.fr\/actualites\/#website"},"datePublished":"2025-08-29T03:48:08+00:00","dateModified":"2025-08-29T03:48:09+00:00","breadcrumb":{"@id":"https:\/\/footdavant.fr\/actualites\/solskjaer-a-limoge-apres-que-besiktas-sortit\/#breadcrumb"},"inLanguage":"fr-FR","potentialAction":[{"@type":"ReadAction","target":["https:\/\/footdavant.fr\/actualites\/solskjaer-a-limoge-apres-que-besiktas-sortit\/"]}]},{"@type":"BreadcrumbList","@id":"https:\/\/footdavant.fr\/actualites\/solskjaer-a-limoge-apres-que-besiktas-sortit\/#breadcrumb","itemListElement":[{"@type":"ListItem","position":1,"name":"Accueil","item":"https:\/\/footdavant.fr\/actualites\/"},{"@type":"ListItem","position":2,"name":"Solskjaer a limog\u00e9 apr\u00e8s que Besiktas sortit"}]},{"@type":"WebSite","@id":"https:\/\/footdavant.fr\/actualites\/#website","url":"https:\/\/footdavant.fr\/actualites\/","name":"Foot d'avant","description":"","publisher":{"@id":"https:\/\/footdavant.fr\/actualites\/#organization"},"potentialAction":[{"@type":"SearchAction","target":{"@type":"EntryPoint","urlTemplate":"https:\/\/footdavant.fr\/actualites\/?s={search_term_string}"},"query-input":"required name=search_term_string"}],"inLanguage":"fr-FR"},{"@type":"Organization","@id":"https:\/\/footdavant.fr\/actualites\/#organization","name":"Foot d'avant","url":"https:\/\/footdavant.fr\/actualites\/","logo":{"@type":"ImageObject","inLanguage":"fr-FR","@id":"https:\/\/footdavant.fr\/actualites\/#\/schema\/logo\/image\/","url":"https:\/\/footdavant.fr\/actualites\/wp-content\/uploads\/2023\/09\/Copy-of-FootDavant-Logo.png","contentUrl":"https:\/\/footdavant.fr\/actualites\/wp-content\/uploads\/2023\/09\/Copy-of-FootDavant-Logo.png","width":936,"height":549,"caption":"Foot d'avant"},"image":{"@id":"https:\/\/footdavant.fr\/actualites\/#\/schema\/logo\/image\/"},"sameAs":["https:\/\/www.facebook.com\/Footdavant\/","https:\/\/twitter.com\/FootdavantFr","https:\/\/www.instagram.com\/footdavant.fr\/"]},{"@type":"Person","@id":"https:\/\/footdavant.fr\/actualites\/#\/schema\/person\/bc222566d95871b37e597b3ed3ba5e1d","name":"Cl\u00e9ment","image":{"@type":"ImageObject","inLanguage":"fr-FR","@id":"https:\/\/footdavant.fr\/actualites\/#\/schema\/person\/image\/","url":"https:\/\/secure.gravatar.com\/avatar\/7728b29aac2719421e1a9159b2254c44?s=96&d=mm&r=g","contentUrl":"https:\/\/secure.gravatar.com\/avatar\/7728b29aac2719421e1a9159b2254c44?s=96&d=mm&r=g","caption":"Cl\u00e9ment"},"sameAs":["https:\/\/footdavant.fr\/"]}]}},"_links":{"self":[{"href":"https:\/\/footdavant.fr\/actualites\/wp-json\/wp\/v2\/posts\/27857"}],"collection":[{"href":"https:\/\/footdavant.fr\/actualites\/wp-json\/wp\/v2\/posts"}],"about":[{"href":"https:\/\/footdavant.fr\/actualites\/wp-json\/wp\/v2\/types\/post"}],"author":[{"embeddable":true,"href":"https:\/\/footdavant.fr\/actualites\/wp-json\/wp\/v2\/users\/1"}],"replies":[{"embeddable":true,"href":"https:\/\/footdavant.fr\/actualites\/wp-json\/wp\/v2\/comments?post=27857"}],"version-history":[{"count":1,"href":"https:\/\/footdavant.fr\/actualites\/wp-json\/wp\/v2\/posts\/27857\/revisions"}],"predecessor-version":[{"id":27859,"href":"https:\/\/footdavant.fr\/actualites\/wp-json\/wp\/v2\/posts\/27857\/revisions\/27859"}],"wp:featuredmedia":[{"embeddable":true,"href":"https:\/\/footdavant.fr\/actualites\/wp-json\/wp\/v2\/media\/27858"}],"wp:attachment":[{"href":"https:\/\/footdavant.fr\/actualites\/wp-json\/wp\/v2\/media?parent=27857"}],"wp:term":[{"taxonomy":"category","embeddable":true,"href":"https:\/\/footdavant.fr\/actualites\/wp-json\/wp\/v2\/categories?post=27857"},{"taxonomy":"post_tag","embeddable":true,"href":"https:\/\/footdavant.fr\/actualites\/wp-json\/wp\/v2\/tags?post=27857"}],"curies":[{"name":"wp","href":"https:\/\/api.w.org\/{rel}","templated":true}]}}