{"id":27899,"date":"2025-08-30T02:48:09","date_gmt":"2025-08-30T00:48:09","guid":{"rendered":"https:\/\/footdavant.fr\/actualites\/2025-26-draw-de-la-ligue-des-champions-des-visages-familiers-se-deroulent-pour-les-affrontements-de-retrouvailles\/"},"modified":"2025-08-30T02:48:10","modified_gmt":"2025-08-30T00:48:10","slug":"2025-26-draw-de-la-ligue-des-champions-des-visages-familiers-se-deroulent-pour-les-affrontements-de-retrouvailles","status":"publish","type":"post","link":"https:\/\/footdavant.fr\/actualites\/2025-26-draw-de-la-ligue-des-champions-des-visages-familiers-se-deroulent-pour-les-affrontements-de-retrouvailles\/","title":{"rendered":"2025-26 Draw de la Ligue des champions: des visages familiers se d\u00e9roulent pour les affrontements de retrouvailles"},"content":{"rendered":"<p>Avec les affrontements de la phase de groupes pour la Ligue des champions maintenant d\u00e9cid\u00e9s, le tournoi devrait \u00e9galement proposer des retrouvailles entre les joueurs et les clubs qui ont jou\u00e9 ensemble mais sont maintenant de c\u00f4t\u00e9 oppos\u00e9.<\/p>\n<div id=\"article_body\" itemprop=\"articleBody\">\n<h3 class=\"firstPara\"><\/h3>\n<p>Avec les affrontements en phase de groupes pour le <strong class=\"autotag\">La Ligue des champions a d\u00e9sormais d\u00e9cid\u00e9, le tournoi devrait \u00e9galement provoquer des r\u00e9unions entre les joueurs et les clubs qui ont jou\u00e9 ensemble mais sont maintenant des c\u00f4t\u00e9s oppos\u00e9s.<\/p>\n<p>Prendre <strong class=\"autotag\">Manchester City: ils seront confront\u00e9s <strong class=\"autotag\">Napoli, qui abrite maintenant <strong class=\"autotag\">Kevin de Bruyne, une l\u00e9gende du club \u00e0 l&#39;Etihad. Le Belge de 33 ans a sign\u00e9 un contrat de deux ans avec les champions italiens sur un transfert gratuit apr\u00e8s que son accord avec les d\u00e9tenteurs de Premier League a pris fin.<\/p>\n<hr>\n<p class=\"imgI\">\n<p>Il y aura \u00e9galement une r\u00e9union entre Erling Haaland et le Borussia Dortmund &#8211; le club o\u00f9 l&#39;attaquant a d&#39;abord atteint une importance internationale. Maintenant une figure cl\u00e9 \u00e0 Manchester City, le norv\u00e9gien s&#39;alignera contre la tenue de Bundesliga au stade Etihad.<\/p>\n<p>Ce sera la deuxi\u00e8me fois que l&#39;attaquant affrontera son ancien club. Il a trouv\u00e9 le filet contre Dortmund lors de la campagne de la Ligue des champions 2022-23 lors de sa premi\u00e8re rencontre apr\u00e8s son d\u00e9m\u00e9nagement \u00e0 City.<\/p>\n<p class=\"imgI\">\n<p>Pendant ce temps, Liverpool devrait se rencontrer <strong class=\"autotag\">Le Real Madrid, dans ce qui sera leur premi\u00e8re rencontre avec Trent Alexander-Arnold depuis que l&#39;arri\u00e8re a quitt\u00e9 Anfield apr\u00e8s deux d\u00e9cennies. Il est parti sur un transfert gratuit \u00e0 la fin de son contrat.<\/p>\n<p>Sa sortie a laiss\u00e9 un go\u00fbt amer parmi certains au Merseyside Club. Le manager de New Reds, Arne Slot, a admis qu&#39;il \u00e9tait d\u00e9\u00e7u par la d\u00e9cision du joueur de partir.<\/p>\n<p>Alexander-Arnold a rejoint la configuration des jeunes de Liverpool \u00e0 l&#39;\u00e2ge de six ans et a continu\u00e9 \u00e0 faire plus de 350 apparitions seniors, collectant huit honneurs majeurs. Selon <em>ESPN<\/em>Il a rejet\u00e9 un nouvel accord lucratif \u00e0 Anfield qui aurait fait de lui l&#39;une des dossiers les mieux pay\u00e9s du football mondial.<\/p>\n<p>\u00ab\u00a0Je pense que nous sommes tous d\u00e9\u00e7us, mais Trent a \u00e9t\u00e9 le premier \u00e0 dire qu&#39;il ne veut pas que nous en tant que club et en tant qu&#39;\u00e9quipe soit trop distrait par cette annonce. J&#39;esp\u00e8re que toute l&#39;\u00e9nergie va aux joueurs\u00a0\u00bb, a d\u00e9clar\u00e9 Slot \u00e0 l&#39;\u00e9poque.<\/p>\n<p class=\"imgI\">\n<p>Avant de devenir une ic\u00f4ne mondiale au Paris Saint-Germain et maintenant le Real Madrid, Kylian Mbappe a fait sa perc\u00e9e \u00e0 Monaco. Bien qu&#39;il ait d\u00e9j\u00e0 affront\u00e9 son ancien club en Ligue 1 pendant son s\u00e9jour au PSG, cela marquera ses d\u00e9buts en Ligue des champions contre Monaco &#8211; maintenant dans les couleurs du Real Madrid.<\/p>\n<p class=\"imgI\">\n<p>Napoli Manager <strong class=\"autotag\">Antonio Conte se heurtera \u00e9galement \u00e0 un ancien club de Chelsea. Sur le m\u00eame axe Italie &#8211; Angleterre, Romelu Lukaku devrait de nouveau rencontrer les Bleus, mais cette fois \u00e0 partir de la pirogue oppos\u00e9e.<\/p>\n<p>L&#39;attaquant belge a jou\u00e9 pour Chelsea lors de la campagne 2021-222 avant d&#39;\u00eatre vendue \u00e0 Napoli, et ce sera sa premi\u00e8re apparition en Ligue des champions contre son ancienne \u00e9quipe.<\/p>\n<p>Son d\u00e9part de Stamford Bridge n&#39;\u00e9tait pas sans controverse. S&#39;exprimant apr\u00e8s son d\u00e9m\u00e9nagement, Lukaku a critiqu\u00e9 la structure du club: \u00ab\u00a0Chelsea est une entreprise. Ils ne vous laissent pas partir, et ils vous portent.\u00a0\u00bb<\/p>\n<p>Chelsea affrontera \u00e9galement une autre figure famili\u00e8re dans le d\u00e9fenseur central br\u00e9silien David Luiz. Le joueur de 38 ans a pass\u00e9 six saisons avec le West London Club et joue maintenant pour Cypriot Side <strong class=\"autotag\">Pafos FC, qui est pr\u00eat pour ses d\u00e9buts en Ligue des champions. Luiz a rejoint le club cet \u00e9t\u00e9 apr\u00e8s un sort \u00e0 Fortaleza.<\/p>\n<p class=\"imgI\">\n<p>PSV Eindhoven se heurtera \u00e9galement \u00e0 un visage familier lorsqu&#39;ils joueront <strong class=\"autotag\">Bayer Leverkusen \u00e0 la Bayarena. Malik Tillman, qui a pass\u00e9 trois ans avec l&#39;\u00e9quipe n\u00e9erlandaise, fera ses d\u00e9buts en Ligue des champions pour Leverkusen. Le milieu de terrain a rejoint les champions de Bundesliga dans un accord de 35 millions d&#39;euros (environ 30 millions de livres sterling).<\/p>\n<p class=\"imgI\">\n<p>Ailleurs, David Neres et Alvaro Carreras rencontreront \u00e9galement d&#39;anciens co\u00e9quipiers de leur s\u00e9jour \u00e0 Benfica. L&#39;ailier br\u00e9silien a rejoint Napoli avant sa premi\u00e8re saison de Ligue des champions avec les Azzurri, tandis que Carreras, 22 ans, a \u00e9t\u00e9 sign\u00e9 par le Real Madrid pour des frais importants apr\u00e8s deux campagnes solides au Portugal et portera d\u00e9sormais la chemise de l&#39;\u00e9quipe espagnole.<\/p>\n<p><em>Cet article a \u00e9t\u00e9 initialement publi\u00e9 sur Trivela.<\/em><\/p>\n<\/div>\n","protected":false},"excerpt":{"rendered":"<p>Avec les affrontements de la phase de groupes pour la Ligue des champions maintenant d\u00e9cid\u00e9s, le tournoi devrait \u00e9galement proposer des retrouvailles entre les joueurs<\/p>\n","protected":false},"author":1,"featured_media":27900,"comment_status":"closed","ping_status":"","sticky":false,"template":"","format":"standard","meta":{"footnotes":""},"categories":[4],"tags":[8965,31,7811,12,7924,5624,93,30,51,2417,5901],"yoast_head":"<!-- This site is optimized with the Yoast SEO plugin v21.0 - https:\/\/yoast.com\/wordpress\/plugins\/seo\/ -->\n<title>2025-26 Draw de la Ligue des champions: des visages familiers se d\u00e9roulent pour les affrontements de retrouvailles<\/title>\n<meta name=\"robots\" content=\"index, follow, max-snippet:-1, max-image-preview:large, max-video-preview:-1\" \/>\n<link rel=\"canonical\" href=\"https:\/\/footdavant.fr\/actualites\/2025-26-draw-de-la-ligue-des-champions-des-visages-familiers-se-deroulent-pour-les-affrontements-de-retrouvailles\/\" \/>\n<meta property=\"og:locale\" content=\"fr_FR\" \/>\n<meta property=\"og:type\" content=\"article\" \/>\n<meta property=\"og:title\" content=\"2025-26 Draw de la Ligue des champions: des visages familiers se d\u00e9roulent pour les affrontements de retrouvailles\" \/>\n<meta property=\"og:description\" content=\"Avec les affrontements de la phase de groupes pour la Ligue des champions maintenant d\u00e9cid\u00e9s, le tournoi devrait \u00e9galement proposer des retrouvailles entre les joueurs\" \/>\n<meta property=\"og:url\" content=\"https:\/\/footdavant.fr\/actualites\/2025-26-draw-de-la-ligue-des-champions-des-visages-familiers-se-deroulent-pour-les-affrontements-de-retrouvailles\/\" \/>\n<meta property=\"og:site_name\" content=\"Foot d&#039;avant\" \/>\n<meta property=\"article:publisher\" content=\"https:\/\/www.facebook.com\/Footdavant\/\" \/>\n<meta property=\"article:published_time\" content=\"2025-08-30T00:48:09+00:00\" \/>\n<meta property=\"article:modified_time\" content=\"2025-08-30T00:48:10+00:00\" \/>\n<meta property=\"og:image\" content=\"https:\/\/footdavant.fr\/actualites\/wp-content\/uploads\/2025\/08\/2025-26-Draw-de-la-Ligue-des-champions-des-visages-familiers.jpg\" \/>\n\t<meta property=\"og:image:width\" content=\"640\" \/>\n\t<meta property=\"og:image:height\" content=\"480\" \/>\n\t<meta property=\"og:image:type\" content=\"image\/jpeg\" \/>\n<meta name=\"author\" content=\"Cl\u00e9ment\" \/>\n<meta name=\"twitter:card\" content=\"summary_large_image\" \/>\n<meta name=\"twitter:creator\" content=\"@FootdavantFr\" \/>\n<meta name=\"twitter:site\" content=\"@FootdavantFr\" \/>\n<meta name=\"twitter:label1\" content=\"\u00c9crit par\" \/>\n\t<meta name=\"twitter:data1\" content=\"Cl\u00e9ment\" \/>\n\t<meta name=\"twitter:label2\" content=\"Dur\u00e9e de lecture estim\u00e9e\" \/>\n\t<meta name=\"twitter:data2\" content=\"4 minutes\" \/>\n<script type=\"application\/ld+json\" class=\"yoast-schema-graph\">{\"@context\":\"https:\/\/schema.org\",\"@graph\":[{\"@type\":\"Article\",\"@id\":\"https:\/\/footdavant.fr\/actualites\/2025-26-draw-de-la-ligue-des-champions-des-visages-familiers-se-deroulent-pour-les-affrontements-de-retrouvailles\/#article\",\"isPartOf\":{\"@id\":\"https:\/\/footdavant.fr\/actualites\/2025-26-draw-de-la-ligue-des-champions-des-visages-familiers-se-deroulent-pour-les-affrontements-de-retrouvailles\/\"},\"author\":{\"name\":\"Cl\u00e9ment\",\"@id\":\"https:\/\/footdavant.fr\/actualites\/#\/schema\/person\/bc222566d95871b37e597b3ed3ba5e1d\"},\"headline\":\"2025-26 Draw de la Ligue des champions: des visages familiers se d\u00e9roulent pour les affrontements de retrouvailles\",\"datePublished\":\"2025-08-30T00:48:09+00:00\",\"dateModified\":\"2025-08-30T00:48:10+00:00\",\"mainEntityOfPage\":{\"@id\":\"https:\/\/footdavant.fr\/actualites\/2025-26-draw-de-la-ligue-des-champions-des-visages-familiers-se-deroulent-pour-les-affrontements-de-retrouvailles\/\"},\"wordCount\":799,\"publisher\":{\"@id\":\"https:\/\/footdavant.fr\/actualites\/#organization\"},\"keywords\":[\"affrontements\",\"champions\",\"d\u00e9roulent\",\"des\",\"Draw\",\"familiers\",\"les\",\"Ligue\",\"pour\",\"retrouvailles\",\"visages\"],\"articleSection\":[\"Champions League\"],\"inLanguage\":\"fr-FR\"},{\"@type\":\"WebPage\",\"@id\":\"https:\/\/footdavant.fr\/actualites\/2025-26-draw-de-la-ligue-des-champions-des-visages-familiers-se-deroulent-pour-les-affrontements-de-retrouvailles\/\",\"url\":\"https:\/\/footdavant.fr\/actualites\/2025-26-draw-de-la-ligue-des-champions-des-visages-familiers-se-deroulent-pour-les-affrontements-de-retrouvailles\/\",\"name\":\"2025-26 Draw de la Ligue des champions: des visages familiers se d\u00e9roulent pour les affrontements de retrouvailles\",\"isPartOf\":{\"@id\":\"https:\/\/footdavant.fr\/actualites\/#website\"},\"datePublished\":\"2025-08-30T00:48:09+00:00\",\"dateModified\":\"2025-08-30T00:48:10+00:00\",\"breadcrumb\":{\"@id\":\"https:\/\/footdavant.fr\/actualites\/2025-26-draw-de-la-ligue-des-champions-des-visages-familiers-se-deroulent-pour-les-affrontements-de-retrouvailles\/#breadcrumb\"},\"inLanguage\":\"fr-FR\",\"potentialAction\":[{\"@type\":\"ReadAction\",\"target\":[\"https:\/\/footdavant.fr\/actualites\/2025-26-draw-de-la-ligue-des-champions-des-visages-familiers-se-deroulent-pour-les-affrontements-de-retrouvailles\/\"]}]},{\"@type\":\"BreadcrumbList\",\"@id\":\"https:\/\/footdavant.fr\/actualites\/2025-26-draw-de-la-ligue-des-champions-des-visages-familiers-se-deroulent-pour-les-affrontements-de-retrouvailles\/#breadcrumb\",\"itemListElement\":[{\"@type\":\"ListItem\",\"position\":1,\"name\":\"Accueil\",\"item\":\"https:\/\/footdavant.fr\/actualites\/\"},{\"@type\":\"ListItem\",\"position\":2,\"name\":\"2025-26 Draw de la Ligue des champions: des visages familiers se d\u00e9roulent pour les affrontements de retrouvailles\"}]},{\"@type\":\"WebSite\",\"@id\":\"https:\/\/footdavant.fr\/actualites\/#website\",\"url\":\"https:\/\/footdavant.fr\/actualites\/\",\"name\":\"Foot d'avant\",\"description\":\"\",\"publisher\":{\"@id\":\"https:\/\/footdavant.fr\/actualites\/#organization\"},\"potentialAction\":[{\"@type\":\"SearchAction\",\"target\":{\"@type\":\"EntryPoint\",\"urlTemplate\":\"https:\/\/footdavant.fr\/actualites\/?s={search_term_string}\"},\"query-input\":\"required name=search_term_string\"}],\"inLanguage\":\"fr-FR\"},{\"@type\":\"Organization\",\"@id\":\"https:\/\/footdavant.fr\/actualites\/#organization\",\"name\":\"Foot d'avant\",\"url\":\"https:\/\/footdavant.fr\/actualites\/\",\"logo\":{\"@type\":\"ImageObject\",\"inLanguage\":\"fr-FR\",\"@id\":\"https:\/\/footdavant.fr\/actualites\/#\/schema\/logo\/image\/\",\"url\":\"https:\/\/footdavant.fr\/actualites\/wp-content\/uploads\/2023\/09\/Copy-of-FootDavant-Logo.png\",\"contentUrl\":\"https:\/\/footdavant.fr\/actualites\/wp-content\/uploads\/2023\/09\/Copy-of-FootDavant-Logo.png\",\"width\":936,\"height\":549,\"caption\":\"Foot d'avant\"},\"image\":{\"@id\":\"https:\/\/footdavant.fr\/actualites\/#\/schema\/logo\/image\/\"},\"sameAs\":[\"https:\/\/www.facebook.com\/Footdavant\/\",\"https:\/\/twitter.com\/FootdavantFr\",\"https:\/\/www.instagram.com\/footdavant.fr\/\"]},{\"@type\":\"Person\",\"@id\":\"https:\/\/footdavant.fr\/actualites\/#\/schema\/person\/bc222566d95871b37e597b3ed3ba5e1d\",\"name\":\"Cl\u00e9ment\",\"image\":{\"@type\":\"ImageObject\",\"inLanguage\":\"fr-FR\",\"@id\":\"https:\/\/footdavant.fr\/actualites\/#\/schema\/person\/image\/\",\"url\":\"https:\/\/secure.gravatar.com\/avatar\/7728b29aac2719421e1a9159b2254c44?s=96&d=mm&r=g\",\"contentUrl\":\"https:\/\/secure.gravatar.com\/avatar\/7728b29aac2719421e1a9159b2254c44?s=96&d=mm&r=g\",\"caption\":\"Cl\u00e9ment\"},\"sameAs\":[\"https:\/\/footdavant.fr\/\"]}]}<\/script>\n<!-- \/ Yoast SEO plugin. -->","yoast_head_json":{"title":"2025-26 Draw de la Ligue des champions: des visages familiers se d\u00e9roulent pour les affrontements de retrouvailles","robots":{"index":"index","follow":"follow","max-snippet":"max-snippet:-1","max-image-preview":"max-image-preview:large","max-video-preview":"max-video-preview:-1"},"canonical":"https:\/\/footdavant.fr\/actualites\/2025-26-draw-de-la-ligue-des-champions-des-visages-familiers-se-deroulent-pour-les-affrontements-de-retrouvailles\/","og_locale":"fr_FR","og_type":"article","og_title":"2025-26 Draw de la Ligue des champions: des visages familiers se d\u00e9roulent pour les affrontements de retrouvailles","og_description":"Avec les affrontements de la phase de groupes pour la Ligue des champions maintenant d\u00e9cid\u00e9s, le tournoi devrait \u00e9galement proposer des retrouvailles entre les joueurs","og_url":"https:\/\/footdavant.fr\/actualites\/2025-26-draw-de-la-ligue-des-champions-des-visages-familiers-se-deroulent-pour-les-affrontements-de-retrouvailles\/","og_site_name":"Foot d&#039;avant","article_publisher":"https:\/\/www.facebook.com\/Footdavant\/","article_published_time":"2025-08-30T00:48:09+00:00","article_modified_time":"2025-08-30T00:48:10+00:00","og_image":[{"width":640,"height":480,"url":"https:\/\/footdavant.fr\/actualites\/wp-content\/uploads\/2025\/08\/2025-26-Draw-de-la-Ligue-des-champions-des-visages-familiers.jpg","type":"image\/jpeg"}],"author":"Cl\u00e9ment","twitter_card":"summary_large_image","twitter_creator":"@FootdavantFr","twitter_site":"@FootdavantFr","twitter_misc":{"\u00c9crit par":"Cl\u00e9ment","Dur\u00e9e de lecture estim\u00e9e":"4 minutes"},"schema":{"@context":"https:\/\/schema.org","@graph":[{"@type":"Article","@id":"https:\/\/footdavant.fr\/actualites\/2025-26-draw-de-la-ligue-des-champions-des-visages-familiers-se-deroulent-pour-les-affrontements-de-retrouvailles\/#article","isPartOf":{"@id":"https:\/\/footdavant.fr\/actualites\/2025-26-draw-de-la-ligue-des-champions-des-visages-familiers-se-deroulent-pour-les-affrontements-de-retrouvailles\/"},"author":{"name":"Cl\u00e9ment","@id":"https:\/\/footdavant.fr\/actualites\/#\/schema\/person\/bc222566d95871b37e597b3ed3ba5e1d"},"headline":"2025-26 Draw de la Ligue des champions: des visages familiers se d\u00e9roulent pour les affrontements de retrouvailles","datePublished":"2025-08-30T00:48:09+00:00","dateModified":"2025-08-30T00:48:10+00:00","mainEntityOfPage":{"@id":"https:\/\/footdavant.fr\/actualites\/2025-26-draw-de-la-ligue-des-champions-des-visages-familiers-se-deroulent-pour-les-affrontements-de-retrouvailles\/"},"wordCount":799,"publisher":{"@id":"https:\/\/footdavant.fr\/actualites\/#organization"},"keywords":["affrontements","champions","d\u00e9roulent","des","Draw","familiers","les","Ligue","pour","retrouvailles","visages"],"articleSection":["Champions League"],"inLanguage":"fr-FR"},{"@type":"WebPage","@id":"https:\/\/footdavant.fr\/actualites\/2025-26-draw-de-la-ligue-des-champions-des-visages-familiers-se-deroulent-pour-les-affrontements-de-retrouvailles\/","url":"https:\/\/footdavant.fr\/actualites\/2025-26-draw-de-la-ligue-des-champions-des-visages-familiers-se-deroulent-pour-les-affrontements-de-retrouvailles\/","name":"2025-26 Draw de la Ligue des champions: des visages familiers se d\u00e9roulent pour les affrontements de retrouvailles","isPartOf":{"@id":"https:\/\/footdavant.fr\/actualites\/#website"},"datePublished":"2025-08-30T00:48:09+00:00","dateModified":"2025-08-30T00:48:10+00:00","breadcrumb":{"@id":"https:\/\/footdavant.fr\/actualites\/2025-26-draw-de-la-ligue-des-champions-des-visages-familiers-se-deroulent-pour-les-affrontements-de-retrouvailles\/#breadcrumb"},"inLanguage":"fr-FR","potentialAction":[{"@type":"ReadAction","target":["https:\/\/footdavant.fr\/actualites\/2025-26-draw-de-la-ligue-des-champions-des-visages-familiers-se-deroulent-pour-les-affrontements-de-retrouvailles\/"]}]},{"@type":"BreadcrumbList","@id":"https:\/\/footdavant.fr\/actualites\/2025-26-draw-de-la-ligue-des-champions-des-visages-familiers-se-deroulent-pour-les-affrontements-de-retrouvailles\/#breadcrumb","itemListElement":[{"@type":"ListItem","position":1,"name":"Accueil","item":"https:\/\/footdavant.fr\/actualites\/"},{"@type":"ListItem","position":2,"name":"2025-26 Draw de la Ligue des champions: des visages familiers se d\u00e9roulent pour les affrontements de retrouvailles"}]},{"@type":"WebSite","@id":"https:\/\/footdavant.fr\/actualites\/#website","url":"https:\/\/footdavant.fr\/actualites\/","name":"Foot d'avant","description":"","publisher":{"@id":"https:\/\/footdavant.fr\/actualites\/#organization"},"potentialAction":[{"@type":"SearchAction","target":{"@type":"EntryPoint","urlTemplate":"https:\/\/footdavant.fr\/actualites\/?s={search_term_string}"},"query-input":"required name=search_term_string"}],"inLanguage":"fr-FR"},{"@type":"Organization","@id":"https:\/\/footdavant.fr\/actualites\/#organization","name":"Foot d'avant","url":"https:\/\/footdavant.fr\/actualites\/","logo":{"@type":"ImageObject","inLanguage":"fr-FR","@id":"https:\/\/footdavant.fr\/actualites\/#\/schema\/logo\/image\/","url":"https:\/\/footdavant.fr\/actualites\/wp-content\/uploads\/2023\/09\/Copy-of-FootDavant-Logo.png","contentUrl":"https:\/\/footdavant.fr\/actualites\/wp-content\/uploads\/2023\/09\/Copy-of-FootDavant-Logo.png","width":936,"height":549,"caption":"Foot d'avant"},"image":{"@id":"https:\/\/footdavant.fr\/actualites\/#\/schema\/logo\/image\/"},"sameAs":["https:\/\/www.facebook.com\/Footdavant\/","https:\/\/twitter.com\/FootdavantFr","https:\/\/www.instagram.com\/footdavant.fr\/"]},{"@type":"Person","@id":"https:\/\/footdavant.fr\/actualites\/#\/schema\/person\/bc222566d95871b37e597b3ed3ba5e1d","name":"Cl\u00e9ment","image":{"@type":"ImageObject","inLanguage":"fr-FR","@id":"https:\/\/footdavant.fr\/actualites\/#\/schema\/person\/image\/","url":"https:\/\/secure.gravatar.com\/avatar\/7728b29aac2719421e1a9159b2254c44?s=96&d=mm&r=g","contentUrl":"https:\/\/secure.gravatar.com\/avatar\/7728b29aac2719421e1a9159b2254c44?s=96&d=mm&r=g","caption":"Cl\u00e9ment"},"sameAs":["https:\/\/footdavant.fr\/"]}]}},"_links":{"self":[{"href":"https:\/\/footdavant.fr\/actualites\/wp-json\/wp\/v2\/posts\/27899"}],"collection":[{"href":"https:\/\/footdavant.fr\/actualites\/wp-json\/wp\/v2\/posts"}],"about":[{"href":"https:\/\/footdavant.fr\/actualites\/wp-json\/wp\/v2\/types\/post"}],"author":[{"embeddable":true,"href":"https:\/\/footdavant.fr\/actualites\/wp-json\/wp\/v2\/users\/1"}],"replies":[{"embeddable":true,"href":"https:\/\/footdavant.fr\/actualites\/wp-json\/wp\/v2\/comments?post=27899"}],"version-history":[{"count":1,"href":"https:\/\/footdavant.fr\/actualites\/wp-json\/wp\/v2\/posts\/27899\/revisions"}],"predecessor-version":[{"id":27901,"href":"https:\/\/footdavant.fr\/actualites\/wp-json\/wp\/v2\/posts\/27899\/revisions\/27901"}],"wp:featuredmedia":[{"embeddable":true,"href":"https:\/\/footdavant.fr\/actualites\/wp-json\/wp\/v2\/media\/27900"}],"wp:attachment":[{"href":"https:\/\/footdavant.fr\/actualites\/wp-json\/wp\/v2\/media?parent=27899"}],"wp:term":[{"taxonomy":"category","embeddable":true,"href":"https:\/\/footdavant.fr\/actualites\/wp-json\/wp\/v2\/categories?post=27899"},{"taxonomy":"post_tag","embeddable":true,"href":"https:\/\/footdavant.fr\/actualites\/wp-json\/wp\/v2\/tags?post=27899"}],"curies":[{"name":"wp","href":"https:\/\/api.w.org\/{rel}","templated":true}]}}