{"id":2792,"date":"2023-12-20T14:50:43","date_gmt":"2023-12-20T13:50:43","guid":{"rendered":"https:\/\/footdavant.fr\/actualites\/pas-de-mais-avec-declan-rice-mais\/"},"modified":"2023-12-20T14:50:44","modified_gmt":"2023-12-20T13:50:44","slug":"pas-de-mais-avec-declan-rice-mais","status":"publish","type":"post","link":"https:\/\/footdavant.fr\/actualites\/pas-de-mais-avec-declan-rice-mais\/","title":{"rendered":"Pas de \u00ab mais \u00bb avec Declan Rice, mais\u2026"},"content":{"rendered":"<div>\n<p>Matin.<\/p>\n<p>Comme la plupart d&rsquo;entre vous, j&rsquo;en suis s\u00fbr, j&rsquo;ai \u00e9t\u00e9 extr\u00eamement impressionn\u00e9 par la performance de Declan Rice contre Brighton dimanche.  Dire que ce joueur a d\u00e9pass\u00e9 mes attentes depuis son arriv\u00e9e de West Ham est un euph\u00e9misme.  Je savais qu&rsquo;il \u00e9tait bon, je n&rsquo;avais pas vraiment r\u00e9alis\u00e9 qu&rsquo;il l&rsquo;\u00e9tait <em>que<\/em> bien.<\/p>\n<p>Le fait qu&rsquo;il ait surv\u00e9cu \u00e0 la maladie de la veille a rendu la situation encore plus impressionnante, car il n&rsquo;aurait jamais pu \u00eatre \u00e0 100 %.  Pourtant, ses 80 % ou quoi que ce soit, \u00e9taient suffisants pour jouer comme il l\u2019a fait.  Sa qualit\u00e9 technique est \u00e9vidente et sa fa\u00e7on de lire le jeu est presque inqui\u00e9tante.  Vous connaissez le chemin dans un film quand quelqu&rsquo;un est poursuivi \u00e0 travers une for\u00eat et qu&rsquo;il court en regardant derri\u00e8re lui parce que c&rsquo;est de l\u00e0 qu&rsquo;il fuit, et puis tout d&rsquo;un coup, la personne \u00e0 laquelle il essaie de s&rsquo;\u00e9chapper se trouve juste devant. d&rsquo;eux d&rsquo;une mani\u00e8re ou d&rsquo;une autre (licence cin\u00e9matographique !) ?  C&rsquo;est ce que \u00e7a doit \u00eatre de jouer au milieu de terrain contre Declan Rice.<\/p>\n<p>Vous pensez que vous allez r\u00e9cup\u00e9rer le ballon, ou r\u00e9aliser le plaquage, mais\u2026 bam\u2026 Declan Rice est l\u00e0.  Ou bien il n&rsquo;est pas l\u00e0 parce que maintenant il descend l&rsquo;aile parce qu&rsquo;il a juste envie de se d\u00e9gourdir un peu les jambes.  Nous pouvons tous voir et ooh et aaah ces choses, mais non seulement on a l&rsquo;impression qu&rsquo;il a amen\u00e9 le milieu de terrain \u00e0 un nouveau niveau, mais il a apport\u00e9 quelque chose de plus en termes de caract\u00e8re.<\/p>\n<p>Arsenal avait cruellement besoin de Declan Rice dimanche.  Il \u00e9tait le seul milieu de terrain central en forme, du moins le seul \u00e0 pouvoir jouer dans cette position profonde, et il s&rsquo;est surpass\u00e9 malgr\u00e9 la maladie qui le troublait pour aider l&rsquo;\u00e9quipe.  S&rsquo;il avait eu un jour de cong\u00e9, vous pourriez comprendre \u00e7a.  S\u2019il jouait d\u2019une mani\u00e8re qui l\u2019aidait \u00e0 \u00e9conomiser son \u00e9nergie, peut-\u00eatre de mani\u00e8re un peu plus conservatrice, vous pourriez \u00e9galement le comprendre.  Mais un jour o\u00f9 des joueurs comme Martin Odegaard et Gabriel Jesus \u00e9taient absolument brillants, il \u00e9tait tout aussi bon.<\/p>\n<p>Lorsqu&rsquo;Emile Smith Rowe a eu une occasion \u00e0 la 93e minute, c&rsquo;est apr\u00e8s que Rice se soit battu pour r\u00e9cup\u00e9rer le ballon en haut du terrain, combattant un adversaire pour en prendre possession, puis centrant pour Leandro Trossard qui se dirigeait vers notre num\u00e9ro 10. C&rsquo;\u00e9tait 2-0.  La partie \u00e9tait gagn\u00e9e.  Il avait op\u00e9r\u00e9 un changement monumental, mais il s\u2019effor\u00e7ait de faire en sorte que quelque chose de positif se produise.  Cela en dit long sur le type de joueur qu\u2019il est.<\/p>\n<\/p>\n<p>Tout ce qui pr\u00e9c\u00e8de donne l\u2019impression qu\u2019il y a un \u00ab mais \u00bb \u00e0 venir, et bien s\u00fbr il y en a un.  Pas \u00e0 propos de Declan Rice cependant.  Il est officiellement une zone mais libre.  Il s&rsquo;agit de qui nous avons autour de lui et de leur disponibilit\u00e9.  Dimanche, Jorginho \u00e9tait absent \u00e0 cause d&rsquo;un \u00ab\u00a0probl\u00e8me au pied\u00a0\u00bb, et pour l&rsquo;instant nous ne savons pas combien de temps cela pourrait l&#8217;emp\u00eacher d&rsquo;\u00eatre absent.  Esp\u00e9rons que ce ne soit pas trop long, et c&rsquo;est un joueur dont le bilan de blessures ne serait pas une pr\u00e9occupation majeure.<\/p>\n<p><img loading=\"lazy\" decoding=\"async\" class=\"alignnone size-full wp-image-42954\" src=\"https:\/\/footdavant.fr\/actualites\/wp-content\/uploads\/2023\/12\/Pas-de-mais-avec-Declan-Rice-mais\u2026.png\" alt=\"\" width=\"1370\" height=\"398\"  ><\/p>\n<p>Je me rends compte qu&rsquo;il existe des diff\u00e9rences significatives de style, etc. entre l&rsquo;international italien et Rice, mais je pense que c&rsquo;est vrai pour toute comparaison impliquant l&rsquo;un des meilleurs joueurs de la Premier League.  Je ne suis pas aussi d\u00e9\u00e7u de Jorginho que certains, et bien qu&rsquo;il y ait quelques faiblesses dans son jeu, il est suffisamment exp\u00e9riment\u00e9 et suffisamment intelligent pour que celles-ci ne soient pas expos\u00e9es trop souvent.  J&rsquo;esp\u00e8re donc qu&rsquo;il sera bient\u00f4t de retour dans le giron.<\/p>\n<p>Mais au-del\u00e0 de cela, nous avons une r\u00e9flexion \u00e0 mener.  Mohamed Elneny a un probl\u00e8me aux ischio-jambiers, ce qui n&rsquo;est peut-\u00eatre pas surprenant \u00e9tant donn\u00e9 qu&rsquo;il est absent depuis si longtemps, mais s&rsquo;il y a une baisse entre Rice et Jorginho, c&rsquo;est encore plus \u00e9vident dans le cas d&rsquo;Elneny.  C&rsquo;est un personnage formidable et un gars tr\u00e8s volontaire, mais c&rsquo;est aussi l&rsquo;essence m\u00eame d&rsquo;un joueur d&rsquo;\u00e9quipe \u00e0 ce stade.  Son avenir est s\u00fbrement ailleurs en cette fin de saison.<\/p>\n<p>Quant \u00e0 Thomas Partey, \u00e0 son \u00e9poque, il est toujours un joueur tr\u00e8s accompli, mais son bilan de blessures ne vous inspirerait pas beaucoup de confiance.  Nous n&rsquo;avons pas eu de tels jours depuis un certain temps, sa forme de fin de saison lors de la derni\u00e8re campagne \u00e9tait \u00e9pouvantable.  Il sera peut-\u00eatre bient\u00f4t de retour, mais m\u00eame s&rsquo;il l&rsquo;est, il participera \u00e0 la CAN en janvier.  Cela ne prendra peut-\u00eatre que quelques semaines, mais cela s&rsquo;ajoute \u00e0 la partie d\u00e9j\u00e0 importante de la saison qu&rsquo;il aura manqu\u00e9e.  Sa propension \u00e0 tomber en fin de saison doit \u00e9galement \u00eatre inqui\u00e9tante, m\u00eame si peut-\u00eatre que cette fois-ci, le fait qu&rsquo;il soit \u00e0 peine fatigu\u00e9 puisse jouer en notre faveur.<\/p>\n<p>C\u2019est-\u00e0-dire que malgr\u00e9 toutes les discussions sur l\u2019achat d\u2019un attaquant par Arsenal lors du mercato de janvier, je pense que je me sentirais beaucoup plus \u00e0 l\u2019aise avec un milieu de terrain central.  Si vous le pr\u00e9sentez ainsi, je pense que cela montre tr\u00e8s clairement o\u00f9 une bonne signature pourrait faire une r\u00e9elle diff\u00e9rence.<\/p>\n<p>: Gabriel Jesus, Bukayo Saka, Gabriel Martinelli, Eddie Nketiah, Reiss Nelson, Leandro Trossard, Kai Havertz, Emile Smith Rowe<\/p>\n<p>: Declan Rice, Jorginho, Mohamed Elneny, Thomas Partey<\/p>\n<p>Il existe toujours des moyens de remanier une \u00e9quipe pour faire face \u00e0 court terme.  Oleksandr Zinchenko peut jouer au milieu de terrain, Jakub Kiwior a jou\u00e9 en tant que DM au cours de sa carri\u00e8re, bien que sporadiquement, mais au d\u00e9but de la seconde moiti\u00e9 de cette saison, je pr\u00e9f\u00e9rerais de loin un ajout au milieu de terrain \u00e0 un attaquant.  Ce qui ne veut pas dire que je ne pense pas que nous puissions nous am\u00e9liorer devant, mais dimanche, nous avions Myles Lewis-Skelly, 17 ans, sur le banc comme seul milieu de terrain, et ce n&rsquo;est pas une situation dans laquelle nous pouvons fermer les yeux. attention lorsque nous nous effor\u00e7ons de remporter le titre apr\u00e8s si longtemps.  N&rsquo;ignorons pas non plus le fait que l&rsquo;entra\u00eeneur a litt\u00e9ralement jou\u00e9 contre Rice en d\u00e9fense centrale la semaine derni\u00e8re pour voir comment il pourrait s&rsquo;y int\u00e9grer, donc si ce sc\u00e9nario se r\u00e9alisait, nous serions encore plus l\u00e9gers au milieu.<\/p>\n<p>Je ne sais pas quels sont les projets pour janvier, ni qui pourrait \u00eatre disponible et qui correspondrait \u00e0 notre strat\u00e9gie de recrutement, mais j&rsquo;esp\u00e8re que les rumeurs concernant des accords invraisemblables pour un avant-centre sont plus un \u00e9cran de fum\u00e9e que la r\u00e9alit\u00e9, car je pense que notre les besoins sont plus pressants ailleurs.<\/p>\n<p>Bon, restons-en l\u00e0 pour l&rsquo;instant.  Merci comme toujours d&rsquo;avoir lu, plus ici demain.<\/p>\n<\/div>\n","protected":false},"excerpt":{"rendered":"<p>Matin. Comme la plupart d&rsquo;entre vous, j&rsquo;en suis s\u00fbr, j&rsquo;ai \u00e9t\u00e9 extr\u00eamement impressionn\u00e9 par la performance de Declan Rice contre Brighton dimanche. Dire que ce<\/p>\n","protected":false},"author":1,"featured_media":2793,"comment_status":"closed","ping_status":"","sticky":false,"template":"","format":"standard","meta":{"footnotes":""},"categories":[3],"tags":[91,1336,365,71,1337],"yoast_head":"<!-- This site is optimized with the Yoast SEO plugin v21.0 - https:\/\/yoast.com\/wordpress\/plugins\/seo\/ -->\n<title>Pas de \u00ab mais \u00bb avec Declan Rice, mais\u2026<\/title>\n<meta name=\"robots\" content=\"index, follow, max-snippet:-1, max-image-preview:large, max-video-preview:-1\" \/>\n<link rel=\"canonical\" href=\"https:\/\/footdavant.fr\/actualites\/pas-de-mais-avec-declan-rice-mais\/\" \/>\n<meta property=\"og:locale\" content=\"fr_FR\" \/>\n<meta property=\"og:type\" content=\"article\" \/>\n<meta property=\"og:title\" content=\"Pas de \u00ab mais \u00bb avec Declan Rice, mais\u2026\" \/>\n<meta property=\"og:description\" content=\"Matin. Comme la plupart d&rsquo;entre vous, j&rsquo;en suis s\u00fbr, j&rsquo;ai \u00e9t\u00e9 extr\u00eamement impressionn\u00e9 par la performance de Declan Rice contre Brighton dimanche. Dire que ce\" \/>\n<meta property=\"og:url\" content=\"https:\/\/footdavant.fr\/actualites\/pas-de-mais-avec-declan-rice-mais\/\" \/>\n<meta property=\"og:site_name\" content=\"Foot d&#039;avant\" \/>\n<meta property=\"article:publisher\" content=\"https:\/\/www.facebook.com\/Footdavant\/\" \/>\n<meta property=\"article:published_time\" content=\"2023-12-20T13:50:43+00:00\" \/>\n<meta property=\"article:modified_time\" content=\"2023-12-20T13:50:44+00:00\" \/>\n<meta property=\"og:image\" content=\"https:\/\/footdavant.fr\/actualites\/wp-content\/uploads\/2023\/12\/1703080243_Pas-de-mais-avec-Declan-Rice-mais\u2026.jpg\" \/>\n\t<meta property=\"og:image:width\" content=\"1500\" \/>\n\t<meta property=\"og:image:height\" content=\"750\" \/>\n\t<meta property=\"og:image:type\" content=\"image\/jpeg\" \/>\n<meta name=\"author\" content=\"Cl\u00e9ment\" \/>\n<meta name=\"twitter:card\" content=\"summary_large_image\" \/>\n<meta name=\"twitter:creator\" content=\"@FootdavantFr\" \/>\n<meta name=\"twitter:site\" content=\"@FootdavantFr\" \/>\n<meta name=\"twitter:label1\" content=\"\u00c9crit par\" \/>\n\t<meta name=\"twitter:data1\" content=\"Cl\u00e9ment\" \/>\n\t<meta name=\"twitter:label2\" content=\"Dur\u00e9e de lecture estim\u00e9e\" \/>\n\t<meta name=\"twitter:data2\" content=\"6 minutes\" \/>\n<script type=\"application\/ld+json\" class=\"yoast-schema-graph\">{\"@context\":\"https:\/\/schema.org\",\"@graph\":[{\"@type\":\"Article\",\"@id\":\"https:\/\/footdavant.fr\/actualites\/pas-de-mais-avec-declan-rice-mais\/#article\",\"isPartOf\":{\"@id\":\"https:\/\/footdavant.fr\/actualites\/pas-de-mais-avec-declan-rice-mais\/\"},\"author\":{\"name\":\"Cl\u00e9ment\",\"@id\":\"https:\/\/footdavant.fr\/actualites\/#\/schema\/person\/bc222566d95871b37e597b3ed3ba5e1d\"},\"headline\":\"Pas de \u00ab mais \u00bb avec Declan Rice, mais\u2026\",\"datePublished\":\"2023-12-20T13:50:43+00:00\",\"dateModified\":\"2023-12-20T13:50:44+00:00\",\"mainEntityOfPage\":{\"@id\":\"https:\/\/footdavant.fr\/actualites\/pas-de-mais-avec-declan-rice-mais\/\"},\"wordCount\":1196,\"publisher\":{\"@id\":\"https:\/\/footdavant.fr\/actualites\/#organization\"},\"keywords\":[\"avec\",\"Declan\",\"mais\",\"pas\",\"Rice\"],\"articleSection\":[\"Football\"],\"inLanguage\":\"fr-FR\"},{\"@type\":\"WebPage\",\"@id\":\"https:\/\/footdavant.fr\/actualites\/pas-de-mais-avec-declan-rice-mais\/\",\"url\":\"https:\/\/footdavant.fr\/actualites\/pas-de-mais-avec-declan-rice-mais\/\",\"name\":\"Pas de \u00ab mais \u00bb avec Declan Rice, mais\u2026\",\"isPartOf\":{\"@id\":\"https:\/\/footdavant.fr\/actualites\/#website\"},\"datePublished\":\"2023-12-20T13:50:43+00:00\",\"dateModified\":\"2023-12-20T13:50:44+00:00\",\"breadcrumb\":{\"@id\":\"https:\/\/footdavant.fr\/actualites\/pas-de-mais-avec-declan-rice-mais\/#breadcrumb\"},\"inLanguage\":\"fr-FR\",\"potentialAction\":[{\"@type\":\"ReadAction\",\"target\":[\"https:\/\/footdavant.fr\/actualites\/pas-de-mais-avec-declan-rice-mais\/\"]}]},{\"@type\":\"BreadcrumbList\",\"@id\":\"https:\/\/footdavant.fr\/actualites\/pas-de-mais-avec-declan-rice-mais\/#breadcrumb\",\"itemListElement\":[{\"@type\":\"ListItem\",\"position\":1,\"name\":\"Accueil\",\"item\":\"https:\/\/footdavant.fr\/actualites\/\"},{\"@type\":\"ListItem\",\"position\":2,\"name\":\"Pas de \u00ab mais \u00bb avec Declan Rice, mais\u2026\"}]},{\"@type\":\"WebSite\",\"@id\":\"https:\/\/footdavant.fr\/actualites\/#website\",\"url\":\"https:\/\/footdavant.fr\/actualites\/\",\"name\":\"Foot d'avant\",\"description\":\"\",\"publisher\":{\"@id\":\"https:\/\/footdavant.fr\/actualites\/#organization\"},\"potentialAction\":[{\"@type\":\"SearchAction\",\"target\":{\"@type\":\"EntryPoint\",\"urlTemplate\":\"https:\/\/footdavant.fr\/actualites\/?s={search_term_string}\"},\"query-input\":\"required name=search_term_string\"}],\"inLanguage\":\"fr-FR\"},{\"@type\":\"Organization\",\"@id\":\"https:\/\/footdavant.fr\/actualites\/#organization\",\"name\":\"Foot d'avant\",\"url\":\"https:\/\/footdavant.fr\/actualites\/\",\"logo\":{\"@type\":\"ImageObject\",\"inLanguage\":\"fr-FR\",\"@id\":\"https:\/\/footdavant.fr\/actualites\/#\/schema\/logo\/image\/\",\"url\":\"https:\/\/footdavant.fr\/actualites\/wp-content\/uploads\/2023\/09\/Copy-of-FootDavant-Logo.png\",\"contentUrl\":\"https:\/\/footdavant.fr\/actualites\/wp-content\/uploads\/2023\/09\/Copy-of-FootDavant-Logo.png\",\"width\":936,\"height\":549,\"caption\":\"Foot d'avant\"},\"image\":{\"@id\":\"https:\/\/footdavant.fr\/actualites\/#\/schema\/logo\/image\/\"},\"sameAs\":[\"https:\/\/www.facebook.com\/Footdavant\/\",\"https:\/\/twitter.com\/FootdavantFr\",\"https:\/\/www.instagram.com\/footdavant.fr\/\"]},{\"@type\":\"Person\",\"@id\":\"https:\/\/footdavant.fr\/actualites\/#\/schema\/person\/bc222566d95871b37e597b3ed3ba5e1d\",\"name\":\"Cl\u00e9ment\",\"image\":{\"@type\":\"ImageObject\",\"inLanguage\":\"fr-FR\",\"@id\":\"https:\/\/footdavant.fr\/actualites\/#\/schema\/person\/image\/\",\"url\":\"https:\/\/secure.gravatar.com\/avatar\/7728b29aac2719421e1a9159b2254c44?s=96&d=mm&r=g\",\"contentUrl\":\"https:\/\/secure.gravatar.com\/avatar\/7728b29aac2719421e1a9159b2254c44?s=96&d=mm&r=g\",\"caption\":\"Cl\u00e9ment\"},\"sameAs\":[\"https:\/\/footdavant.fr\/\"]}]}<\/script>\n<!-- \/ Yoast SEO plugin. -->","yoast_head_json":{"title":"Pas de \u00ab mais \u00bb avec Declan Rice, mais\u2026","robots":{"index":"index","follow":"follow","max-snippet":"max-snippet:-1","max-image-preview":"max-image-preview:large","max-video-preview":"max-video-preview:-1"},"canonical":"https:\/\/footdavant.fr\/actualites\/pas-de-mais-avec-declan-rice-mais\/","og_locale":"fr_FR","og_type":"article","og_title":"Pas de \u00ab mais \u00bb avec Declan Rice, mais\u2026","og_description":"Matin. Comme la plupart d&rsquo;entre vous, j&rsquo;en suis s\u00fbr, j&rsquo;ai \u00e9t\u00e9 extr\u00eamement impressionn\u00e9 par la performance de Declan Rice contre Brighton dimanche. Dire que ce","og_url":"https:\/\/footdavant.fr\/actualites\/pas-de-mais-avec-declan-rice-mais\/","og_site_name":"Foot d&#039;avant","article_publisher":"https:\/\/www.facebook.com\/Footdavant\/","article_published_time":"2023-12-20T13:50:43+00:00","article_modified_time":"2023-12-20T13:50:44+00:00","og_image":[{"width":1500,"height":750,"url":"https:\/\/footdavant.fr\/actualites\/wp-content\/uploads\/2023\/12\/1703080243_Pas-de-mais-avec-Declan-Rice-mais\u2026.jpg","type":"image\/jpeg"}],"author":"Cl\u00e9ment","twitter_card":"summary_large_image","twitter_creator":"@FootdavantFr","twitter_site":"@FootdavantFr","twitter_misc":{"\u00c9crit par":"Cl\u00e9ment","Dur\u00e9e de lecture estim\u00e9e":"6 minutes"},"schema":{"@context":"https:\/\/schema.org","@graph":[{"@type":"Article","@id":"https:\/\/footdavant.fr\/actualites\/pas-de-mais-avec-declan-rice-mais\/#article","isPartOf":{"@id":"https:\/\/footdavant.fr\/actualites\/pas-de-mais-avec-declan-rice-mais\/"},"author":{"name":"Cl\u00e9ment","@id":"https:\/\/footdavant.fr\/actualites\/#\/schema\/person\/bc222566d95871b37e597b3ed3ba5e1d"},"headline":"Pas de \u00ab mais \u00bb avec Declan Rice, mais\u2026","datePublished":"2023-12-20T13:50:43+00:00","dateModified":"2023-12-20T13:50:44+00:00","mainEntityOfPage":{"@id":"https:\/\/footdavant.fr\/actualites\/pas-de-mais-avec-declan-rice-mais\/"},"wordCount":1196,"publisher":{"@id":"https:\/\/footdavant.fr\/actualites\/#organization"},"keywords":["avec","Declan","mais","pas","Rice"],"articleSection":["Football"],"inLanguage":"fr-FR"},{"@type":"WebPage","@id":"https:\/\/footdavant.fr\/actualites\/pas-de-mais-avec-declan-rice-mais\/","url":"https:\/\/footdavant.fr\/actualites\/pas-de-mais-avec-declan-rice-mais\/","name":"Pas de \u00ab mais \u00bb avec Declan Rice, mais\u2026","isPartOf":{"@id":"https:\/\/footdavant.fr\/actualites\/#website"},"datePublished":"2023-12-20T13:50:43+00:00","dateModified":"2023-12-20T13:50:44+00:00","breadcrumb":{"@id":"https:\/\/footdavant.fr\/actualites\/pas-de-mais-avec-declan-rice-mais\/#breadcrumb"},"inLanguage":"fr-FR","potentialAction":[{"@type":"ReadAction","target":["https:\/\/footdavant.fr\/actualites\/pas-de-mais-avec-declan-rice-mais\/"]}]},{"@type":"BreadcrumbList","@id":"https:\/\/footdavant.fr\/actualites\/pas-de-mais-avec-declan-rice-mais\/#breadcrumb","itemListElement":[{"@type":"ListItem","position":1,"name":"Accueil","item":"https:\/\/footdavant.fr\/actualites\/"},{"@type":"ListItem","position":2,"name":"Pas de \u00ab mais \u00bb avec Declan Rice, mais\u2026"}]},{"@type":"WebSite","@id":"https:\/\/footdavant.fr\/actualites\/#website","url":"https:\/\/footdavant.fr\/actualites\/","name":"Foot d'avant","description":"","publisher":{"@id":"https:\/\/footdavant.fr\/actualites\/#organization"},"potentialAction":[{"@type":"SearchAction","target":{"@type":"EntryPoint","urlTemplate":"https:\/\/footdavant.fr\/actualites\/?s={search_term_string}"},"query-input":"required name=search_term_string"}],"inLanguage":"fr-FR"},{"@type":"Organization","@id":"https:\/\/footdavant.fr\/actualites\/#organization","name":"Foot d'avant","url":"https:\/\/footdavant.fr\/actualites\/","logo":{"@type":"ImageObject","inLanguage":"fr-FR","@id":"https:\/\/footdavant.fr\/actualites\/#\/schema\/logo\/image\/","url":"https:\/\/footdavant.fr\/actualites\/wp-content\/uploads\/2023\/09\/Copy-of-FootDavant-Logo.png","contentUrl":"https:\/\/footdavant.fr\/actualites\/wp-content\/uploads\/2023\/09\/Copy-of-FootDavant-Logo.png","width":936,"height":549,"caption":"Foot d'avant"},"image":{"@id":"https:\/\/footdavant.fr\/actualites\/#\/schema\/logo\/image\/"},"sameAs":["https:\/\/www.facebook.com\/Footdavant\/","https:\/\/twitter.com\/FootdavantFr","https:\/\/www.instagram.com\/footdavant.fr\/"]},{"@type":"Person","@id":"https:\/\/footdavant.fr\/actualites\/#\/schema\/person\/bc222566d95871b37e597b3ed3ba5e1d","name":"Cl\u00e9ment","image":{"@type":"ImageObject","inLanguage":"fr-FR","@id":"https:\/\/footdavant.fr\/actualites\/#\/schema\/person\/image\/","url":"https:\/\/secure.gravatar.com\/avatar\/7728b29aac2719421e1a9159b2254c44?s=96&d=mm&r=g","contentUrl":"https:\/\/secure.gravatar.com\/avatar\/7728b29aac2719421e1a9159b2254c44?s=96&d=mm&r=g","caption":"Cl\u00e9ment"},"sameAs":["https:\/\/footdavant.fr\/"]}]}},"_links":{"self":[{"href":"https:\/\/footdavant.fr\/actualites\/wp-json\/wp\/v2\/posts\/2792"}],"collection":[{"href":"https:\/\/footdavant.fr\/actualites\/wp-json\/wp\/v2\/posts"}],"about":[{"href":"https:\/\/footdavant.fr\/actualites\/wp-json\/wp\/v2\/types\/post"}],"author":[{"embeddable":true,"href":"https:\/\/footdavant.fr\/actualites\/wp-json\/wp\/v2\/users\/1"}],"replies":[{"embeddable":true,"href":"https:\/\/footdavant.fr\/actualites\/wp-json\/wp\/v2\/comments?post=2792"}],"version-history":[{"count":1,"href":"https:\/\/footdavant.fr\/actualites\/wp-json\/wp\/v2\/posts\/2792\/revisions"}],"predecessor-version":[{"id":2794,"href":"https:\/\/footdavant.fr\/actualites\/wp-json\/wp\/v2\/posts\/2792\/revisions\/2794"}],"wp:featuredmedia":[{"embeddable":true,"href":"https:\/\/footdavant.fr\/actualites\/wp-json\/wp\/v2\/media\/2793"}],"wp:attachment":[{"href":"https:\/\/footdavant.fr\/actualites\/wp-json\/wp\/v2\/media?parent=2792"}],"wp:term":[{"taxonomy":"category","embeddable":true,"href":"https:\/\/footdavant.fr\/actualites\/wp-json\/wp\/v2\/categories?post=2792"},{"taxonomy":"post_tag","embeddable":true,"href":"https:\/\/footdavant.fr\/actualites\/wp-json\/wp\/v2\/tags?post=2792"}],"curies":[{"name":"wp","href":"https:\/\/api.w.org\/{rel}","templated":true}]}}