{"id":27978,"date":"2025-09-01T03:48:09","date_gmt":"2025-09-01T01:48:09","guid":{"rendered":"https:\/\/footdavant.fr\/actualites\/manchester-united-transfer-news-unai-emery-exhorte-les-fans-a-voir-demain-si-emiliano-martinez-sera-un-joueur-daston-villa\/"},"modified":"2025-09-01T03:48:10","modified_gmt":"2025-09-01T01:48:10","slug":"manchester-united-transfer-news-unai-emery-exhorte-les-fans-a-voir-demain-si-emiliano-martinez-sera-un-joueur-daston-villa","status":"publish","type":"post","link":"https:\/\/footdavant.fr\/actualites\/manchester-united-transfer-news-unai-emery-exhorte-les-fans-a-voir-demain-si-emiliano-martinez-sera-un-joueur-daston-villa\/","title":{"rendered":"Manchester United Transfer News: Unai Emery exhorte les fans \u00e0 \u00ab\u00a0voir demain\u00a0\u00bb si Emiliano Martinez sera un joueur d&#39;Aston Villa"},"content":{"rendered":"<p>Manchester United a \u00e9t\u00e9 li\u00e9 au gardien d&#39;Aston Villa Emiliano Martinez, et Unai Emery fournit une mise \u00e0 jour sur l&#39;avenir de Shot-Stopper.<\/p>\n<div id=\"article_body\" itemprop=\"articleBody\">\n<h3 class=\"firstPara\"><\/h3>\n<p><strong class=\"autotag\">Aston Villa Boss <strong class=\"autotag\">Unai Emery a admis qu&#39;il ne savait pas si <strong class=\"autotag\">Emiliano Martinez<b> <\/b>sera au club apr\u00e8s la date limite de transfert de lundi au milieu de l&#39;int\u00e9r\u00eat de <strong class=\"autotag\">Manchester United.<\/p>\n<p>Les Red Devils ont commenc\u00e9 leur saison de mauvaise mode, en remportant un, en tirant un et en perdant deux de leurs quatre matchs toutes comp\u00e9titions en 2025-2010.<\/p>\n<p>Entra\u00eeneur-chef <strong class=\"autotag\">Ruben Amorim a jusqu&#39;\u00e0 pr\u00e9sent utilis\u00e9 le gardien de but <strong class=\"autotag\">Altay Bayindir en Premier League \u00e0 la place de <strong class=\"autotag\">Andre Onana, mais le coup de tir n&#39;a jusqu&#39;\u00e0 pr\u00e9sent pas r\u00e9ussi \u00e0 impressionner.<\/p>\n<p>United a \u00e9t\u00e9 li\u00e9 \u00e0 la signature de Martinez, et l&#39;Argentin n&#39;\u00e9tait pas dans l&#39;\u00e9quipe de Villa qui a perdu contre Crystal Palace dimanche, avec des sp\u00e9culations concernant une sortie \u00e0 Old Trafford.<\/p>\n<p>Emery n&#39;a pas pu donner un verdict d\u00e9finitif sur l&#39;avenir de Martinez, disant aux journalistes: \u00ab\u00a0Nous verrons demain. Je ne peux rien en dire plus. Je ne sais pas, c&#39;est la r\u00e9alit\u00e9. Nous verrons demain. Cela ne nous aide pas. L&#39;une des circonstances n&#39;aide pas.\u00a0\u00bb<\/p>\n<p>United devra agir rapidement s&#39;ils veulent signer le gardien de but \u00e9tant donn\u00e9 que la fen\u00eatre de transfert se terminera \u00e0 19 heures lundi.<\/p>\n<p class=\"imgI\">\n<h2>Martinez peut-il obtenir le football de Manchester United Champions League?<\/h2>\n<p>Manchester United s&#39;est concentr\u00e9 sur la reconstruction des rangs offensifs de son \u00e9quipe, amenant <strong class=\"autotag\">Bryan Mbeumo, <strong class=\"autotag\">Matheus Cunha et <strong class=\"autotag\">Benjamin Sesko pour pr\u00e8s de 200 millions de livres sterling.<\/p>\n<p>Malgr\u00e9 les d\u00e9penses du club \u00e0 l&#39;avance, l&#39;\u00e9chec de renforcement dans d&#39;autres domaines a d\u00e9j\u00e0 co\u00fbt\u00e9 au club ce terme.<\/p>\n<p>Onana \u00e9tait en faute du deuxi\u00e8me but de Grimsby Town lorsque les Red Devils ont \u00e9t\u00e9 \u00e9limin\u00e9s mercredi de la Coupe EFL.<\/p>\n<p>Bayindir a eu du mal \u00e0 faire face \u00e0 un coin qui a conduit au but gagnant d&#39;Arsenal lors du match d&#39;ouverture du club de la saison de Premier League, et \u00e9tant donn\u00e9 qu&#39;ils n&#39;ont perdu que 1-0, la responsabilit\u00e9 de la d\u00e9faite se trouvait sans doute aux pieds du tir.<\/p>\n<p>Bien qu&#39;il soit difficile de dire avec certitude si Martinez peut \u00e9lever unie \u00e0 la Ligue des champions, l&#39;ajout d&#39;un gardien de but est sans aucun doute n\u00e9cessaire.<\/p>\n<p class=\"imgI\"><img decoding=\"async\" alt=\"Emiliano Martinez d&#39;Aston Villa fait des gestes le 2 octobre 2024\" class=\"vanilla-lazyload article-image\" src=\"https:\/\/footdavant.fr\/actualites\/wp-content\/uploads\/2025\/09\/Manchester-United-Transfer-News-Unai-Emery-exhorte-les-fans-a.jpg\"><\/p>\n<h2>Ruben Amorim fait-il une erreur dans la fen\u00eatre de transfert d&#39;\u00e9t\u00e9?<\/h2>\n<p>United a une histoire de signature des joueurs apr\u00e8s le sommet de leurs pouvoirs, avec des go\u00fbts <strong class=\"autotag\">Casemiro a ajout\u00e9 \u00e0 l&#39;\u00e9quipe malgr\u00e9 le risque de d\u00e9clin.<\/p>\n<p>Martinez aura 33 ans le 2 septembre, et bien que les gardiens de but puissent avoir une carri\u00e8re prolong\u00e9e au plus haut niveau, le tir de villa \u00e9tait plus sujet aux erreurs en 2024-25.<\/p>\n<p>Si United peut signer le v\u00e9t\u00e9ran moyennant des frais raisonnables, peut-\u00eatre que l&#39;acquisition de Martinez pourrait \u00eatre justifi\u00e9e, mais Amorim doit s&#39;assurer que le gardien de but peut toujours contribuer de mani\u00e8re significative avant de sanctionner une vente afin d&#39;\u00e9viter un examen plus approfondi.<\/p>\n<div class=\"author_box\">\n<div class=\"author_box_banner\"> <img decoding=\"async\" class=\"author_img\" src=\"https:\/\/footdavant.fr\/actualites\/wp-content\/uploads\/2025\/06\/1750629048_353_Nico-Williams-le-plus-tard-en-tant-qu39Arsenal-prend-la.jpg\"><\/div>\n<\/div>\n<\/div>\n","protected":false},"excerpt":{"rendered":"<p>Manchester United a \u00e9t\u00e9 li\u00e9 au gardien d&#39;Aston Villa Emiliano Martinez, et Unai Emery fournit une mise \u00e0 jour sur l&#39;avenir de Shot-Stopper. Aston Villa<\/p>\n","protected":false},"author":1,"featured_media":25335,"comment_status":"closed","ping_status":"","sticky":false,"template":"","format":"standard","meta":{"footnotes":""},"categories":[5],"tags":[4823,7194,641,8491,136,512,1221,93,11,949,409,1126,2732,640,13,370,308],"yoast_head":"<!-- This site is optimized with the Yoast SEO plugin v21.0 - https:\/\/yoast.com\/wordpress\/plugins\/seo\/ -->\n<title>Manchester United Transfer News: Unai Emery exhorte les fans \u00e0 &quot;voir demain&quot; si Emiliano Martinez sera un joueur d&#039;Aston Villa<\/title>\n<meta name=\"robots\" content=\"index, follow, max-snippet:-1, max-image-preview:large, max-video-preview:-1\" \/>\n<link rel=\"canonical\" href=\"https:\/\/footdavant.fr\/actualites\/manchester-united-transfer-news-unai-emery-exhorte-les-fans-a-voir-demain-si-emiliano-martinez-sera-un-joueur-daston-villa\/\" \/>\n<meta property=\"og:locale\" content=\"fr_FR\" \/>\n<meta property=\"og:type\" content=\"article\" \/>\n<meta property=\"og:title\" content=\"Manchester United Transfer News: Unai Emery exhorte les fans \u00e0 &quot;voir demain&quot; si Emiliano Martinez sera un joueur d&#039;Aston Villa\" \/>\n<meta property=\"og:description\" content=\"Manchester United a \u00e9t\u00e9 li\u00e9 au gardien d&#039;Aston Villa Emiliano Martinez, et Unai Emery fournit une mise \u00e0 jour sur l&#039;avenir de Shot-Stopper. Aston Villa\" \/>\n<meta property=\"og:url\" content=\"https:\/\/footdavant.fr\/actualites\/manchester-united-transfer-news-unai-emery-exhorte-les-fans-a-voir-demain-si-emiliano-martinez-sera-un-joueur-daston-villa\/\" \/>\n<meta property=\"og:site_name\" content=\"Foot d&#039;avant\" \/>\n<meta property=\"article:publisher\" content=\"https:\/\/www.facebook.com\/Footdavant\/\" \/>\n<meta property=\"article:published_time\" content=\"2025-09-01T01:48:09+00:00\" \/>\n<meta property=\"article:modified_time\" content=\"2025-09-01T01:48:10+00:00\" \/>\n<meta property=\"og:image\" content=\"https:\/\/footdavant.fr\/actualites\/wp-content\/uploads\/2025\/06\/1750614499_Dernieres-nouvelles-de-transfert-et-rumeurs-Emiliano-Martinez-a-l39Atletico.jpg\" \/>\n\t<meta property=\"og:image:width\" content=\"640\" \/>\n\t<meta property=\"og:image:height\" content=\"480\" \/>\n\t<meta property=\"og:image:type\" content=\"image\/jpeg\" \/>\n<meta name=\"author\" content=\"Cl\u00e9ment\" \/>\n<meta name=\"twitter:card\" content=\"summary_large_image\" \/>\n<meta name=\"twitter:creator\" content=\"@FootdavantFr\" \/>\n<meta name=\"twitter:site\" content=\"@FootdavantFr\" \/>\n<meta name=\"twitter:label1\" content=\"\u00c9crit par\" \/>\n\t<meta name=\"twitter:data1\" content=\"Cl\u00e9ment\" \/>\n\t<meta name=\"twitter:label2\" content=\"Dur\u00e9e de lecture estim\u00e9e\" \/>\n\t<meta name=\"twitter:data2\" content=\"3 minutes\" \/>\n<script type=\"application\/ld+json\" class=\"yoast-schema-graph\">{\"@context\":\"https:\/\/schema.org\",\"@graph\":[{\"@type\":\"Article\",\"@id\":\"https:\/\/footdavant.fr\/actualites\/manchester-united-transfer-news-unai-emery-exhorte-les-fans-a-voir-demain-si-emiliano-martinez-sera-un-joueur-daston-villa\/#article\",\"isPartOf\":{\"@id\":\"https:\/\/footdavant.fr\/actualites\/manchester-united-transfer-news-unai-emery-exhorte-les-fans-a-voir-demain-si-emiliano-martinez-sera-un-joueur-daston-villa\/\"},\"author\":{\"name\":\"Cl\u00e9ment\",\"@id\":\"https:\/\/footdavant.fr\/actualites\/#\/schema\/person\/bc222566d95871b37e597b3ed3ba5e1d\"},\"headline\":\"Manchester United Transfer News: Unai Emery exhorte les fans \u00e0 \u00ab\u00a0voir demain\u00a0\u00bb si Emiliano Martinez sera un joueur d&#39;Aston Villa\",\"datePublished\":\"2025-09-01T01:48:09+00:00\",\"dateModified\":\"2025-09-01T01:48:10+00:00\",\"mainEntityOfPage\":{\"@id\":\"https:\/\/footdavant.fr\/actualites\/manchester-united-transfer-news-unai-emery-exhorte-les-fans-a-voir-demain-si-emiliano-martinez-sera-un-joueur-daston-villa\/\"},\"wordCount\":561,\"publisher\":{\"@id\":\"https:\/\/footdavant.fr\/actualites\/#organization\"},\"keywords\":[\"d39Aston\",\"demain\",\"Emery\",\"Emiliano\",\"exhorte\",\"fans\",\"joueur\",\"les\",\"Manchester\",\"Martinez\",\"News\",\"sera\",\"Transfer\",\"Unai\",\"United\",\"Villa\",\"voir\"],\"articleSection\":[\"Premier League\"],\"inLanguage\":\"fr-FR\"},{\"@type\":\"WebPage\",\"@id\":\"https:\/\/footdavant.fr\/actualites\/manchester-united-transfer-news-unai-emery-exhorte-les-fans-a-voir-demain-si-emiliano-martinez-sera-un-joueur-daston-villa\/\",\"url\":\"https:\/\/footdavant.fr\/actualites\/manchester-united-transfer-news-unai-emery-exhorte-les-fans-a-voir-demain-si-emiliano-martinez-sera-un-joueur-daston-villa\/\",\"name\":\"Manchester United Transfer News: Unai Emery exhorte les fans \u00e0 \\\"voir demain\\\" si Emiliano Martinez sera un joueur d&#39;Aston Villa\",\"isPartOf\":{\"@id\":\"https:\/\/footdavant.fr\/actualites\/#website\"},\"datePublished\":\"2025-09-01T01:48:09+00:00\",\"dateModified\":\"2025-09-01T01:48:10+00:00\",\"breadcrumb\":{\"@id\":\"https:\/\/footdavant.fr\/actualites\/manchester-united-transfer-news-unai-emery-exhorte-les-fans-a-voir-demain-si-emiliano-martinez-sera-un-joueur-daston-villa\/#breadcrumb\"},\"inLanguage\":\"fr-FR\",\"potentialAction\":[{\"@type\":\"ReadAction\",\"target\":[\"https:\/\/footdavant.fr\/actualites\/manchester-united-transfer-news-unai-emery-exhorte-les-fans-a-voir-demain-si-emiliano-martinez-sera-un-joueur-daston-villa\/\"]}]},{\"@type\":\"BreadcrumbList\",\"@id\":\"https:\/\/footdavant.fr\/actualites\/manchester-united-transfer-news-unai-emery-exhorte-les-fans-a-voir-demain-si-emiliano-martinez-sera-un-joueur-daston-villa\/#breadcrumb\",\"itemListElement\":[{\"@type\":\"ListItem\",\"position\":1,\"name\":\"Accueil\",\"item\":\"https:\/\/footdavant.fr\/actualites\/\"},{\"@type\":\"ListItem\",\"position\":2,\"name\":\"Manchester United Transfer News: Unai Emery exhorte les fans \u00e0 \u00ab\u00a0voir demain\u00a0\u00bb si Emiliano Martinez sera un joueur d&#39;Aston Villa\"}]},{\"@type\":\"WebSite\",\"@id\":\"https:\/\/footdavant.fr\/actualites\/#website\",\"url\":\"https:\/\/footdavant.fr\/actualites\/\",\"name\":\"Foot d'avant\",\"description\":\"\",\"publisher\":{\"@id\":\"https:\/\/footdavant.fr\/actualites\/#organization\"},\"potentialAction\":[{\"@type\":\"SearchAction\",\"target\":{\"@type\":\"EntryPoint\",\"urlTemplate\":\"https:\/\/footdavant.fr\/actualites\/?s={search_term_string}\"},\"query-input\":\"required name=search_term_string\"}],\"inLanguage\":\"fr-FR\"},{\"@type\":\"Organization\",\"@id\":\"https:\/\/footdavant.fr\/actualites\/#organization\",\"name\":\"Foot d'avant\",\"url\":\"https:\/\/footdavant.fr\/actualites\/\",\"logo\":{\"@type\":\"ImageObject\",\"inLanguage\":\"fr-FR\",\"@id\":\"https:\/\/footdavant.fr\/actualites\/#\/schema\/logo\/image\/\",\"url\":\"https:\/\/footdavant.fr\/actualites\/wp-content\/uploads\/2023\/09\/Copy-of-FootDavant-Logo.png\",\"contentUrl\":\"https:\/\/footdavant.fr\/actualites\/wp-content\/uploads\/2023\/09\/Copy-of-FootDavant-Logo.png\",\"width\":936,\"height\":549,\"caption\":\"Foot d'avant\"},\"image\":{\"@id\":\"https:\/\/footdavant.fr\/actualites\/#\/schema\/logo\/image\/\"},\"sameAs\":[\"https:\/\/www.facebook.com\/Footdavant\/\",\"https:\/\/twitter.com\/FootdavantFr\",\"https:\/\/www.instagram.com\/footdavant.fr\/\"]},{\"@type\":\"Person\",\"@id\":\"https:\/\/footdavant.fr\/actualites\/#\/schema\/person\/bc222566d95871b37e597b3ed3ba5e1d\",\"name\":\"Cl\u00e9ment\",\"image\":{\"@type\":\"ImageObject\",\"inLanguage\":\"fr-FR\",\"@id\":\"https:\/\/footdavant.fr\/actualites\/#\/schema\/person\/image\/\",\"url\":\"https:\/\/secure.gravatar.com\/avatar\/7728b29aac2719421e1a9159b2254c44?s=96&d=mm&r=g\",\"contentUrl\":\"https:\/\/secure.gravatar.com\/avatar\/7728b29aac2719421e1a9159b2254c44?s=96&d=mm&r=g\",\"caption\":\"Cl\u00e9ment\"},\"sameAs\":[\"https:\/\/footdavant.fr\/\"]}]}<\/script>\n<!-- \/ Yoast SEO plugin. -->","yoast_head_json":{"title":"Manchester United Transfer News: Unai Emery exhorte les fans \u00e0 \"voir demain\" si Emiliano Martinez sera un joueur d&#39;Aston Villa","robots":{"index":"index","follow":"follow","max-snippet":"max-snippet:-1","max-image-preview":"max-image-preview:large","max-video-preview":"max-video-preview:-1"},"canonical":"https:\/\/footdavant.fr\/actualites\/manchester-united-transfer-news-unai-emery-exhorte-les-fans-a-voir-demain-si-emiliano-martinez-sera-un-joueur-daston-villa\/","og_locale":"fr_FR","og_type":"article","og_title":"Manchester United Transfer News: Unai Emery exhorte les fans \u00e0 \"voir demain\" si Emiliano Martinez sera un joueur d&#39;Aston Villa","og_description":"Manchester United a \u00e9t\u00e9 li\u00e9 au gardien d&#39;Aston Villa Emiliano Martinez, et Unai Emery fournit une mise \u00e0 jour sur l&#39;avenir de Shot-Stopper. Aston Villa","og_url":"https:\/\/footdavant.fr\/actualites\/manchester-united-transfer-news-unai-emery-exhorte-les-fans-a-voir-demain-si-emiliano-martinez-sera-un-joueur-daston-villa\/","og_site_name":"Foot d&#039;avant","article_publisher":"https:\/\/www.facebook.com\/Footdavant\/","article_published_time":"2025-09-01T01:48:09+00:00","article_modified_time":"2025-09-01T01:48:10+00:00","og_image":[{"width":640,"height":480,"url":"https:\/\/footdavant.fr\/actualites\/wp-content\/uploads\/2025\/06\/1750614499_Dernieres-nouvelles-de-transfert-et-rumeurs-Emiliano-Martinez-a-l39Atletico.jpg","type":"image\/jpeg"}],"author":"Cl\u00e9ment","twitter_card":"summary_large_image","twitter_creator":"@FootdavantFr","twitter_site":"@FootdavantFr","twitter_misc":{"\u00c9crit par":"Cl\u00e9ment","Dur\u00e9e de lecture estim\u00e9e":"3 minutes"},"schema":{"@context":"https:\/\/schema.org","@graph":[{"@type":"Article","@id":"https:\/\/footdavant.fr\/actualites\/manchester-united-transfer-news-unai-emery-exhorte-les-fans-a-voir-demain-si-emiliano-martinez-sera-un-joueur-daston-villa\/#article","isPartOf":{"@id":"https:\/\/footdavant.fr\/actualites\/manchester-united-transfer-news-unai-emery-exhorte-les-fans-a-voir-demain-si-emiliano-martinez-sera-un-joueur-daston-villa\/"},"author":{"name":"Cl\u00e9ment","@id":"https:\/\/footdavant.fr\/actualites\/#\/schema\/person\/bc222566d95871b37e597b3ed3ba5e1d"},"headline":"Manchester United Transfer News: Unai Emery exhorte les fans \u00e0 \u00ab\u00a0voir demain\u00a0\u00bb si Emiliano Martinez sera un joueur d&#39;Aston Villa","datePublished":"2025-09-01T01:48:09+00:00","dateModified":"2025-09-01T01:48:10+00:00","mainEntityOfPage":{"@id":"https:\/\/footdavant.fr\/actualites\/manchester-united-transfer-news-unai-emery-exhorte-les-fans-a-voir-demain-si-emiliano-martinez-sera-un-joueur-daston-villa\/"},"wordCount":561,"publisher":{"@id":"https:\/\/footdavant.fr\/actualites\/#organization"},"keywords":["d39Aston","demain","Emery","Emiliano","exhorte","fans","joueur","les","Manchester","Martinez","News","sera","Transfer","Unai","United","Villa","voir"],"articleSection":["Premier League"],"inLanguage":"fr-FR"},{"@type":"WebPage","@id":"https:\/\/footdavant.fr\/actualites\/manchester-united-transfer-news-unai-emery-exhorte-les-fans-a-voir-demain-si-emiliano-martinez-sera-un-joueur-daston-villa\/","url":"https:\/\/footdavant.fr\/actualites\/manchester-united-transfer-news-unai-emery-exhorte-les-fans-a-voir-demain-si-emiliano-martinez-sera-un-joueur-daston-villa\/","name":"Manchester United Transfer News: Unai Emery exhorte les fans \u00e0 \"voir demain\" si Emiliano Martinez sera un joueur d&#39;Aston Villa","isPartOf":{"@id":"https:\/\/footdavant.fr\/actualites\/#website"},"datePublished":"2025-09-01T01:48:09+00:00","dateModified":"2025-09-01T01:48:10+00:00","breadcrumb":{"@id":"https:\/\/footdavant.fr\/actualites\/manchester-united-transfer-news-unai-emery-exhorte-les-fans-a-voir-demain-si-emiliano-martinez-sera-un-joueur-daston-villa\/#breadcrumb"},"inLanguage":"fr-FR","potentialAction":[{"@type":"ReadAction","target":["https:\/\/footdavant.fr\/actualites\/manchester-united-transfer-news-unai-emery-exhorte-les-fans-a-voir-demain-si-emiliano-martinez-sera-un-joueur-daston-villa\/"]}]},{"@type":"BreadcrumbList","@id":"https:\/\/footdavant.fr\/actualites\/manchester-united-transfer-news-unai-emery-exhorte-les-fans-a-voir-demain-si-emiliano-martinez-sera-un-joueur-daston-villa\/#breadcrumb","itemListElement":[{"@type":"ListItem","position":1,"name":"Accueil","item":"https:\/\/footdavant.fr\/actualites\/"},{"@type":"ListItem","position":2,"name":"Manchester United Transfer News: Unai Emery exhorte les fans \u00e0 \u00ab\u00a0voir demain\u00a0\u00bb si Emiliano Martinez sera un joueur d&#39;Aston Villa"}]},{"@type":"WebSite","@id":"https:\/\/footdavant.fr\/actualites\/#website","url":"https:\/\/footdavant.fr\/actualites\/","name":"Foot d'avant","description":"","publisher":{"@id":"https:\/\/footdavant.fr\/actualites\/#organization"},"potentialAction":[{"@type":"SearchAction","target":{"@type":"EntryPoint","urlTemplate":"https:\/\/footdavant.fr\/actualites\/?s={search_term_string}"},"query-input":"required name=search_term_string"}],"inLanguage":"fr-FR"},{"@type":"Organization","@id":"https:\/\/footdavant.fr\/actualites\/#organization","name":"Foot d'avant","url":"https:\/\/footdavant.fr\/actualites\/","logo":{"@type":"ImageObject","inLanguage":"fr-FR","@id":"https:\/\/footdavant.fr\/actualites\/#\/schema\/logo\/image\/","url":"https:\/\/footdavant.fr\/actualites\/wp-content\/uploads\/2023\/09\/Copy-of-FootDavant-Logo.png","contentUrl":"https:\/\/footdavant.fr\/actualites\/wp-content\/uploads\/2023\/09\/Copy-of-FootDavant-Logo.png","width":936,"height":549,"caption":"Foot d'avant"},"image":{"@id":"https:\/\/footdavant.fr\/actualites\/#\/schema\/logo\/image\/"},"sameAs":["https:\/\/www.facebook.com\/Footdavant\/","https:\/\/twitter.com\/FootdavantFr","https:\/\/www.instagram.com\/footdavant.fr\/"]},{"@type":"Person","@id":"https:\/\/footdavant.fr\/actualites\/#\/schema\/person\/bc222566d95871b37e597b3ed3ba5e1d","name":"Cl\u00e9ment","image":{"@type":"ImageObject","inLanguage":"fr-FR","@id":"https:\/\/footdavant.fr\/actualites\/#\/schema\/person\/image\/","url":"https:\/\/secure.gravatar.com\/avatar\/7728b29aac2719421e1a9159b2254c44?s=96&d=mm&r=g","contentUrl":"https:\/\/secure.gravatar.com\/avatar\/7728b29aac2719421e1a9159b2254c44?s=96&d=mm&r=g","caption":"Cl\u00e9ment"},"sameAs":["https:\/\/footdavant.fr\/"]}]}},"_links":{"self":[{"href":"https:\/\/footdavant.fr\/actualites\/wp-json\/wp\/v2\/posts\/27978"}],"collection":[{"href":"https:\/\/footdavant.fr\/actualites\/wp-json\/wp\/v2\/posts"}],"about":[{"href":"https:\/\/footdavant.fr\/actualites\/wp-json\/wp\/v2\/types\/post"}],"author":[{"embeddable":true,"href":"https:\/\/footdavant.fr\/actualites\/wp-json\/wp\/v2\/users\/1"}],"replies":[{"embeddable":true,"href":"https:\/\/footdavant.fr\/actualites\/wp-json\/wp\/v2\/comments?post=27978"}],"version-history":[{"count":1,"href":"https:\/\/footdavant.fr\/actualites\/wp-json\/wp\/v2\/posts\/27978\/revisions"}],"predecessor-version":[{"id":27979,"href":"https:\/\/footdavant.fr\/actualites\/wp-json\/wp\/v2\/posts\/27978\/revisions\/27979"}],"wp:featuredmedia":[{"embeddable":true,"href":"https:\/\/footdavant.fr\/actualites\/wp-json\/wp\/v2\/media\/25335"}],"wp:attachment":[{"href":"https:\/\/footdavant.fr\/actualites\/wp-json\/wp\/v2\/media?parent=27978"}],"wp:term":[{"taxonomy":"category","embeddable":true,"href":"https:\/\/footdavant.fr\/actualites\/wp-json\/wp\/v2\/categories?post=27978"},{"taxonomy":"post_tag","embeddable":true,"href":"https:\/\/footdavant.fr\/actualites\/wp-json\/wp\/v2\/tags?post=27978"}],"curies":[{"name":"wp","href":"https:\/\/api.w.org\/{rel}","templated":true}]}}