{"id":2801,"date":"2023-12-20T17:48:31","date_gmt":"2023-12-20T16:48:31","guid":{"rendered":"https:\/\/footdavant.fr\/actualites\/liverpool-a-peut-etre-maintenant-ete-rapproche-du-rappel-du-pret-de-fabio-carvalho\/"},"modified":"2023-12-20T17:48:37","modified_gmt":"2023-12-20T16:48:37","slug":"liverpool-a-peut-etre-maintenant-ete-rapproche-du-rappel-du-pret-de-fabio-carvalho","status":"publish","type":"post","link":"https:\/\/footdavant.fr\/actualites\/liverpool-a-peut-etre-maintenant-ete-rapproche-du-rappel-du-pret-de-fabio-carvalho\/","title":{"rendered":"Liverpool a peut-\u00eatre maintenant \u00e9t\u00e9 rapproch\u00e9 du rappel du pr\u00eat de Fabio Carvalho"},"content":{"rendered":"<p><\/p>\n<div id=\"article-body\">\n<!-- Article Start --><\/p>\n<p>Au milieu des informations ces derniers jours selon lesquelles Liverpool pourrait rappeler Fabio Carvalho de son pr\u00eat au RB Leipzig, deux choses qui ont \u00e9t\u00e9 r\u00e9v\u00e9l\u00e9es mardi pourraient avoir pouss\u00e9 les Reds vers une d\u00e9cision sur le joueur.<\/p>\n<p>Alors que le joueur de 21 ans peine \u00e0 gagner du temps de jeu en Allemagne, le directeur adjoint du LFC, Pep Lijnders, a exhort\u00e9 la hi\u00e9rarchie du club \u00e0 \u00ab\u00a0trouver la meilleure solution pour lui\u00a0\u00bb afin que le jeune puisse obtenir les minutes dont il a besoin.<\/p>\n<p>Le N\u00e9erlandais a \u00e9galement r\u00e9v\u00e9l\u00e9 lors de la m\u00eame conf\u00e9rence de presse que Ben Doak devra \u00eatre op\u00e9r\u00e9 d&rsquo;une blessure au genou, excluant de mani\u00e8re r\u00e9aliste l&rsquo;adolescent pour le reste de cette saison.<\/p>\n<p>Quelques heures plus tard, Carvalho a d\u00fb se contenter de seulement 12 minutes de sortie du banc lors du match nul 1-1 de Leipzig face au Werder Br\u00eame en Bundesliga (Sofascore).<\/p>\n<\/p>\n<p>Si Liverpool n&rsquo;avait pas \u00e9t\u00e9 certain de rappeler ou non le milieu de terrain\/ailier de son pr\u00eat en Allemagne, sa d\u00e9cision pourrait bien \u00eatre prise apr\u00e8s les \u00e9v\u00e9nements d&rsquo;hier.<\/p>\n<p>L&rsquo;apparition de Carvalho contre Br\u00eame \u00e9tait sa saison dans un microcosme, r\u00e9duit \u00e0 un r\u00f4le p\u00e9riph\u00e9rique et ne faisant qu&rsquo;un d\u00e9but solitaire en Bundesliga alors que la campagne s&rsquo;arr\u00eate pour ses vacances d&rsquo;hiver.  Sur ses 15 apparitions, une seule l&rsquo;a vu jouer 90 minutes compl\u00e8tes (Transfermarkt).<\/p>\n<p>De retour dans son club parent, la blessure de Doak ne laisse aucune alternative offensive naturelle \u00e0 Mo Salah, qui s&rsquo;envolera pour la Coupe d&rsquo;Afrique des Nations le mois prochain.<\/p>\n<p>Dominik Szoboszlai et Harvey Elliott pourraient \u00e9ventuellement assumer ce r\u00f4le pendant l&rsquo;absence de l&rsquo;\u00c9gyptien (Transfermarkt), mais Carvalho est sans doute un choix plus naturel, et m\u00eame l&rsquo;avoir comme joueur de l&rsquo;\u00e9quipe une fois que le joueur de 31 ans sera de retour dans le Merseyside. serait utile en termes de profondeur pour Jurgen Klopp.<\/p>\n<p>L&rsquo;ancien jeune de Fulham a encore beaucoup \u00e0 prouver s&rsquo;il veut d\u00e9crocher une place r\u00e9guli\u00e8re \u00e0 Liverpool, mais il est devenu tout \u00e0 fait clair que son pr\u00eat \u00e0 Leipzig ne rend vraiment service \u00e0 personne, et le ramener \u00e0 Anfield \u2013 m\u00eame juste pour janvier \u2013 serait bien plus b\u00e9n\u00e9fique.<\/p>\n<p>Les Reds doivent simplement mettre un terme \u00e0 son s\u00e9jour en Allemagne, d&rsquo;autant plus que la Bundesliga est d\u00e9sormais interrompue jusqu&rsquo;au milieu du mois prochain.<\/p>\n<\/p>\n<p><span class=\"embed-youtube\" style=\"text-align:center; display: block;\"><\/span><\/p>\n<p><!-- Article End -->\t\t\t\t<\/div>\n","protected":false},"excerpt":{"rendered":"<p>Au milieu des informations ces derniers jours selon lesquelles Liverpool pourrait rappeler Fabio Carvalho de son pr\u00eat au RB Leipzig, deux choses qui ont \u00e9t\u00e9<\/p>\n","protected":false},"author":1,"featured_media":2802,"comment_status":"closed","ping_status":"","sticky":false,"template":"","format":"standard","meta":{"footnotes":""},"categories":[3],"tags":[2257,776,1594,53,579,1994,165,2396,2159],"yoast_head":"<!-- This site is optimized with the Yoast SEO plugin v21.0 - https:\/\/yoast.com\/wordpress\/plugins\/seo\/ -->\n<title>Liverpool a peut-\u00eatre maintenant \u00e9t\u00e9 rapproch\u00e9 du rappel du pr\u00eat de Fabio Carvalho<\/title>\n<meta name=\"robots\" content=\"index, follow, max-snippet:-1, max-image-preview:large, max-video-preview:-1\" \/>\n<link rel=\"canonical\" href=\"https:\/\/footdavant.fr\/actualites\/liverpool-a-peut-etre-maintenant-ete-rapproche-du-rappel-du-pret-de-fabio-carvalho\/\" \/>\n<meta property=\"og:locale\" content=\"fr_FR\" \/>\n<meta property=\"og:type\" content=\"article\" \/>\n<meta property=\"og:title\" content=\"Liverpool a peut-\u00eatre maintenant \u00e9t\u00e9 rapproch\u00e9 du rappel du pr\u00eat de Fabio Carvalho\" \/>\n<meta property=\"og:description\" content=\"Au milieu des informations ces derniers jours selon lesquelles Liverpool pourrait rappeler Fabio Carvalho de son pr\u00eat au RB Leipzig, deux choses qui ont \u00e9t\u00e9\" \/>\n<meta property=\"og:url\" content=\"https:\/\/footdavant.fr\/actualites\/liverpool-a-peut-etre-maintenant-ete-rapproche-du-rappel-du-pret-de-fabio-carvalho\/\" \/>\n<meta property=\"og:site_name\" content=\"Foot d&#039;avant\" \/>\n<meta property=\"article:publisher\" content=\"https:\/\/www.facebook.com\/Footdavant\/\" \/>\n<meta property=\"article:published_time\" content=\"2023-12-20T16:48:31+00:00\" \/>\n<meta property=\"article:modified_time\" content=\"2023-12-20T16:48:37+00:00\" \/>\n<meta property=\"og:image\" content=\"https:\/\/footdavant.fr\/actualites\/wp-content\/uploads\/2023\/12\/Liverpool-a-peut-etre-maintenant-ete-rapproche-du-rappel-du-pret.jpg\" \/>\n\t<meta property=\"og:image:width\" content=\"2147\" \/>\n\t<meta property=\"og:image:height\" content=\"1506\" \/>\n\t<meta property=\"og:image:type\" content=\"image\/jpeg\" \/>\n<meta name=\"author\" content=\"Cl\u00e9ment\" \/>\n<meta name=\"twitter:card\" content=\"summary_large_image\" \/>\n<meta name=\"twitter:creator\" content=\"@FootdavantFr\" \/>\n<meta name=\"twitter:site\" content=\"@FootdavantFr\" \/>\n<meta name=\"twitter:label1\" content=\"\u00c9crit par\" \/>\n\t<meta name=\"twitter:data1\" content=\"Cl\u00e9ment\" \/>\n\t<meta name=\"twitter:label2\" content=\"Dur\u00e9e de lecture estim\u00e9e\" \/>\n\t<meta name=\"twitter:data2\" content=\"2 minutes\" \/>\n<script type=\"application\/ld+json\" class=\"yoast-schema-graph\">{\"@context\":\"https:\/\/schema.org\",\"@graph\":[{\"@type\":\"Article\",\"@id\":\"https:\/\/footdavant.fr\/actualites\/liverpool-a-peut-etre-maintenant-ete-rapproche-du-rappel-du-pret-de-fabio-carvalho\/#article\",\"isPartOf\":{\"@id\":\"https:\/\/footdavant.fr\/actualites\/liverpool-a-peut-etre-maintenant-ete-rapproche-du-rappel-du-pret-de-fabio-carvalho\/\"},\"author\":{\"name\":\"Cl\u00e9ment\",\"@id\":\"https:\/\/footdavant.fr\/actualites\/#\/schema\/person\/bc222566d95871b37e597b3ed3ba5e1d\"},\"headline\":\"Liverpool a peut-\u00eatre maintenant \u00e9t\u00e9 rapproch\u00e9 du rappel du pr\u00eat de Fabio Carvalho\",\"datePublished\":\"2023-12-20T16:48:31+00:00\",\"dateModified\":\"2023-12-20T16:48:37+00:00\",\"mainEntityOfPage\":{\"@id\":\"https:\/\/footdavant.fr\/actualites\/liverpool-a-peut-etre-maintenant-ete-rapproche-du-rappel-du-pret-de-fabio-carvalho\/\"},\"wordCount\":423,\"publisher\":{\"@id\":\"https:\/\/footdavant.fr\/actualites\/#organization\"},\"keywords\":[\"Carvalho\",\"\u00e9t\u00e9\",\"Fabio\",\"Liverpool\",\"maintenant\",\"peut\u00eatre\",\"pr\u00eat\",\"rappel\",\"rapproche\"],\"articleSection\":[\"Football\"],\"inLanguage\":\"fr-FR\"},{\"@type\":\"WebPage\",\"@id\":\"https:\/\/footdavant.fr\/actualites\/liverpool-a-peut-etre-maintenant-ete-rapproche-du-rappel-du-pret-de-fabio-carvalho\/\",\"url\":\"https:\/\/footdavant.fr\/actualites\/liverpool-a-peut-etre-maintenant-ete-rapproche-du-rappel-du-pret-de-fabio-carvalho\/\",\"name\":\"Liverpool a peut-\u00eatre maintenant \u00e9t\u00e9 rapproch\u00e9 du rappel du pr\u00eat de Fabio Carvalho\",\"isPartOf\":{\"@id\":\"https:\/\/footdavant.fr\/actualites\/#website\"},\"datePublished\":\"2023-12-20T16:48:31+00:00\",\"dateModified\":\"2023-12-20T16:48:37+00:00\",\"breadcrumb\":{\"@id\":\"https:\/\/footdavant.fr\/actualites\/liverpool-a-peut-etre-maintenant-ete-rapproche-du-rappel-du-pret-de-fabio-carvalho\/#breadcrumb\"},\"inLanguage\":\"fr-FR\",\"potentialAction\":[{\"@type\":\"ReadAction\",\"target\":[\"https:\/\/footdavant.fr\/actualites\/liverpool-a-peut-etre-maintenant-ete-rapproche-du-rappel-du-pret-de-fabio-carvalho\/\"]}]},{\"@type\":\"BreadcrumbList\",\"@id\":\"https:\/\/footdavant.fr\/actualites\/liverpool-a-peut-etre-maintenant-ete-rapproche-du-rappel-du-pret-de-fabio-carvalho\/#breadcrumb\",\"itemListElement\":[{\"@type\":\"ListItem\",\"position\":1,\"name\":\"Accueil\",\"item\":\"https:\/\/footdavant.fr\/actualites\/\"},{\"@type\":\"ListItem\",\"position\":2,\"name\":\"Liverpool a peut-\u00eatre maintenant \u00e9t\u00e9 rapproch\u00e9 du rappel du pr\u00eat de Fabio Carvalho\"}]},{\"@type\":\"WebSite\",\"@id\":\"https:\/\/footdavant.fr\/actualites\/#website\",\"url\":\"https:\/\/footdavant.fr\/actualites\/\",\"name\":\"Foot d'avant\",\"description\":\"\",\"publisher\":{\"@id\":\"https:\/\/footdavant.fr\/actualites\/#organization\"},\"potentialAction\":[{\"@type\":\"SearchAction\",\"target\":{\"@type\":\"EntryPoint\",\"urlTemplate\":\"https:\/\/footdavant.fr\/actualites\/?s={search_term_string}\"},\"query-input\":\"required name=search_term_string\"}],\"inLanguage\":\"fr-FR\"},{\"@type\":\"Organization\",\"@id\":\"https:\/\/footdavant.fr\/actualites\/#organization\",\"name\":\"Foot d'avant\",\"url\":\"https:\/\/footdavant.fr\/actualites\/\",\"logo\":{\"@type\":\"ImageObject\",\"inLanguage\":\"fr-FR\",\"@id\":\"https:\/\/footdavant.fr\/actualites\/#\/schema\/logo\/image\/\",\"url\":\"https:\/\/footdavant.fr\/actualites\/wp-content\/uploads\/2023\/09\/Copy-of-FootDavant-Logo.png\",\"contentUrl\":\"https:\/\/footdavant.fr\/actualites\/wp-content\/uploads\/2023\/09\/Copy-of-FootDavant-Logo.png\",\"width\":936,\"height\":549,\"caption\":\"Foot d'avant\"},\"image\":{\"@id\":\"https:\/\/footdavant.fr\/actualites\/#\/schema\/logo\/image\/\"},\"sameAs\":[\"https:\/\/www.facebook.com\/Footdavant\/\",\"https:\/\/twitter.com\/FootdavantFr\",\"https:\/\/www.instagram.com\/footdavant.fr\/\"]},{\"@type\":\"Person\",\"@id\":\"https:\/\/footdavant.fr\/actualites\/#\/schema\/person\/bc222566d95871b37e597b3ed3ba5e1d\",\"name\":\"Cl\u00e9ment\",\"image\":{\"@type\":\"ImageObject\",\"inLanguage\":\"fr-FR\",\"@id\":\"https:\/\/footdavant.fr\/actualites\/#\/schema\/person\/image\/\",\"url\":\"https:\/\/secure.gravatar.com\/avatar\/7728b29aac2719421e1a9159b2254c44?s=96&d=mm&r=g\",\"contentUrl\":\"https:\/\/secure.gravatar.com\/avatar\/7728b29aac2719421e1a9159b2254c44?s=96&d=mm&r=g\",\"caption\":\"Cl\u00e9ment\"},\"sameAs\":[\"https:\/\/footdavant.fr\/\"]}]}<\/script>\n<!-- \/ Yoast SEO plugin. -->","yoast_head_json":{"title":"Liverpool a peut-\u00eatre maintenant \u00e9t\u00e9 rapproch\u00e9 du rappel du pr\u00eat de Fabio Carvalho","robots":{"index":"index","follow":"follow","max-snippet":"max-snippet:-1","max-image-preview":"max-image-preview:large","max-video-preview":"max-video-preview:-1"},"canonical":"https:\/\/footdavant.fr\/actualites\/liverpool-a-peut-etre-maintenant-ete-rapproche-du-rappel-du-pret-de-fabio-carvalho\/","og_locale":"fr_FR","og_type":"article","og_title":"Liverpool a peut-\u00eatre maintenant \u00e9t\u00e9 rapproch\u00e9 du rappel du pr\u00eat de Fabio Carvalho","og_description":"Au milieu des informations ces derniers jours selon lesquelles Liverpool pourrait rappeler Fabio Carvalho de son pr\u00eat au RB Leipzig, deux choses qui ont \u00e9t\u00e9","og_url":"https:\/\/footdavant.fr\/actualites\/liverpool-a-peut-etre-maintenant-ete-rapproche-du-rappel-du-pret-de-fabio-carvalho\/","og_site_name":"Foot d&#039;avant","article_publisher":"https:\/\/www.facebook.com\/Footdavant\/","article_published_time":"2023-12-20T16:48:31+00:00","article_modified_time":"2023-12-20T16:48:37+00:00","og_image":[{"width":2147,"height":1506,"url":"https:\/\/footdavant.fr\/actualites\/wp-content\/uploads\/2023\/12\/Liverpool-a-peut-etre-maintenant-ete-rapproche-du-rappel-du-pret.jpg","type":"image\/jpeg"}],"author":"Cl\u00e9ment","twitter_card":"summary_large_image","twitter_creator":"@FootdavantFr","twitter_site":"@FootdavantFr","twitter_misc":{"\u00c9crit par":"Cl\u00e9ment","Dur\u00e9e de lecture estim\u00e9e":"2 minutes"},"schema":{"@context":"https:\/\/schema.org","@graph":[{"@type":"Article","@id":"https:\/\/footdavant.fr\/actualites\/liverpool-a-peut-etre-maintenant-ete-rapproche-du-rappel-du-pret-de-fabio-carvalho\/#article","isPartOf":{"@id":"https:\/\/footdavant.fr\/actualites\/liverpool-a-peut-etre-maintenant-ete-rapproche-du-rappel-du-pret-de-fabio-carvalho\/"},"author":{"name":"Cl\u00e9ment","@id":"https:\/\/footdavant.fr\/actualites\/#\/schema\/person\/bc222566d95871b37e597b3ed3ba5e1d"},"headline":"Liverpool a peut-\u00eatre maintenant \u00e9t\u00e9 rapproch\u00e9 du rappel du pr\u00eat de Fabio Carvalho","datePublished":"2023-12-20T16:48:31+00:00","dateModified":"2023-12-20T16:48:37+00:00","mainEntityOfPage":{"@id":"https:\/\/footdavant.fr\/actualites\/liverpool-a-peut-etre-maintenant-ete-rapproche-du-rappel-du-pret-de-fabio-carvalho\/"},"wordCount":423,"publisher":{"@id":"https:\/\/footdavant.fr\/actualites\/#organization"},"keywords":["Carvalho","\u00e9t\u00e9","Fabio","Liverpool","maintenant","peut\u00eatre","pr\u00eat","rappel","rapproche"],"articleSection":["Football"],"inLanguage":"fr-FR"},{"@type":"WebPage","@id":"https:\/\/footdavant.fr\/actualites\/liverpool-a-peut-etre-maintenant-ete-rapproche-du-rappel-du-pret-de-fabio-carvalho\/","url":"https:\/\/footdavant.fr\/actualites\/liverpool-a-peut-etre-maintenant-ete-rapproche-du-rappel-du-pret-de-fabio-carvalho\/","name":"Liverpool a peut-\u00eatre maintenant \u00e9t\u00e9 rapproch\u00e9 du rappel du pr\u00eat de Fabio Carvalho","isPartOf":{"@id":"https:\/\/footdavant.fr\/actualites\/#website"},"datePublished":"2023-12-20T16:48:31+00:00","dateModified":"2023-12-20T16:48:37+00:00","breadcrumb":{"@id":"https:\/\/footdavant.fr\/actualites\/liverpool-a-peut-etre-maintenant-ete-rapproche-du-rappel-du-pret-de-fabio-carvalho\/#breadcrumb"},"inLanguage":"fr-FR","potentialAction":[{"@type":"ReadAction","target":["https:\/\/footdavant.fr\/actualites\/liverpool-a-peut-etre-maintenant-ete-rapproche-du-rappel-du-pret-de-fabio-carvalho\/"]}]},{"@type":"BreadcrumbList","@id":"https:\/\/footdavant.fr\/actualites\/liverpool-a-peut-etre-maintenant-ete-rapproche-du-rappel-du-pret-de-fabio-carvalho\/#breadcrumb","itemListElement":[{"@type":"ListItem","position":1,"name":"Accueil","item":"https:\/\/footdavant.fr\/actualites\/"},{"@type":"ListItem","position":2,"name":"Liverpool a peut-\u00eatre maintenant \u00e9t\u00e9 rapproch\u00e9 du rappel du pr\u00eat de Fabio Carvalho"}]},{"@type":"WebSite","@id":"https:\/\/footdavant.fr\/actualites\/#website","url":"https:\/\/footdavant.fr\/actualites\/","name":"Foot d'avant","description":"","publisher":{"@id":"https:\/\/footdavant.fr\/actualites\/#organization"},"potentialAction":[{"@type":"SearchAction","target":{"@type":"EntryPoint","urlTemplate":"https:\/\/footdavant.fr\/actualites\/?s={search_term_string}"},"query-input":"required name=search_term_string"}],"inLanguage":"fr-FR"},{"@type":"Organization","@id":"https:\/\/footdavant.fr\/actualites\/#organization","name":"Foot d'avant","url":"https:\/\/footdavant.fr\/actualites\/","logo":{"@type":"ImageObject","inLanguage":"fr-FR","@id":"https:\/\/footdavant.fr\/actualites\/#\/schema\/logo\/image\/","url":"https:\/\/footdavant.fr\/actualites\/wp-content\/uploads\/2023\/09\/Copy-of-FootDavant-Logo.png","contentUrl":"https:\/\/footdavant.fr\/actualites\/wp-content\/uploads\/2023\/09\/Copy-of-FootDavant-Logo.png","width":936,"height":549,"caption":"Foot d'avant"},"image":{"@id":"https:\/\/footdavant.fr\/actualites\/#\/schema\/logo\/image\/"},"sameAs":["https:\/\/www.facebook.com\/Footdavant\/","https:\/\/twitter.com\/FootdavantFr","https:\/\/www.instagram.com\/footdavant.fr\/"]},{"@type":"Person","@id":"https:\/\/footdavant.fr\/actualites\/#\/schema\/person\/bc222566d95871b37e597b3ed3ba5e1d","name":"Cl\u00e9ment","image":{"@type":"ImageObject","inLanguage":"fr-FR","@id":"https:\/\/footdavant.fr\/actualites\/#\/schema\/person\/image\/","url":"https:\/\/secure.gravatar.com\/avatar\/7728b29aac2719421e1a9159b2254c44?s=96&d=mm&r=g","contentUrl":"https:\/\/secure.gravatar.com\/avatar\/7728b29aac2719421e1a9159b2254c44?s=96&d=mm&r=g","caption":"Cl\u00e9ment"},"sameAs":["https:\/\/footdavant.fr\/"]}]}},"_links":{"self":[{"href":"https:\/\/footdavant.fr\/actualites\/wp-json\/wp\/v2\/posts\/2801"}],"collection":[{"href":"https:\/\/footdavant.fr\/actualites\/wp-json\/wp\/v2\/posts"}],"about":[{"href":"https:\/\/footdavant.fr\/actualites\/wp-json\/wp\/v2\/types\/post"}],"author":[{"embeddable":true,"href":"https:\/\/footdavant.fr\/actualites\/wp-json\/wp\/v2\/users\/1"}],"replies":[{"embeddable":true,"href":"https:\/\/footdavant.fr\/actualites\/wp-json\/wp\/v2\/comments?post=2801"}],"version-history":[{"count":1,"href":"https:\/\/footdavant.fr\/actualites\/wp-json\/wp\/v2\/posts\/2801\/revisions"}],"predecessor-version":[{"id":2803,"href":"https:\/\/footdavant.fr\/actualites\/wp-json\/wp\/v2\/posts\/2801\/revisions\/2803"}],"wp:featuredmedia":[{"embeddable":true,"href":"https:\/\/footdavant.fr\/actualites\/wp-json\/wp\/v2\/media\/2802"}],"wp:attachment":[{"href":"https:\/\/footdavant.fr\/actualites\/wp-json\/wp\/v2\/media?parent=2801"}],"wp:term":[{"taxonomy":"category","embeddable":true,"href":"https:\/\/footdavant.fr\/actualites\/wp-json\/wp\/v2\/categories?post=2801"},{"taxonomy":"post_tag","embeddable":true,"href":"https:\/\/footdavant.fr\/actualites\/wp-json\/wp\/v2\/tags?post=2801"}],"curies":[{"name":"wp","href":"https:\/\/api.w.org\/{rel}","templated":true}]}}