{"id":28016,"date":"2025-09-02T05:48:37","date_gmt":"2025-09-02T03:48:37","guid":{"rendered":"https:\/\/footdavant.fr\/actualites\/les-premiers-mots-dalexander-isak-apres-avoir-termine-le-transfert-record-de-liverpool\/"},"modified":"2025-09-02T05:48:39","modified_gmt":"2025-09-02T03:48:39","slug":"les-premiers-mots-dalexander-isak-apres-avoir-termine-le-transfert-record-de-liverpool","status":"publish","type":"post","link":"https:\/\/footdavant.fr\/actualites\/les-premiers-mots-dalexander-isak-apres-avoir-termine-le-transfert-record-de-liverpool\/","title":{"rendered":"Les premiers mots d&#39;Alexander Isak apr\u00e8s avoir termin\u00e9 le transfert record de Liverpool"},"content":{"rendered":"<div id=\"article-body\">\n<!-- Article Start --><\/p>\n<p>\u00c0 21h30, lundi soir, Alexander Isak a finalement \u00e9t\u00e9 confirm\u00e9 en tant que joueur de Liverpool.<\/p>\n<p>L&#39;histoire qui a domin\u00e9 la fen\u00eatre de transfert d&#39;\u00e9t\u00e9 a finalement atteint sa conclusion deux heures et demie apr\u00e8s la date limite, les champions de Premier League annon\u00e7ant officiellement l&#39;accord apr\u00e8s une saga prolong\u00e9e qui a dur\u00e9 plusieurs semaines.<\/p>\n<p>Selon Sky Sports, l&#39;attaquant su\u00e9dois a rejoint les Reds pour un record britannique de 125 millions de livres sterling (10 millions de livres sterling de plus que Moises Caicedo \u00e0 Chelsea il y a deux ans), r\u00e9alisant un contrat de six ans \u00e0 Anfield.<\/p>\n<h2>Isak: \u00abJe veux tout gagner\u00bb \u00e0 Liverpool<\/h2>\n<p>Dans la correspondance officielle annon\u00e7ant le transfert, le Liverpool FC a partag\u00e9 les premiers mots d&#39;Isak en tant que joueur du Merseyside Club sur son site officiel.<\/p>\n<p>Le nouveau num\u00e9ro 9 des Reds a d\u00e9clar\u00e9: <\/p>\n<\/p>\n<figure id=\"attachment_277355\" aria-describedby=\"caption-attachment-277355\" style=\"width: 713px\" class=\"wp-caption alignnone\"><picture><source type=\"image\/webp\" data- data-><\/source><\/picture><\/figure>\n<h2>Isak et Liverpool peuvent enfin respirer facilement!<\/h2>\n<p>Apr\u00e8s des semaines et des semaines de sp\u00e9culation, les fans de Liverpool ressentiront autant de soulagement que Joy qu&#39;Isak a finalement sign\u00e9 pour les champions de Premier League.<\/p>\n<p>Il avait un avant-go\u00fbt de l&#39;argenterie pour aider Newcastle \u00e0 la gloire de la Coupe Carabao (ironiquement contre les Reds) il y a six mois, mais son d\u00e9sir de \u00abgagner tout\u00bb sugg\u00e8re qu&#39;il pense qu&#39;un tel objectif est r\u00e9alisable \u00e0 Anfield.<\/p>\n<p>Nous ne doutons pas que lui aussi sera heureux d&#39;\u00eatre \u00e9ventuellement lib\u00e9r\u00e9 de l&#39;incertitude qui avait englouti ses derni\u00e8res semaines en tant que joueur de Magpies, \u00e9tant en gr\u00e8ve pour essayer de forcer son d\u00e9m\u00e9nagement au Merseyside et ne jouant aucun r\u00f4le pour l&#39;\u00e9quipe d&#39;Eddie Howe en pr\u00e9-saison ou au d\u00e9but de la campagne de haut niveau.<\/p>\n<p>Isak aura de nombreuses attentes \u00e0 remplir, compte tenu de ses frais de transfert de record britanniques et de son record de score dans le football anglais jusqu&#39;\u00e0 pr\u00e9sent (62 buts en 109 matchs), mais Liverpool n&#39;aurait pas d\u00e9pens\u00e9 125 millions de livres sterling pour lui s&#39;ils n&#39;\u00e9taient pas convaincus qu&#39;il serait un v\u00e9ritable v\u00e9rificateur de jeu pour le c\u00f4t\u00e9 d&#39;Arne Slot.<\/p>\n<p>Enfin, lui et les rouges peuvent pousser un soupir de soulagement en sachant que l&#39;accord est conclu, et nous pouvons maintenant esp\u00e9rer ce qu&#39;il pourrait accomplir dans la chemise embl\u00e9matique num\u00e9ro 9 \u00e0 Anfield!<\/p>\n<p><!-- Article End -->\t\t\t\t<\/div>\n","protected":false},"excerpt":{"rendered":"<p>\u00c0 21h30, lundi soir, Alexander Isak a finalement \u00e9t\u00e9 confirm\u00e9 en tant que joueur de Liverpool. L&#39;histoire qui a domin\u00e9 la fen\u00eatre de transfert d&#39;\u00e9t\u00e9<\/p>\n","protected":false},"author":1,"featured_media":28017,"comment_status":"closed","ping_status":"","sticky":false,"template":"","format":"standard","meta":{"footnotes":""},"categories":[3],"tags":[25,156,6029,42,93,53,5988,4786,61,2205,700],"yoast_head":"<!-- This site is optimized with the Yoast SEO plugin v21.0 - https:\/\/yoast.com\/wordpress\/plugins\/seo\/ -->\n<title>Les premiers mots d&#039;Alexander Isak apr\u00e8s avoir termin\u00e9 le transfert record de Liverpool<\/title>\n<meta name=\"robots\" content=\"index, follow, max-snippet:-1, max-image-preview:large, max-video-preview:-1\" \/>\n<link rel=\"canonical\" href=\"https:\/\/footdavant.fr\/actualites\/les-premiers-mots-dalexander-isak-apres-avoir-termine-le-transfert-record-de-liverpool\/\" \/>\n<meta property=\"og:locale\" content=\"fr_FR\" \/>\n<meta property=\"og:type\" content=\"article\" \/>\n<meta property=\"og:title\" content=\"Les premiers mots d&#039;Alexander Isak apr\u00e8s avoir termin\u00e9 le transfert record de Liverpool\" \/>\n<meta property=\"og:description\" content=\"\u00c0 21h30, lundi soir, Alexander Isak a finalement \u00e9t\u00e9 confirm\u00e9 en tant que joueur de Liverpool. L&#039;histoire qui a domin\u00e9 la fen\u00eatre de transfert d&#039;\u00e9t\u00e9\" \/>\n<meta property=\"og:url\" content=\"https:\/\/footdavant.fr\/actualites\/les-premiers-mots-dalexander-isak-apres-avoir-termine-le-transfert-record-de-liverpool\/\" \/>\n<meta property=\"og:site_name\" content=\"Foot d&#039;avant\" \/>\n<meta property=\"article:publisher\" content=\"https:\/\/www.facebook.com\/Footdavant\/\" \/>\n<meta property=\"article:published_time\" content=\"2025-09-02T03:48:37+00:00\" \/>\n<meta property=\"article:modified_time\" content=\"2025-09-02T03:48:39+00:00\" \/>\n<meta property=\"og:image\" content=\"https:\/\/footdavant.fr\/actualites\/wp-content\/uploads\/2025\/09\/1756784918_Les-premiers-mots-d39Alexander-Isak-apres-avoir-termine-le-transfert.jpg\" \/>\n\t<meta property=\"og:image:width\" content=\"1407\" \/>\n\t<meta property=\"og:image:height\" content=\"787\" \/>\n\t<meta property=\"og:image:type\" content=\"image\/jpeg\" \/>\n<meta name=\"author\" content=\"Cl\u00e9ment\" \/>\n<meta name=\"twitter:card\" content=\"summary_large_image\" \/>\n<meta name=\"twitter:creator\" content=\"@FootdavantFr\" \/>\n<meta name=\"twitter:site\" content=\"@FootdavantFr\" \/>\n<meta name=\"twitter:label1\" content=\"\u00c9crit par\" \/>\n\t<meta name=\"twitter:data1\" content=\"Cl\u00e9ment\" \/>\n\t<meta name=\"twitter:label2\" content=\"Dur\u00e9e de lecture estim\u00e9e\" \/>\n\t<meta name=\"twitter:data2\" content=\"2 minutes\" \/>\n<script type=\"application\/ld+json\" class=\"yoast-schema-graph\">{\"@context\":\"https:\/\/schema.org\",\"@graph\":[{\"@type\":\"Article\",\"@id\":\"https:\/\/footdavant.fr\/actualites\/les-premiers-mots-dalexander-isak-apres-avoir-termine-le-transfert-record-de-liverpool\/#article\",\"isPartOf\":{\"@id\":\"https:\/\/footdavant.fr\/actualites\/les-premiers-mots-dalexander-isak-apres-avoir-termine-le-transfert-record-de-liverpool\/\"},\"author\":{\"name\":\"Cl\u00e9ment\",\"@id\":\"https:\/\/footdavant.fr\/actualites\/#\/schema\/person\/bc222566d95871b37e597b3ed3ba5e1d\"},\"headline\":\"Les premiers mots d&#39;Alexander Isak apr\u00e8s avoir termin\u00e9 le transfert record de Liverpool\",\"datePublished\":\"2025-09-02T03:48:37+00:00\",\"dateModified\":\"2025-09-02T03:48:39+00:00\",\"mainEntityOfPage\":{\"@id\":\"https:\/\/footdavant.fr\/actualites\/les-premiers-mots-dalexander-isak-apres-avoir-termine-le-transfert-record-de-liverpool\/\"},\"wordCount\":422,\"publisher\":{\"@id\":\"https:\/\/footdavant.fr\/actualites\/#organization\"},\"keywords\":[\"apr\u00e8s\",\"avoir\",\"d39Alexander\",\"Isak\",\"les\",\"Liverpool\",\"mots\",\"premiers\",\"record\",\"termine\",\"transfert\"],\"articleSection\":[\"Football\"],\"inLanguage\":\"fr-FR\"},{\"@type\":\"WebPage\",\"@id\":\"https:\/\/footdavant.fr\/actualites\/les-premiers-mots-dalexander-isak-apres-avoir-termine-le-transfert-record-de-liverpool\/\",\"url\":\"https:\/\/footdavant.fr\/actualites\/les-premiers-mots-dalexander-isak-apres-avoir-termine-le-transfert-record-de-liverpool\/\",\"name\":\"Les premiers mots d&#39;Alexander Isak apr\u00e8s avoir termin\u00e9 le transfert record de Liverpool\",\"isPartOf\":{\"@id\":\"https:\/\/footdavant.fr\/actualites\/#website\"},\"datePublished\":\"2025-09-02T03:48:37+00:00\",\"dateModified\":\"2025-09-02T03:48:39+00:00\",\"breadcrumb\":{\"@id\":\"https:\/\/footdavant.fr\/actualites\/les-premiers-mots-dalexander-isak-apres-avoir-termine-le-transfert-record-de-liverpool\/#breadcrumb\"},\"inLanguage\":\"fr-FR\",\"potentialAction\":[{\"@type\":\"ReadAction\",\"target\":[\"https:\/\/footdavant.fr\/actualites\/les-premiers-mots-dalexander-isak-apres-avoir-termine-le-transfert-record-de-liverpool\/\"]}]},{\"@type\":\"BreadcrumbList\",\"@id\":\"https:\/\/footdavant.fr\/actualites\/les-premiers-mots-dalexander-isak-apres-avoir-termine-le-transfert-record-de-liverpool\/#breadcrumb\",\"itemListElement\":[{\"@type\":\"ListItem\",\"position\":1,\"name\":\"Accueil\",\"item\":\"https:\/\/footdavant.fr\/actualites\/\"},{\"@type\":\"ListItem\",\"position\":2,\"name\":\"Les premiers mots d&#39;Alexander Isak apr\u00e8s avoir termin\u00e9 le transfert record de Liverpool\"}]},{\"@type\":\"WebSite\",\"@id\":\"https:\/\/footdavant.fr\/actualites\/#website\",\"url\":\"https:\/\/footdavant.fr\/actualites\/\",\"name\":\"Foot d'avant\",\"description\":\"\",\"publisher\":{\"@id\":\"https:\/\/footdavant.fr\/actualites\/#organization\"},\"potentialAction\":[{\"@type\":\"SearchAction\",\"target\":{\"@type\":\"EntryPoint\",\"urlTemplate\":\"https:\/\/footdavant.fr\/actualites\/?s={search_term_string}\"},\"query-input\":\"required name=search_term_string\"}],\"inLanguage\":\"fr-FR\"},{\"@type\":\"Organization\",\"@id\":\"https:\/\/footdavant.fr\/actualites\/#organization\",\"name\":\"Foot d'avant\",\"url\":\"https:\/\/footdavant.fr\/actualites\/\",\"logo\":{\"@type\":\"ImageObject\",\"inLanguage\":\"fr-FR\",\"@id\":\"https:\/\/footdavant.fr\/actualites\/#\/schema\/logo\/image\/\",\"url\":\"https:\/\/footdavant.fr\/actualites\/wp-content\/uploads\/2023\/09\/Copy-of-FootDavant-Logo.png\",\"contentUrl\":\"https:\/\/footdavant.fr\/actualites\/wp-content\/uploads\/2023\/09\/Copy-of-FootDavant-Logo.png\",\"width\":936,\"height\":549,\"caption\":\"Foot d'avant\"},\"image\":{\"@id\":\"https:\/\/footdavant.fr\/actualites\/#\/schema\/logo\/image\/\"},\"sameAs\":[\"https:\/\/www.facebook.com\/Footdavant\/\",\"https:\/\/twitter.com\/FootdavantFr\",\"https:\/\/www.instagram.com\/footdavant.fr\/\"]},{\"@type\":\"Person\",\"@id\":\"https:\/\/footdavant.fr\/actualites\/#\/schema\/person\/bc222566d95871b37e597b3ed3ba5e1d\",\"name\":\"Cl\u00e9ment\",\"image\":{\"@type\":\"ImageObject\",\"inLanguage\":\"fr-FR\",\"@id\":\"https:\/\/footdavant.fr\/actualites\/#\/schema\/person\/image\/\",\"url\":\"https:\/\/secure.gravatar.com\/avatar\/7728b29aac2719421e1a9159b2254c44?s=96&d=mm&r=g\",\"contentUrl\":\"https:\/\/secure.gravatar.com\/avatar\/7728b29aac2719421e1a9159b2254c44?s=96&d=mm&r=g\",\"caption\":\"Cl\u00e9ment\"},\"sameAs\":[\"https:\/\/footdavant.fr\/\"]}]}<\/script>\n<!-- \/ Yoast SEO plugin. -->","yoast_head_json":{"title":"Les premiers mots d&#39;Alexander Isak apr\u00e8s avoir termin\u00e9 le transfert record de Liverpool","robots":{"index":"index","follow":"follow","max-snippet":"max-snippet:-1","max-image-preview":"max-image-preview:large","max-video-preview":"max-video-preview:-1"},"canonical":"https:\/\/footdavant.fr\/actualites\/les-premiers-mots-dalexander-isak-apres-avoir-termine-le-transfert-record-de-liverpool\/","og_locale":"fr_FR","og_type":"article","og_title":"Les premiers mots d&#39;Alexander Isak apr\u00e8s avoir termin\u00e9 le transfert record de Liverpool","og_description":"\u00c0 21h30, lundi soir, Alexander Isak a finalement \u00e9t\u00e9 confirm\u00e9 en tant que joueur de Liverpool. L&#39;histoire qui a domin\u00e9 la fen\u00eatre de transfert d&#39;\u00e9t\u00e9","og_url":"https:\/\/footdavant.fr\/actualites\/les-premiers-mots-dalexander-isak-apres-avoir-termine-le-transfert-record-de-liverpool\/","og_site_name":"Foot d&#039;avant","article_publisher":"https:\/\/www.facebook.com\/Footdavant\/","article_published_time":"2025-09-02T03:48:37+00:00","article_modified_time":"2025-09-02T03:48:39+00:00","og_image":[{"width":1407,"height":787,"url":"https:\/\/footdavant.fr\/actualites\/wp-content\/uploads\/2025\/09\/1756784918_Les-premiers-mots-d39Alexander-Isak-apres-avoir-termine-le-transfert.jpg","type":"image\/jpeg"}],"author":"Cl\u00e9ment","twitter_card":"summary_large_image","twitter_creator":"@FootdavantFr","twitter_site":"@FootdavantFr","twitter_misc":{"\u00c9crit par":"Cl\u00e9ment","Dur\u00e9e de lecture estim\u00e9e":"2 minutes"},"schema":{"@context":"https:\/\/schema.org","@graph":[{"@type":"Article","@id":"https:\/\/footdavant.fr\/actualites\/les-premiers-mots-dalexander-isak-apres-avoir-termine-le-transfert-record-de-liverpool\/#article","isPartOf":{"@id":"https:\/\/footdavant.fr\/actualites\/les-premiers-mots-dalexander-isak-apres-avoir-termine-le-transfert-record-de-liverpool\/"},"author":{"name":"Cl\u00e9ment","@id":"https:\/\/footdavant.fr\/actualites\/#\/schema\/person\/bc222566d95871b37e597b3ed3ba5e1d"},"headline":"Les premiers mots d&#39;Alexander Isak apr\u00e8s avoir termin\u00e9 le transfert record de Liverpool","datePublished":"2025-09-02T03:48:37+00:00","dateModified":"2025-09-02T03:48:39+00:00","mainEntityOfPage":{"@id":"https:\/\/footdavant.fr\/actualites\/les-premiers-mots-dalexander-isak-apres-avoir-termine-le-transfert-record-de-liverpool\/"},"wordCount":422,"publisher":{"@id":"https:\/\/footdavant.fr\/actualites\/#organization"},"keywords":["apr\u00e8s","avoir","d39Alexander","Isak","les","Liverpool","mots","premiers","record","termine","transfert"],"articleSection":["Football"],"inLanguage":"fr-FR"},{"@type":"WebPage","@id":"https:\/\/footdavant.fr\/actualites\/les-premiers-mots-dalexander-isak-apres-avoir-termine-le-transfert-record-de-liverpool\/","url":"https:\/\/footdavant.fr\/actualites\/les-premiers-mots-dalexander-isak-apres-avoir-termine-le-transfert-record-de-liverpool\/","name":"Les premiers mots d&#39;Alexander Isak apr\u00e8s avoir termin\u00e9 le transfert record de Liverpool","isPartOf":{"@id":"https:\/\/footdavant.fr\/actualites\/#website"},"datePublished":"2025-09-02T03:48:37+00:00","dateModified":"2025-09-02T03:48:39+00:00","breadcrumb":{"@id":"https:\/\/footdavant.fr\/actualites\/les-premiers-mots-dalexander-isak-apres-avoir-termine-le-transfert-record-de-liverpool\/#breadcrumb"},"inLanguage":"fr-FR","potentialAction":[{"@type":"ReadAction","target":["https:\/\/footdavant.fr\/actualites\/les-premiers-mots-dalexander-isak-apres-avoir-termine-le-transfert-record-de-liverpool\/"]}]},{"@type":"BreadcrumbList","@id":"https:\/\/footdavant.fr\/actualites\/les-premiers-mots-dalexander-isak-apres-avoir-termine-le-transfert-record-de-liverpool\/#breadcrumb","itemListElement":[{"@type":"ListItem","position":1,"name":"Accueil","item":"https:\/\/footdavant.fr\/actualites\/"},{"@type":"ListItem","position":2,"name":"Les premiers mots d&#39;Alexander Isak apr\u00e8s avoir termin\u00e9 le transfert record de Liverpool"}]},{"@type":"WebSite","@id":"https:\/\/footdavant.fr\/actualites\/#website","url":"https:\/\/footdavant.fr\/actualites\/","name":"Foot d'avant","description":"","publisher":{"@id":"https:\/\/footdavant.fr\/actualites\/#organization"},"potentialAction":[{"@type":"SearchAction","target":{"@type":"EntryPoint","urlTemplate":"https:\/\/footdavant.fr\/actualites\/?s={search_term_string}"},"query-input":"required name=search_term_string"}],"inLanguage":"fr-FR"},{"@type":"Organization","@id":"https:\/\/footdavant.fr\/actualites\/#organization","name":"Foot d'avant","url":"https:\/\/footdavant.fr\/actualites\/","logo":{"@type":"ImageObject","inLanguage":"fr-FR","@id":"https:\/\/footdavant.fr\/actualites\/#\/schema\/logo\/image\/","url":"https:\/\/footdavant.fr\/actualites\/wp-content\/uploads\/2023\/09\/Copy-of-FootDavant-Logo.png","contentUrl":"https:\/\/footdavant.fr\/actualites\/wp-content\/uploads\/2023\/09\/Copy-of-FootDavant-Logo.png","width":936,"height":549,"caption":"Foot d'avant"},"image":{"@id":"https:\/\/footdavant.fr\/actualites\/#\/schema\/logo\/image\/"},"sameAs":["https:\/\/www.facebook.com\/Footdavant\/","https:\/\/twitter.com\/FootdavantFr","https:\/\/www.instagram.com\/footdavant.fr\/"]},{"@type":"Person","@id":"https:\/\/footdavant.fr\/actualites\/#\/schema\/person\/bc222566d95871b37e597b3ed3ba5e1d","name":"Cl\u00e9ment","image":{"@type":"ImageObject","inLanguage":"fr-FR","@id":"https:\/\/footdavant.fr\/actualites\/#\/schema\/person\/image\/","url":"https:\/\/secure.gravatar.com\/avatar\/7728b29aac2719421e1a9159b2254c44?s=96&d=mm&r=g","contentUrl":"https:\/\/secure.gravatar.com\/avatar\/7728b29aac2719421e1a9159b2254c44?s=96&d=mm&r=g","caption":"Cl\u00e9ment"},"sameAs":["https:\/\/footdavant.fr\/"]}]}},"_links":{"self":[{"href":"https:\/\/footdavant.fr\/actualites\/wp-json\/wp\/v2\/posts\/28016"}],"collection":[{"href":"https:\/\/footdavant.fr\/actualites\/wp-json\/wp\/v2\/posts"}],"about":[{"href":"https:\/\/footdavant.fr\/actualites\/wp-json\/wp\/v2\/types\/post"}],"author":[{"embeddable":true,"href":"https:\/\/footdavant.fr\/actualites\/wp-json\/wp\/v2\/users\/1"}],"replies":[{"embeddable":true,"href":"https:\/\/footdavant.fr\/actualites\/wp-json\/wp\/v2\/comments?post=28016"}],"version-history":[{"count":1,"href":"https:\/\/footdavant.fr\/actualites\/wp-json\/wp\/v2\/posts\/28016\/revisions"}],"predecessor-version":[{"id":28018,"href":"https:\/\/footdavant.fr\/actualites\/wp-json\/wp\/v2\/posts\/28016\/revisions\/28018"}],"wp:featuredmedia":[{"embeddable":true,"href":"https:\/\/footdavant.fr\/actualites\/wp-json\/wp\/v2\/media\/28017"}],"wp:attachment":[{"href":"https:\/\/footdavant.fr\/actualites\/wp-json\/wp\/v2\/media?parent=28016"}],"wp:term":[{"taxonomy":"category","embeddable":true,"href":"https:\/\/footdavant.fr\/actualites\/wp-json\/wp\/v2\/categories?post=28016"},{"taxonomy":"post_tag","embeddable":true,"href":"https:\/\/footdavant.fr\/actualites\/wp-json\/wp\/v2\/tags?post=28016"}],"curies":[{"name":"wp","href":"https:\/\/api.w.org\/{rel}","templated":true}]}}