{"id":28021,"date":"2025-09-02T09:48:23","date_gmt":"2025-09-02T07:48:23","guid":{"rendered":"https:\/\/footdavant.fr\/actualites\/carolina-a-echange-le-veteran-wr-adam-thielen-aux-vikings-du-minnesota\/"},"modified":"2025-09-02T09:48:24","modified_gmt":"2025-09-02T07:48:24","slug":"carolina-a-echange-le-veteran-wr-adam-thielen-aux-vikings-du-minnesota","status":"publish","type":"post","link":"https:\/\/footdavant.fr\/actualites\/carolina-a-echange-le-veteran-wr-adam-thielen-aux-vikings-du-minnesota\/","title":{"rendered":"Carolina a \u00e9chang\u00e9 le v\u00e9t\u00e9ran WR Adam Thielen aux Vikings du Minnesota"},"content":{"rendered":"<div>\n<p>Cependant, la plus grande nouvelle qui sort de cet accord est que WR Adam Thielen rentre chez lui. Le Minnesota a obtenu Thielen, un choix conditionnel de septi\u00e8me tour en 2026 et un choix de cinqui\u00e8me ronde en 2027. Avant la saison 2025, les Vikings se d\u00e9battaient pour la profondeur de WR. Maintenant, Adam Thielen est de retour o\u00f9 il a commenc\u00e9 sa carri\u00e8re dans la NFL.<\/p>\n<h2>Mercredi, Adam Thielen a \u00e9t\u00e9 \u00e9chang\u00e9 aux Vikings du Minnesota<\/h2>\n<blockquote class=\"twitter-tweet\">\n<p dir=\"ltr\" lang=\"en\">Homecoming: les Panthers et les Vikings finalisent un commerce pour WR Adam Thielen pour retourner au Minnesota, ont des sources \u00e0 ESPN.<\/p>\n<p>Le m\u00e9tier: les Vikings obtiennent Thielen, un choix conditionnel de septi\u00e8me ronde en 2026 et un choix de cinqui\u00e8me ronde en 2027.<\/p>\n<p>Les Panthers obtiennent un choix de cinqui\u00e8me ronde en 2026 et un 2027\u2026 <a rel=\"nofollow\" href=\"https:\/\/t.co\/GETXaMjY21\">pic.twitter.com\/getxamjy21<\/a><\/p>\n<p>&#8211; Adam Schefter (@adamschefter) <a rel=\"nofollow\" href=\"https:\/\/twitter.com\/AdamSchefter\/status\/1960700353243918610?ref_src=twsrc%5Etfw\">27 ao\u00fbt 2025<\/a><\/p>\n<\/blockquote>\n<p>Le Minnesota abrite Adam Thielen \u00e0 plus d&#39;un titre. L&#39;homme de 35 ans est originaire de Detroit Lakers, Minnesota. Thielen a jou\u00e9 de mani\u00e8re coll\u00e9giale \u00e0 l&#39;\u00c9tat du Minnesota avant de ne pas reporter en 2013. Finalement, il a fait ses d\u00e9buts avec les Vikings du Minnesota en tant que membre de l&#39;\u00e9quipe d&#39;entra\u00eenement. Au fil des ans, Thielen s&#39;est fray\u00e9 un chemin sur la liste des 53 hommes en tant que joueur d&#39;\u00e9quipes sp\u00e9ciales et sauvegarde WR. Avance rapide jusqu&#39;en 2016, et il est devenu un d\u00e9marreur \u00e0 temps plein pour les Vikings.<\/p>\n<p>Thielen a jou\u00e9 les neuf premi\u00e8res saisons de sa carri\u00e8re pour le Minnesota avant de le lib\u00e9rer apr\u00e8s 2022. Le Pro Bowl WR a atterri sur ses pieds et a sign\u00e9 avec les Panthers. Il a jou\u00e9 deux saisons avec Carolina et devait entrer dans son troisi\u00e8me. C&#39;\u00e9tait jusqu&#39;\u00e0 ce que les Vikings et les Panthers aient termin\u00e9 un m\u00e9tier mercredi. Apr\u00e8s deux saisons, Adam Thielen est retourn\u00e9 au Minnesota.<\/p>\n<blockquote class=\"twitter-tweet\">\n<p dir=\"ltr\" lang=\"en\">De retour o\u00f9 il appartient\u203c \ufe0f<\/p>\n<p>Le <a rel=\"nofollow\" href=\"https:\/\/twitter.com\/hashtag\/Vikings?src=hash&amp;ref_src=twsrc%5Etfw\">#VIKINGS<\/a> ont accept\u00e9 des conditions de commerce pour acqu\u00e9rir <a rel=\"nofollow\" href=\"https:\/\/twitter.com\/athielen19?ref_src=twsrc%5Etfw\">@ Athielen19<\/a>.https: \/\/t.co\/gcrw2mqq3b <a rel=\"nofollow\" href=\"https:\/\/t.co\/Fk05MV2TW3\">pic.twitter.com\/fk05mv2tw3<\/a><\/p>\n<p>&#8211; Minnesota Vikings (@vikings) <a rel=\"nofollow\" href=\"https:\/\/twitter.com\/Vikings\/status\/1960708429179150472?ref_src=twsrc%5Etfw\">27 ao\u00fbt 2025<\/a><\/p>\n<\/blockquote>\n<p>Pendant le camp d&#39;entra\u00eenement, plusieurs WR ont \u00e9t\u00e9 confront\u00e9s \u00e0 des blessures. Cela inclut All-Pro Justin Jefferson. De plus, les Vikings seront sans WR2 Jordan Addison pour les trois premiers matchs. Il purge une suspension pour un incident DUI en juillet 2024. La derni\u00e8re saison d&#39;Adam Thielen avec les Vikings a \u00e9t\u00e9 la premi\u00e8re ann\u00e9e de Kevin O&#39;Connell avec l&#39;\u00e9quipe.<\/p>\n<p>Le v\u00e9t\u00e9ran WR avait 70 captures sur 107 cibles pour 716 verges et six touch\u00e9s. Adam Thielen se familiarise avec le syst\u00e8me offensif d&#39;O&#39;Connell. Cela devrait ramener sa transition au Minnesota Smooth. S&#39;il s&#39;adapte rapidement, il y a de fortes chances qu&#39;il commence la saison en tant que WR2. M\u00eame lorsque Jordan Addison revient, Adam Thielen est un WR3 fiable pour JJ McCarthy de premi\u00e8re ann\u00e9e.<\/p>\n<\/p><\/div>\n<p><script async src=\"https:\/\/platform.twitter.com\/widgets.js\" charset=\"utf-8\"><\/script><\/p>\n","protected":false},"excerpt":{"rendered":"<p>Cependant, la plus grande nouvelle qui sort de cet accord est que WR Adam Thielen rentre chez lui. Le Minnesota a obtenu Thielen, un choix<\/p>\n","protected":false},"author":1,"featured_media":28022,"comment_status":"closed","ping_status":"","sticky":false,"template":"","format":"standard","meta":{"footnotes":""},"categories":[3],"tags":[2688,305,8228,526,3755,6542,3962,2278],"yoast_head":"<!-- This site is optimized with the Yoast SEO plugin v21.0 - https:\/\/yoast.com\/wordpress\/plugins\/seo\/ -->\n<title>Carolina a \u00e9chang\u00e9 le v\u00e9t\u00e9ran WR Adam Thielen aux Vikings du Minnesota<\/title>\n<meta name=\"robots\" content=\"index, follow, max-snippet:-1, max-image-preview:large, max-video-preview:-1\" \/>\n<link rel=\"canonical\" href=\"https:\/\/footdavant.fr\/actualites\/carolina-a-echange-le-veteran-wr-adam-thielen-aux-vikings-du-minnesota\/\" \/>\n<meta property=\"og:locale\" content=\"fr_FR\" \/>\n<meta property=\"og:type\" content=\"article\" \/>\n<meta property=\"og:title\" content=\"Carolina a \u00e9chang\u00e9 le v\u00e9t\u00e9ran WR Adam Thielen aux Vikings du Minnesota\" \/>\n<meta property=\"og:description\" content=\"Cependant, la plus grande nouvelle qui sort de cet accord est que WR Adam Thielen rentre chez lui. Le Minnesota a obtenu Thielen, un choix\" \/>\n<meta property=\"og:url\" content=\"https:\/\/footdavant.fr\/actualites\/carolina-a-echange-le-veteran-wr-adam-thielen-aux-vikings-du-minnesota\/\" \/>\n<meta property=\"og:site_name\" content=\"Foot d&#039;avant\" \/>\n<meta property=\"article:publisher\" content=\"https:\/\/www.facebook.com\/Footdavant\/\" \/>\n<meta property=\"article:published_time\" content=\"2025-09-02T07:48:23+00:00\" \/>\n<meta property=\"article:modified_time\" content=\"2025-09-02T07:48:24+00:00\" \/>\n<meta property=\"og:image\" content=\"https:\/\/footdavant.fr\/actualites\/wp-content\/uploads\/2025\/09\/Carolina-a-echange-le-veteran-WR-Adam-Thielen-aux-Vikings.jpg\" \/>\n\t<meta property=\"og:image:width\" content=\"696\" \/>\n\t<meta property=\"og:image:height\" content=\"391\" \/>\n\t<meta property=\"og:image:type\" content=\"image\/jpeg\" \/>\n<meta name=\"author\" content=\"Cl\u00e9ment\" \/>\n<meta name=\"twitter:card\" content=\"summary_large_image\" \/>\n<meta name=\"twitter:creator\" content=\"@FootdavantFr\" \/>\n<meta name=\"twitter:site\" content=\"@FootdavantFr\" \/>\n<meta name=\"twitter:label1\" content=\"\u00c9crit par\" \/>\n\t<meta name=\"twitter:data1\" content=\"Cl\u00e9ment\" \/>\n\t<meta name=\"twitter:label2\" content=\"Dur\u00e9e de lecture estim\u00e9e\" \/>\n\t<meta name=\"twitter:data2\" content=\"2 minutes\" \/>\n<script type=\"application\/ld+json\" class=\"yoast-schema-graph\">{\"@context\":\"https:\/\/schema.org\",\"@graph\":[{\"@type\":\"Article\",\"@id\":\"https:\/\/footdavant.fr\/actualites\/carolina-a-echange-le-veteran-wr-adam-thielen-aux-vikings-du-minnesota\/#article\",\"isPartOf\":{\"@id\":\"https:\/\/footdavant.fr\/actualites\/carolina-a-echange-le-veteran-wr-adam-thielen-aux-vikings-du-minnesota\/\"},\"author\":{\"name\":\"Cl\u00e9ment\",\"@id\":\"https:\/\/footdavant.fr\/actualites\/#\/schema\/person\/bc222566d95871b37e597b3ed3ba5e1d\"},\"headline\":\"Carolina a \u00e9chang\u00e9 le v\u00e9t\u00e9ran WR Adam Thielen aux Vikings du Minnesota\",\"datePublished\":\"2025-09-02T07:48:23+00:00\",\"dateModified\":\"2025-09-02T07:48:24+00:00\",\"mainEntityOfPage\":{\"@id\":\"https:\/\/footdavant.fr\/actualites\/carolina-a-echange-le-veteran-wr-adam-thielen-aux-vikings-du-minnesota\/\"},\"wordCount\":513,\"publisher\":{\"@id\":\"https:\/\/footdavant.fr\/actualites\/#organization\"},\"keywords\":[\"Adam\",\"aux\",\"Carolina\",\"\u00e9chang\u00e9\",\"Minnesota\",\"Thielen\",\"v\u00e9t\u00e9ran\",\"Vikings\"],\"articleSection\":[\"Football\"],\"inLanguage\":\"fr-FR\"},{\"@type\":\"WebPage\",\"@id\":\"https:\/\/footdavant.fr\/actualites\/carolina-a-echange-le-veteran-wr-adam-thielen-aux-vikings-du-minnesota\/\",\"url\":\"https:\/\/footdavant.fr\/actualites\/carolina-a-echange-le-veteran-wr-adam-thielen-aux-vikings-du-minnesota\/\",\"name\":\"Carolina a \u00e9chang\u00e9 le v\u00e9t\u00e9ran WR Adam Thielen aux Vikings du Minnesota\",\"isPartOf\":{\"@id\":\"https:\/\/footdavant.fr\/actualites\/#website\"},\"datePublished\":\"2025-09-02T07:48:23+00:00\",\"dateModified\":\"2025-09-02T07:48:24+00:00\",\"breadcrumb\":{\"@id\":\"https:\/\/footdavant.fr\/actualites\/carolina-a-echange-le-veteran-wr-adam-thielen-aux-vikings-du-minnesota\/#breadcrumb\"},\"inLanguage\":\"fr-FR\",\"potentialAction\":[{\"@type\":\"ReadAction\",\"target\":[\"https:\/\/footdavant.fr\/actualites\/carolina-a-echange-le-veteran-wr-adam-thielen-aux-vikings-du-minnesota\/\"]}]},{\"@type\":\"BreadcrumbList\",\"@id\":\"https:\/\/footdavant.fr\/actualites\/carolina-a-echange-le-veteran-wr-adam-thielen-aux-vikings-du-minnesota\/#breadcrumb\",\"itemListElement\":[{\"@type\":\"ListItem\",\"position\":1,\"name\":\"Accueil\",\"item\":\"https:\/\/footdavant.fr\/actualites\/\"},{\"@type\":\"ListItem\",\"position\":2,\"name\":\"Carolina a \u00e9chang\u00e9 le v\u00e9t\u00e9ran WR Adam Thielen aux Vikings du Minnesota\"}]},{\"@type\":\"WebSite\",\"@id\":\"https:\/\/footdavant.fr\/actualites\/#website\",\"url\":\"https:\/\/footdavant.fr\/actualites\/\",\"name\":\"Foot d'avant\",\"description\":\"\",\"publisher\":{\"@id\":\"https:\/\/footdavant.fr\/actualites\/#organization\"},\"potentialAction\":[{\"@type\":\"SearchAction\",\"target\":{\"@type\":\"EntryPoint\",\"urlTemplate\":\"https:\/\/footdavant.fr\/actualites\/?s={search_term_string}\"},\"query-input\":\"required name=search_term_string\"}],\"inLanguage\":\"fr-FR\"},{\"@type\":\"Organization\",\"@id\":\"https:\/\/footdavant.fr\/actualites\/#organization\",\"name\":\"Foot d'avant\",\"url\":\"https:\/\/footdavant.fr\/actualites\/\",\"logo\":{\"@type\":\"ImageObject\",\"inLanguage\":\"fr-FR\",\"@id\":\"https:\/\/footdavant.fr\/actualites\/#\/schema\/logo\/image\/\",\"url\":\"https:\/\/footdavant.fr\/actualites\/wp-content\/uploads\/2023\/09\/Copy-of-FootDavant-Logo.png\",\"contentUrl\":\"https:\/\/footdavant.fr\/actualites\/wp-content\/uploads\/2023\/09\/Copy-of-FootDavant-Logo.png\",\"width\":936,\"height\":549,\"caption\":\"Foot d'avant\"},\"image\":{\"@id\":\"https:\/\/footdavant.fr\/actualites\/#\/schema\/logo\/image\/\"},\"sameAs\":[\"https:\/\/www.facebook.com\/Footdavant\/\",\"https:\/\/twitter.com\/FootdavantFr\",\"https:\/\/www.instagram.com\/footdavant.fr\/\"]},{\"@type\":\"Person\",\"@id\":\"https:\/\/footdavant.fr\/actualites\/#\/schema\/person\/bc222566d95871b37e597b3ed3ba5e1d\",\"name\":\"Cl\u00e9ment\",\"image\":{\"@type\":\"ImageObject\",\"inLanguage\":\"fr-FR\",\"@id\":\"https:\/\/footdavant.fr\/actualites\/#\/schema\/person\/image\/\",\"url\":\"https:\/\/secure.gravatar.com\/avatar\/7728b29aac2719421e1a9159b2254c44?s=96&d=mm&r=g\",\"contentUrl\":\"https:\/\/secure.gravatar.com\/avatar\/7728b29aac2719421e1a9159b2254c44?s=96&d=mm&r=g\",\"caption\":\"Cl\u00e9ment\"},\"sameAs\":[\"https:\/\/footdavant.fr\/\"]}]}<\/script>\n<!-- \/ Yoast SEO plugin. -->","yoast_head_json":{"title":"Carolina a \u00e9chang\u00e9 le v\u00e9t\u00e9ran WR Adam Thielen aux Vikings du Minnesota","robots":{"index":"index","follow":"follow","max-snippet":"max-snippet:-1","max-image-preview":"max-image-preview:large","max-video-preview":"max-video-preview:-1"},"canonical":"https:\/\/footdavant.fr\/actualites\/carolina-a-echange-le-veteran-wr-adam-thielen-aux-vikings-du-minnesota\/","og_locale":"fr_FR","og_type":"article","og_title":"Carolina a \u00e9chang\u00e9 le v\u00e9t\u00e9ran WR Adam Thielen aux Vikings du Minnesota","og_description":"Cependant, la plus grande nouvelle qui sort de cet accord est que WR Adam Thielen rentre chez lui. Le Minnesota a obtenu Thielen, un choix","og_url":"https:\/\/footdavant.fr\/actualites\/carolina-a-echange-le-veteran-wr-adam-thielen-aux-vikings-du-minnesota\/","og_site_name":"Foot d&#039;avant","article_publisher":"https:\/\/www.facebook.com\/Footdavant\/","article_published_time":"2025-09-02T07:48:23+00:00","article_modified_time":"2025-09-02T07:48:24+00:00","og_image":[{"width":696,"height":391,"url":"https:\/\/footdavant.fr\/actualites\/wp-content\/uploads\/2025\/09\/Carolina-a-echange-le-veteran-WR-Adam-Thielen-aux-Vikings.jpg","type":"image\/jpeg"}],"author":"Cl\u00e9ment","twitter_card":"summary_large_image","twitter_creator":"@FootdavantFr","twitter_site":"@FootdavantFr","twitter_misc":{"\u00c9crit par":"Cl\u00e9ment","Dur\u00e9e de lecture estim\u00e9e":"2 minutes"},"schema":{"@context":"https:\/\/schema.org","@graph":[{"@type":"Article","@id":"https:\/\/footdavant.fr\/actualites\/carolina-a-echange-le-veteran-wr-adam-thielen-aux-vikings-du-minnesota\/#article","isPartOf":{"@id":"https:\/\/footdavant.fr\/actualites\/carolina-a-echange-le-veteran-wr-adam-thielen-aux-vikings-du-minnesota\/"},"author":{"name":"Cl\u00e9ment","@id":"https:\/\/footdavant.fr\/actualites\/#\/schema\/person\/bc222566d95871b37e597b3ed3ba5e1d"},"headline":"Carolina a \u00e9chang\u00e9 le v\u00e9t\u00e9ran WR Adam Thielen aux Vikings du Minnesota","datePublished":"2025-09-02T07:48:23+00:00","dateModified":"2025-09-02T07:48:24+00:00","mainEntityOfPage":{"@id":"https:\/\/footdavant.fr\/actualites\/carolina-a-echange-le-veteran-wr-adam-thielen-aux-vikings-du-minnesota\/"},"wordCount":513,"publisher":{"@id":"https:\/\/footdavant.fr\/actualites\/#organization"},"keywords":["Adam","aux","Carolina","\u00e9chang\u00e9","Minnesota","Thielen","v\u00e9t\u00e9ran","Vikings"],"articleSection":["Football"],"inLanguage":"fr-FR"},{"@type":"WebPage","@id":"https:\/\/footdavant.fr\/actualites\/carolina-a-echange-le-veteran-wr-adam-thielen-aux-vikings-du-minnesota\/","url":"https:\/\/footdavant.fr\/actualites\/carolina-a-echange-le-veteran-wr-adam-thielen-aux-vikings-du-minnesota\/","name":"Carolina a \u00e9chang\u00e9 le v\u00e9t\u00e9ran WR Adam Thielen aux Vikings du Minnesota","isPartOf":{"@id":"https:\/\/footdavant.fr\/actualites\/#website"},"datePublished":"2025-09-02T07:48:23+00:00","dateModified":"2025-09-02T07:48:24+00:00","breadcrumb":{"@id":"https:\/\/footdavant.fr\/actualites\/carolina-a-echange-le-veteran-wr-adam-thielen-aux-vikings-du-minnesota\/#breadcrumb"},"inLanguage":"fr-FR","potentialAction":[{"@type":"ReadAction","target":["https:\/\/footdavant.fr\/actualites\/carolina-a-echange-le-veteran-wr-adam-thielen-aux-vikings-du-minnesota\/"]}]},{"@type":"BreadcrumbList","@id":"https:\/\/footdavant.fr\/actualites\/carolina-a-echange-le-veteran-wr-adam-thielen-aux-vikings-du-minnesota\/#breadcrumb","itemListElement":[{"@type":"ListItem","position":1,"name":"Accueil","item":"https:\/\/footdavant.fr\/actualites\/"},{"@type":"ListItem","position":2,"name":"Carolina a \u00e9chang\u00e9 le v\u00e9t\u00e9ran WR Adam Thielen aux Vikings du Minnesota"}]},{"@type":"WebSite","@id":"https:\/\/footdavant.fr\/actualites\/#website","url":"https:\/\/footdavant.fr\/actualites\/","name":"Foot d'avant","description":"","publisher":{"@id":"https:\/\/footdavant.fr\/actualites\/#organization"},"potentialAction":[{"@type":"SearchAction","target":{"@type":"EntryPoint","urlTemplate":"https:\/\/footdavant.fr\/actualites\/?s={search_term_string}"},"query-input":"required name=search_term_string"}],"inLanguage":"fr-FR"},{"@type":"Organization","@id":"https:\/\/footdavant.fr\/actualites\/#organization","name":"Foot d'avant","url":"https:\/\/footdavant.fr\/actualites\/","logo":{"@type":"ImageObject","inLanguage":"fr-FR","@id":"https:\/\/footdavant.fr\/actualites\/#\/schema\/logo\/image\/","url":"https:\/\/footdavant.fr\/actualites\/wp-content\/uploads\/2023\/09\/Copy-of-FootDavant-Logo.png","contentUrl":"https:\/\/footdavant.fr\/actualites\/wp-content\/uploads\/2023\/09\/Copy-of-FootDavant-Logo.png","width":936,"height":549,"caption":"Foot d'avant"},"image":{"@id":"https:\/\/footdavant.fr\/actualites\/#\/schema\/logo\/image\/"},"sameAs":["https:\/\/www.facebook.com\/Footdavant\/","https:\/\/twitter.com\/FootdavantFr","https:\/\/www.instagram.com\/footdavant.fr\/"]},{"@type":"Person","@id":"https:\/\/footdavant.fr\/actualites\/#\/schema\/person\/bc222566d95871b37e597b3ed3ba5e1d","name":"Cl\u00e9ment","image":{"@type":"ImageObject","inLanguage":"fr-FR","@id":"https:\/\/footdavant.fr\/actualites\/#\/schema\/person\/image\/","url":"https:\/\/secure.gravatar.com\/avatar\/7728b29aac2719421e1a9159b2254c44?s=96&d=mm&r=g","contentUrl":"https:\/\/secure.gravatar.com\/avatar\/7728b29aac2719421e1a9159b2254c44?s=96&d=mm&r=g","caption":"Cl\u00e9ment"},"sameAs":["https:\/\/footdavant.fr\/"]}]}},"_links":{"self":[{"href":"https:\/\/footdavant.fr\/actualites\/wp-json\/wp\/v2\/posts\/28021"}],"collection":[{"href":"https:\/\/footdavant.fr\/actualites\/wp-json\/wp\/v2\/posts"}],"about":[{"href":"https:\/\/footdavant.fr\/actualites\/wp-json\/wp\/v2\/types\/post"}],"author":[{"embeddable":true,"href":"https:\/\/footdavant.fr\/actualites\/wp-json\/wp\/v2\/users\/1"}],"replies":[{"embeddable":true,"href":"https:\/\/footdavant.fr\/actualites\/wp-json\/wp\/v2\/comments?post=28021"}],"version-history":[{"count":1,"href":"https:\/\/footdavant.fr\/actualites\/wp-json\/wp\/v2\/posts\/28021\/revisions"}],"predecessor-version":[{"id":28023,"href":"https:\/\/footdavant.fr\/actualites\/wp-json\/wp\/v2\/posts\/28021\/revisions\/28023"}],"wp:featuredmedia":[{"embeddable":true,"href":"https:\/\/footdavant.fr\/actualites\/wp-json\/wp\/v2\/media\/28022"}],"wp:attachment":[{"href":"https:\/\/footdavant.fr\/actualites\/wp-json\/wp\/v2\/media?parent=28021"}],"wp:term":[{"taxonomy":"category","embeddable":true,"href":"https:\/\/footdavant.fr\/actualites\/wp-json\/wp\/v2\/categories?post=28021"},{"taxonomy":"post_tag","embeddable":true,"href":"https:\/\/footdavant.fr\/actualites\/wp-json\/wp\/v2\/tags?post=28021"}],"curies":[{"name":"wp","href":"https:\/\/api.w.org\/{rel}","templated":true}]}}