{"id":28073,"date":"2025-09-03T16:48:19","date_gmt":"2025-09-03T14:48:19","guid":{"rendered":"https:\/\/footdavant.fr\/actualites\/andre-onana-entretient-de-bonnes-relations-avec-amorim-fabrizio-romano-man-united-news-and-transfer-news\/"},"modified":"2025-09-03T16:48:21","modified_gmt":"2025-09-03T14:48:21","slug":"andre-onana-entretient-de-bonnes-relations-avec-amorim-fabrizio-romano-man-united-news-and-transfer-news","status":"publish","type":"post","link":"https:\/\/footdavant.fr\/actualites\/andre-onana-entretient-de-bonnes-relations-avec-amorim-fabrizio-romano-man-united-news-and-transfer-news\/","title":{"rendered":"Andre Onana entretient de bonnes relations avec Amorim &#8211; Fabrizio Romano &#8211; Man United News and Transfer News"},"content":{"rendered":"<div id=\"penci-post-entry-inner\">\n<p>\t\t\t<i class=\"penci-post-countview-number-check\" style=\"display:none\">1<\/i><\/p>\n<p>L&#39;avenir d&#39;Andr\u00e9 Onana \u00e0 Manchester United reste fragile apr\u00e8s l&#39;acquisition du club de Senne Lammens. Le gardien camerounais a commenc\u00e9 la saison derri\u00e8re Altay Bayindir dans l&#39;ordre hi\u00e9rarchique.<\/p>\n<p>Onana a divis\u00e9 l&#39;opinion depuis son arriv\u00e9e d&#39;Inter Milan \u00e0 l&#39;\u00e9t\u00e9 2023. Le joueur de 29 ans \u00e9tait \u00e0 nouveau sous les projecteurs apr\u00e8s une saison 2024\/25 d\u00e9cevante, o\u00f9 il a conc\u00e9d\u00e9 65 buts en 50 matchs.<\/p>\n<p>Avec Bayindir n&#39;ayant pas affirm\u00e9 sa confiance dans les deux premiers matchs contre Arsenal et Fulham, Onana \u00e9tait de retour entre les b\u00e2tons contre Grimsby Town dans la Coupe EFL. Cependant, l&#39;ancien homme de l&#39;Ajax a eu une nuit \u00e0 oublier, laissant entrer deux buts faciles alors que son \u00e9quipe \u00e9tait quitt\u00e9e du tournoi en p\u00e9nalit\u00e9s. <\/p>\n<p>Bayindir a \u00e9t\u00e9 r\u00e9int\u00e9gr\u00e9 dans le but le week-end dernier contre Burnley et il semble qu&#39;Onana soit derri\u00e8re l&#39;international de la dinde dans l&#39;ordre hi\u00e9rarchique en ce moment. Cependant, l&#39;avenir du Camerounien a \u00e9t\u00e9 encore compliqu\u00e9 apr\u00e8s que United ait obtenu la signature de Lammens de Royal Anvers le jour de la date limite de transfert.<\/p>\n<p>Onana \u00e9tait li\u00e9e \u00e0 une sortie d&#39;Old Trafford cet \u00e9t\u00e9, mais a fini par rester.<\/p>\n<h3>La relation d&#39;Onana avec Amorim n&#39;est pas affect\u00e9e par les changements r\u00e9cents<\/h3>\n<p>Malgr\u00e9 la perte de sa place \u00e0 Old Trafford, la relation d&#39;Onana avec Ruben Amorim reste bonne, selon Fabrizio Romano. <\/p>\n<p>Dans sa chronique pour GiveMesport, le journaliste italien a ajout\u00e9 que l&#39;entra\u00eeneur-chef portugais s&#39;attend \u00e0 des normes \u00e9lev\u00e9es de tous ses joueurs.<\/p>\n<p>\u00ab\u00a0Toujours une bonne relation. Amorim est tr\u00e8s clair, qui veut jouer doit fonctionner au meilleur niveau. C&#39;est pour Onana et pour tous les autres\u00a0\u00bb, a \u00e9crit Romano.<\/p>\n<p>Lammens a re\u00e7u la chemise n \u00b0 31 \u00e0 Old Trafford. <\/p>\n<h3>United a une surcharge de gardiens de but dans l&#39;\u00e9quipe<\/h3>\n<p>United a d\u00e9sormais quatre gardiens de but dans leur liste, avec le gardien v\u00e9t\u00e9ran Tom Heaton \u00e9galement dans le m\u00e9lange. Lammens aura certainement les yeux sur le r\u00f4le n \u00b0 1, bien que l&#39;on pense qu&#39;Onana est \u00e9galement pr\u00eate \u00e0 se battre pour sa place dans le XI de d\u00e9part.<\/p>\n<p>Cependant, Amorim pourrait sembler \u00eatre patient avec le Belge \u00e0 la place. Le Portugais a d\u00e9ploy\u00e9 une approche similaire avec Benjamin Sesko, qui a \u00e9t\u00e9 assoupli en action \u00e0 Old Trafford. <\/p>\n<p>Alors que les fans aimeraient voir le jeune de 23 ans entre le b\u00e2ton dans le Derby de Manchester apr\u00e8s la pause internationale, il n&#39;est pas clair s&#39;il serait s\u00e9lectionn\u00e9 pour le match \u00e0 haute pression. <\/p>\n<p>Au lieu de cela, le match contre Brentford plus tard ce mois-ci pourrait marquer la premi\u00e8re apparition de Lammens pour les Red Devils. <\/p>\n<\/p>\n<hr>\n<p>Suivez-nous sur bluesky: @ PeopleSerson.bsky.social<br \/><!--Article End--><\/p>\n<p><!-- CONTENT END 2 --><\/p><\/div>\n","protected":false},"excerpt":{"rendered":"<p>1 L&#39;avenir d&#39;Andr\u00e9 Onana \u00e0 Manchester United reste fragile apr\u00e8s l&#39;acquisition du club de Senne Lammens. Le gardien camerounais a commenc\u00e9 la saison derri\u00e8re Altay<\/p>\n","protected":false},"author":1,"featured_media":28074,"comment_status":"closed","ping_status":"","sticky":false,"template":"","format":"standard","meta":{"footnotes":""},"categories":[3],"tags":[4477,194,91,6133,10402,1113,24,409,195,10403,1114,2732,13],"yoast_head":"<!-- This site is optimized with the Yoast SEO plugin v21.0 - https:\/\/yoast.com\/wordpress\/plugins\/seo\/ -->\n<title>Andre Onana entretient de bonnes relations avec Amorim - Fabrizio Romano - Man United News and Transfer News<\/title>\n<meta name=\"robots\" content=\"index, follow, max-snippet:-1, max-image-preview:large, max-video-preview:-1\" \/>\n<link rel=\"canonical\" href=\"https:\/\/footdavant.fr\/actualites\/andre-onana-entretient-de-bonnes-relations-avec-amorim-fabrizio-romano-man-united-news-and-transfer-news\/\" \/>\n<meta property=\"og:locale\" content=\"fr_FR\" \/>\n<meta property=\"og:type\" content=\"article\" \/>\n<meta property=\"og:title\" content=\"Andre Onana entretient de bonnes relations avec Amorim - Fabrizio Romano - Man United News and Transfer News\" \/>\n<meta property=\"og:description\" content=\"1 L&#039;avenir d&#039;Andr\u00e9 Onana \u00e0 Manchester United reste fragile apr\u00e8s l&#039;acquisition du club de Senne Lammens. Le gardien camerounais a commenc\u00e9 la saison derri\u00e8re Altay\" \/>\n<meta property=\"og:url\" content=\"https:\/\/footdavant.fr\/actualites\/andre-onana-entretient-de-bonnes-relations-avec-amorim-fabrizio-romano-man-united-news-and-transfer-news\/\" \/>\n<meta property=\"og:site_name\" content=\"Foot d&#039;avant\" \/>\n<meta property=\"article:publisher\" content=\"https:\/\/www.facebook.com\/Footdavant\/\" \/>\n<meta property=\"article:published_time\" content=\"2025-09-03T14:48:19+00:00\" \/>\n<meta property=\"article:modified_time\" content=\"2025-09-03T14:48:21+00:00\" \/>\n<meta property=\"og:image\" content=\"https:\/\/footdavant.fr\/actualites\/wp-content\/uploads\/2025\/09\/Andre-Onana-entretient-de-bonnes-relations-avec-Amorim-Fabrizio.jpg\" \/>\n\t<meta property=\"og:image:width\" content=\"1600\" \/>\n\t<meta property=\"og:image:height\" content=\"701\" \/>\n\t<meta property=\"og:image:type\" content=\"image\/jpeg\" \/>\n<meta name=\"author\" content=\"Cl\u00e9ment\" \/>\n<meta name=\"twitter:card\" content=\"summary_large_image\" \/>\n<meta name=\"twitter:creator\" content=\"@FootdavantFr\" \/>\n<meta name=\"twitter:site\" content=\"@FootdavantFr\" \/>\n<meta name=\"twitter:label1\" content=\"\u00c9crit par\" \/>\n\t<meta name=\"twitter:data1\" content=\"Cl\u00e9ment\" \/>\n\t<meta name=\"twitter:label2\" content=\"Dur\u00e9e de lecture estim\u00e9e\" \/>\n\t<meta name=\"twitter:data2\" content=\"2 minutes\" \/>\n<script type=\"application\/ld+json\" class=\"yoast-schema-graph\">{\"@context\":\"https:\/\/schema.org\",\"@graph\":[{\"@type\":\"Article\",\"@id\":\"https:\/\/footdavant.fr\/actualites\/andre-onana-entretient-de-bonnes-relations-avec-amorim-fabrizio-romano-man-united-news-and-transfer-news\/#article\",\"isPartOf\":{\"@id\":\"https:\/\/footdavant.fr\/actualites\/andre-onana-entretient-de-bonnes-relations-avec-amorim-fabrizio-romano-man-united-news-and-transfer-news\/\"},\"author\":{\"name\":\"Cl\u00e9ment\",\"@id\":\"https:\/\/footdavant.fr\/actualites\/#\/schema\/person\/bc222566d95871b37e597b3ed3ba5e1d\"},\"headline\":\"Andre Onana entretient de bonnes relations avec Amorim &#8211; Fabrizio Romano &#8211; Man United News and Transfer News\",\"datePublished\":\"2025-09-03T14:48:19+00:00\",\"dateModified\":\"2025-09-03T14:48:21+00:00\",\"mainEntityOfPage\":{\"@id\":\"https:\/\/footdavant.fr\/actualites\/andre-onana-entretient-de-bonnes-relations-avec-amorim-fabrizio-romano-man-united-news-and-transfer-news\/\"},\"wordCount\":497,\"publisher\":{\"@id\":\"https:\/\/footdavant.fr\/actualites\/#organization\"},\"keywords\":[\"Amorim\",\"Andre\",\"avec\",\"bonnes\",\"entretient\",\"Fabrizio\",\"Man\",\"News\",\"Onana\",\"relations\",\"Romano\",\"Transfer\",\"United\"],\"articleSection\":[\"Football\"],\"inLanguage\":\"fr-FR\"},{\"@type\":\"WebPage\",\"@id\":\"https:\/\/footdavant.fr\/actualites\/andre-onana-entretient-de-bonnes-relations-avec-amorim-fabrizio-romano-man-united-news-and-transfer-news\/\",\"url\":\"https:\/\/footdavant.fr\/actualites\/andre-onana-entretient-de-bonnes-relations-avec-amorim-fabrizio-romano-man-united-news-and-transfer-news\/\",\"name\":\"Andre Onana entretient de bonnes relations avec Amorim - Fabrizio Romano - Man United News and Transfer News\",\"isPartOf\":{\"@id\":\"https:\/\/footdavant.fr\/actualites\/#website\"},\"datePublished\":\"2025-09-03T14:48:19+00:00\",\"dateModified\":\"2025-09-03T14:48:21+00:00\",\"breadcrumb\":{\"@id\":\"https:\/\/footdavant.fr\/actualites\/andre-onana-entretient-de-bonnes-relations-avec-amorim-fabrizio-romano-man-united-news-and-transfer-news\/#breadcrumb\"},\"inLanguage\":\"fr-FR\",\"potentialAction\":[{\"@type\":\"ReadAction\",\"target\":[\"https:\/\/footdavant.fr\/actualites\/andre-onana-entretient-de-bonnes-relations-avec-amorim-fabrizio-romano-man-united-news-and-transfer-news\/\"]}]},{\"@type\":\"BreadcrumbList\",\"@id\":\"https:\/\/footdavant.fr\/actualites\/andre-onana-entretient-de-bonnes-relations-avec-amorim-fabrizio-romano-man-united-news-and-transfer-news\/#breadcrumb\",\"itemListElement\":[{\"@type\":\"ListItem\",\"position\":1,\"name\":\"Accueil\",\"item\":\"https:\/\/footdavant.fr\/actualites\/\"},{\"@type\":\"ListItem\",\"position\":2,\"name\":\"Andre Onana entretient de bonnes relations avec Amorim &#8211; Fabrizio Romano &#8211; Man United News and Transfer News\"}]},{\"@type\":\"WebSite\",\"@id\":\"https:\/\/footdavant.fr\/actualites\/#website\",\"url\":\"https:\/\/footdavant.fr\/actualites\/\",\"name\":\"Foot d'avant\",\"description\":\"\",\"publisher\":{\"@id\":\"https:\/\/footdavant.fr\/actualites\/#organization\"},\"potentialAction\":[{\"@type\":\"SearchAction\",\"target\":{\"@type\":\"EntryPoint\",\"urlTemplate\":\"https:\/\/footdavant.fr\/actualites\/?s={search_term_string}\"},\"query-input\":\"required name=search_term_string\"}],\"inLanguage\":\"fr-FR\"},{\"@type\":\"Organization\",\"@id\":\"https:\/\/footdavant.fr\/actualites\/#organization\",\"name\":\"Foot d'avant\",\"url\":\"https:\/\/footdavant.fr\/actualites\/\",\"logo\":{\"@type\":\"ImageObject\",\"inLanguage\":\"fr-FR\",\"@id\":\"https:\/\/footdavant.fr\/actualites\/#\/schema\/logo\/image\/\",\"url\":\"https:\/\/footdavant.fr\/actualites\/wp-content\/uploads\/2023\/09\/Copy-of-FootDavant-Logo.png\",\"contentUrl\":\"https:\/\/footdavant.fr\/actualites\/wp-content\/uploads\/2023\/09\/Copy-of-FootDavant-Logo.png\",\"width\":936,\"height\":549,\"caption\":\"Foot d'avant\"},\"image\":{\"@id\":\"https:\/\/footdavant.fr\/actualites\/#\/schema\/logo\/image\/\"},\"sameAs\":[\"https:\/\/www.facebook.com\/Footdavant\/\",\"https:\/\/twitter.com\/FootdavantFr\",\"https:\/\/www.instagram.com\/footdavant.fr\/\"]},{\"@type\":\"Person\",\"@id\":\"https:\/\/footdavant.fr\/actualites\/#\/schema\/person\/bc222566d95871b37e597b3ed3ba5e1d\",\"name\":\"Cl\u00e9ment\",\"image\":{\"@type\":\"ImageObject\",\"inLanguage\":\"fr-FR\",\"@id\":\"https:\/\/footdavant.fr\/actualites\/#\/schema\/person\/image\/\",\"url\":\"https:\/\/secure.gravatar.com\/avatar\/7728b29aac2719421e1a9159b2254c44?s=96&d=mm&r=g\",\"contentUrl\":\"https:\/\/secure.gravatar.com\/avatar\/7728b29aac2719421e1a9159b2254c44?s=96&d=mm&r=g\",\"caption\":\"Cl\u00e9ment\"},\"sameAs\":[\"https:\/\/footdavant.fr\/\"]}]}<\/script>\n<!-- \/ Yoast SEO plugin. -->","yoast_head_json":{"title":"Andre Onana entretient de bonnes relations avec Amorim - Fabrizio Romano - Man United News and Transfer News","robots":{"index":"index","follow":"follow","max-snippet":"max-snippet:-1","max-image-preview":"max-image-preview:large","max-video-preview":"max-video-preview:-1"},"canonical":"https:\/\/footdavant.fr\/actualites\/andre-onana-entretient-de-bonnes-relations-avec-amorim-fabrizio-romano-man-united-news-and-transfer-news\/","og_locale":"fr_FR","og_type":"article","og_title":"Andre Onana entretient de bonnes relations avec Amorim - Fabrizio Romano - Man United News and Transfer News","og_description":"1 L&#39;avenir d&#39;Andr\u00e9 Onana \u00e0 Manchester United reste fragile apr\u00e8s l&#39;acquisition du club de Senne Lammens. Le gardien camerounais a commenc\u00e9 la saison derri\u00e8re Altay","og_url":"https:\/\/footdavant.fr\/actualites\/andre-onana-entretient-de-bonnes-relations-avec-amorim-fabrizio-romano-man-united-news-and-transfer-news\/","og_site_name":"Foot d&#039;avant","article_publisher":"https:\/\/www.facebook.com\/Footdavant\/","article_published_time":"2025-09-03T14:48:19+00:00","article_modified_time":"2025-09-03T14:48:21+00:00","og_image":[{"width":1600,"height":701,"url":"https:\/\/footdavant.fr\/actualites\/wp-content\/uploads\/2025\/09\/Andre-Onana-entretient-de-bonnes-relations-avec-Amorim-Fabrizio.jpg","type":"image\/jpeg"}],"author":"Cl\u00e9ment","twitter_card":"summary_large_image","twitter_creator":"@FootdavantFr","twitter_site":"@FootdavantFr","twitter_misc":{"\u00c9crit par":"Cl\u00e9ment","Dur\u00e9e de lecture estim\u00e9e":"2 minutes"},"schema":{"@context":"https:\/\/schema.org","@graph":[{"@type":"Article","@id":"https:\/\/footdavant.fr\/actualites\/andre-onana-entretient-de-bonnes-relations-avec-amorim-fabrizio-romano-man-united-news-and-transfer-news\/#article","isPartOf":{"@id":"https:\/\/footdavant.fr\/actualites\/andre-onana-entretient-de-bonnes-relations-avec-amorim-fabrizio-romano-man-united-news-and-transfer-news\/"},"author":{"name":"Cl\u00e9ment","@id":"https:\/\/footdavant.fr\/actualites\/#\/schema\/person\/bc222566d95871b37e597b3ed3ba5e1d"},"headline":"Andre Onana entretient de bonnes relations avec Amorim &#8211; Fabrizio Romano &#8211; Man United News and Transfer News","datePublished":"2025-09-03T14:48:19+00:00","dateModified":"2025-09-03T14:48:21+00:00","mainEntityOfPage":{"@id":"https:\/\/footdavant.fr\/actualites\/andre-onana-entretient-de-bonnes-relations-avec-amorim-fabrizio-romano-man-united-news-and-transfer-news\/"},"wordCount":497,"publisher":{"@id":"https:\/\/footdavant.fr\/actualites\/#organization"},"keywords":["Amorim","Andre","avec","bonnes","entretient","Fabrizio","Man","News","Onana","relations","Romano","Transfer","United"],"articleSection":["Football"],"inLanguage":"fr-FR"},{"@type":"WebPage","@id":"https:\/\/footdavant.fr\/actualites\/andre-onana-entretient-de-bonnes-relations-avec-amorim-fabrizio-romano-man-united-news-and-transfer-news\/","url":"https:\/\/footdavant.fr\/actualites\/andre-onana-entretient-de-bonnes-relations-avec-amorim-fabrizio-romano-man-united-news-and-transfer-news\/","name":"Andre Onana entretient de bonnes relations avec Amorim - Fabrizio Romano - Man United News and Transfer News","isPartOf":{"@id":"https:\/\/footdavant.fr\/actualites\/#website"},"datePublished":"2025-09-03T14:48:19+00:00","dateModified":"2025-09-03T14:48:21+00:00","breadcrumb":{"@id":"https:\/\/footdavant.fr\/actualites\/andre-onana-entretient-de-bonnes-relations-avec-amorim-fabrizio-romano-man-united-news-and-transfer-news\/#breadcrumb"},"inLanguage":"fr-FR","potentialAction":[{"@type":"ReadAction","target":["https:\/\/footdavant.fr\/actualites\/andre-onana-entretient-de-bonnes-relations-avec-amorim-fabrizio-romano-man-united-news-and-transfer-news\/"]}]},{"@type":"BreadcrumbList","@id":"https:\/\/footdavant.fr\/actualites\/andre-onana-entretient-de-bonnes-relations-avec-amorim-fabrizio-romano-man-united-news-and-transfer-news\/#breadcrumb","itemListElement":[{"@type":"ListItem","position":1,"name":"Accueil","item":"https:\/\/footdavant.fr\/actualites\/"},{"@type":"ListItem","position":2,"name":"Andre Onana entretient de bonnes relations avec Amorim &#8211; Fabrizio Romano &#8211; Man United News and Transfer News"}]},{"@type":"WebSite","@id":"https:\/\/footdavant.fr\/actualites\/#website","url":"https:\/\/footdavant.fr\/actualites\/","name":"Foot d'avant","description":"","publisher":{"@id":"https:\/\/footdavant.fr\/actualites\/#organization"},"potentialAction":[{"@type":"SearchAction","target":{"@type":"EntryPoint","urlTemplate":"https:\/\/footdavant.fr\/actualites\/?s={search_term_string}"},"query-input":"required name=search_term_string"}],"inLanguage":"fr-FR"},{"@type":"Organization","@id":"https:\/\/footdavant.fr\/actualites\/#organization","name":"Foot d'avant","url":"https:\/\/footdavant.fr\/actualites\/","logo":{"@type":"ImageObject","inLanguage":"fr-FR","@id":"https:\/\/footdavant.fr\/actualites\/#\/schema\/logo\/image\/","url":"https:\/\/footdavant.fr\/actualites\/wp-content\/uploads\/2023\/09\/Copy-of-FootDavant-Logo.png","contentUrl":"https:\/\/footdavant.fr\/actualites\/wp-content\/uploads\/2023\/09\/Copy-of-FootDavant-Logo.png","width":936,"height":549,"caption":"Foot d'avant"},"image":{"@id":"https:\/\/footdavant.fr\/actualites\/#\/schema\/logo\/image\/"},"sameAs":["https:\/\/www.facebook.com\/Footdavant\/","https:\/\/twitter.com\/FootdavantFr","https:\/\/www.instagram.com\/footdavant.fr\/"]},{"@type":"Person","@id":"https:\/\/footdavant.fr\/actualites\/#\/schema\/person\/bc222566d95871b37e597b3ed3ba5e1d","name":"Cl\u00e9ment","image":{"@type":"ImageObject","inLanguage":"fr-FR","@id":"https:\/\/footdavant.fr\/actualites\/#\/schema\/person\/image\/","url":"https:\/\/secure.gravatar.com\/avatar\/7728b29aac2719421e1a9159b2254c44?s=96&d=mm&r=g","contentUrl":"https:\/\/secure.gravatar.com\/avatar\/7728b29aac2719421e1a9159b2254c44?s=96&d=mm&r=g","caption":"Cl\u00e9ment"},"sameAs":["https:\/\/footdavant.fr\/"]}]}},"_links":{"self":[{"href":"https:\/\/footdavant.fr\/actualites\/wp-json\/wp\/v2\/posts\/28073"}],"collection":[{"href":"https:\/\/footdavant.fr\/actualites\/wp-json\/wp\/v2\/posts"}],"about":[{"href":"https:\/\/footdavant.fr\/actualites\/wp-json\/wp\/v2\/types\/post"}],"author":[{"embeddable":true,"href":"https:\/\/footdavant.fr\/actualites\/wp-json\/wp\/v2\/users\/1"}],"replies":[{"embeddable":true,"href":"https:\/\/footdavant.fr\/actualites\/wp-json\/wp\/v2\/comments?post=28073"}],"version-history":[{"count":1,"href":"https:\/\/footdavant.fr\/actualites\/wp-json\/wp\/v2\/posts\/28073\/revisions"}],"predecessor-version":[{"id":28075,"href":"https:\/\/footdavant.fr\/actualites\/wp-json\/wp\/v2\/posts\/28073\/revisions\/28075"}],"wp:featuredmedia":[{"embeddable":true,"href":"https:\/\/footdavant.fr\/actualites\/wp-json\/wp\/v2\/media\/28074"}],"wp:attachment":[{"href":"https:\/\/footdavant.fr\/actualites\/wp-json\/wp\/v2\/media?parent=28073"}],"wp:term":[{"taxonomy":"category","embeddable":true,"href":"https:\/\/footdavant.fr\/actualites\/wp-json\/wp\/v2\/categories?post=28073"},{"taxonomy":"post_tag","embeddable":true,"href":"https:\/\/footdavant.fr\/actualites\/wp-json\/wp\/v2\/tags?post=28073"}],"curies":[{"name":"wp","href":"https:\/\/api.w.org\/{rel}","templated":true}]}}