{"id":28076,"date":"2025-09-03T18:48:14","date_gmt":"2025-09-03T16:48:14","guid":{"rendered":"https:\/\/footdavant.fr\/actualites\/comment-arsenal-pourrait-faire-la-queue-sans-william-saliba-alors-que-mikel-arteta-subit-une-nouvelle-blessure-a-linquietude-dans-liverpool-clash\/"},"modified":"2025-09-03T18:48:16","modified_gmt":"2025-09-03T16:48:16","slug":"comment-arsenal-pourrait-faire-la-queue-sans-william-saliba-alors-que-mikel-arteta-subit-une-nouvelle-blessure-a-linquietude-dans-liverpool-clash","status":"publish","type":"post","link":"https:\/\/footdavant.fr\/actualites\/comment-arsenal-pourrait-faire-la-queue-sans-william-saliba-alors-que-mikel-arteta-subit-une-nouvelle-blessure-a-linquietude-dans-liverpool-clash\/","title":{"rendered":"Comment Arsenal pourrait faire la queue sans William Saliba alors que Mikel Arteta subit une nouvelle blessure \u00e0 l&#39;inqui\u00e9tude dans Liverpool Clash"},"content":{"rendered":"<p>Sports Mole regarde comment Arsenal pourrait s&#39;aligner sans William Saliba apr\u00e8s la blessure du Fran\u00e7ais contre Liverpool.<\/p>\n<div id=\"article_body\" itemprop=\"articleBody\">\n<h3 class=\"firstPara\"><\/h3>\n<p><strong class=\"autotag\">La crise des blessures en d\u00e9but de saison d&#39;Arsenal est pass\u00e9e de mal en pis le dimanche apr\u00e8s-midi, comme <strong class=\"autotag\">William Saliba a \u00e9t\u00e9 retir\u00e9 des premi\u00e8res portes contre Liverpool \u00e0 Anfield.<\/p>\n<p>L&#39;international fran\u00e7ais n&#39;\u00e9tait pas surprise en poste aux c\u00f4t\u00e9s <strong class=\"autotag\">Gabriel Magalhaes en d\u00e9fense pour l&#39;affrontement de la Premier League all\u00e9chante, mais sa course s&#39;est d\u00e9roul\u00e9e apr\u00e8s seulement cinq minutes.<\/p>\n<p>Saliba est devenue pire dans un duel avec l&#39;attaquant de Liverpool et compatriote Hugo Ekitike, se blessant apparemment au pied ou \u00e0 la cheville et tombant sur le gazon peu de temps apr\u00e8s.<\/p>\n<p><strong class=\"autotag\">Mikel Arteta n&#39;a pris aucune chance avec l&#39;ancienne starlette de Saint-Etienne, le rempla\u00e7ant imm\u00e9diatement par la signature d&#39;\u00e9t\u00e9 <strong class=\"autotag\">Cristhian Mosquera, qui a gliss\u00e9 de mani\u00e8re transparente aux c\u00f4t\u00e9s de Gabriel au c\u0153ur de la ligne de fond.<\/p>\n<p>Les Gunners ont calmement gard\u00e9 les champions \u00e0 distance pour le reste de la premi\u00e8re mi-temps, mais l&#39;inqui\u00e9tude se tournera sans aucun doute bient\u00f4t vers Saliba, qui a imm\u00e9diatement descendu le tunnel apr\u00e8s avoir \u00e9t\u00e9 retir\u00e9.<\/p>\n<h2>Comment Arsenal pourrait s&#39;aligner sans Saliba apr\u00e8s la blessure \u00e0 Liverpool<\/h2>\n<p class=\"imgI\">\n<p>Le changement de cinqui\u00e8me minute de Saliba a \u00e9t\u00e9 la premi\u00e8re substitution d&#39;Arsenal lors d&#39;un match de Premier League depuis novembre 2012, o\u00f9 par co\u00efncidence, un autre d\u00e9fenseur central fran\u00e7ais de Laurent Koscielny s&#39;est d\u00e9roul\u00e9 \u00e0 la quatri\u00e8me minute contre une autre \u00e9quipe de Merseyside \u00e0 Everton.<\/p>\n<p>Heureusement, la signature de Mosquera signifie qu&#39;Arsenal a d\u00e9j\u00e0 un remplacement pr\u00eat \u00e0 l&#39;emploi pour le Fran\u00e7ais, tandis que Ben White et Jurrien Timber ne sont pas \u00e9galement \u00e9trangers \u00e0 jouer le bon r\u00f4le central.<\/p>\n<p>White est bien s\u00fbr mis \u00e0 l&#39;\u00e9cart aux c\u00f4t\u00e9s de Saliba en ce moment, mais l&#39;Anglais n&#39;est pas consid\u00e9r\u00e9 comme allaiter autre chose de plus grave qu&#39;un coup et pourrait \u00eatre apte \u00e0 retourner \u00e0 l&#39;action apr\u00e8s la pause internationale de septembre.<\/p>\n<p>Avant la fermeture de la fen\u00eatre de transfert, Arsenal devrait \u00e9galement avoir Bayer Leverkusen Defender <strong class=\"autotag\">Piero Hincapie par la porte, bien que le sp\u00e9cialiste gauche ne soit s\u00fbrement d\u00e9ploy\u00e9 que sur la droite en cas d&#39;urgence, comme c&#39;est le cas avec Gabriel Magalhaes.<\/p>\n<p>Dans un autre pire des cas, Declan Rice pourrait tomber en d\u00e9fense et quitter les huit emplacements de gauche pour Mikel Merino, mais Mosquera profitera presque certainement d&#39;une s\u00e9rie de d\u00e9parts si Saliba est exclue pendant une dur\u00e9e.<\/p>\n<h2>Quand les autres joueurs bless\u00e9s d&#39;Arsenal reviendront-ils?<\/h2>\n<p class=\"imgI\"><img decoding=\"async\" alt=\"Martin Odegaard d&#39;Arsenal illustr\u00e9 le 23 ao\u00fbt 2025\" class=\"vanilla-lazyload article-image\" src=\"https:\/\/footdavant.fr\/actualites\/wp-content\/uploads\/2025\/09\/1756918094_794_Comment-Arsenal-pourrait-faire-la-queue-sans-William-Saliba-alors.webp\"><\/p>\n<p>La bonne nouvelle a au moins pr\u00e9c\u00e9d\u00e9 la mauvaise nouvelle sur le front de la blessure pour Arsenal avant le num\u00e9ro de Saliba, car Martin Odegaard et Leandro Trossard \u00e9taient tous deux aptes \u00e0 faire le banc apr\u00e8s un probl\u00e8me d&#39;\u00e9paule et un coup non sp\u00e9cifi\u00e9 respectivement.<\/p>\n<p>Cependant, le Bukayo Saka critique pourrait \u00eatre port\u00e9 disparu jusqu&#39;\u00e0 un mois avec les ischio-jambiers qu&#39;il a soutenus contre Leeds United, ce qui l&#39;a potentiellement exclu des affrontements avec Manchester City et Newcastle United avant la fin de septembre.<\/p>\n<p>Pendant ce temps, Kai Havertz est entendu que les semaines sont confront\u00e9es \u00e0 des semaines \u00e0 la suite d&#39;une op\u00e9ration mineure du genou, mais l&#39;allemand ne devrait pas \u00eatre absent pendant plus de trois mois et est susceptible de revenir avant No\u00ebl.<\/p>\n<p>La victime de l&#39;ACL, Gabriel Jesus, pourrait \u00e9galement jouer \u00e0 nouveau d&#39;ici la fin de l&#39;ann\u00e9e, apr\u00e8s avoir fait un \u00e9norme pas en avant dans sa r\u00e9adaptation, tandis que le coup de Christian Norgaard pourrait \u00e9galement s&#39;installer au cours de la pause internationale.<\/p>\n<div class=\"author_box\">\n<div class=\"author_box_banner\"> <img decoding=\"async\" class=\"author_img\" src=\"https:\/\/footdavant.fr\/actualites\/wp-content\/uploads\/2025\/06\/1749127685_316_Equipe-de-la-Ligue-des-champions-du-tournoi-Lamine-Yamal.jpg\"><\/div>\n<\/div>\n<\/div>\n","protected":false},"excerpt":{"rendered":"<p>Sports Mole regarde comment Arsenal pourrait s&#39;aligner sans William Saliba apr\u00e8s la blessure du Fran\u00e7ais contre Liverpool. La crise des blessures en d\u00e9but de saison<\/p>\n","protected":false},"author":1,"featured_media":28077,"comment_status":"closed","ping_status":"","sticky":false,"template":"","format":"standard","meta":{"footnotes":""},"categories":[5],"tags":[318,67,211,15,1720,1497,19,1423,8856,53,210,1850,269,10404,4431,706,366,92,4430],"yoast_head":"<!-- This site is optimized with the Yoast SEO plugin v21.0 - https:\/\/yoast.com\/wordpress\/plugins\/seo\/ -->\n<title>Comment Arsenal pourrait faire la queue sans William Saliba alors que Mikel Arteta subit une nouvelle blessure \u00e0 l&#039;inqui\u00e9tude dans Liverpool Clash<\/title>\n<meta name=\"robots\" content=\"index, follow, max-snippet:-1, max-image-preview:large, max-video-preview:-1\" \/>\n<link rel=\"canonical\" href=\"https:\/\/footdavant.fr\/actualites\/comment-arsenal-pourrait-faire-la-queue-sans-william-saliba-alors-que-mikel-arteta-subit-une-nouvelle-blessure-a-linquietude-dans-liverpool-clash\/\" \/>\n<meta property=\"og:locale\" content=\"fr_FR\" \/>\n<meta property=\"og:type\" content=\"article\" \/>\n<meta property=\"og:title\" content=\"Comment Arsenal pourrait faire la queue sans William Saliba alors que Mikel Arteta subit une nouvelle blessure \u00e0 l&#039;inqui\u00e9tude dans Liverpool Clash\" \/>\n<meta property=\"og:description\" content=\"Sports Mole regarde comment Arsenal pourrait s&#039;aligner sans William Saliba apr\u00e8s la blessure du Fran\u00e7ais contre Liverpool. La crise des blessures en d\u00e9but de saison\" \/>\n<meta property=\"og:url\" content=\"https:\/\/footdavant.fr\/actualites\/comment-arsenal-pourrait-faire-la-queue-sans-william-saliba-alors-que-mikel-arteta-subit-une-nouvelle-blessure-a-linquietude-dans-liverpool-clash\/\" \/>\n<meta property=\"og:site_name\" content=\"Foot d&#039;avant\" \/>\n<meta property=\"article:publisher\" content=\"https:\/\/www.facebook.com\/Footdavant\/\" \/>\n<meta property=\"article:published_time\" content=\"2025-09-03T16:48:14+00:00\" \/>\n<meta property=\"article:modified_time\" content=\"2025-09-03T16:48:16+00:00\" \/>\n<meta property=\"og:image\" content=\"https:\/\/footdavant.fr\/actualites\/wp-content\/uploads\/2025\/07\/1751521713_32_Arsenal-expirant-des-contrats-qui-est-libre-de-partir-en.jpg\" \/>\n\t<meta property=\"og:image:width\" content=\"640\" \/>\n\t<meta property=\"og:image:height\" content=\"480\" \/>\n\t<meta property=\"og:image:type\" content=\"image\/jpeg\" \/>\n<meta name=\"author\" content=\"Cl\u00e9ment\" \/>\n<meta name=\"twitter:card\" content=\"summary_large_image\" \/>\n<meta name=\"twitter:creator\" content=\"@FootdavantFr\" \/>\n<meta name=\"twitter:site\" content=\"@FootdavantFr\" \/>\n<meta name=\"twitter:label1\" content=\"\u00c9crit par\" \/>\n\t<meta name=\"twitter:data1\" content=\"Cl\u00e9ment\" \/>\n\t<meta name=\"twitter:label2\" content=\"Dur\u00e9e de lecture estim\u00e9e\" \/>\n\t<meta name=\"twitter:data2\" content=\"3 minutes\" \/>\n<script type=\"application\/ld+json\" class=\"yoast-schema-graph\">{\"@context\":\"https:\/\/schema.org\",\"@graph\":[{\"@type\":\"Article\",\"@id\":\"https:\/\/footdavant.fr\/actualites\/comment-arsenal-pourrait-faire-la-queue-sans-william-saliba-alors-que-mikel-arteta-subit-une-nouvelle-blessure-a-linquietude-dans-liverpool-clash\/#article\",\"isPartOf\":{\"@id\":\"https:\/\/footdavant.fr\/actualites\/comment-arsenal-pourrait-faire-la-queue-sans-william-saliba-alors-que-mikel-arteta-subit-une-nouvelle-blessure-a-linquietude-dans-liverpool-clash\/\"},\"author\":{\"name\":\"Cl\u00e9ment\",\"@id\":\"https:\/\/footdavant.fr\/actualites\/#\/schema\/person\/bc222566d95871b37e597b3ed3ba5e1d\"},\"headline\":\"Comment Arsenal pourrait faire la queue sans William Saliba alors que Mikel Arteta subit une nouvelle blessure \u00e0 l&#39;inqui\u00e9tude dans Liverpool Clash\",\"datePublished\":\"2025-09-03T16:48:14+00:00\",\"dateModified\":\"2025-09-03T16:48:16+00:00\",\"mainEntityOfPage\":{\"@id\":\"https:\/\/footdavant.fr\/actualites\/comment-arsenal-pourrait-faire-la-queue-sans-william-saliba-alors-que-mikel-arteta-subit-une-nouvelle-blessure-a-linquietude-dans-liverpool-clash\/\"},\"wordCount\":683,\"publisher\":{\"@id\":\"https:\/\/footdavant.fr\/actualites\/#organization\"},\"keywords\":[\"alors\",\"Arsenal\",\"Arteta\",\"Blessure\",\"clash\",\"Comment\",\"dans\",\"faire\",\"L39inqui\u00e9tude\",\"Liverpool\",\"Mikel\",\"nouvelle\",\"pourrait\",\"queue\",\"Saliba\",\"sans\",\"subit\",\"une\",\"William\"],\"articleSection\":[\"Premier League\"],\"inLanguage\":\"fr-FR\"},{\"@type\":\"WebPage\",\"@id\":\"https:\/\/footdavant.fr\/actualites\/comment-arsenal-pourrait-faire-la-queue-sans-william-saliba-alors-que-mikel-arteta-subit-une-nouvelle-blessure-a-linquietude-dans-liverpool-clash\/\",\"url\":\"https:\/\/footdavant.fr\/actualites\/comment-arsenal-pourrait-faire-la-queue-sans-william-saliba-alors-que-mikel-arteta-subit-une-nouvelle-blessure-a-linquietude-dans-liverpool-clash\/\",\"name\":\"Comment Arsenal pourrait faire la queue sans William Saliba alors que Mikel Arteta subit une nouvelle blessure \u00e0 l&#39;inqui\u00e9tude dans Liverpool Clash\",\"isPartOf\":{\"@id\":\"https:\/\/footdavant.fr\/actualites\/#website\"},\"datePublished\":\"2025-09-03T16:48:14+00:00\",\"dateModified\":\"2025-09-03T16:48:16+00:00\",\"breadcrumb\":{\"@id\":\"https:\/\/footdavant.fr\/actualites\/comment-arsenal-pourrait-faire-la-queue-sans-william-saliba-alors-que-mikel-arteta-subit-une-nouvelle-blessure-a-linquietude-dans-liverpool-clash\/#breadcrumb\"},\"inLanguage\":\"fr-FR\",\"potentialAction\":[{\"@type\":\"ReadAction\",\"target\":[\"https:\/\/footdavant.fr\/actualites\/comment-arsenal-pourrait-faire-la-queue-sans-william-saliba-alors-que-mikel-arteta-subit-une-nouvelle-blessure-a-linquietude-dans-liverpool-clash\/\"]}]},{\"@type\":\"BreadcrumbList\",\"@id\":\"https:\/\/footdavant.fr\/actualites\/comment-arsenal-pourrait-faire-la-queue-sans-william-saliba-alors-que-mikel-arteta-subit-une-nouvelle-blessure-a-linquietude-dans-liverpool-clash\/#breadcrumb\",\"itemListElement\":[{\"@type\":\"ListItem\",\"position\":1,\"name\":\"Accueil\",\"item\":\"https:\/\/footdavant.fr\/actualites\/\"},{\"@type\":\"ListItem\",\"position\":2,\"name\":\"Comment Arsenal pourrait faire la queue sans William Saliba alors que Mikel Arteta subit une nouvelle blessure \u00e0 l&#39;inqui\u00e9tude dans Liverpool Clash\"}]},{\"@type\":\"WebSite\",\"@id\":\"https:\/\/footdavant.fr\/actualites\/#website\",\"url\":\"https:\/\/footdavant.fr\/actualites\/\",\"name\":\"Foot d'avant\",\"description\":\"\",\"publisher\":{\"@id\":\"https:\/\/footdavant.fr\/actualites\/#organization\"},\"potentialAction\":[{\"@type\":\"SearchAction\",\"target\":{\"@type\":\"EntryPoint\",\"urlTemplate\":\"https:\/\/footdavant.fr\/actualites\/?s={search_term_string}\"},\"query-input\":\"required name=search_term_string\"}],\"inLanguage\":\"fr-FR\"},{\"@type\":\"Organization\",\"@id\":\"https:\/\/footdavant.fr\/actualites\/#organization\",\"name\":\"Foot d'avant\",\"url\":\"https:\/\/footdavant.fr\/actualites\/\",\"logo\":{\"@type\":\"ImageObject\",\"inLanguage\":\"fr-FR\",\"@id\":\"https:\/\/footdavant.fr\/actualites\/#\/schema\/logo\/image\/\",\"url\":\"https:\/\/footdavant.fr\/actualites\/wp-content\/uploads\/2023\/09\/Copy-of-FootDavant-Logo.png\",\"contentUrl\":\"https:\/\/footdavant.fr\/actualites\/wp-content\/uploads\/2023\/09\/Copy-of-FootDavant-Logo.png\",\"width\":936,\"height\":549,\"caption\":\"Foot d'avant\"},\"image\":{\"@id\":\"https:\/\/footdavant.fr\/actualites\/#\/schema\/logo\/image\/\"},\"sameAs\":[\"https:\/\/www.facebook.com\/Footdavant\/\",\"https:\/\/twitter.com\/FootdavantFr\",\"https:\/\/www.instagram.com\/footdavant.fr\/\"]},{\"@type\":\"Person\",\"@id\":\"https:\/\/footdavant.fr\/actualites\/#\/schema\/person\/bc222566d95871b37e597b3ed3ba5e1d\",\"name\":\"Cl\u00e9ment\",\"image\":{\"@type\":\"ImageObject\",\"inLanguage\":\"fr-FR\",\"@id\":\"https:\/\/footdavant.fr\/actualites\/#\/schema\/person\/image\/\",\"url\":\"https:\/\/secure.gravatar.com\/avatar\/7728b29aac2719421e1a9159b2254c44?s=96&d=mm&r=g\",\"contentUrl\":\"https:\/\/secure.gravatar.com\/avatar\/7728b29aac2719421e1a9159b2254c44?s=96&d=mm&r=g\",\"caption\":\"Cl\u00e9ment\"},\"sameAs\":[\"https:\/\/footdavant.fr\/\"]}]}<\/script>\n<!-- \/ Yoast SEO plugin. -->","yoast_head_json":{"title":"Comment Arsenal pourrait faire la queue sans William Saliba alors que Mikel Arteta subit une nouvelle blessure \u00e0 l&#39;inqui\u00e9tude dans Liverpool Clash","robots":{"index":"index","follow":"follow","max-snippet":"max-snippet:-1","max-image-preview":"max-image-preview:large","max-video-preview":"max-video-preview:-1"},"canonical":"https:\/\/footdavant.fr\/actualites\/comment-arsenal-pourrait-faire-la-queue-sans-william-saliba-alors-que-mikel-arteta-subit-une-nouvelle-blessure-a-linquietude-dans-liverpool-clash\/","og_locale":"fr_FR","og_type":"article","og_title":"Comment Arsenal pourrait faire la queue sans William Saliba alors que Mikel Arteta subit une nouvelle blessure \u00e0 l&#39;inqui\u00e9tude dans Liverpool Clash","og_description":"Sports Mole regarde comment Arsenal pourrait s&#39;aligner sans William Saliba apr\u00e8s la blessure du Fran\u00e7ais contre Liverpool. La crise des blessures en d\u00e9but de saison","og_url":"https:\/\/footdavant.fr\/actualites\/comment-arsenal-pourrait-faire-la-queue-sans-william-saliba-alors-que-mikel-arteta-subit-une-nouvelle-blessure-a-linquietude-dans-liverpool-clash\/","og_site_name":"Foot d&#039;avant","article_publisher":"https:\/\/www.facebook.com\/Footdavant\/","article_published_time":"2025-09-03T16:48:14+00:00","article_modified_time":"2025-09-03T16:48:16+00:00","og_image":[{"width":640,"height":480,"url":"https:\/\/footdavant.fr\/actualites\/wp-content\/uploads\/2025\/07\/1751521713_32_Arsenal-expirant-des-contrats-qui-est-libre-de-partir-en.jpg","type":"image\/jpeg"}],"author":"Cl\u00e9ment","twitter_card":"summary_large_image","twitter_creator":"@FootdavantFr","twitter_site":"@FootdavantFr","twitter_misc":{"\u00c9crit par":"Cl\u00e9ment","Dur\u00e9e de lecture estim\u00e9e":"3 minutes"},"schema":{"@context":"https:\/\/schema.org","@graph":[{"@type":"Article","@id":"https:\/\/footdavant.fr\/actualites\/comment-arsenal-pourrait-faire-la-queue-sans-william-saliba-alors-que-mikel-arteta-subit-une-nouvelle-blessure-a-linquietude-dans-liverpool-clash\/#article","isPartOf":{"@id":"https:\/\/footdavant.fr\/actualites\/comment-arsenal-pourrait-faire-la-queue-sans-william-saliba-alors-que-mikel-arteta-subit-une-nouvelle-blessure-a-linquietude-dans-liverpool-clash\/"},"author":{"name":"Cl\u00e9ment","@id":"https:\/\/footdavant.fr\/actualites\/#\/schema\/person\/bc222566d95871b37e597b3ed3ba5e1d"},"headline":"Comment Arsenal pourrait faire la queue sans William Saliba alors que Mikel Arteta subit une nouvelle blessure \u00e0 l&#39;inqui\u00e9tude dans Liverpool Clash","datePublished":"2025-09-03T16:48:14+00:00","dateModified":"2025-09-03T16:48:16+00:00","mainEntityOfPage":{"@id":"https:\/\/footdavant.fr\/actualites\/comment-arsenal-pourrait-faire-la-queue-sans-william-saliba-alors-que-mikel-arteta-subit-une-nouvelle-blessure-a-linquietude-dans-liverpool-clash\/"},"wordCount":683,"publisher":{"@id":"https:\/\/footdavant.fr\/actualites\/#organization"},"keywords":["alors","Arsenal","Arteta","Blessure","clash","Comment","dans","faire","L39inqui\u00e9tude","Liverpool","Mikel","nouvelle","pourrait","queue","Saliba","sans","subit","une","William"],"articleSection":["Premier League"],"inLanguage":"fr-FR"},{"@type":"WebPage","@id":"https:\/\/footdavant.fr\/actualites\/comment-arsenal-pourrait-faire-la-queue-sans-william-saliba-alors-que-mikel-arteta-subit-une-nouvelle-blessure-a-linquietude-dans-liverpool-clash\/","url":"https:\/\/footdavant.fr\/actualites\/comment-arsenal-pourrait-faire-la-queue-sans-william-saliba-alors-que-mikel-arteta-subit-une-nouvelle-blessure-a-linquietude-dans-liverpool-clash\/","name":"Comment Arsenal pourrait faire la queue sans William Saliba alors que Mikel Arteta subit une nouvelle blessure \u00e0 l&#39;inqui\u00e9tude dans Liverpool Clash","isPartOf":{"@id":"https:\/\/footdavant.fr\/actualites\/#website"},"datePublished":"2025-09-03T16:48:14+00:00","dateModified":"2025-09-03T16:48:16+00:00","breadcrumb":{"@id":"https:\/\/footdavant.fr\/actualites\/comment-arsenal-pourrait-faire-la-queue-sans-william-saliba-alors-que-mikel-arteta-subit-une-nouvelle-blessure-a-linquietude-dans-liverpool-clash\/#breadcrumb"},"inLanguage":"fr-FR","potentialAction":[{"@type":"ReadAction","target":["https:\/\/footdavant.fr\/actualites\/comment-arsenal-pourrait-faire-la-queue-sans-william-saliba-alors-que-mikel-arteta-subit-une-nouvelle-blessure-a-linquietude-dans-liverpool-clash\/"]}]},{"@type":"BreadcrumbList","@id":"https:\/\/footdavant.fr\/actualites\/comment-arsenal-pourrait-faire-la-queue-sans-william-saliba-alors-que-mikel-arteta-subit-une-nouvelle-blessure-a-linquietude-dans-liverpool-clash\/#breadcrumb","itemListElement":[{"@type":"ListItem","position":1,"name":"Accueil","item":"https:\/\/footdavant.fr\/actualites\/"},{"@type":"ListItem","position":2,"name":"Comment Arsenal pourrait faire la queue sans William Saliba alors que Mikel Arteta subit une nouvelle blessure \u00e0 l&#39;inqui\u00e9tude dans Liverpool Clash"}]},{"@type":"WebSite","@id":"https:\/\/footdavant.fr\/actualites\/#website","url":"https:\/\/footdavant.fr\/actualites\/","name":"Foot d'avant","description":"","publisher":{"@id":"https:\/\/footdavant.fr\/actualites\/#organization"},"potentialAction":[{"@type":"SearchAction","target":{"@type":"EntryPoint","urlTemplate":"https:\/\/footdavant.fr\/actualites\/?s={search_term_string}"},"query-input":"required name=search_term_string"}],"inLanguage":"fr-FR"},{"@type":"Organization","@id":"https:\/\/footdavant.fr\/actualites\/#organization","name":"Foot d'avant","url":"https:\/\/footdavant.fr\/actualites\/","logo":{"@type":"ImageObject","inLanguage":"fr-FR","@id":"https:\/\/footdavant.fr\/actualites\/#\/schema\/logo\/image\/","url":"https:\/\/footdavant.fr\/actualites\/wp-content\/uploads\/2023\/09\/Copy-of-FootDavant-Logo.png","contentUrl":"https:\/\/footdavant.fr\/actualites\/wp-content\/uploads\/2023\/09\/Copy-of-FootDavant-Logo.png","width":936,"height":549,"caption":"Foot d'avant"},"image":{"@id":"https:\/\/footdavant.fr\/actualites\/#\/schema\/logo\/image\/"},"sameAs":["https:\/\/www.facebook.com\/Footdavant\/","https:\/\/twitter.com\/FootdavantFr","https:\/\/www.instagram.com\/footdavant.fr\/"]},{"@type":"Person","@id":"https:\/\/footdavant.fr\/actualites\/#\/schema\/person\/bc222566d95871b37e597b3ed3ba5e1d","name":"Cl\u00e9ment","image":{"@type":"ImageObject","inLanguage":"fr-FR","@id":"https:\/\/footdavant.fr\/actualites\/#\/schema\/person\/image\/","url":"https:\/\/secure.gravatar.com\/avatar\/7728b29aac2719421e1a9159b2254c44?s=96&d=mm&r=g","contentUrl":"https:\/\/secure.gravatar.com\/avatar\/7728b29aac2719421e1a9159b2254c44?s=96&d=mm&r=g","caption":"Cl\u00e9ment"},"sameAs":["https:\/\/footdavant.fr\/"]}]}},"_links":{"self":[{"href":"https:\/\/footdavant.fr\/actualites\/wp-json\/wp\/v2\/posts\/28076"}],"collection":[{"href":"https:\/\/footdavant.fr\/actualites\/wp-json\/wp\/v2\/posts"}],"about":[{"href":"https:\/\/footdavant.fr\/actualites\/wp-json\/wp\/v2\/types\/post"}],"author":[{"embeddable":true,"href":"https:\/\/footdavant.fr\/actualites\/wp-json\/wp\/v2\/users\/1"}],"replies":[{"embeddable":true,"href":"https:\/\/footdavant.fr\/actualites\/wp-json\/wp\/v2\/comments?post=28076"}],"version-history":[{"count":1,"href":"https:\/\/footdavant.fr\/actualites\/wp-json\/wp\/v2\/posts\/28076\/revisions"}],"predecessor-version":[{"id":28078,"href":"https:\/\/footdavant.fr\/actualites\/wp-json\/wp\/v2\/posts\/28076\/revisions\/28078"}],"wp:featuredmedia":[{"embeddable":true,"href":"https:\/\/footdavant.fr\/actualites\/wp-json\/wp\/v2\/media\/28077"}],"wp:attachment":[{"href":"https:\/\/footdavant.fr\/actualites\/wp-json\/wp\/v2\/media?parent=28076"}],"wp:term":[{"taxonomy":"category","embeddable":true,"href":"https:\/\/footdavant.fr\/actualites\/wp-json\/wp\/v2\/categories?post=28076"},{"taxonomy":"post_tag","embeddable":true,"href":"https:\/\/footdavant.fr\/actualites\/wp-json\/wp\/v2\/tags?post=28076"}],"curies":[{"name":"wp","href":"https:\/\/api.w.org\/{rel}","templated":true}]}}