{"id":281,"date":"2023-11-04T15:07:00","date_gmt":"2023-11-04T14:07:00","guid":{"rendered":"https:\/\/footdavant.fr\/actualites\/erik-ten-hag-rasmus-hojlund-et-anthony-martial-peuvent-jouer-ensemble\/"},"modified":"2023-11-04T15:07:01","modified_gmt":"2023-11-04T14:07:01","slug":"erik-ten-hag-rasmus-hojlund-et-anthony-martial-peuvent-jouer-ensemble","status":"publish","type":"post","link":"https:\/\/footdavant.fr\/actualites\/erik-ten-hag-rasmus-hojlund-et-anthony-martial-peuvent-jouer-ensemble\/","title":{"rendered":"Erik ten Hag : \u00ab\u00a0Rasmus Hojlund et Anthony Martial peuvent jouer ensemble\u00a0\u00bb"},"content":{"rendered":"<p>L&rsquo;entra\u00eeneur-chef de Manchester United, Erik ten Hag, a d\u00e9clar\u00e9 que Rasmus Hojlund et Anthony Martial peuvent jouer dans la m\u00eame \u00e9quipe.<\/p>\n<div id=\"article_body\" itemprop=\"articleBody\">\n<h3 class=\"firstPara\">\n<strong class=\"autotag\">Manchester United<\/strong> l&rsquo;entra\u00eeneur-chef <strong class=\"autotag\">Erik Ten Hag<\/strong> a insist\u00e9 sur le fait qu&rsquo;il n&rsquo;\u00e9tait pas contre la s\u00e9lection <strong class=\"autotag\">Rasmus Hojlund<\/strong> et <strong class=\"autotag\">Antoine Martial<\/strong> dans le m\u00eame onze de d\u00e9part.<\/h3>\n<p>Hojlund est l&rsquo;avant-centre de premier choix de Man United depuis qu&rsquo;il s&rsquo;est remis d&rsquo;une blessure au dos d\u00e9but septembre, Martial \u00e9tant contraint d&rsquo;accepter un r\u00f4le de rempla\u00e7ant en dehors du banc.<\/p>\n<p>Il existe actuellement une \u00e9norme incertitude quant \u00e0 l&rsquo;avenir de Martial, car les Diables rouges n&rsquo;ont pas encore choisi l&rsquo;option de prolonger son contrat d&rsquo;un an suppl\u00e9mentaire.<\/p>\n<p>Dans l\u2019\u00e9tat actuel des choses, l\u2019international fran\u00e7ais est en fin de contrat l\u2019\u00e9t\u00e9 prochain et il chercherait \u00e0 d\u00e9m\u00e9nager en 2024 s\u2019il n\u2019est pas en mesure de revenir r\u00e9guli\u00e8rement dans l\u2019\u00e9quipe.<\/p>\n<p>Hojlund a marqu\u00e9 trois fois pour Man United en <strong class=\"autotag\">Ligue des champions<\/strong> cette saison, mais il n\u2019a pas encore trouv\u00e9 le chemin des filets en Premier League.<\/p>\n<p class=\"imgI\">\n<p>S&rsquo;il est s\u00e9lectionn\u00e9, Hojlund affrontera son ancien club <strong class=\"autotag\">Copenhague<\/strong> en Ligue des champions mardi soir, Ten Hag admettant que ce sera une occasion \u00e9mouvante pour le Danois.<\/p>\n<p>\u00ab\u00a0Quand tu as un peu d&#8217;empathie, tu sais que c&rsquo;est un match sp\u00e9cial pour lui. Il a grandi l\u00e0-bas, dans ce club et tu sais qu&rsquo;il sera tr\u00e8s motiv\u00e9 mais c&rsquo;est pour moi, pour l&rsquo;\u00e9quipe et bien s\u00fbr pour lui. pour envoyer cela dans la bonne direction, le bon \u00e9quilibre\u00a0\u00bb, a d\u00e9clar\u00e9 l&rsquo;entra\u00eeneur-chef lors de sa conf\u00e9rence de presse lundi.<\/p>\n<p>Ten Hag a insist\u00e9 apr\u00e8s le choc contre Sheffield United samedi sur le fait qu&rsquo;il n&rsquo;avait aucune crainte en ce qui concerne la capacit\u00e9 de l&rsquo;attaquant \u00e0 devenir un buteur r\u00e9gulier en Premier League.<\/p>\n<p>Martial, quant \u00e0 lui, n&rsquo;a marqu\u00e9 qu&rsquo;un seul but en 10 apparitions au cours de la campagne 2023-24, mais le patron de Man United a d\u00e9clar\u00e9 que ses deux attaquants pourraient jouer dans la m\u00eame \u00e9quipe.<\/p>\n<p class=\"imgI\"><img decoding=\"async\" loading=\"lazy\" class=\"l\" src=\"https:\/\/footdavant.fr\/actualites\/wp-content\/uploads\/2023\/11\/Erik-ten-Hag-Rasmus-Hojlund-et-Anthony-Martial-peuvent.jpg\" title=\"Anthony Martial de Manchester United semble abattu apr\u00e8s le match du 19 ao\u00fbt 2023\" alt=\"Anthony Martial de Manchester United semble abattu apr\u00e8s le match du 19 ao\u00fbt 2023\" width=\"640\" height=\"480\"><\/p>\n<p>\u00ab\u00a0C&rsquo;est possible. Ils peuvent jouer ensemble. Jusqu&rsquo;\u00e0 pr\u00e9sent, nous n&rsquo;avons pas fait cela lors des matchs, mais je peux voir qu&rsquo;ils peuvent jouer ensemble car Anthony Martial est \u00e9galement capable de jouer d&rsquo;un c\u00f4t\u00e9\u00a0\u00bb, a ajout\u00e9 Ten Hag lundi.<\/p>\n<p>Man United a perdu ses deux premiers matches de groupe de la Ligue des champions cette saison contre le Bayern Munich et Galatasaray, et Ten Hag a admis que son \u00e9quipe devait \u00ab d\u00e9finitivement \u00bb gagner mardi.<\/p>\n<p>\u00ab\u00a0Nous devons gagner chaque match, mais si vous voyez le groupe, oui, si vous perdez les deux premiers matchs, alors vous devez absolument gagner, oui\u00a0\u00bb, a-t-il d\u00e9clar\u00e9.<\/p>\n<p>Les Red Devils ont remport\u00e9 deux victoires cons\u00e9cutives en Premier League samedi en enregistrant une victoire 2-1 sur Sheffield United, avec <strong class=\"autotag\">Diogo Dalot<\/strong> marquant le troisi\u00e8me but d\u00e9cisif du match en fin de match.<\/p>\n<p>Man United suivra le match de mardi contre Copenhague avec le derby de Manchester \u00e0 domicile contre Manchester City dimanche apr\u00e8s-midi.<\/p>\n<\/div>\n","protected":false},"excerpt":{"rendered":"<p>L&rsquo;entra\u00eeneur-chef de Manchester United, Erik ten Hag, a d\u00e9clar\u00e9 que Rasmus Hojlund et Anthony Martial peuvent jouer dans la m\u00eame \u00e9quipe. Manchester United l&rsquo;entra\u00eeneur-chef Erik<\/p>\n","protected":false},"author":1,"featured_media":282,"comment_status":"closed","ping_status":"","sticky":false,"template":"","format":"standard","meta":{"footnotes":""},"categories":[4],"tags":[457,460,190,192,456,129,458,459,455,191],"yoast_head":"<!-- This site is optimized with the Yoast SEO plugin v21.0 - https:\/\/yoast.com\/wordpress\/plugins\/seo\/ -->\n<title>Erik ten Hag : &quot;Rasmus Hojlund et Anthony Martial peuvent jouer ensemble&quot;<\/title>\n<meta name=\"robots\" content=\"index, follow, max-snippet:-1, max-image-preview:large, max-video-preview:-1\" \/>\n<link rel=\"canonical\" href=\"https:\/\/footdavant.fr\/actualites\/erik-ten-hag-rasmus-hojlund-et-anthony-martial-peuvent-jouer-ensemble\/\" \/>\n<meta property=\"og:locale\" content=\"fr_FR\" \/>\n<meta property=\"og:type\" content=\"article\" \/>\n<meta property=\"og:title\" content=\"Erik ten Hag : &quot;Rasmus Hojlund et Anthony Martial peuvent jouer ensemble&quot;\" \/>\n<meta property=\"og:description\" content=\"L&rsquo;entra\u00eeneur-chef de Manchester United, Erik ten Hag, a d\u00e9clar\u00e9 que Rasmus Hojlund et Anthony Martial peuvent jouer dans la m\u00eame \u00e9quipe. Manchester United l&rsquo;entra\u00eeneur-chef Erik\" \/>\n<meta property=\"og:url\" content=\"https:\/\/footdavant.fr\/actualites\/erik-ten-hag-rasmus-hojlund-et-anthony-martial-peuvent-jouer-ensemble\/\" \/>\n<meta property=\"og:site_name\" content=\"Foot d&#039;avant\" \/>\n<meta property=\"article:publisher\" content=\"https:\/\/www.facebook.com\/Footdavant\/\" \/>\n<meta property=\"article:published_time\" content=\"2023-11-04T14:07:00+00:00\" \/>\n<meta property=\"article:modified_time\" content=\"2023-11-04T14:07:01+00:00\" \/>\n<meta property=\"og:image\" content=\"https:\/\/footdavant.fr\/actualites\/wp-content\/uploads\/2023\/11\/Erik-ten-Hag-Rasmus-Hojlund-et-Anthony-Martial-peuvent.JPG\" \/>\n\t<meta property=\"og:image:width\" content=\"640\" \/>\n\t<meta property=\"og:image:height\" content=\"480\" \/>\n\t<meta property=\"og:image:type\" content=\"image\/jpeg\" \/>\n<meta name=\"author\" content=\"Cl\u00e9ment\" \/>\n<meta name=\"twitter:card\" content=\"summary_large_image\" \/>\n<meta name=\"twitter:creator\" content=\"@FootdavantFr\" \/>\n<meta name=\"twitter:site\" content=\"@FootdavantFr\" \/>\n<meta name=\"twitter:label1\" content=\"\u00c9crit par\" \/>\n\t<meta name=\"twitter:data1\" content=\"Cl\u00e9ment\" \/>\n\t<meta name=\"twitter:label2\" content=\"Dur\u00e9e de lecture estim\u00e9e\" \/>\n\t<meta name=\"twitter:data2\" content=\"3 minutes\" \/>\n<script type=\"application\/ld+json\" class=\"yoast-schema-graph\">{\"@context\":\"https:\/\/schema.org\",\"@graph\":[{\"@type\":\"Article\",\"@id\":\"https:\/\/footdavant.fr\/actualites\/erik-ten-hag-rasmus-hojlund-et-anthony-martial-peuvent-jouer-ensemble\/#article\",\"isPartOf\":{\"@id\":\"https:\/\/footdavant.fr\/actualites\/erik-ten-hag-rasmus-hojlund-et-anthony-martial-peuvent-jouer-ensemble\/\"},\"author\":{\"name\":\"Cl\u00e9ment\",\"@id\":\"https:\/\/footdavant.fr\/actualites\/#\/schema\/person\/bc222566d95871b37e597b3ed3ba5e1d\"},\"headline\":\"Erik ten Hag : \u00ab\u00a0Rasmus Hojlund et Anthony Martial peuvent jouer ensemble\u00a0\u00bb\",\"datePublished\":\"2023-11-04T14:07:00+00:00\",\"dateModified\":\"2023-11-04T14:07:01+00:00\",\"mainEntityOfPage\":{\"@id\":\"https:\/\/footdavant.fr\/actualites\/erik-ten-hag-rasmus-hojlund-et-anthony-martial-peuvent-jouer-ensemble\/\"},\"wordCount\":527,\"publisher\":{\"@id\":\"https:\/\/footdavant.fr\/actualites\/#organization\"},\"keywords\":[\"Anthony\",\"ensemble\",\"Erik\",\"Hag\",\"Hojlund\",\"jouer\",\"Martial\",\"peuvent\",\"Rasmus\",\"ten\"],\"articleSection\":[\"Champions League\"],\"inLanguage\":\"fr-FR\"},{\"@type\":\"WebPage\",\"@id\":\"https:\/\/footdavant.fr\/actualites\/erik-ten-hag-rasmus-hojlund-et-anthony-martial-peuvent-jouer-ensemble\/\",\"url\":\"https:\/\/footdavant.fr\/actualites\/erik-ten-hag-rasmus-hojlund-et-anthony-martial-peuvent-jouer-ensemble\/\",\"name\":\"Erik ten Hag : \\\"Rasmus Hojlund et Anthony Martial peuvent jouer ensemble\\\"\",\"isPartOf\":{\"@id\":\"https:\/\/footdavant.fr\/actualites\/#website\"},\"datePublished\":\"2023-11-04T14:07:00+00:00\",\"dateModified\":\"2023-11-04T14:07:01+00:00\",\"breadcrumb\":{\"@id\":\"https:\/\/footdavant.fr\/actualites\/erik-ten-hag-rasmus-hojlund-et-anthony-martial-peuvent-jouer-ensemble\/#breadcrumb\"},\"inLanguage\":\"fr-FR\",\"potentialAction\":[{\"@type\":\"ReadAction\",\"target\":[\"https:\/\/footdavant.fr\/actualites\/erik-ten-hag-rasmus-hojlund-et-anthony-martial-peuvent-jouer-ensemble\/\"]}]},{\"@type\":\"BreadcrumbList\",\"@id\":\"https:\/\/footdavant.fr\/actualites\/erik-ten-hag-rasmus-hojlund-et-anthony-martial-peuvent-jouer-ensemble\/#breadcrumb\",\"itemListElement\":[{\"@type\":\"ListItem\",\"position\":1,\"name\":\"Accueil\",\"item\":\"https:\/\/footdavant.fr\/actualites\/\"},{\"@type\":\"ListItem\",\"position\":2,\"name\":\"Erik ten Hag : \u00ab\u00a0Rasmus Hojlund et Anthony Martial peuvent jouer ensemble\u00a0\u00bb\"}]},{\"@type\":\"WebSite\",\"@id\":\"https:\/\/footdavant.fr\/actualites\/#website\",\"url\":\"https:\/\/footdavant.fr\/actualites\/\",\"name\":\"Foot d'avant\",\"description\":\"\",\"publisher\":{\"@id\":\"https:\/\/footdavant.fr\/actualites\/#organization\"},\"potentialAction\":[{\"@type\":\"SearchAction\",\"target\":{\"@type\":\"EntryPoint\",\"urlTemplate\":\"https:\/\/footdavant.fr\/actualites\/?s={search_term_string}\"},\"query-input\":\"required name=search_term_string\"}],\"inLanguage\":\"fr-FR\"},{\"@type\":\"Organization\",\"@id\":\"https:\/\/footdavant.fr\/actualites\/#organization\",\"name\":\"Foot d'avant\",\"url\":\"https:\/\/footdavant.fr\/actualites\/\",\"logo\":{\"@type\":\"ImageObject\",\"inLanguage\":\"fr-FR\",\"@id\":\"https:\/\/footdavant.fr\/actualites\/#\/schema\/logo\/image\/\",\"url\":\"https:\/\/footdavant.fr\/actualites\/wp-content\/uploads\/2023\/09\/Copy-of-FootDavant-Logo.png\",\"contentUrl\":\"https:\/\/footdavant.fr\/actualites\/wp-content\/uploads\/2023\/09\/Copy-of-FootDavant-Logo.png\",\"width\":936,\"height\":549,\"caption\":\"Foot d'avant\"},\"image\":{\"@id\":\"https:\/\/footdavant.fr\/actualites\/#\/schema\/logo\/image\/\"},\"sameAs\":[\"https:\/\/www.facebook.com\/Footdavant\/\",\"https:\/\/twitter.com\/FootdavantFr\",\"https:\/\/www.instagram.com\/footdavant.fr\/\"]},{\"@type\":\"Person\",\"@id\":\"https:\/\/footdavant.fr\/actualites\/#\/schema\/person\/bc222566d95871b37e597b3ed3ba5e1d\",\"name\":\"Cl\u00e9ment\",\"image\":{\"@type\":\"ImageObject\",\"inLanguage\":\"fr-FR\",\"@id\":\"https:\/\/footdavant.fr\/actualites\/#\/schema\/person\/image\/\",\"url\":\"https:\/\/secure.gravatar.com\/avatar\/7728b29aac2719421e1a9159b2254c44?s=96&d=mm&r=g\",\"contentUrl\":\"https:\/\/secure.gravatar.com\/avatar\/7728b29aac2719421e1a9159b2254c44?s=96&d=mm&r=g\",\"caption\":\"Cl\u00e9ment\"},\"sameAs\":[\"https:\/\/footdavant.fr\/\"]}]}<\/script>\n<!-- \/ Yoast SEO plugin. -->","yoast_head_json":{"title":"Erik ten Hag : \"Rasmus Hojlund et Anthony Martial peuvent jouer ensemble\"","robots":{"index":"index","follow":"follow","max-snippet":"max-snippet:-1","max-image-preview":"max-image-preview:large","max-video-preview":"max-video-preview:-1"},"canonical":"https:\/\/footdavant.fr\/actualites\/erik-ten-hag-rasmus-hojlund-et-anthony-martial-peuvent-jouer-ensemble\/","og_locale":"fr_FR","og_type":"article","og_title":"Erik ten Hag : \"Rasmus Hojlund et Anthony Martial peuvent jouer ensemble\"","og_description":"L&rsquo;entra\u00eeneur-chef de Manchester United, Erik ten Hag, a d\u00e9clar\u00e9 que Rasmus Hojlund et Anthony Martial peuvent jouer dans la m\u00eame \u00e9quipe. Manchester United l&rsquo;entra\u00eeneur-chef Erik","og_url":"https:\/\/footdavant.fr\/actualites\/erik-ten-hag-rasmus-hojlund-et-anthony-martial-peuvent-jouer-ensemble\/","og_site_name":"Foot d&#039;avant","article_publisher":"https:\/\/www.facebook.com\/Footdavant\/","article_published_time":"2023-11-04T14:07:00+00:00","article_modified_time":"2023-11-04T14:07:01+00:00","og_image":[{"width":640,"height":480,"url":"https:\/\/footdavant.fr\/actualites\/wp-content\/uploads\/2023\/11\/Erik-ten-Hag-Rasmus-Hojlund-et-Anthony-Martial-peuvent.JPG","type":"image\/jpeg"}],"author":"Cl\u00e9ment","twitter_card":"summary_large_image","twitter_creator":"@FootdavantFr","twitter_site":"@FootdavantFr","twitter_misc":{"\u00c9crit par":"Cl\u00e9ment","Dur\u00e9e de lecture estim\u00e9e":"3 minutes"},"schema":{"@context":"https:\/\/schema.org","@graph":[{"@type":"Article","@id":"https:\/\/footdavant.fr\/actualites\/erik-ten-hag-rasmus-hojlund-et-anthony-martial-peuvent-jouer-ensemble\/#article","isPartOf":{"@id":"https:\/\/footdavant.fr\/actualites\/erik-ten-hag-rasmus-hojlund-et-anthony-martial-peuvent-jouer-ensemble\/"},"author":{"name":"Cl\u00e9ment","@id":"https:\/\/footdavant.fr\/actualites\/#\/schema\/person\/bc222566d95871b37e597b3ed3ba5e1d"},"headline":"Erik ten Hag : \u00ab\u00a0Rasmus Hojlund et Anthony Martial peuvent jouer ensemble\u00a0\u00bb","datePublished":"2023-11-04T14:07:00+00:00","dateModified":"2023-11-04T14:07:01+00:00","mainEntityOfPage":{"@id":"https:\/\/footdavant.fr\/actualites\/erik-ten-hag-rasmus-hojlund-et-anthony-martial-peuvent-jouer-ensemble\/"},"wordCount":527,"publisher":{"@id":"https:\/\/footdavant.fr\/actualites\/#organization"},"keywords":["Anthony","ensemble","Erik","Hag","Hojlund","jouer","Martial","peuvent","Rasmus","ten"],"articleSection":["Champions League"],"inLanguage":"fr-FR"},{"@type":"WebPage","@id":"https:\/\/footdavant.fr\/actualites\/erik-ten-hag-rasmus-hojlund-et-anthony-martial-peuvent-jouer-ensemble\/","url":"https:\/\/footdavant.fr\/actualites\/erik-ten-hag-rasmus-hojlund-et-anthony-martial-peuvent-jouer-ensemble\/","name":"Erik ten Hag : \"Rasmus Hojlund et Anthony Martial peuvent jouer ensemble\"","isPartOf":{"@id":"https:\/\/footdavant.fr\/actualites\/#website"},"datePublished":"2023-11-04T14:07:00+00:00","dateModified":"2023-11-04T14:07:01+00:00","breadcrumb":{"@id":"https:\/\/footdavant.fr\/actualites\/erik-ten-hag-rasmus-hojlund-et-anthony-martial-peuvent-jouer-ensemble\/#breadcrumb"},"inLanguage":"fr-FR","potentialAction":[{"@type":"ReadAction","target":["https:\/\/footdavant.fr\/actualites\/erik-ten-hag-rasmus-hojlund-et-anthony-martial-peuvent-jouer-ensemble\/"]}]},{"@type":"BreadcrumbList","@id":"https:\/\/footdavant.fr\/actualites\/erik-ten-hag-rasmus-hojlund-et-anthony-martial-peuvent-jouer-ensemble\/#breadcrumb","itemListElement":[{"@type":"ListItem","position":1,"name":"Accueil","item":"https:\/\/footdavant.fr\/actualites\/"},{"@type":"ListItem","position":2,"name":"Erik ten Hag : \u00ab\u00a0Rasmus Hojlund et Anthony Martial peuvent jouer ensemble\u00a0\u00bb"}]},{"@type":"WebSite","@id":"https:\/\/footdavant.fr\/actualites\/#website","url":"https:\/\/footdavant.fr\/actualites\/","name":"Foot d'avant","description":"","publisher":{"@id":"https:\/\/footdavant.fr\/actualites\/#organization"},"potentialAction":[{"@type":"SearchAction","target":{"@type":"EntryPoint","urlTemplate":"https:\/\/footdavant.fr\/actualites\/?s={search_term_string}"},"query-input":"required name=search_term_string"}],"inLanguage":"fr-FR"},{"@type":"Organization","@id":"https:\/\/footdavant.fr\/actualites\/#organization","name":"Foot d'avant","url":"https:\/\/footdavant.fr\/actualites\/","logo":{"@type":"ImageObject","inLanguage":"fr-FR","@id":"https:\/\/footdavant.fr\/actualites\/#\/schema\/logo\/image\/","url":"https:\/\/footdavant.fr\/actualites\/wp-content\/uploads\/2023\/09\/Copy-of-FootDavant-Logo.png","contentUrl":"https:\/\/footdavant.fr\/actualites\/wp-content\/uploads\/2023\/09\/Copy-of-FootDavant-Logo.png","width":936,"height":549,"caption":"Foot d'avant"},"image":{"@id":"https:\/\/footdavant.fr\/actualites\/#\/schema\/logo\/image\/"},"sameAs":["https:\/\/www.facebook.com\/Footdavant\/","https:\/\/twitter.com\/FootdavantFr","https:\/\/www.instagram.com\/footdavant.fr\/"]},{"@type":"Person","@id":"https:\/\/footdavant.fr\/actualites\/#\/schema\/person\/bc222566d95871b37e597b3ed3ba5e1d","name":"Cl\u00e9ment","image":{"@type":"ImageObject","inLanguage":"fr-FR","@id":"https:\/\/footdavant.fr\/actualites\/#\/schema\/person\/image\/","url":"https:\/\/secure.gravatar.com\/avatar\/7728b29aac2719421e1a9159b2254c44?s=96&d=mm&r=g","contentUrl":"https:\/\/secure.gravatar.com\/avatar\/7728b29aac2719421e1a9159b2254c44?s=96&d=mm&r=g","caption":"Cl\u00e9ment"},"sameAs":["https:\/\/footdavant.fr\/"]}]}},"_links":{"self":[{"href":"https:\/\/footdavant.fr\/actualites\/wp-json\/wp\/v2\/posts\/281"}],"collection":[{"href":"https:\/\/footdavant.fr\/actualites\/wp-json\/wp\/v2\/posts"}],"about":[{"href":"https:\/\/footdavant.fr\/actualites\/wp-json\/wp\/v2\/types\/post"}],"author":[{"embeddable":true,"href":"https:\/\/footdavant.fr\/actualites\/wp-json\/wp\/v2\/users\/1"}],"replies":[{"embeddable":true,"href":"https:\/\/footdavant.fr\/actualites\/wp-json\/wp\/v2\/comments?post=281"}],"version-history":[{"count":1,"href":"https:\/\/footdavant.fr\/actualites\/wp-json\/wp\/v2\/posts\/281\/revisions"}],"predecessor-version":[{"id":283,"href":"https:\/\/footdavant.fr\/actualites\/wp-json\/wp\/v2\/posts\/281\/revisions\/283"}],"wp:featuredmedia":[{"embeddable":true,"href":"https:\/\/footdavant.fr\/actualites\/wp-json\/wp\/v2\/media\/282"}],"wp:attachment":[{"href":"https:\/\/footdavant.fr\/actualites\/wp-json\/wp\/v2\/media?parent=281"}],"wp:term":[{"taxonomy":"category","embeddable":true,"href":"https:\/\/footdavant.fr\/actualites\/wp-json\/wp\/v2\/categories?post=281"},{"taxonomy":"post_tag","embeddable":true,"href":"https:\/\/footdavant.fr\/actualites\/wp-json\/wp\/v2\/tags?post=281"}],"curies":[{"name":"wp","href":"https:\/\/api.w.org\/{rel}","templated":true}]}}